{"id":55722,"date":"2021-04-21T08:52:43","date_gmt":"2021-04-21T11:52:43","guid":{"rendered":"http:\/\/www.noticiasradioreflejos.com.ar\/noticias\/?p=55722"},"modified":"2021-04-21T08:52:43","modified_gmt":"2021-04-21T11:52:43","slug":"el-gobierno-bonaerense-dispuso-un-sistema-centralizado-de-gestion-de-camas","status":"publish","type":"post","link":"https:\/\/www.noticiasradioreflejos.com.ar\/2021\/el-gobierno-bonaerense-dispuso-un-sistema-centralizado-de-gestion-de-camas\/","title":{"rendered":"El Gobierno bonaerense dispuso un sistema centralizado de gesti\u00f3n de camas"},"content":{"rendered":"<p>Los hospitales p\u00fablicos y privados de la provincia de Buenos Aires deber\u00e1n informar hasta cuatro veces por d\u00eda la cantidad de plazas disponibles. Tambi\u00e9n se resolvi\u00f3 suspender y reprogramar las cirug\u00edas que puedan ser postergadas.<!--more--><\/p>\n<div id=\"image\" class=\"image\">\n<p><img decoding=\"async\" title=\"El sistema de gesti\u00f3n de camas reunir\u00e1 informaci\u00f3n de hospitales p\u00fablicos y privados de la provincia de Buenos Aires.\" src=\"https:\/\/www.telam.com.ar\/advf\/imagenes\/2020\/06\/5ef5ec5e8e3b3_1004x565.jpg\" alt=\"El sistema de gesti\u00f3n de camas reunir\u00e1 informaci\u00f3n de hospitales p\u00fablicos y privados de la provincia de Buenos Aires.\" \/><\/p>\n<div class=\"epigrafe\">El sistema de gesti\u00f3n de camas reunir\u00e1 informaci\u00f3n de hospitales p\u00fablicos y privados de la provincia de Buenos Aires.<\/div>\n<\/div>\n<p><strong>El Gobierno bonaerense<\/strong>\u00a0resolvi\u00f3 implementar un\u00a0<strong>sistema de gesti\u00f3n de camas<\/strong>\u00a0en el que todos los\u00a0<strong>hospitales p\u00fablicos y privados<\/strong>\u00a0de la provincia de Buenos Aires deber\u00e1n hacer hasta cuatro actualizaciones diarias\u00a0<strong>comunicandolas que est\u00e9n disponibles<\/strong>, con informaci\u00f3n y seguimiento de cada paciente, traspasos y la habilitaci\u00f3n de camas \u00absupernumerarias\u00bb.<\/p>\n<p>A trav\u00e9s de la\u00a0<strong>Resoluci\u00f3n 1297<\/strong>, el Gobierno provincial dispuso que en ese sistema de gesti\u00f3n de camas figure adem\u00e1s la administraci\u00f3n de respiradores disponibles en stock junto al ingreso egreso de cada paciente, en los distintos servicios habilitados.<\/p>\n<p>Tambi\u00e9n se indic\u00f3 la\u00a0<strong>suspensi\u00f3n y reprogramaci\u00f3n de toda cirug\u00eda y\/o procedimiento que se puedan postergar<\/strong>\u00a0y que, a criterio m\u00e9dico no revistan urgencia, sosteniendo la atenci\u00f3n ambulatoria y las acciones de prevenci\u00f3n.<\/p>\n<p>Esto \u00faltimo deber\u00e1 cumplirse cuando la ocupaci\u00f3n de camas de cuidados intensivos alcance el 70% por un per\u00edodo sostenido m\u00ednimo de dos d\u00edas, con el fin de priorizar la atenci\u00f3n de pacientes con coronavirus, destaca la Resoluci\u00f3n.<\/p>\n<p>Cuando descienda a menos del 70% la ocupaci\u00f3n de camas, los establecimientos sanitarios podr\u00e1n retomar la atenci\u00f3n de otras patolog\u00edas.<\/p>\n<blockquote class=\"twitter-tweet\" data-width=\"500\" data-dnt=\"true\">\n<p lang=\"es\" dir=\"ltr\">El Sistema de Gesti\u00f3n de Camas (SIGEC) de <a href=\"https:\/\/twitter.com\/BAProvincia?ref_src=twsrc%5Etfw\">@BAProvincia<\/a> es una herramienta que funciona desde hace un a\u00f1o y su objetivo es tener la informaci\u00f3n de todo el sistema de salud bonaerense para poder saber el estado de las camas y gestionar con efectividad las derivaciones.<\/p>\n<p>&mdash; Nicol\u00e1s Kreplak (@nkreplak) <a href=\"https:\/\/twitter.com\/nkreplak\/status\/1384693394941874176?ref_src=twsrc%5Etfw\">April 21, 2021<\/a><\/p><\/blockquote>\n<p><script async src=\"https:\/\/platform.twitter.com\/widgets.js\" charset=\"utf-8\"><\/script><\/p>\n","protected":false},"excerpt":{"rendered":"<p>Los hospitales p\u00fablicos y privados de la provincia de Buenos Aires deber\u00e1n informar hasta cuatro veces por d\u00eda la cantidad de plazas disponibles. Tambi\u00e9n se resolvi\u00f3 suspender y reprogramar las cirug\u00edas que puedan ser postergadas.<\/p>\n","protected":false},"author":3,"featured_media":0,"comment_status":"closed","ping_status":"open","sticky":false,"template":"","format":"standard","meta":{"footnotes":""},"categories":[25],"tags":[],"class_list":["post-55722","post","type-post","status-publish","format-standard","hentry","category-uncategorized"],"yoast_head":"<!-- This site is optimized with the Yoast SEO plugin v25.9 - https:\/\/yoast.com\/wordpress\/plugins\/seo\/ -->\n<title>El Gobierno bonaerense dispuso un sistema centralizado de gesti\u00f3n de camas - Noticias Radio Reflejos<\/title>\n<meta name=\"robots\" content=\"index, follow, max-snippet:-1, max-image-preview:large, max-video-preview:-1\" \/>\n<link rel=\"canonical\" href=\"https:\/\/www.noticiasradioreflejos.com.ar\/2021\/el-gobierno-bonaerense-dispuso-un-sistema-centralizado-de-gestion-de-camas\/\" \/>\n<meta property=\"og:locale\" content=\"es_ES\" \/>\n<meta property=\"og:type\" content=\"article\" \/>\n<meta property=\"og:title\" content=\"El Gobierno bonaerense dispuso un sistema centralizado de gesti\u00f3n de camas - Noticias Radio Reflejos\" \/>\n<meta property=\"og:description\" content=\"Los hospitales p\u00fablicos y privados de la provincia de Buenos Aires deber\u00e1n informar hasta cuatro veces por d\u00eda la cantidad de plazas disponibles. Tambi\u00e9n se resolvi\u00f3 suspender y reprogramar las cirug\u00edas que puedan ser postergadas.\" \/>\n<meta property=\"og:url\" content=\"https:\/\/www.noticiasradioreflejos.com.ar\/2021\/el-gobierno-bonaerense-dispuso-un-sistema-centralizado-de-gestion-de-camas\/\" \/>\n<meta property=\"og:site_name\" content=\"Noticias Radio Reflejos\" \/>\n<meta property=\"article:published_time\" content=\"2021-04-21T11:52:43+00:00\" \/>\n<meta property=\"og:image\" content=\"https:\/\/www.telam.com.ar\/advf\/imagenes\/2020\/06\/5ef5ec5e8e3b3_1004x565.jpg\" \/>\n<meta name=\"author\" content=\"Arnaldo Botto\" \/>\n<meta name=\"twitter:card\" content=\"summary_large_image\" \/>\n<script type=\"application\/ld+json\" class=\"yoast-schema-graph\">{\"@context\":\"https:\/\/schema.org\",\"@graph\":[{\"@type\":\"WebPage\",\"@id\":\"https:\/\/www.noticiasradioreflejos.com.ar\/2021\/el-gobierno-bonaerense-dispuso-un-sistema-centralizado-de-gestion-de-camas\/\",\"url\":\"https:\/\/www.noticiasradioreflejos.com.ar\/2021\/el-gobierno-bonaerense-dispuso-un-sistema-centralizado-de-gestion-de-camas\/\",\"name\":\"El Gobierno bonaerense dispuso un sistema centralizado de gesti\u00f3n de camas - Noticias Radio Reflejos\",\"isPartOf\":{\"@id\":\"https:\/\/www.noticiasradioreflejos.com.ar\/2021\/#website\"},\"primaryImageOfPage\":{\"@id\":\"https:\/\/www.noticiasradioreflejos.com.ar\/2021\/el-gobierno-bonaerense-dispuso-un-sistema-centralizado-de-gestion-de-camas\/#primaryimage\"},\"image\":{\"@id\":\"https:\/\/www.noticiasradioreflejos.com.ar\/2021\/el-gobierno-bonaerense-dispuso-un-sistema-centralizado-de-gestion-de-camas\/#primaryimage\"},\"thumbnailUrl\":\"https:\/\/www.telam.com.ar\/advf\/imagenes\/2020\/06\/5ef5ec5e8e3b3_1004x565.jpg\",\"datePublished\":\"2021-04-21T11:52:43+00:00\",\"author\":{\"@id\":\"https:\/\/www.noticiasradioreflejos.com.ar\/2021\/#\/schema\/person\/ad82545263dcc5ec0996818884fd5fb1\"},\"breadcrumb\":{\"@id\":\"https:\/\/www.noticiasradioreflejos.com.ar\/2021\/el-gobierno-bonaerense-dispuso-un-sistema-centralizado-de-gestion-de-camas\/#breadcrumb\"},\"inLanguage\":\"es\",\"potentialAction\":[{\"@type\":\"ReadAction\",\"target\":[\"https:\/\/www.noticiasradioreflejos.com.ar\/2021\/el-gobierno-bonaerense-dispuso-un-sistema-centralizado-de-gestion-de-camas\/\"]}]},{\"@type\":\"ImageObject\",\"inLanguage\":\"es\",\"@id\":\"https:\/\/www.noticiasradioreflejos.com.ar\/2021\/el-gobierno-bonaerense-dispuso-un-sistema-centralizado-de-gestion-de-camas\/#primaryimage\",\"url\":\"https:\/\/www.telam.com.ar\/advf\/imagenes\/2020\/06\/5ef5ec5e8e3b3_1004x565.jpg\",\"contentUrl\":\"https:\/\/www.telam.com.ar\/advf\/imagenes\/2020\/06\/5ef5ec5e8e3b3_1004x565.jpg\"},{\"@type\":\"BreadcrumbList\",\"@id\":\"https:\/\/www.noticiasradioreflejos.com.ar\/2021\/el-gobierno-bonaerense-dispuso-un-sistema-centralizado-de-gestion-de-camas\/#breadcrumb\",\"itemListElement\":[{\"@type\":\"ListItem\",\"position\":1,\"name\":\"Portada\",\"item\":\"https:\/\/www.noticiasradioreflejos.com.ar\/2021\/\"},{\"@type\":\"ListItem\",\"position\":2,\"name\":\"El Gobierno bonaerense dispuso un sistema centralizado de gesti\u00f3n de camas\"}]},{\"@type\":\"WebSite\",\"@id\":\"https:\/\/www.noticiasradioreflejos.com.ar\/2021\/#website\",\"url\":\"https:\/\/www.noticiasradioreflejos.com.ar\/2021\/\",\"name\":\"Noticias Radio Reflejos\",\"description\":\"Las noticias de mi comarca\",\"potentialAction\":[{\"@type\":\"SearchAction\",\"target\":{\"@type\":\"EntryPoint\",\"urlTemplate\":\"https:\/\/www.noticiasradioreflejos.com.ar\/2021\/?s={search_term_string}\"},\"query-input\":{\"@type\":\"PropertyValueSpecification\",\"valueRequired\":true,\"valueName\":\"search_term_string\"}}],\"inLanguage\":\"es\"},{\"@type\":\"Person\",\"@id\":\"https:\/\/www.noticiasradioreflejos.com.ar\/2021\/#\/schema\/person\/ad82545263dcc5ec0996818884fd5fb1\",\"name\":\"Arnaldo Botto\",\"image\":{\"@type\":\"ImageObject\",\"inLanguage\":\"es\",\"@id\":\"https:\/\/www.noticiasradioreflejos.com.ar\/2021\/#\/schema\/person\/image\/\",\"url\":\"https:\/\/secure.gravatar.com\/avatar\/55cb5e37c1efa326397366e6974cb338056df65cb50e7d64d1cf314e87504837?s=96&d=mm&r=g\",\"contentUrl\":\"https:\/\/secure.gravatar.com\/avatar\/55cb5e37c1efa326397366e6974cb338056df65cb50e7d64d1cf314e87504837?s=96&d=mm&r=g\",\"caption\":\"Arnaldo Botto\"},\"url\":\"https:\/\/www.noticiasradioreflejos.com.ar\/2021\/author\/arnaldo\/\"}]}<\/script>\n<!-- \/ Yoast SEO plugin. -->","yoast_head_json":{"title":"El Gobierno bonaerense dispuso un sistema centralizado de gesti\u00f3n de camas - Noticias Radio Reflejos","robots":{"index":"index","follow":"follow","max-snippet":"max-snippet:-1","max-image-preview":"max-image-preview:large","max-video-preview":"max-video-preview:-1"},"canonical":"https:\/\/www.noticiasradioreflejos.com.ar\/2021\/el-gobierno-bonaerense-dispuso-un-sistema-centralizado-de-gestion-de-camas\/","og_locale":"es_ES","og_type":"article","og_title":"El Gobierno bonaerense dispuso un sistema centralizado de gesti\u00f3n de camas - Noticias Radio Reflejos","og_description":"Los hospitales p\u00fablicos y privados de la provincia de Buenos Aires deber\u00e1n informar hasta cuatro veces por d\u00eda la cantidad de plazas disponibles. Tambi\u00e9n se resolvi\u00f3 suspender y reprogramar las cirug\u00edas que puedan ser postergadas.","og_url":"https:\/\/www.noticiasradioreflejos.com.ar\/2021\/el-gobierno-bonaerense-dispuso-un-sistema-centralizado-de-gestion-de-camas\/","og_site_name":"Noticias Radio Reflejos","article_published_time":"2021-04-21T11:52:43+00:00","og_image":[{"url":"https:\/\/www.telam.com.ar\/advf\/imagenes\/2020\/06\/5ef5ec5e8e3b3_1004x565.jpg","type":"","width":"","height":""}],"author":"Arnaldo Botto","twitter_card":"summary_large_image","schema":{"@context":"https:\/\/schema.org","@graph":[{"@type":"WebPage","@id":"https:\/\/www.noticiasradioreflejos.com.ar\/2021\/el-gobierno-bonaerense-dispuso-un-sistema-centralizado-de-gestion-de-camas\/","url":"https:\/\/www.noticiasradioreflejos.com.ar\/2021\/el-gobierno-bonaerense-dispuso-un-sistema-centralizado-de-gestion-de-camas\/","name":"El Gobierno bonaerense dispuso un sistema centralizado de gesti\u00f3n de camas - Noticias Radio Reflejos","isPartOf":{"@id":"https:\/\/www.noticiasradioreflejos.com.ar\/2021\/#website"},"primaryImageOfPage":{"@id":"https:\/\/www.noticiasradioreflejos.com.ar\/2021\/el-gobierno-bonaerense-dispuso-un-sistema-centralizado-de-gestion-de-camas\/#primaryimage"},"image":{"@id":"https:\/\/www.noticiasradioreflejos.com.ar\/2021\/el-gobierno-bonaerense-dispuso-un-sistema-centralizado-de-gestion-de-camas\/#primaryimage"},"thumbnailUrl":"https:\/\/www.telam.com.ar\/advf\/imagenes\/2020\/06\/5ef5ec5e8e3b3_1004x565.jpg","datePublished":"2021-04-21T11:52:43+00:00","author":{"@id":"https:\/\/www.noticiasradioreflejos.com.ar\/2021\/#\/schema\/person\/ad82545263dcc5ec0996818884fd5fb1"},"breadcrumb":{"@id":"https:\/\/www.noticiasradioreflejos.com.ar\/2021\/el-gobierno-bonaerense-dispuso-un-sistema-centralizado-de-gestion-de-camas\/#breadcrumb"},"inLanguage":"es","potentialAction":[{"@type":"ReadAction","target":["https:\/\/www.noticiasradioreflejos.com.ar\/2021\/el-gobierno-bonaerense-dispuso-un-sistema-centralizado-de-gestion-de-camas\/"]}]},{"@type":"ImageObject","inLanguage":"es","@id":"https:\/\/www.noticiasradioreflejos.com.ar\/2021\/el-gobierno-bonaerense-dispuso-un-sistema-centralizado-de-gestion-de-camas\/#primaryimage","url":"https:\/\/www.telam.com.ar\/advf\/imagenes\/2020\/06\/5ef5ec5e8e3b3_1004x565.jpg","contentUrl":"https:\/\/www.telam.com.ar\/advf\/imagenes\/2020\/06\/5ef5ec5e8e3b3_1004x565.jpg"},{"@type":"BreadcrumbList","@id":"https:\/\/www.noticiasradioreflejos.com.ar\/2021\/el-gobierno-bonaerense-dispuso-un-sistema-centralizado-de-gestion-de-camas\/#breadcrumb","itemListElement":[{"@type":"ListItem","position":1,"name":"Portada","item":"https:\/\/www.noticiasradioreflejos.com.ar\/2021\/"},{"@type":"ListItem","position":2,"name":"El Gobierno bonaerense dispuso un sistema centralizado de gesti\u00f3n de camas"}]},{"@type":"WebSite","@id":"https:\/\/www.noticiasradioreflejos.com.ar\/2021\/#website","url":"https:\/\/www.noticiasradioreflejos.com.ar\/2021\/","name":"Noticias Radio Reflejos","description":"Las noticias de mi comarca","potentialAction":[{"@type":"SearchAction","target":{"@type":"EntryPoint","urlTemplate":"https:\/\/www.noticiasradioreflejos.com.ar\/2021\/?s={search_term_string}"},"query-input":{"@type":"PropertyValueSpecification","valueRequired":true,"valueName":"search_term_string"}}],"inLanguage":"es"},{"@type":"Person","@id":"https:\/\/www.noticiasradioreflejos.com.ar\/2021\/#\/schema\/person\/ad82545263dcc5ec0996818884fd5fb1","name":"Arnaldo Botto","image":{"@type":"ImageObject","inLanguage":"es","@id":"https:\/\/www.noticiasradioreflejos.com.ar\/2021\/#\/schema\/person\/image\/","url":"https:\/\/secure.gravatar.com\/avatar\/55cb5e37c1efa326397366e6974cb338056df65cb50e7d64d1cf314e87504837?s=96&d=mm&r=g","contentUrl":"https:\/\/secure.gravatar.com\/avatar\/55cb5e37c1efa326397366e6974cb338056df65cb50e7d64d1cf314e87504837?s=96&d=mm&r=g","caption":"Arnaldo Botto"},"url":"https:\/\/www.noticiasradioreflejos.com.ar\/2021\/author\/arnaldo\/"}]}},"_links":{"self":[{"href":"https:\/\/www.noticiasradioreflejos.com.ar\/2021\/wp-json\/wp\/v2\/posts\/55722","targetHints":{"allow":["GET"]}}],"collection":[{"href":"https:\/\/www.noticiasradioreflejos.com.ar\/2021\/wp-json\/wp\/v2\/posts"}],"about":[{"href":"https:\/\/www.noticiasradioreflejos.com.ar\/2021\/wp-json\/wp\/v2\/types\/post"}],"author":[{"embeddable":true,"href":"https:\/\/www.noticiasradioreflejos.com.ar\/2021\/wp-json\/wp\/v2\/users\/3"}],"replies":[{"embeddable":true,"href":"https:\/\/www.noticiasradioreflejos.com.ar\/2021\/wp-json\/wp\/v2\/comments?post=55722"}],"version-history":[{"count":0,"href":"https:\/\/www.noticiasradioreflejos.com.ar\/2021\/wp-json\/wp\/v2\/posts\/55722\/revisions"}],"wp:attachment":[{"href":"https:\/\/www.noticiasradioreflejos.com.ar\/2021\/wp-json\/wp\/v2\/media?parent=55722"}],"wp:term":[{"taxonomy":"category","embeddable":true,"href":"https:\/\/www.noticiasradioreflejos.com.ar\/2021\/wp-json\/wp\/v2\/categories?post=55722"},{"taxonomy":"post_tag","embeddable":true,"href":"https:\/\/www.noticiasradioreflejos.com.ar\/2021\/wp-json\/wp\/v2\/tags?post=55722"}],"curies":[{"name":"wp","href":"https:\/\/api.w.org\/{rel}","templated":true}]}}