{"id":55720,"date":"2021-04-21T08:40:00","date_gmt":"2021-04-21T11:40:00","guid":{"rendered":"http:\/\/www.noticiasradioreflejos.com.ar\/noticias\/?p=55720"},"modified":"2021-04-21T08:40:00","modified_gmt":"2021-04-21T11:40:00","slug":"hay-38-municipios-bonaerenses-en-fase-2-45-en-fase-3-51-en-fase-4-y-uno-en-fase-5","status":"publish","type":"post","link":"https:\/\/www.noticiasradioreflejos.com.ar\/2021\/hay-38-municipios-bonaerenses-en-fase-2-45-en-fase-3-51-en-fase-4-y-uno-en-fase-5\/","title":{"rendered":"Hay 38 municipios bonaerenses en fase 2, 45 en fase 3, 51 en fase 4 y uno en fase 5"},"content":{"rendered":"<p>La Jefatura de Gabinete de la Provincia dio a conocer el esquema de fases que rige en el territorio bonaerense.\u00a0<!--more--><\/p>\n<div class=\"auth\"><a title=\"Fases provincia\" href=\"http:\/\/live.staticflickr.com\/65535\/51129161007_f34ae8538f_s.jpg\" rel=\"\"><img loading=\"lazy\" decoding=\"async\" class=\"aligncenter\" title=\"Fases provincia\" src=\"http:\/\/live.staticflickr.com\/65535\/51129161007_f34ae8538f_z.jpg\" alt=\"Fases provincia\" width=\"560\" height=\"591\" \/><\/a><\/div>\n<div class=\"auth\"><\/div>\n<div class=\"auth\">Fase 2<\/div>\n<p>Seg\u00fan el esquema de fases que rige en la provincia de Buenos Aires oficializado este mi\u00e9rcoles en el Bolet\u00edn Oficial por Jefatura de Gabinete, actualmente l<strong>os 62 distritos que se encuentran en fase 2 son<\/strong>: Almirante Brown, Avellaneda, Berazategui, Berisso, Castelli, Ensenada, Escobar, Esteban Echeverr\u00eda, Ezeiza y Florencio Varela.<\/p>\n<p><strong>Tambi\u00e9n se ubican en fase 2<\/strong>: General Las Heras, General Rodr\u00edguez, General San Mart\u00edn, General Villegas, Hurlingham, Ituzaing\u00f3, Jos\u00e9 C. Paz, La Matanza, La Plata, Lan\u00fas, Lomas de Zamora, Luj\u00e1n, Malvinas Argentinas, Marcos Paz, Merlo, Moreno, Mor\u00f3n, Pilar, Presidente Per\u00f3n, Quilmes, San Fernando, San Isidro, San Miguel, San Vicente, Tigre, Tres de Febrero, Vicente L\u00f3pez y Z\u00e1rate.<\/p>\n<div class=\"auth\">Fase 3<\/div>\n<p>En tanto,\u00a0<strong>en fase 3 se hallan<\/strong>: 9 de Julio, Azul, Bah\u00eda Blanca, Balcarce, Bol\u00edvar, Bragado, Brandsen, Campana, Ca\u00f1uelas, Chacabuco, Chascom\u00fas, Chivilcoy, Coronel Rosales, Coronel Dorrego, Coronel Pringles, Coronel Su\u00e1rez y Daireaux.<\/p>\n<p>Tambi\u00e9n est\u00e1n Exaltaci\u00f3n de la Cruz, General Alvarado, General La Madrid, General Paz, General Pueyrred\u00f3n, Jun\u00edn, La Costa, Lincoln, Mercedes, Monte, Necochea, Olavarr\u00eda, Pehuaj\u00f3, Pergamino, Puan, Rauch, San Cayetano, San Nicol\u00e1s, San Pedro y Suipacha,<\/p>\n<p>De igual modo, lo est\u00e1n Tandil, Tornquist, Trenque Lauquen, Tres Arroyos, Tres Lomas, Villa Gesell y Villarino.<\/p>\n<div class=\"auth\">Fase 4<\/div>\n<p>Los distritos en fase 4 son: 25 de Mayo, Adolfo Alsina, Adolfo Gonzales Chaves, Alberti, Arrecifes, Ayacucho, Baradero, Benito Ju\u00e1rez, Capit\u00e1n Sarmiento, Carlos Casares, Carlos Tejedor, Carmen de Areco, Col\u00f3n, Dolores, Florentino Ameghino, General Alvear, General Arenales, General Belgrano, General Guido, General Juan Madariaga y General Lavalle.<\/p>\n<p>A la vez, General Pinto, General Viamonte, Guamin\u00ed, Hip\u00f3lito Yrigoyen, Laprida, Las Flores, Leandro N. Alem, Lezama, Lober\u00eda, Lobos, Maip\u00fa, Mar Chiquita, Monte Hermoso, Navarro, Patagones, Pellegrini, Pila, Pinamar, Punta Indio, Ramallo, Rivadavia, Rojas, Roque P\u00e9rez, Saavedra, Saladillo, Salliquel\u00f3, Salto, San Andr\u00e9s de Giles, San Antonio de Areco y Tapalqu\u00e9.<\/p>\n<p><strong>El \u00fanico distrito en fase 5 es Tordillo<\/strong>.<\/p>\n","protected":false},"excerpt":{"rendered":"<p>La Jefatura de Gabinete de la Provincia dio a conocer el esquema de fases que rige en el territorio bonaerense.\u00a0<\/p>\n","protected":false},"author":3,"featured_media":0,"comment_status":"closed","ping_status":"open","sticky":false,"template":"","format":"standard","meta":{"footnotes":""},"categories":[30,26],"tags":[],"class_list":["post-55720","post","type-post","status-publish","format-standard","hentry","category-salud","category-sociedad"],"yoast_head":"<!-- This site is optimized with the Yoast SEO plugin v25.9 - https:\/\/yoast.com\/wordpress\/plugins\/seo\/ -->\n<title>Hay 38 municipios bonaerenses en fase 2, 45 en fase 3, 51 en fase 4 y uno en fase 5 - Noticias Radio Reflejos<\/title>\n<meta name=\"robots\" content=\"index, follow, max-snippet:-1, max-image-preview:large, max-video-preview:-1\" \/>\n<link rel=\"canonical\" href=\"https:\/\/www.noticiasradioreflejos.com.ar\/2021\/hay-38-municipios-bonaerenses-en-fase-2-45-en-fase-3-51-en-fase-4-y-uno-en-fase-5\/\" \/>\n<meta property=\"og:locale\" content=\"es_ES\" \/>\n<meta property=\"og:type\" content=\"article\" \/>\n<meta property=\"og:title\" content=\"Hay 38 municipios bonaerenses en fase 2, 45 en fase 3, 51 en fase 4 y uno en fase 5 - Noticias Radio Reflejos\" \/>\n<meta property=\"og:description\" content=\"La Jefatura de Gabinete de la Provincia dio a conocer el esquema de fases que rige en el territorio bonaerense.\u00a0\" \/>\n<meta property=\"og:url\" content=\"https:\/\/www.noticiasradioreflejos.com.ar\/2021\/hay-38-municipios-bonaerenses-en-fase-2-45-en-fase-3-51-en-fase-4-y-uno-en-fase-5\/\" \/>\n<meta property=\"og:site_name\" content=\"Noticias Radio Reflejos\" \/>\n<meta property=\"article:published_time\" content=\"2021-04-21T11:40:00+00:00\" \/>\n<meta property=\"og:image\" content=\"http:\/\/live.staticflickr.com\/65535\/51129161007_f34ae8538f_z.jpg\" \/>\n<meta name=\"author\" content=\"Arnaldo Botto\" \/>\n<meta name=\"twitter:card\" content=\"summary_large_image\" \/>\n<script type=\"application\/ld+json\" class=\"yoast-schema-graph\">{\"@context\":\"https:\/\/schema.org\",\"@graph\":[{\"@type\":\"WebPage\",\"@id\":\"https:\/\/www.noticiasradioreflejos.com.ar\/2021\/hay-38-municipios-bonaerenses-en-fase-2-45-en-fase-3-51-en-fase-4-y-uno-en-fase-5\/\",\"url\":\"https:\/\/www.noticiasradioreflejos.com.ar\/2021\/hay-38-municipios-bonaerenses-en-fase-2-45-en-fase-3-51-en-fase-4-y-uno-en-fase-5\/\",\"name\":\"Hay 38 municipios bonaerenses en fase 2, 45 en fase 3, 51 en fase 4 y uno en fase 5 - Noticias Radio Reflejos\",\"isPartOf\":{\"@id\":\"https:\/\/www.noticiasradioreflejos.com.ar\/2021\/#website\"},\"primaryImageOfPage\":{\"@id\":\"https:\/\/www.noticiasradioreflejos.com.ar\/2021\/hay-38-municipios-bonaerenses-en-fase-2-45-en-fase-3-51-en-fase-4-y-uno-en-fase-5\/#primaryimage\"},\"image\":{\"@id\":\"https:\/\/www.noticiasradioreflejos.com.ar\/2021\/hay-38-municipios-bonaerenses-en-fase-2-45-en-fase-3-51-en-fase-4-y-uno-en-fase-5\/#primaryimage\"},\"thumbnailUrl\":\"http:\/\/live.staticflickr.com\/65535\/51129161007_f34ae8538f_z.jpg\",\"datePublished\":\"2021-04-21T11:40:00+00:00\",\"author\":{\"@id\":\"https:\/\/www.noticiasradioreflejos.com.ar\/2021\/#\/schema\/person\/ad82545263dcc5ec0996818884fd5fb1\"},\"breadcrumb\":{\"@id\":\"https:\/\/www.noticiasradioreflejos.com.ar\/2021\/hay-38-municipios-bonaerenses-en-fase-2-45-en-fase-3-51-en-fase-4-y-uno-en-fase-5\/#breadcrumb\"},\"inLanguage\":\"es\",\"potentialAction\":[{\"@type\":\"ReadAction\",\"target\":[\"https:\/\/www.noticiasradioreflejos.com.ar\/2021\/hay-38-municipios-bonaerenses-en-fase-2-45-en-fase-3-51-en-fase-4-y-uno-en-fase-5\/\"]}]},{\"@type\":\"ImageObject\",\"inLanguage\":\"es\",\"@id\":\"https:\/\/www.noticiasradioreflejos.com.ar\/2021\/hay-38-municipios-bonaerenses-en-fase-2-45-en-fase-3-51-en-fase-4-y-uno-en-fase-5\/#primaryimage\",\"url\":\"http:\/\/live.staticflickr.com\/65535\/51129161007_f34ae8538f_z.jpg\",\"contentUrl\":\"http:\/\/live.staticflickr.com\/65535\/51129161007_f34ae8538f_z.jpg\"},{\"@type\":\"BreadcrumbList\",\"@id\":\"https:\/\/www.noticiasradioreflejos.com.ar\/2021\/hay-38-municipios-bonaerenses-en-fase-2-45-en-fase-3-51-en-fase-4-y-uno-en-fase-5\/#breadcrumb\",\"itemListElement\":[{\"@type\":\"ListItem\",\"position\":1,\"name\":\"Portada\",\"item\":\"https:\/\/www.noticiasradioreflejos.com.ar\/2021\/\"},{\"@type\":\"ListItem\",\"position\":2,\"name\":\"Hay 38 municipios bonaerenses en fase 2, 45 en fase 3, 51 en fase 4 y uno en fase 5\"}]},{\"@type\":\"WebSite\",\"@id\":\"https:\/\/www.noticiasradioreflejos.com.ar\/2021\/#website\",\"url\":\"https:\/\/www.noticiasradioreflejos.com.ar\/2021\/\",\"name\":\"Noticias Radio Reflejos\",\"description\":\"Las noticias de mi comarca\",\"potentialAction\":[{\"@type\":\"SearchAction\",\"target\":{\"@type\":\"EntryPoint\",\"urlTemplate\":\"https:\/\/www.noticiasradioreflejos.com.ar\/2021\/?s={search_term_string}\"},\"query-input\":{\"@type\":\"PropertyValueSpecification\",\"valueRequired\":true,\"valueName\":\"search_term_string\"}}],\"inLanguage\":\"es\"},{\"@type\":\"Person\",\"@id\":\"https:\/\/www.noticiasradioreflejos.com.ar\/2021\/#\/schema\/person\/ad82545263dcc5ec0996818884fd5fb1\",\"name\":\"Arnaldo Botto\",\"image\":{\"@type\":\"ImageObject\",\"inLanguage\":\"es\",\"@id\":\"https:\/\/www.noticiasradioreflejos.com.ar\/2021\/#\/schema\/person\/image\/\",\"url\":\"https:\/\/secure.gravatar.com\/avatar\/55cb5e37c1efa326397366e6974cb338056df65cb50e7d64d1cf314e87504837?s=96&d=mm&r=g\",\"contentUrl\":\"https:\/\/secure.gravatar.com\/avatar\/55cb5e37c1efa326397366e6974cb338056df65cb50e7d64d1cf314e87504837?s=96&d=mm&r=g\",\"caption\":\"Arnaldo Botto\"},\"url\":\"https:\/\/www.noticiasradioreflejos.com.ar\/2021\/author\/arnaldo\/\"}]}<\/script>\n<!-- \/ Yoast SEO plugin. -->","yoast_head_json":{"title":"Hay 38 municipios bonaerenses en fase 2, 45 en fase 3, 51 en fase 4 y uno en fase 5 - Noticias Radio Reflejos","robots":{"index":"index","follow":"follow","max-snippet":"max-snippet:-1","max-image-preview":"max-image-preview:large","max-video-preview":"max-video-preview:-1"},"canonical":"https:\/\/www.noticiasradioreflejos.com.ar\/2021\/hay-38-municipios-bonaerenses-en-fase-2-45-en-fase-3-51-en-fase-4-y-uno-en-fase-5\/","og_locale":"es_ES","og_type":"article","og_title":"Hay 38 municipios bonaerenses en fase 2, 45 en fase 3, 51 en fase 4 y uno en fase 5 - Noticias Radio Reflejos","og_description":"La Jefatura de Gabinete de la Provincia dio a conocer el esquema de fases que rige en el territorio bonaerense.\u00a0","og_url":"https:\/\/www.noticiasradioreflejos.com.ar\/2021\/hay-38-municipios-bonaerenses-en-fase-2-45-en-fase-3-51-en-fase-4-y-uno-en-fase-5\/","og_site_name":"Noticias Radio Reflejos","article_published_time":"2021-04-21T11:40:00+00:00","og_image":[{"url":"http:\/\/live.staticflickr.com\/65535\/51129161007_f34ae8538f_z.jpg","type":"","width":"","height":""}],"author":"Arnaldo Botto","twitter_card":"summary_large_image","schema":{"@context":"https:\/\/schema.org","@graph":[{"@type":"WebPage","@id":"https:\/\/www.noticiasradioreflejos.com.ar\/2021\/hay-38-municipios-bonaerenses-en-fase-2-45-en-fase-3-51-en-fase-4-y-uno-en-fase-5\/","url":"https:\/\/www.noticiasradioreflejos.com.ar\/2021\/hay-38-municipios-bonaerenses-en-fase-2-45-en-fase-3-51-en-fase-4-y-uno-en-fase-5\/","name":"Hay 38 municipios bonaerenses en fase 2, 45 en fase 3, 51 en fase 4 y uno en fase 5 - Noticias Radio Reflejos","isPartOf":{"@id":"https:\/\/www.noticiasradioreflejos.com.ar\/2021\/#website"},"primaryImageOfPage":{"@id":"https:\/\/www.noticiasradioreflejos.com.ar\/2021\/hay-38-municipios-bonaerenses-en-fase-2-45-en-fase-3-51-en-fase-4-y-uno-en-fase-5\/#primaryimage"},"image":{"@id":"https:\/\/www.noticiasradioreflejos.com.ar\/2021\/hay-38-municipios-bonaerenses-en-fase-2-45-en-fase-3-51-en-fase-4-y-uno-en-fase-5\/#primaryimage"},"thumbnailUrl":"http:\/\/live.staticflickr.com\/65535\/51129161007_f34ae8538f_z.jpg","datePublished":"2021-04-21T11:40:00+00:00","author":{"@id":"https:\/\/www.noticiasradioreflejos.com.ar\/2021\/#\/schema\/person\/ad82545263dcc5ec0996818884fd5fb1"},"breadcrumb":{"@id":"https:\/\/www.noticiasradioreflejos.com.ar\/2021\/hay-38-municipios-bonaerenses-en-fase-2-45-en-fase-3-51-en-fase-4-y-uno-en-fase-5\/#breadcrumb"},"inLanguage":"es","potentialAction":[{"@type":"ReadAction","target":["https:\/\/www.noticiasradioreflejos.com.ar\/2021\/hay-38-municipios-bonaerenses-en-fase-2-45-en-fase-3-51-en-fase-4-y-uno-en-fase-5\/"]}]},{"@type":"ImageObject","inLanguage":"es","@id":"https:\/\/www.noticiasradioreflejos.com.ar\/2021\/hay-38-municipios-bonaerenses-en-fase-2-45-en-fase-3-51-en-fase-4-y-uno-en-fase-5\/#primaryimage","url":"http:\/\/live.staticflickr.com\/65535\/51129161007_f34ae8538f_z.jpg","contentUrl":"http:\/\/live.staticflickr.com\/65535\/51129161007_f34ae8538f_z.jpg"},{"@type":"BreadcrumbList","@id":"https:\/\/www.noticiasradioreflejos.com.ar\/2021\/hay-38-municipios-bonaerenses-en-fase-2-45-en-fase-3-51-en-fase-4-y-uno-en-fase-5\/#breadcrumb","itemListElement":[{"@type":"ListItem","position":1,"name":"Portada","item":"https:\/\/www.noticiasradioreflejos.com.ar\/2021\/"},{"@type":"ListItem","position":2,"name":"Hay 38 municipios bonaerenses en fase 2, 45 en fase 3, 51 en fase 4 y uno en fase 5"}]},{"@type":"WebSite","@id":"https:\/\/www.noticiasradioreflejos.com.ar\/2021\/#website","url":"https:\/\/www.noticiasradioreflejos.com.ar\/2021\/","name":"Noticias Radio Reflejos","description":"Las noticias de mi comarca","potentialAction":[{"@type":"SearchAction","target":{"@type":"EntryPoint","urlTemplate":"https:\/\/www.noticiasradioreflejos.com.ar\/2021\/?s={search_term_string}"},"query-input":{"@type":"PropertyValueSpecification","valueRequired":true,"valueName":"search_term_string"}}],"inLanguage":"es"},{"@type":"Person","@id":"https:\/\/www.noticiasradioreflejos.com.ar\/2021\/#\/schema\/person\/ad82545263dcc5ec0996818884fd5fb1","name":"Arnaldo Botto","image":{"@type":"ImageObject","inLanguage":"es","@id":"https:\/\/www.noticiasradioreflejos.com.ar\/2021\/#\/schema\/person\/image\/","url":"https:\/\/secure.gravatar.com\/avatar\/55cb5e37c1efa326397366e6974cb338056df65cb50e7d64d1cf314e87504837?s=96&d=mm&r=g","contentUrl":"https:\/\/secure.gravatar.com\/avatar\/55cb5e37c1efa326397366e6974cb338056df65cb50e7d64d1cf314e87504837?s=96&d=mm&r=g","caption":"Arnaldo Botto"},"url":"https:\/\/www.noticiasradioreflejos.com.ar\/2021\/author\/arnaldo\/"}]}},"_links":{"self":[{"href":"https:\/\/www.noticiasradioreflejos.com.ar\/2021\/wp-json\/wp\/v2\/posts\/55720","targetHints":{"allow":["GET"]}}],"collection":[{"href":"https:\/\/www.noticiasradioreflejos.com.ar\/2021\/wp-json\/wp\/v2\/posts"}],"about":[{"href":"https:\/\/www.noticiasradioreflejos.com.ar\/2021\/wp-json\/wp\/v2\/types\/post"}],"author":[{"embeddable":true,"href":"https:\/\/www.noticiasradioreflejos.com.ar\/2021\/wp-json\/wp\/v2\/users\/3"}],"replies":[{"embeddable":true,"href":"https:\/\/www.noticiasradioreflejos.com.ar\/2021\/wp-json\/wp\/v2\/comments?post=55720"}],"version-history":[{"count":0,"href":"https:\/\/www.noticiasradioreflejos.com.ar\/2021\/wp-json\/wp\/v2\/posts\/55720\/revisions"}],"wp:attachment":[{"href":"https:\/\/www.noticiasradioreflejos.com.ar\/2021\/wp-json\/wp\/v2\/media?parent=55720"}],"wp:term":[{"taxonomy":"category","embeddable":true,"href":"https:\/\/www.noticiasradioreflejos.com.ar\/2021\/wp-json\/wp\/v2\/categories?post=55720"},{"taxonomy":"post_tag","embeddable":true,"href":"https:\/\/www.noticiasradioreflejos.com.ar\/2021\/wp-json\/wp\/v2\/tags?post=55720"}],"curies":[{"name":"wp","href":"https:\/\/api.w.org\/{rel}","templated":true}]}}