{"id":55717,"date":"2021-04-21T08:19:08","date_gmt":"2021-04-21T11:19:08","guid":{"rendered":"http:\/\/www.noticiasradioreflejos.com.ar\/noticias\/?p=55717"},"modified":"2021-04-21T08:19:08","modified_gmt":"2021-04-21T11:19:08","slug":"continuan-los-trabajos-de-repavimentacion-en-la-rn-33-entre-espartillar-y-trenque-lauquen","status":"publish","type":"post","link":"https:\/\/www.noticiasradioreflejos.com.ar\/2021\/continuan-los-trabajos-de-repavimentacion-en-la-rn-33-entre-espartillar-y-trenque-lauquen\/","title":{"rendered":"Contin\u00faan los trabajos de repavimentaci\u00f3n en la RN 33 entre Espartillar y Trenque Lauquen  \u00a0"},"content":{"rendered":"<p>&nbsp;<\/p>\n<p>El Ministerio de Obras P\u00fablicas, a trav\u00e9s de Vialidad Nacional, informa que, <strong>contin\u00faan los trabajos de repavimentaci\u00f3n de calzada <\/strong>sobre la Ruta Nacional N\u00b0 33 entre Espartillar y Trenque Lauquen.<!--more--><\/p>\n<p><a title=\"WhatsApp Image 2021-04-21 at 08.11.58\" href=\"http:\/\/live.staticflickr.com\/65535\/51129097336_65290d39c2_s.jpg\" rel=\"\"><img loading=\"lazy\" decoding=\"async\" class=\"aligncenter\" title=\"WhatsApp Image 2021-04-21 at 08.11.58\" src=\"http:\/\/live.staticflickr.com\/65535\/51129097336_65290d39c2_c.jpg\" alt=\"WhatsApp Image 2021-04-21 at 08.11.58\" width=\"800\" height=\"522\" \/><\/a><\/p>\n<p>Las tareas consisten en el fresado del tramo y posterior ejecuci\u00f3n de la carpeta asf\u00e1ltica, adem\u00e1s de la construcci\u00f3n de banquinas. En los pr\u00f3ximos d\u00edas los trabajos <strong>se desarrollar\u00e1n en los km 270 a 276, entre las localidades de Garre y el cruce conocido como \u201c7 Primos\u201d, que une la RN33 con Tres lomas y 30 de Agosto.<\/strong><\/p>\n<p>Por esto, se solicita a los usuarios, circular con precauci\u00f3n y acatar las indicaciones del operativo montado en el sector delimitado con carteler\u00eda provisoria y de obra y banderilleros que gu\u00edan el tr\u00e1nsito.<\/p>\n<p>La RN 33 es uno de los corredores viales m\u00e1s importantes de Buenos Aires y Santa Fe. Comienza en Bah\u00eda Blanca conectando localidades agro-ganaderas de ambas provincias con los puertos de Bah\u00eda Blanca y Rosario. La intervenci\u00f3n de esta v\u00eda mejorar\u00e1 las condiciones de circulaci\u00f3n para m\u00e1s de 3.500 usuarios que diariamente transitan por el sector.<\/p>\n<p>Vialidad Nacional recomienda a todos los usuarios verificar el\u00a0<a href=\"https:\/\/www.argentina.gob.ar\/obras-publicas\/vialidad-nacional\/estado-de-las-rutas#_blank\"><strong>estado de las rutas<\/strong><\/a>\u00a0disponible en la web de la instituci\u00f3n o comunicarse con su\u00a0<a href=\"https:\/\/www.argentina.gob.ar\/obras-publicas\/vialidad-nacional\/atencion-al-usuario#_blank\"><strong>Centro de Atenci\u00f3n al Usuario<\/strong><\/a>, disponible\u00a0de lunes a viernes, entre las 9 y 18 horas, llamando al\u00a0<strong>0800-222-6272\/0800-333-0073<\/strong>\u00a0o v\u00eda correo electr\u00f3nico a\u00a0<a href=\"mailto:atencionalusuario@vialidad.gob.ar#_blank\"><strong>atencionalusuario@vialidad.gob.ar<\/strong><\/a><\/p>\n<p>&nbsp;<\/p>\n<p><a title=\"WhatsApp Image 2021-04-21 at 08.11.57\" href=\"http:\/\/live.staticflickr.com\/65535\/51130211755_44bc806e3f_s.jpg\" rel=\"\"><img loading=\"lazy\" decoding=\"async\" class=\"aligncenter\" title=\"WhatsApp Image 2021-04-21 at 08.11.57\" src=\"http:\/\/live.staticflickr.com\/65535\/51130211755_44bc806e3f_c.jpg\" alt=\"WhatsApp Image 2021-04-21 at 08.11.57\" width=\"629\" height=\"800\" \/><\/a><\/p>\n<p>&nbsp;<\/p>\n<p>&nbsp;<\/p>\n","protected":false},"excerpt":{"rendered":"<p>&nbsp; El Ministerio de Obras P\u00fablicas, a trav\u00e9s de Vialidad Nacional, informa que, contin\u00faan los trabajos de repavimentaci\u00f3n de calzada sobre la Ruta Nacional N\u00b0 33 entre Espartillar y Trenque Lauquen.<\/p>\n","protected":false},"author":3,"featured_media":0,"comment_status":"closed","ping_status":"open","sticky":false,"template":"","format":"standard","meta":{"footnotes":""},"categories":[24,26],"tags":[],"class_list":["post-55717","post","type-post","status-publish","format-standard","hentry","category-politica","category-sociedad"],"yoast_head":"<!-- This site is optimized with the Yoast SEO plugin v25.9 - https:\/\/yoast.com\/wordpress\/plugins\/seo\/ -->\n<title>Contin\u00faan los trabajos de repavimentaci\u00f3n en la RN 33 entre Espartillar y Trenque Lauquen \u00a0 - Noticias Radio Reflejos<\/title>\n<meta name=\"robots\" content=\"index, follow, max-snippet:-1, max-image-preview:large, max-video-preview:-1\" \/>\n<link rel=\"canonical\" href=\"https:\/\/www.noticiasradioreflejos.com.ar\/2021\/continuan-los-trabajos-de-repavimentacion-en-la-rn-33-entre-espartillar-y-trenque-lauquen\/\" \/>\n<meta property=\"og:locale\" content=\"es_ES\" \/>\n<meta property=\"og:type\" content=\"article\" \/>\n<meta property=\"og:title\" content=\"Contin\u00faan los trabajos de repavimentaci\u00f3n en la RN 33 entre Espartillar y Trenque Lauquen \u00a0 - Noticias Radio Reflejos\" \/>\n<meta property=\"og:description\" content=\"&nbsp; El Ministerio de Obras P\u00fablicas, a trav\u00e9s de Vialidad Nacional, informa que, contin\u00faan los trabajos de repavimentaci\u00f3n de calzada sobre la Ruta Nacional N\u00b0 33 entre Espartillar y Trenque Lauquen.\" \/>\n<meta property=\"og:url\" content=\"https:\/\/www.noticiasradioreflejos.com.ar\/2021\/continuan-los-trabajos-de-repavimentacion-en-la-rn-33-entre-espartillar-y-trenque-lauquen\/\" \/>\n<meta property=\"og:site_name\" content=\"Noticias Radio Reflejos\" \/>\n<meta property=\"article:published_time\" content=\"2021-04-21T11:19:08+00:00\" \/>\n<meta property=\"og:image\" content=\"http:\/\/live.staticflickr.com\/65535\/51129097336_65290d39c2_c.jpg\" \/>\n<meta name=\"author\" content=\"Arnaldo Botto\" \/>\n<meta name=\"twitter:card\" content=\"summary_large_image\" \/>\n<script type=\"application\/ld+json\" class=\"yoast-schema-graph\">{\"@context\":\"https:\/\/schema.org\",\"@graph\":[{\"@type\":\"WebPage\",\"@id\":\"https:\/\/www.noticiasradioreflejos.com.ar\/2021\/continuan-los-trabajos-de-repavimentacion-en-la-rn-33-entre-espartillar-y-trenque-lauquen\/\",\"url\":\"https:\/\/www.noticiasradioreflejos.com.ar\/2021\/continuan-los-trabajos-de-repavimentacion-en-la-rn-33-entre-espartillar-y-trenque-lauquen\/\",\"name\":\"Contin\u00faan los trabajos de repavimentaci\u00f3n en la RN 33 entre Espartillar y Trenque Lauquen \u00a0 - Noticias Radio Reflejos\",\"isPartOf\":{\"@id\":\"https:\/\/www.noticiasradioreflejos.com.ar\/2021\/#website\"},\"primaryImageOfPage\":{\"@id\":\"https:\/\/www.noticiasradioreflejos.com.ar\/2021\/continuan-los-trabajos-de-repavimentacion-en-la-rn-33-entre-espartillar-y-trenque-lauquen\/#primaryimage\"},\"image\":{\"@id\":\"https:\/\/www.noticiasradioreflejos.com.ar\/2021\/continuan-los-trabajos-de-repavimentacion-en-la-rn-33-entre-espartillar-y-trenque-lauquen\/#primaryimage\"},\"thumbnailUrl\":\"http:\/\/live.staticflickr.com\/65535\/51129097336_65290d39c2_c.jpg\",\"datePublished\":\"2021-04-21T11:19:08+00:00\",\"author\":{\"@id\":\"https:\/\/www.noticiasradioreflejos.com.ar\/2021\/#\/schema\/person\/ad82545263dcc5ec0996818884fd5fb1\"},\"breadcrumb\":{\"@id\":\"https:\/\/www.noticiasradioreflejos.com.ar\/2021\/continuan-los-trabajos-de-repavimentacion-en-la-rn-33-entre-espartillar-y-trenque-lauquen\/#breadcrumb\"},\"inLanguage\":\"es\",\"potentialAction\":[{\"@type\":\"ReadAction\",\"target\":[\"https:\/\/www.noticiasradioreflejos.com.ar\/2021\/continuan-los-trabajos-de-repavimentacion-en-la-rn-33-entre-espartillar-y-trenque-lauquen\/\"]}]},{\"@type\":\"ImageObject\",\"inLanguage\":\"es\",\"@id\":\"https:\/\/www.noticiasradioreflejos.com.ar\/2021\/continuan-los-trabajos-de-repavimentacion-en-la-rn-33-entre-espartillar-y-trenque-lauquen\/#primaryimage\",\"url\":\"http:\/\/live.staticflickr.com\/65535\/51129097336_65290d39c2_c.jpg\",\"contentUrl\":\"http:\/\/live.staticflickr.com\/65535\/51129097336_65290d39c2_c.jpg\"},{\"@type\":\"BreadcrumbList\",\"@id\":\"https:\/\/www.noticiasradioreflejos.com.ar\/2021\/continuan-los-trabajos-de-repavimentacion-en-la-rn-33-entre-espartillar-y-trenque-lauquen\/#breadcrumb\",\"itemListElement\":[{\"@type\":\"ListItem\",\"position\":1,\"name\":\"Portada\",\"item\":\"https:\/\/www.noticiasradioreflejos.com.ar\/2021\/\"},{\"@type\":\"ListItem\",\"position\":2,\"name\":\"Contin\u00faan los trabajos de repavimentaci\u00f3n en la RN 33 entre Espartillar y Trenque Lauquen \u00a0\"}]},{\"@type\":\"WebSite\",\"@id\":\"https:\/\/www.noticiasradioreflejos.com.ar\/2021\/#website\",\"url\":\"https:\/\/www.noticiasradioreflejos.com.ar\/2021\/\",\"name\":\"Noticias Radio Reflejos\",\"description\":\"Las noticias de mi comarca\",\"potentialAction\":[{\"@type\":\"SearchAction\",\"target\":{\"@type\":\"EntryPoint\",\"urlTemplate\":\"https:\/\/www.noticiasradioreflejos.com.ar\/2021\/?s={search_term_string}\"},\"query-input\":{\"@type\":\"PropertyValueSpecification\",\"valueRequired\":true,\"valueName\":\"search_term_string\"}}],\"inLanguage\":\"es\"},{\"@type\":\"Person\",\"@id\":\"https:\/\/www.noticiasradioreflejos.com.ar\/2021\/#\/schema\/person\/ad82545263dcc5ec0996818884fd5fb1\",\"name\":\"Arnaldo Botto\",\"image\":{\"@type\":\"ImageObject\",\"inLanguage\":\"es\",\"@id\":\"https:\/\/www.noticiasradioreflejos.com.ar\/2021\/#\/schema\/person\/image\/\",\"url\":\"https:\/\/secure.gravatar.com\/avatar\/55cb5e37c1efa326397366e6974cb338056df65cb50e7d64d1cf314e87504837?s=96&d=mm&r=g\",\"contentUrl\":\"https:\/\/secure.gravatar.com\/avatar\/55cb5e37c1efa326397366e6974cb338056df65cb50e7d64d1cf314e87504837?s=96&d=mm&r=g\",\"caption\":\"Arnaldo Botto\"},\"url\":\"https:\/\/www.noticiasradioreflejos.com.ar\/2021\/author\/arnaldo\/\"}]}<\/script>\n<!-- \/ Yoast SEO plugin. -->","yoast_head_json":{"title":"Contin\u00faan los trabajos de repavimentaci\u00f3n en la RN 33 entre Espartillar y Trenque Lauquen \u00a0 - Noticias Radio Reflejos","robots":{"index":"index","follow":"follow","max-snippet":"max-snippet:-1","max-image-preview":"max-image-preview:large","max-video-preview":"max-video-preview:-1"},"canonical":"https:\/\/www.noticiasradioreflejos.com.ar\/2021\/continuan-los-trabajos-de-repavimentacion-en-la-rn-33-entre-espartillar-y-trenque-lauquen\/","og_locale":"es_ES","og_type":"article","og_title":"Contin\u00faan los trabajos de repavimentaci\u00f3n en la RN 33 entre Espartillar y Trenque Lauquen \u00a0 - Noticias Radio Reflejos","og_description":"&nbsp; El Ministerio de Obras P\u00fablicas, a trav\u00e9s de Vialidad Nacional, informa que, contin\u00faan los trabajos de repavimentaci\u00f3n de calzada sobre la Ruta Nacional N\u00b0 33 entre Espartillar y Trenque Lauquen.","og_url":"https:\/\/www.noticiasradioreflejos.com.ar\/2021\/continuan-los-trabajos-de-repavimentacion-en-la-rn-33-entre-espartillar-y-trenque-lauquen\/","og_site_name":"Noticias Radio Reflejos","article_published_time":"2021-04-21T11:19:08+00:00","og_image":[{"url":"http:\/\/live.staticflickr.com\/65535\/51129097336_65290d39c2_c.jpg","type":"","width":"","height":""}],"author":"Arnaldo Botto","twitter_card":"summary_large_image","schema":{"@context":"https:\/\/schema.org","@graph":[{"@type":"WebPage","@id":"https:\/\/www.noticiasradioreflejos.com.ar\/2021\/continuan-los-trabajos-de-repavimentacion-en-la-rn-33-entre-espartillar-y-trenque-lauquen\/","url":"https:\/\/www.noticiasradioreflejos.com.ar\/2021\/continuan-los-trabajos-de-repavimentacion-en-la-rn-33-entre-espartillar-y-trenque-lauquen\/","name":"Contin\u00faan los trabajos de repavimentaci\u00f3n en la RN 33 entre Espartillar y Trenque Lauquen \u00a0 - Noticias Radio Reflejos","isPartOf":{"@id":"https:\/\/www.noticiasradioreflejos.com.ar\/2021\/#website"},"primaryImageOfPage":{"@id":"https:\/\/www.noticiasradioreflejos.com.ar\/2021\/continuan-los-trabajos-de-repavimentacion-en-la-rn-33-entre-espartillar-y-trenque-lauquen\/#primaryimage"},"image":{"@id":"https:\/\/www.noticiasradioreflejos.com.ar\/2021\/continuan-los-trabajos-de-repavimentacion-en-la-rn-33-entre-espartillar-y-trenque-lauquen\/#primaryimage"},"thumbnailUrl":"http:\/\/live.staticflickr.com\/65535\/51129097336_65290d39c2_c.jpg","datePublished":"2021-04-21T11:19:08+00:00","author":{"@id":"https:\/\/www.noticiasradioreflejos.com.ar\/2021\/#\/schema\/person\/ad82545263dcc5ec0996818884fd5fb1"},"breadcrumb":{"@id":"https:\/\/www.noticiasradioreflejos.com.ar\/2021\/continuan-los-trabajos-de-repavimentacion-en-la-rn-33-entre-espartillar-y-trenque-lauquen\/#breadcrumb"},"inLanguage":"es","potentialAction":[{"@type":"ReadAction","target":["https:\/\/www.noticiasradioreflejos.com.ar\/2021\/continuan-los-trabajos-de-repavimentacion-en-la-rn-33-entre-espartillar-y-trenque-lauquen\/"]}]},{"@type":"ImageObject","inLanguage":"es","@id":"https:\/\/www.noticiasradioreflejos.com.ar\/2021\/continuan-los-trabajos-de-repavimentacion-en-la-rn-33-entre-espartillar-y-trenque-lauquen\/#primaryimage","url":"http:\/\/live.staticflickr.com\/65535\/51129097336_65290d39c2_c.jpg","contentUrl":"http:\/\/live.staticflickr.com\/65535\/51129097336_65290d39c2_c.jpg"},{"@type":"BreadcrumbList","@id":"https:\/\/www.noticiasradioreflejos.com.ar\/2021\/continuan-los-trabajos-de-repavimentacion-en-la-rn-33-entre-espartillar-y-trenque-lauquen\/#breadcrumb","itemListElement":[{"@type":"ListItem","position":1,"name":"Portada","item":"https:\/\/www.noticiasradioreflejos.com.ar\/2021\/"},{"@type":"ListItem","position":2,"name":"Contin\u00faan los trabajos de repavimentaci\u00f3n en la RN 33 entre Espartillar y Trenque Lauquen \u00a0"}]},{"@type":"WebSite","@id":"https:\/\/www.noticiasradioreflejos.com.ar\/2021\/#website","url":"https:\/\/www.noticiasradioreflejos.com.ar\/2021\/","name":"Noticias Radio Reflejos","description":"Las noticias de mi comarca","potentialAction":[{"@type":"SearchAction","target":{"@type":"EntryPoint","urlTemplate":"https:\/\/www.noticiasradioreflejos.com.ar\/2021\/?s={search_term_string}"},"query-input":{"@type":"PropertyValueSpecification","valueRequired":true,"valueName":"search_term_string"}}],"inLanguage":"es"},{"@type":"Person","@id":"https:\/\/www.noticiasradioreflejos.com.ar\/2021\/#\/schema\/person\/ad82545263dcc5ec0996818884fd5fb1","name":"Arnaldo Botto","image":{"@type":"ImageObject","inLanguage":"es","@id":"https:\/\/www.noticiasradioreflejos.com.ar\/2021\/#\/schema\/person\/image\/","url":"https:\/\/secure.gravatar.com\/avatar\/55cb5e37c1efa326397366e6974cb338056df65cb50e7d64d1cf314e87504837?s=96&d=mm&r=g","contentUrl":"https:\/\/secure.gravatar.com\/avatar\/55cb5e37c1efa326397366e6974cb338056df65cb50e7d64d1cf314e87504837?s=96&d=mm&r=g","caption":"Arnaldo Botto"},"url":"https:\/\/www.noticiasradioreflejos.com.ar\/2021\/author\/arnaldo\/"}]}},"_links":{"self":[{"href":"https:\/\/www.noticiasradioreflejos.com.ar\/2021\/wp-json\/wp\/v2\/posts\/55717","targetHints":{"allow":["GET"]}}],"collection":[{"href":"https:\/\/www.noticiasradioreflejos.com.ar\/2021\/wp-json\/wp\/v2\/posts"}],"about":[{"href":"https:\/\/www.noticiasradioreflejos.com.ar\/2021\/wp-json\/wp\/v2\/types\/post"}],"author":[{"embeddable":true,"href":"https:\/\/www.noticiasradioreflejos.com.ar\/2021\/wp-json\/wp\/v2\/users\/3"}],"replies":[{"embeddable":true,"href":"https:\/\/www.noticiasradioreflejos.com.ar\/2021\/wp-json\/wp\/v2\/comments?post=55717"}],"version-history":[{"count":0,"href":"https:\/\/www.noticiasradioreflejos.com.ar\/2021\/wp-json\/wp\/v2\/posts\/55717\/revisions"}],"wp:attachment":[{"href":"https:\/\/www.noticiasradioreflejos.com.ar\/2021\/wp-json\/wp\/v2\/media?parent=55717"}],"wp:term":[{"taxonomy":"category","embeddable":true,"href":"https:\/\/www.noticiasradioreflejos.com.ar\/2021\/wp-json\/wp\/v2\/categories?post=55717"},{"taxonomy":"post_tag","embeddable":true,"href":"https:\/\/www.noticiasradioreflejos.com.ar\/2021\/wp-json\/wp\/v2\/tags?post=55717"}],"curies":[{"name":"wp","href":"https:\/\/api.w.org\/{rel}","templated":true}]}}