{"id":55704,"date":"2021-04-20T20:41:47","date_gmt":"2021-04-20T23:41:47","guid":{"rendered":"http:\/\/www.noticiasradioreflejos.com.ar\/noticias\/?p=55704"},"modified":"2021-04-20T20:41:47","modified_gmt":"2021-04-20T23:41:47","slug":"como-se-gesto-el-show-por-streaming-mas-comentado-de-los-ultimos-tiempos","status":"publish","type":"post","link":"https:\/\/www.noticiasradioreflejos.com.ar\/2021\/como-se-gesto-el-show-por-streaming-mas-comentado-de-los-ultimos-tiempos\/","title":{"rendered":"C\u00f3mo se gest\u00f3 el show por streaming m\u00e1s comentado de los \u00faltimos tiempos"},"content":{"rendered":"<div class=\"head-content\">\n<p>La banda que acompa\u00f1a en vivo a Carlos \u00abEl Indio\u00bb Solari\u00a0marc\u00f3 un hito al brindar un show que quedar\u00e1 en la memoria colectiva por el imponente marco, la belleza de su registro visual, la contundencia de su m\u00fasica y la estelar aparici\u00f3n del l\u00edder espiritual del grupo &#8211;<\/p>\n<\/div>\n<p><!--more--><\/p>\n<div class=\"main-content-block\">\n<div class=\"main-box clearfix\">\n<div class=\"wrapper-main-section clearfix\">\n<div class=\"wrapper-editable-content\">\n<div class=\"editable-content clearfix\">\n<div id=\"image\" class=\"image\">\n<p><img decoding=\"async\" title=\"Los Fundamentalistas quisieron repetir la experiencia ocurrida en septiembre en el estadio Malvinas Argentinas. \" src=\"https:\/\/www.telam.com.ar\/advf\/imagenes\/2021\/04\/607f45f748a40_1004x565.jpg\" alt=\"Los Fundamentalistas quisieron repetir la experiencia ocurrida en septiembre en el estadio Malvinas Argentinas. \" \/><\/p>\n<div class=\"epigrafe\">Los Fundamentalistas quisieron repetir la experiencia ocurrida en septiembre en el estadio Malvinas Argentinas.<\/div>\n<\/div>\n<p>La imposibilidad de cobijar en un reducto a los fans de manera presencial por la crisis sanitaria, la decisi\u00f3n de hacer algo completamente distinto a lo ofrecido en el exitoso concierto virtual de septiembre pasado y el recuerdo de una vieja y emblem\u00e1tica sesi\u00f3n de fotos de Carlos \u00abEl Indio\u00bb Solari en Villa Epecu\u00e9n fueron algunos de los factores clave en el armado de \u00abA los p\u00e1jaros\u00bb, el recital de Los Fundamentalistas del Aire Acondicionado emitido el s\u00e1bado pasado v\u00eda streaming.<\/p>\n<p>La banda que acompa\u00f1a en vivo al legendario artista marc\u00f3 un hito al brindar un show que quedar\u00e1 en la memoria colectiva por el imponente marco, la belleza de su registro visual, la contundencia de su m\u00fasica, la estelar aparici\u00f3n del l\u00edder espiritual del grupo a trav\u00e9s de una pantalla con dos comentados estrenos y la decisi\u00f3n de liberarlo en YouTube al haber problemas con la plataforma Ticketek, lo que quintuplic\u00f3 la cantidad de espectadores previstos en simult\u00e1neo.<\/p>\n<p>Sin embargo, apenas el \u00faltimo punto fue producto del azar \u2013aunque tambi\u00e9n hubo mucho de \u00abm\u00edstica ricotera\u00bb en ese gesto de emitir el show de manera gratuita-, debido a que se trat\u00f3 de una producci\u00f3n que comenz\u00f3 a pensarse y a tomar forma casi cuatro meses antes.<\/p>\n<p>\u00abLo empezamos a pensar a fines de diciembre, vinimos por primera vez a Villa Epecu\u00e9n a fines de enero y el concierto se grab\u00f3 el 29 de marzo\u00bb, detall\u00f3 ante T\u00e9lam Mat\u00edas Mera, responsable de la productora Cr\u00e1neo, que trabaj\u00f3 en la filmaci\u00f3n del concierto, pero es adem\u00e1s m\u00e1nager de Los Fundamentalistas.<\/p>\n<div id=\"image\" class=\"image\">\n<p><img decoding=\"async\" title=\"Los problemas en la plataforma de emisi\u00f3n generaron que la banda liberase el concierto. \" src=\"https:\/\/www.telam.com.ar\/advf\/imagenes\/2021\/04\/607f45f76504c_1004x565.jpg\" alt=\"Los problemas en la plataforma de emisi\u00f3n generaron que la banda liberase el concierto. \" \/><\/p>\n<div class=\"epigrafe\">Los problemas en la plataforma de emisi\u00f3n generaron que la banda liberase el concierto.<\/div>\n<\/div>\n<p><strong>La celebraci\u00f3n de los 15 a\u00f1os de la banda, llevada a cabo el 26 de septiembre de 2020 con el concierto \u00abDesde los sat\u00e9lites\u00bb, registrado en el porte\u00f1o estadio Malvinas Argentinas, con alrededor de 20.000 tickets virtuales vendidos y actualmente disponible en el canal oficial de YouTube de Los Fundamentalistas, dej\u00f3 la sensaci\u00f3n en sus miembros de que hab\u00eda que repetir la experiencia de tocar en vivo.<\/strong><\/p>\n<p>Al momento del inicio de la pandemia en marzo del a\u00f1o pasado, la banda ven\u00eda manteniendo una intensa actividad esc\u00e9nica, cada vez con mayor convocatoria, desde 2019 cuando realiz\u00f3 un primer concierto sin su l\u00edder espiritual, a beneficio del baterista Mart\u00edn Carrizo.<\/p>\n<p><strong>\u00abHab\u00edamos hecho el streaming de septiembre con entradas agotadas y quedamos con la idea de volver a dar un show en vivo con p\u00fablico en marzo o abril, pero las condiciones no est\u00e1n para eso. Iba a ser un problema juntar a toda la gente y preferimos no hacerlo as\u00ed, no cargar en nuestra conciencia con un mont\u00f3n de contagios\u00bb<\/strong>, explic\u00f3 Mera.<\/p>\n<div class=\"auth\">Un escenario natural inmejorable<\/div>\n<p>La elecci\u00f3n del lugar del nuevo show surgi\u00f3 por la necesidad de presentar una producci\u00f3n visual muy distinta a la de septiembre, el deseo de hacer alguna especie de \u00abhomenaje velado\u00bb a su l\u00edder y la feliz coincidencia con el propio Indio cuando les sugiri\u00f3 tocar en ese pueblo.<\/p>\n<div id=\"image\" class=\"image\">\n<p><img decoding=\"async\" title=\"A pesar de la virtualidad, el show tuvo toda la m\u00edstica ricotera. \" src=\"https:\/\/www.telam.com.ar\/advf\/imagenes\/2021\/04\/607f45f76e661_1004x565.jpg\" alt=\"A pesar de la virtualidad, el show tuvo toda la m\u00edstica ricotera. \" \/><\/p>\n<div class=\"epigrafe\">A pesar de la virtualidad, el show tuvo toda la m\u00edstica ricotera.<\/div>\n<\/div>\n<p>\u00abEl primer streaming dej\u00f3 la vara muy alta, con mucha pantalla. Entonces hab\u00eda que buscar otra cosa. Pensamos en un lugar al aire libre y surgi\u00f3 la idea de Epecu\u00e9n por una famosa sesi\u00f3n de fotos que hab\u00eda hecho all\u00ed el Indio hace algunos a\u00f1os. Cuando le comentamos que quer\u00edamos hacer un show en un escenario natural, el Indio nos dijo: `\u00bfPor qu\u00e9 no lo hacen en Epecu\u00e9n?\u00b4. Ah\u00ed cerr\u00f3 todo. Nos dimos cuenta que era el lugar\u00bb, revel\u00f3 el realizador.<\/p>\n<p><strong>\u00abVilla Epecu\u00e9n es un lugar abstracto porque es una ciudad abandonada y nos parec\u00eda un buen s\u00edmbolo en este contexto, adem\u00e1s que acompa\u00f1aba muy bien las canciones\u00bb<\/strong>, acot\u00f3 al referirse a la localidad del sur bonaerense, sepultada bajo el agua a mediados de los `80, lo que la convirti\u00f3 en un \u00abpueblo fantasma\u00bb.<\/p>\n<div id=\"image\" class=\"image\">\n<p><img decoding=\"async\" title=\"El recital tuvo un marco imponente en la ciudad en ruinas del partido de Adolfo Alsina. \" src=\"https:\/\/www.telam.com.ar\/advf\/imagenes\/2021\/04\/607f45f7529e5_1004x565.jpg\" alt=\"El recital tuvo un marco imponente en la ciudad en ruinas del partido de Adolfo Alsina. \" \/><\/p>\n<div class=\"epigrafe\">El recital tuvo un marco imponente en la ciudad en ruinas del partido de Adolfo Alsina.<\/div>\n<\/div>\n<p>El desolador marco cortado por el estruendo musical de la banda fue resaltado a nivel visual con tomas que presentaban al inicio una luz natural crepuscular que, a medida que avanzaba el show, mut\u00f3 en cerrada noche de luna llena que dot\u00f3 a la filmaci\u00f3n de una fantasmal fisonom\u00eda.<\/p>\n<p>Esa est\u00e9tica fue consensuada entre la productora y los directores musicales del proyecto, Gaspar Benegas y Pablo Sbaraglia, para lo cual hizo falta una cuidada ingenier\u00eda que incluy\u00f3 un cronometraje muy preciso de los tiempos y el uso de 16 c\u00e1maras, dos drones y una gr\u00faa de 14 metros.<\/p>\n<p>\u00abCronometramos todo para empezar al atardecer y terminar de noche. Hab\u00eda mucha atenci\u00f3n en eso porque una vez que largabas no hab\u00eda marcha atr\u00e1s. La luz del atardecer nos parec\u00eda que era la mejor para mostrar el lugar. Todo se termin\u00f3 de ajustar en la prueba de sonido del d\u00eda anterior en donde determinamos bien a qu\u00e9 hora empezar y hasta qu\u00e9 canci\u00f3n se grababa con luz del atardecer y desde cuando de noche\u00bb, cont\u00f3 Mera.<\/p>\n<div class=\"auth\">La inesperada impronta ricotera<\/div>\n<p>M\u00e1s all\u00e1 del gran nivel musical y visual del espect\u00e1culo presentado, fue la presencia a trav\u00e9s de una pantalla del Indio y el incidente con Ticketek que deriv\u00f3 en la liberaci\u00f3n del material lo que dot\u00f3 de ribetes \u00e9picos al concierto.<\/p>\n<p>Se estima que alrededor de 22.000 personas pagaron su derecho a ver el show; sin embargo, dos horas despu\u00e9s de la programaci\u00f3n de su emisi\u00f3n, la plataforma digital continuaba colapsada y provocaba las aireadas quejas en redes del p\u00fablico.<\/p>\n<p><strong>Ante esto, el grupo emiti\u00f3 el espect\u00e1culo de manera gratuita cerca de la medianoche, y dispar\u00f3 a m\u00e1s de 90.000 el n\u00famero de espectadores simult\u00e1neos, m\u00e1s de medio mill\u00f3n acumulados hacia el mediod\u00eda del domingo, cuando el concierto fue levantado y ofrecido hasta el 2 de mayo en la plataforma paga para quienes obtuvieron tickets.<\/strong><\/p>\n<p>Sin embargo, tal como indica la \u00abtradici\u00f3n ricotera\u00bb, quienes abonaron no presentaron mayores quejas por el hecho de que una gran cantidad de gente que no pag\u00f3 haya visto el espect\u00e1culo igual que ello. Un parang\u00f3n de aquellas jornadas en las que se agolpaban fans en la puerta de los estadios y presionaban para ingresar sin tickets, hasta que finalmente se liberaban molinetes.<\/p>\n<p>\u00abEs la solidaridad propia del movimiento que sigue al Indio Solari. El que quiere entrar, termina entrando y, sin embargo, cada vez m\u00e1s gente saca su entrada porque entiende que as\u00ed apoya al proyecto\u00bb, grafic\u00f3 Mera.<\/p>\n<\/div>\n<\/div>\n<\/div>\n<\/div>\n<\/div>\n<div class=\"editable-content clearfix\"><\/div>\n<div class=\"editable-content clearfix\"><span style=\"color: #0000ff;\"><strong>Por Hernani Natale\u00a0para TELAM<\/strong><\/span><\/div>\n<div class=\"editable-content clearfix\"><\/div>\n","protected":false},"excerpt":{"rendered":"<p>La banda que acompa\u00f1a en vivo a Carlos \u00abEl Indio\u00bb Solari\u00a0marc\u00f3 un hito al brindar un show que quedar\u00e1 en la memoria colectiva por el imponente marco, la belleza de su registro visual, la contundencia de su m\u00fasica y la estelar aparici\u00f3n del l\u00edder espiritual del grupo &#8211;<\/p>\n","protected":false},"author":3,"featured_media":0,"comment_status":"closed","ping_status":"open","sticky":false,"template":"","format":"standard","meta":{"footnotes":""},"categories":[35],"tags":[],"class_list":["post-55704","post","type-post","status-publish","format-standard","hentry","category-cultura"],"yoast_head":"<!-- This site is optimized with the Yoast SEO plugin v25.9 - https:\/\/yoast.com\/wordpress\/plugins\/seo\/ -->\n<title>C\u00f3mo se gest\u00f3 el show por streaming m\u00e1s comentado de los \u00faltimos tiempos - Noticias Radio Reflejos<\/title>\n<meta name=\"robots\" content=\"index, follow, max-snippet:-1, max-image-preview:large, max-video-preview:-1\" \/>\n<link rel=\"canonical\" href=\"https:\/\/www.noticiasradioreflejos.com.ar\/2021\/como-se-gesto-el-show-por-streaming-mas-comentado-de-los-ultimos-tiempos\/\" \/>\n<meta property=\"og:locale\" content=\"es_ES\" \/>\n<meta property=\"og:type\" content=\"article\" \/>\n<meta property=\"og:title\" content=\"C\u00f3mo se gest\u00f3 el show por streaming m\u00e1s comentado de los \u00faltimos tiempos - Noticias Radio Reflejos\" \/>\n<meta property=\"og:description\" content=\"La banda que acompa\u00f1a en vivo a Carlos \u00abEl Indio\u00bb Solari\u00a0marc\u00f3 un hito al brindar un show que quedar\u00e1 en la memoria colectiva por el imponente marco, la belleza de su registro visual, la contundencia de su m\u00fasica y la estelar aparici\u00f3n del l\u00edder espiritual del grupo &#8211;\" \/>\n<meta property=\"og:url\" content=\"https:\/\/www.noticiasradioreflejos.com.ar\/2021\/como-se-gesto-el-show-por-streaming-mas-comentado-de-los-ultimos-tiempos\/\" \/>\n<meta property=\"og:site_name\" content=\"Noticias Radio Reflejos\" \/>\n<meta property=\"article:published_time\" content=\"2021-04-20T23:41:47+00:00\" \/>\n<meta property=\"og:image\" content=\"https:\/\/www.telam.com.ar\/advf\/imagenes\/2021\/04\/607f45f748a40_1004x565.jpg\" \/>\n<meta name=\"author\" content=\"Arnaldo Botto\" \/>\n<meta name=\"twitter:card\" content=\"summary_large_image\" \/>\n<script type=\"application\/ld+json\" class=\"yoast-schema-graph\">{\"@context\":\"https:\/\/schema.org\",\"@graph\":[{\"@type\":\"WebPage\",\"@id\":\"https:\/\/www.noticiasradioreflejos.com.ar\/2021\/como-se-gesto-el-show-por-streaming-mas-comentado-de-los-ultimos-tiempos\/\",\"url\":\"https:\/\/www.noticiasradioreflejos.com.ar\/2021\/como-se-gesto-el-show-por-streaming-mas-comentado-de-los-ultimos-tiempos\/\",\"name\":\"C\u00f3mo se gest\u00f3 el show por streaming m\u00e1s comentado de los \u00faltimos tiempos - Noticias Radio Reflejos\",\"isPartOf\":{\"@id\":\"https:\/\/www.noticiasradioreflejos.com.ar\/2021\/#website\"},\"primaryImageOfPage\":{\"@id\":\"https:\/\/www.noticiasradioreflejos.com.ar\/2021\/como-se-gesto-el-show-por-streaming-mas-comentado-de-los-ultimos-tiempos\/#primaryimage\"},\"image\":{\"@id\":\"https:\/\/www.noticiasradioreflejos.com.ar\/2021\/como-se-gesto-el-show-por-streaming-mas-comentado-de-los-ultimos-tiempos\/#primaryimage\"},\"thumbnailUrl\":\"https:\/\/www.telam.com.ar\/advf\/imagenes\/2021\/04\/607f45f748a40_1004x565.jpg\",\"datePublished\":\"2021-04-20T23:41:47+00:00\",\"author\":{\"@id\":\"https:\/\/www.noticiasradioreflejos.com.ar\/2021\/#\/schema\/person\/ad82545263dcc5ec0996818884fd5fb1\"},\"breadcrumb\":{\"@id\":\"https:\/\/www.noticiasradioreflejos.com.ar\/2021\/como-se-gesto-el-show-por-streaming-mas-comentado-de-los-ultimos-tiempos\/#breadcrumb\"},\"inLanguage\":\"es\",\"potentialAction\":[{\"@type\":\"ReadAction\",\"target\":[\"https:\/\/www.noticiasradioreflejos.com.ar\/2021\/como-se-gesto-el-show-por-streaming-mas-comentado-de-los-ultimos-tiempos\/\"]}]},{\"@type\":\"ImageObject\",\"inLanguage\":\"es\",\"@id\":\"https:\/\/www.noticiasradioreflejos.com.ar\/2021\/como-se-gesto-el-show-por-streaming-mas-comentado-de-los-ultimos-tiempos\/#primaryimage\",\"url\":\"https:\/\/www.telam.com.ar\/advf\/imagenes\/2021\/04\/607f45f748a40_1004x565.jpg\",\"contentUrl\":\"https:\/\/www.telam.com.ar\/advf\/imagenes\/2021\/04\/607f45f748a40_1004x565.jpg\"},{\"@type\":\"BreadcrumbList\",\"@id\":\"https:\/\/www.noticiasradioreflejos.com.ar\/2021\/como-se-gesto-el-show-por-streaming-mas-comentado-de-los-ultimos-tiempos\/#breadcrumb\",\"itemListElement\":[{\"@type\":\"ListItem\",\"position\":1,\"name\":\"Portada\",\"item\":\"https:\/\/www.noticiasradioreflejos.com.ar\/2021\/\"},{\"@type\":\"ListItem\",\"position\":2,\"name\":\"C\u00f3mo se gest\u00f3 el show por streaming m\u00e1s comentado de los \u00faltimos tiempos\"}]},{\"@type\":\"WebSite\",\"@id\":\"https:\/\/www.noticiasradioreflejos.com.ar\/2021\/#website\",\"url\":\"https:\/\/www.noticiasradioreflejos.com.ar\/2021\/\",\"name\":\"Noticias Radio Reflejos\",\"description\":\"Las noticias de mi comarca\",\"potentialAction\":[{\"@type\":\"SearchAction\",\"target\":{\"@type\":\"EntryPoint\",\"urlTemplate\":\"https:\/\/www.noticiasradioreflejos.com.ar\/2021\/?s={search_term_string}\"},\"query-input\":{\"@type\":\"PropertyValueSpecification\",\"valueRequired\":true,\"valueName\":\"search_term_string\"}}],\"inLanguage\":\"es\"},{\"@type\":\"Person\",\"@id\":\"https:\/\/www.noticiasradioreflejos.com.ar\/2021\/#\/schema\/person\/ad82545263dcc5ec0996818884fd5fb1\",\"name\":\"Arnaldo Botto\",\"image\":{\"@type\":\"ImageObject\",\"inLanguage\":\"es\",\"@id\":\"https:\/\/www.noticiasradioreflejos.com.ar\/2021\/#\/schema\/person\/image\/\",\"url\":\"https:\/\/secure.gravatar.com\/avatar\/55cb5e37c1efa326397366e6974cb338056df65cb50e7d64d1cf314e87504837?s=96&d=mm&r=g\",\"contentUrl\":\"https:\/\/secure.gravatar.com\/avatar\/55cb5e37c1efa326397366e6974cb338056df65cb50e7d64d1cf314e87504837?s=96&d=mm&r=g\",\"caption\":\"Arnaldo Botto\"},\"url\":\"https:\/\/www.noticiasradioreflejos.com.ar\/2021\/author\/arnaldo\/\"}]}<\/script>\n<!-- \/ Yoast SEO plugin. -->","yoast_head_json":{"title":"C\u00f3mo se gest\u00f3 el show por streaming m\u00e1s comentado de los \u00faltimos tiempos - Noticias Radio Reflejos","robots":{"index":"index","follow":"follow","max-snippet":"max-snippet:-1","max-image-preview":"max-image-preview:large","max-video-preview":"max-video-preview:-1"},"canonical":"https:\/\/www.noticiasradioreflejos.com.ar\/2021\/como-se-gesto-el-show-por-streaming-mas-comentado-de-los-ultimos-tiempos\/","og_locale":"es_ES","og_type":"article","og_title":"C\u00f3mo se gest\u00f3 el show por streaming m\u00e1s comentado de los \u00faltimos tiempos - Noticias Radio Reflejos","og_description":"La banda que acompa\u00f1a en vivo a Carlos \u00abEl Indio\u00bb Solari\u00a0marc\u00f3 un hito al brindar un show que quedar\u00e1 en la memoria colectiva por el imponente marco, la belleza de su registro visual, la contundencia de su m\u00fasica y la estelar aparici\u00f3n del l\u00edder espiritual del grupo &#8211;","og_url":"https:\/\/www.noticiasradioreflejos.com.ar\/2021\/como-se-gesto-el-show-por-streaming-mas-comentado-de-los-ultimos-tiempos\/","og_site_name":"Noticias Radio Reflejos","article_published_time":"2021-04-20T23:41:47+00:00","og_image":[{"url":"https:\/\/www.telam.com.ar\/advf\/imagenes\/2021\/04\/607f45f748a40_1004x565.jpg","type":"","width":"","height":""}],"author":"Arnaldo Botto","twitter_card":"summary_large_image","schema":{"@context":"https:\/\/schema.org","@graph":[{"@type":"WebPage","@id":"https:\/\/www.noticiasradioreflejos.com.ar\/2021\/como-se-gesto-el-show-por-streaming-mas-comentado-de-los-ultimos-tiempos\/","url":"https:\/\/www.noticiasradioreflejos.com.ar\/2021\/como-se-gesto-el-show-por-streaming-mas-comentado-de-los-ultimos-tiempos\/","name":"C\u00f3mo se gest\u00f3 el show por streaming m\u00e1s comentado de los \u00faltimos tiempos - Noticias Radio Reflejos","isPartOf":{"@id":"https:\/\/www.noticiasradioreflejos.com.ar\/2021\/#website"},"primaryImageOfPage":{"@id":"https:\/\/www.noticiasradioreflejos.com.ar\/2021\/como-se-gesto-el-show-por-streaming-mas-comentado-de-los-ultimos-tiempos\/#primaryimage"},"image":{"@id":"https:\/\/www.noticiasradioreflejos.com.ar\/2021\/como-se-gesto-el-show-por-streaming-mas-comentado-de-los-ultimos-tiempos\/#primaryimage"},"thumbnailUrl":"https:\/\/www.telam.com.ar\/advf\/imagenes\/2021\/04\/607f45f748a40_1004x565.jpg","datePublished":"2021-04-20T23:41:47+00:00","author":{"@id":"https:\/\/www.noticiasradioreflejos.com.ar\/2021\/#\/schema\/person\/ad82545263dcc5ec0996818884fd5fb1"},"breadcrumb":{"@id":"https:\/\/www.noticiasradioreflejos.com.ar\/2021\/como-se-gesto-el-show-por-streaming-mas-comentado-de-los-ultimos-tiempos\/#breadcrumb"},"inLanguage":"es","potentialAction":[{"@type":"ReadAction","target":["https:\/\/www.noticiasradioreflejos.com.ar\/2021\/como-se-gesto-el-show-por-streaming-mas-comentado-de-los-ultimos-tiempos\/"]}]},{"@type":"ImageObject","inLanguage":"es","@id":"https:\/\/www.noticiasradioreflejos.com.ar\/2021\/como-se-gesto-el-show-por-streaming-mas-comentado-de-los-ultimos-tiempos\/#primaryimage","url":"https:\/\/www.telam.com.ar\/advf\/imagenes\/2021\/04\/607f45f748a40_1004x565.jpg","contentUrl":"https:\/\/www.telam.com.ar\/advf\/imagenes\/2021\/04\/607f45f748a40_1004x565.jpg"},{"@type":"BreadcrumbList","@id":"https:\/\/www.noticiasradioreflejos.com.ar\/2021\/como-se-gesto-el-show-por-streaming-mas-comentado-de-los-ultimos-tiempos\/#breadcrumb","itemListElement":[{"@type":"ListItem","position":1,"name":"Portada","item":"https:\/\/www.noticiasradioreflejos.com.ar\/2021\/"},{"@type":"ListItem","position":2,"name":"C\u00f3mo se gest\u00f3 el show por streaming m\u00e1s comentado de los \u00faltimos tiempos"}]},{"@type":"WebSite","@id":"https:\/\/www.noticiasradioreflejos.com.ar\/2021\/#website","url":"https:\/\/www.noticiasradioreflejos.com.ar\/2021\/","name":"Noticias Radio Reflejos","description":"Las noticias de mi comarca","potentialAction":[{"@type":"SearchAction","target":{"@type":"EntryPoint","urlTemplate":"https:\/\/www.noticiasradioreflejos.com.ar\/2021\/?s={search_term_string}"},"query-input":{"@type":"PropertyValueSpecification","valueRequired":true,"valueName":"search_term_string"}}],"inLanguage":"es"},{"@type":"Person","@id":"https:\/\/www.noticiasradioreflejos.com.ar\/2021\/#\/schema\/person\/ad82545263dcc5ec0996818884fd5fb1","name":"Arnaldo Botto","image":{"@type":"ImageObject","inLanguage":"es","@id":"https:\/\/www.noticiasradioreflejos.com.ar\/2021\/#\/schema\/person\/image\/","url":"https:\/\/secure.gravatar.com\/avatar\/55cb5e37c1efa326397366e6974cb338056df65cb50e7d64d1cf314e87504837?s=96&d=mm&r=g","contentUrl":"https:\/\/secure.gravatar.com\/avatar\/55cb5e37c1efa326397366e6974cb338056df65cb50e7d64d1cf314e87504837?s=96&d=mm&r=g","caption":"Arnaldo Botto"},"url":"https:\/\/www.noticiasradioreflejos.com.ar\/2021\/author\/arnaldo\/"}]}},"_links":{"self":[{"href":"https:\/\/www.noticiasradioreflejos.com.ar\/2021\/wp-json\/wp\/v2\/posts\/55704","targetHints":{"allow":["GET"]}}],"collection":[{"href":"https:\/\/www.noticiasradioreflejos.com.ar\/2021\/wp-json\/wp\/v2\/posts"}],"about":[{"href":"https:\/\/www.noticiasradioreflejos.com.ar\/2021\/wp-json\/wp\/v2\/types\/post"}],"author":[{"embeddable":true,"href":"https:\/\/www.noticiasradioreflejos.com.ar\/2021\/wp-json\/wp\/v2\/users\/3"}],"replies":[{"embeddable":true,"href":"https:\/\/www.noticiasradioreflejos.com.ar\/2021\/wp-json\/wp\/v2\/comments?post=55704"}],"version-history":[{"count":0,"href":"https:\/\/www.noticiasradioreflejos.com.ar\/2021\/wp-json\/wp\/v2\/posts\/55704\/revisions"}],"wp:attachment":[{"href":"https:\/\/www.noticiasradioreflejos.com.ar\/2021\/wp-json\/wp\/v2\/media?parent=55704"}],"wp:term":[{"taxonomy":"category","embeddable":true,"href":"https:\/\/www.noticiasradioreflejos.com.ar\/2021\/wp-json\/wp\/v2\/categories?post=55704"},{"taxonomy":"post_tag","embeddable":true,"href":"https:\/\/www.noticiasradioreflejos.com.ar\/2021\/wp-json\/wp\/v2\/tags?post=55704"}],"curies":[{"name":"wp","href":"https:\/\/api.w.org\/{rel}","templated":true}]}}