{"id":55689,"date":"2021-04-20T20:20:49","date_gmt":"2021-04-20T23:20:49","guid":{"rendered":"http:\/\/www.noticiasradioreflejos.com.ar\/noticias\/?p=55689"},"modified":"2021-04-20T20:20:49","modified_gmt":"2021-04-20T23:20:49","slug":"la-justicia-federal-ordeno-la-suspension-de-la-presencialidad","status":"publish","type":"post","link":"https:\/\/www.noticiasradioreflejos.com.ar\/2021\/la-justicia-federal-ordeno-la-suspension-de-la-presencialidad\/","title":{"rendered":"La justicia Federal orden\u00f3 la suspensi\u00f3n de la presencialidad"},"content":{"rendered":"<p>Con este fallo queda sin efecto la medida cautelar planteada por padres y madres de alumnos de la ciudad de Buenos Aires a favor de la presencialidad.<!--more--><\/p>\n<p>Un juez del fuero Federal en lo Contencioso Administrativo declar\u00f3 la incompetencia de la justicia porte\u00f1a en el litigio por las clases presenciales en la ciudad de Buenos Aires y envi\u00f3 el expediente a la Corte Suprema, medida que deja sin efecto la cautelar planteada por padres y madres de alumnos contra el DNU del Gobierno Nacional.<\/p>\n<p>De este modo, la Justicia Federal en lo Contencioso Administrativo ordena a la Ciudad que suspenda las clases presenciales hasta que la Corte Suprema de Justicia de la Naci\u00f3n defina la cuesti\u00f3n de fondo.<\/p>\n<p><strong>El fallo<\/strong>, que lleva la firma del juez federal Esteban Furnari,\u00a0<strong>deja sin efecto la medida cautelar planteada por padres y madres de alumnos de la ciudad de Buenos Aires a favor de la presencialidad<\/strong>\u00a0y que hab\u00eda sido avalada el domingo en una resoluci\u00f3n por la sala IV de la C\u00e1mara en lo Contencioso y Administrativo y Tributario porte\u00f1a.<\/p>\n<p>El lunes, la Procuraci\u00f3n del Tesoro de la Naci\u00f3n hab\u00eda pedido la inhibitoria de la justicia porte\u00f1a y que se mantenga la aplicaci\u00f3n del decreto presencial que suspend\u00eda las clases presenciales por 15 d\u00edas en el \u00c1rea Metropolitana de Buenos Aires para mitigar la posibilidad de contagios de coronavirus ante un escenario de crecimiento exponencial de los casos.<\/p>\n<blockquote><p>La Justicia Federal en lo Contencioso Administrativo ordena a la Ciudad que suspenda las clases presenciales hasta que la Corte Suprema de Justicia de la Naci\u00f3n defina la cuesti\u00f3n de fondo<\/p><\/blockquote>\n<p>El planteo de la Procuraci\u00f3n del Tesoro, que encabeza Carlos Zannini, fue presentado ante la C\u00e1mara en lo Contencioso Administrativo Federal y recay\u00f3 en el Juzgado Nacional en lo Contencioso Administrativo Federal N\u00ba 2, cuyo titular es el juez Furnari, quien hoy se expidi\u00f3.<\/p>\n<p>Con el fallo de Furnari quedan suspendidas las clases presenciales en la Ciudad de Buenos Aires, en l\u00ednea con las medidas restrictivas dispuestas por el Gobierno nacional en su DNU, hasta que la Corte Suprema de Justicia se exprese al respecto.<\/p>\n<p>Tras declararse competente para analizar la presentaci\u00f3n de la Ciudad de Buenos Aires contra la suspensi\u00f3n de las clases presenciales en el distrito, la Corte anticip\u00f3 que le dar\u00e1 un tr\u00e1mite acelerado al expediente para resolver la cuesti\u00f3n.<\/p>\n<p>El fallo del domingo, a favor de la presencialidad en los colegios, gener\u00f3 el rechazo de los gremios docentes porte\u00f1os, que convocaron ayer a un paro con alto acatamiento en las escuelas de gesti\u00f3n p\u00fablica de la ciudad y actividad dispar en los establecimientos privados.<\/p>\n<p>La disputa por la presencialidad se centr\u00f3 en el \u00e1mbito judicial tras un fallo de la sala IV de la C\u00e1mara en lo Contencioso y Administrativo y Tributario que el domingo aval\u00f3 la vuelta a las aulas pese al decreto que ordenaba volver a la virtualidad en el AMBA frente a la exponencial suba de contagios de coronavirus.<\/p><\/div>\n<\/div>\n<\/div>\n<\/div>\n<\/div>\n","protected":false},"excerpt":{"rendered":"<p>Con este fallo queda sin efecto la medida cautelar planteada por padres y madres de alumnos de la ciudad de Buenos Aires a favor de la presencialidad.<\/p>\n","protected":false},"author":3,"featured_media":0,"comment_status":"closed","ping_status":"open","sticky":false,"template":"","format":"standard","meta":{"footnotes":""},"categories":[34,26],"tags":[],"class_list":["post-55689","post","type-post","status-publish","format-standard","hentry","category-educacion","category-sociedad"],"yoast_head":"<!-- This site is optimized with the Yoast SEO plugin v25.9 - https:\/\/yoast.com\/wordpress\/plugins\/seo\/ -->\n<title>La justicia Federal orden\u00f3 la suspensi\u00f3n de la presencialidad - Noticias Radio Reflejos<\/title>\n<meta name=\"robots\" content=\"index, follow, max-snippet:-1, max-image-preview:large, max-video-preview:-1\" \/>\n<link rel=\"canonical\" href=\"https:\/\/www.noticiasradioreflejos.com.ar\/2021\/la-justicia-federal-ordeno-la-suspension-de-la-presencialidad\/\" \/>\n<meta property=\"og:locale\" content=\"es_ES\" \/>\n<meta property=\"og:type\" content=\"article\" \/>\n<meta property=\"og:title\" content=\"La justicia Federal orden\u00f3 la suspensi\u00f3n de la presencialidad - Noticias Radio Reflejos\" \/>\n<meta property=\"og:description\" content=\"Con este fallo queda sin efecto la medida cautelar planteada por padres y madres de alumnos de la ciudad de Buenos Aires a favor de la presencialidad.\" \/>\n<meta property=\"og:url\" content=\"https:\/\/www.noticiasradioreflejos.com.ar\/2021\/la-justicia-federal-ordeno-la-suspension-de-la-presencialidad\/\" \/>\n<meta property=\"og:site_name\" content=\"Noticias Radio Reflejos\" \/>\n<meta property=\"article:published_time\" content=\"2021-04-20T23:20:49+00:00\" \/>\n<meta property=\"og:image\" content=\"https:\/\/www.noticiasradioreflejos.com.ar\/2021\/wp-content\/uploads\/2021\/07\/logosol300x200.png\" \/>\n\t<meta property=\"og:image:width\" content=\"300\" \/>\n\t<meta property=\"og:image:height\" content=\"200\" \/>\n\t<meta property=\"og:image:type\" content=\"image\/png\" \/>\n<meta name=\"author\" content=\"Arnaldo Botto\" \/>\n<meta name=\"twitter:card\" content=\"summary_large_image\" \/>\n<script type=\"application\/ld+json\" class=\"yoast-schema-graph\">{\"@context\":\"https:\/\/schema.org\",\"@graph\":[{\"@type\":\"WebPage\",\"@id\":\"https:\/\/www.noticiasradioreflejos.com.ar\/2021\/la-justicia-federal-ordeno-la-suspension-de-la-presencialidad\/\",\"url\":\"https:\/\/www.noticiasradioreflejos.com.ar\/2021\/la-justicia-federal-ordeno-la-suspension-de-la-presencialidad\/\",\"name\":\"La justicia Federal orden\u00f3 la suspensi\u00f3n de la presencialidad - Noticias Radio Reflejos\",\"isPartOf\":{\"@id\":\"https:\/\/www.noticiasradioreflejos.com.ar\/2021\/#website\"},\"datePublished\":\"2021-04-20T23:20:49+00:00\",\"author\":{\"@id\":\"https:\/\/www.noticiasradioreflejos.com.ar\/2021\/#\/schema\/person\/ad82545263dcc5ec0996818884fd5fb1\"},\"breadcrumb\":{\"@id\":\"https:\/\/www.noticiasradioreflejos.com.ar\/2021\/la-justicia-federal-ordeno-la-suspension-de-la-presencialidad\/#breadcrumb\"},\"inLanguage\":\"es\",\"potentialAction\":[{\"@type\":\"ReadAction\",\"target\":[\"https:\/\/www.noticiasradioreflejos.com.ar\/2021\/la-justicia-federal-ordeno-la-suspension-de-la-presencialidad\/\"]}]},{\"@type\":\"BreadcrumbList\",\"@id\":\"https:\/\/www.noticiasradioreflejos.com.ar\/2021\/la-justicia-federal-ordeno-la-suspension-de-la-presencialidad\/#breadcrumb\",\"itemListElement\":[{\"@type\":\"ListItem\",\"position\":1,\"name\":\"Portada\",\"item\":\"https:\/\/www.noticiasradioreflejos.com.ar\/2021\/\"},{\"@type\":\"ListItem\",\"position\":2,\"name\":\"La justicia Federal orden\u00f3 la suspensi\u00f3n de la presencialidad\"}]},{\"@type\":\"WebSite\",\"@id\":\"https:\/\/www.noticiasradioreflejos.com.ar\/2021\/#website\",\"url\":\"https:\/\/www.noticiasradioreflejos.com.ar\/2021\/\",\"name\":\"Noticias Radio Reflejos\",\"description\":\"Las noticias de mi comarca\",\"potentialAction\":[{\"@type\":\"SearchAction\",\"target\":{\"@type\":\"EntryPoint\",\"urlTemplate\":\"https:\/\/www.noticiasradioreflejos.com.ar\/2021\/?s={search_term_string}\"},\"query-input\":{\"@type\":\"PropertyValueSpecification\",\"valueRequired\":true,\"valueName\":\"search_term_string\"}}],\"inLanguage\":\"es\"},{\"@type\":\"Person\",\"@id\":\"https:\/\/www.noticiasradioreflejos.com.ar\/2021\/#\/schema\/person\/ad82545263dcc5ec0996818884fd5fb1\",\"name\":\"Arnaldo Botto\",\"image\":{\"@type\":\"ImageObject\",\"inLanguage\":\"es\",\"@id\":\"https:\/\/www.noticiasradioreflejos.com.ar\/2021\/#\/schema\/person\/image\/\",\"url\":\"https:\/\/secure.gravatar.com\/avatar\/55cb5e37c1efa326397366e6974cb338056df65cb50e7d64d1cf314e87504837?s=96&d=mm&r=g\",\"contentUrl\":\"https:\/\/secure.gravatar.com\/avatar\/55cb5e37c1efa326397366e6974cb338056df65cb50e7d64d1cf314e87504837?s=96&d=mm&r=g\",\"caption\":\"Arnaldo Botto\"},\"url\":\"https:\/\/www.noticiasradioreflejos.com.ar\/2021\/author\/arnaldo\/\"}]}<\/script>\n<!-- \/ Yoast SEO plugin. -->","yoast_head_json":{"title":"La justicia Federal orden\u00f3 la suspensi\u00f3n de la presencialidad - Noticias Radio Reflejos","robots":{"index":"index","follow":"follow","max-snippet":"max-snippet:-1","max-image-preview":"max-image-preview:large","max-video-preview":"max-video-preview:-1"},"canonical":"https:\/\/www.noticiasradioreflejos.com.ar\/2021\/la-justicia-federal-ordeno-la-suspension-de-la-presencialidad\/","og_locale":"es_ES","og_type":"article","og_title":"La justicia Federal orden\u00f3 la suspensi\u00f3n de la presencialidad - Noticias Radio Reflejos","og_description":"Con este fallo queda sin efecto la medida cautelar planteada por padres y madres de alumnos de la ciudad de Buenos Aires a favor de la presencialidad.","og_url":"https:\/\/www.noticiasradioreflejos.com.ar\/2021\/la-justicia-federal-ordeno-la-suspension-de-la-presencialidad\/","og_site_name":"Noticias Radio Reflejos","article_published_time":"2021-04-20T23:20:49+00:00","og_image":[{"width":300,"height":200,"url":"https:\/\/www.noticiasradioreflejos.com.ar\/2021\/wp-content\/uploads\/2021\/07\/logosol300x200.png","type":"image\/png"}],"author":"Arnaldo Botto","twitter_card":"summary_large_image","schema":{"@context":"https:\/\/schema.org","@graph":[{"@type":"WebPage","@id":"https:\/\/www.noticiasradioreflejos.com.ar\/2021\/la-justicia-federal-ordeno-la-suspension-de-la-presencialidad\/","url":"https:\/\/www.noticiasradioreflejos.com.ar\/2021\/la-justicia-federal-ordeno-la-suspension-de-la-presencialidad\/","name":"La justicia Federal orden\u00f3 la suspensi\u00f3n de la presencialidad - Noticias Radio Reflejos","isPartOf":{"@id":"https:\/\/www.noticiasradioreflejos.com.ar\/2021\/#website"},"datePublished":"2021-04-20T23:20:49+00:00","author":{"@id":"https:\/\/www.noticiasradioreflejos.com.ar\/2021\/#\/schema\/person\/ad82545263dcc5ec0996818884fd5fb1"},"breadcrumb":{"@id":"https:\/\/www.noticiasradioreflejos.com.ar\/2021\/la-justicia-federal-ordeno-la-suspension-de-la-presencialidad\/#breadcrumb"},"inLanguage":"es","potentialAction":[{"@type":"ReadAction","target":["https:\/\/www.noticiasradioreflejos.com.ar\/2021\/la-justicia-federal-ordeno-la-suspension-de-la-presencialidad\/"]}]},{"@type":"BreadcrumbList","@id":"https:\/\/www.noticiasradioreflejos.com.ar\/2021\/la-justicia-federal-ordeno-la-suspension-de-la-presencialidad\/#breadcrumb","itemListElement":[{"@type":"ListItem","position":1,"name":"Portada","item":"https:\/\/www.noticiasradioreflejos.com.ar\/2021\/"},{"@type":"ListItem","position":2,"name":"La justicia Federal orden\u00f3 la suspensi\u00f3n de la presencialidad"}]},{"@type":"WebSite","@id":"https:\/\/www.noticiasradioreflejos.com.ar\/2021\/#website","url":"https:\/\/www.noticiasradioreflejos.com.ar\/2021\/","name":"Noticias Radio Reflejos","description":"Las noticias de mi comarca","potentialAction":[{"@type":"SearchAction","target":{"@type":"EntryPoint","urlTemplate":"https:\/\/www.noticiasradioreflejos.com.ar\/2021\/?s={search_term_string}"},"query-input":{"@type":"PropertyValueSpecification","valueRequired":true,"valueName":"search_term_string"}}],"inLanguage":"es"},{"@type":"Person","@id":"https:\/\/www.noticiasradioreflejos.com.ar\/2021\/#\/schema\/person\/ad82545263dcc5ec0996818884fd5fb1","name":"Arnaldo Botto","image":{"@type":"ImageObject","inLanguage":"es","@id":"https:\/\/www.noticiasradioreflejos.com.ar\/2021\/#\/schema\/person\/image\/","url":"https:\/\/secure.gravatar.com\/avatar\/55cb5e37c1efa326397366e6974cb338056df65cb50e7d64d1cf314e87504837?s=96&d=mm&r=g","contentUrl":"https:\/\/secure.gravatar.com\/avatar\/55cb5e37c1efa326397366e6974cb338056df65cb50e7d64d1cf314e87504837?s=96&d=mm&r=g","caption":"Arnaldo Botto"},"url":"https:\/\/www.noticiasradioreflejos.com.ar\/2021\/author\/arnaldo\/"}]}},"_links":{"self":[{"href":"https:\/\/www.noticiasradioreflejos.com.ar\/2021\/wp-json\/wp\/v2\/posts\/55689","targetHints":{"allow":["GET"]}}],"collection":[{"href":"https:\/\/www.noticiasradioreflejos.com.ar\/2021\/wp-json\/wp\/v2\/posts"}],"about":[{"href":"https:\/\/www.noticiasradioreflejos.com.ar\/2021\/wp-json\/wp\/v2\/types\/post"}],"author":[{"embeddable":true,"href":"https:\/\/www.noticiasradioreflejos.com.ar\/2021\/wp-json\/wp\/v2\/users\/3"}],"replies":[{"embeddable":true,"href":"https:\/\/www.noticiasradioreflejos.com.ar\/2021\/wp-json\/wp\/v2\/comments?post=55689"}],"version-history":[{"count":0,"href":"https:\/\/www.noticiasradioreflejos.com.ar\/2021\/wp-json\/wp\/v2\/posts\/55689\/revisions"}],"wp:attachment":[{"href":"https:\/\/www.noticiasradioreflejos.com.ar\/2021\/wp-json\/wp\/v2\/media?parent=55689"}],"wp:term":[{"taxonomy":"category","embeddable":true,"href":"https:\/\/www.noticiasradioreflejos.com.ar\/2021\/wp-json\/wp\/v2\/categories?post=55689"},{"taxonomy":"post_tag","embeddable":true,"href":"https:\/\/www.noticiasradioreflejos.com.ar\/2021\/wp-json\/wp\/v2\/tags?post=55689"}],"curies":[{"name":"wp","href":"https:\/\/api.w.org\/{rel}","templated":true}]}}