{"id":55674,"date":"2021-04-20T14:49:28","date_gmt":"2021-04-20T17:49:28","guid":{"rendered":"http:\/\/www.noticiasradioreflejos.com.ar\/noticias\/?p=55674"},"modified":"2021-04-20T14:49:28","modified_gmt":"2021-04-20T17:49:28","slug":"desde-el-inicio-de-las-clases-presenciales-se-quintuplicaron-los-casos-en-amba","status":"publish","type":"post","link":"https:\/\/www.noticiasradioreflejos.com.ar\/2021\/desde-el-inicio-de-las-clases-presenciales-se-quintuplicaron-los-casos-en-amba\/","title":{"rendered":"Desde el inicio de las clases presenciales se quintuplicaron los casos en AMBA"},"content":{"rendered":"<p>El Ministerio de Salud de la provincia de Buenos Aires dio a conocer, mediante un comunicado, que desde marzo los contagios se dispararon y aumentaron un 184% en ese per\u00edodo.<\/p>\n<p><!--more--><\/p>\n<div id=\"image\" class=\"image\">\n<p><img decoding=\"async\" title=\"Daniel Goll\u00e1n dio a conocer las cifras y la escalada de casos.\" src=\"https:\/\/www.telam.com.ar\/advf\/imagenes\/2021\/04\/607ee493e6ccf_1004x565.jpg\" alt=\"Daniel Goll\u00e1n dio a conocer las cifras y la escalada de casos.\" \/><\/p>\n<div class=\"epigrafe\">Daniel Goll\u00e1n dio a conocer las cifras y la escalada de casos.<\/div>\n<\/div>\n<p>El Ministerio de Salud de la provincia de Buenos Aires inform\u00f3 este martes que, desde el inicio de las clases presenciales, en marzo pasado, se<strong>\u00a0\u00abquintuplicaron los casos de coronavirus\u00bb\u00a0<\/strong>en el \u00c1rea Metropolitana de Buenos Aires (AMBA), en tanto que solo en la provincia los contagios aumentaron 184% en ese per\u00edodo.<\/p>\n<p>En un comunicado,\u00a0<strong>la cartera sanitaria precis\u00f3 que \u00aben un mes, se pas\u00f3 de 1.911 a 9.828 casos diarios promedio por semana en el \u00c1rea Metropolitana\u00bb,<\/strong>\u00a0y record\u00f3 que ante la escalada de casos, \u00abpa\u00edses como Reino Unido, Portugal, Chile y Uruguay tambi\u00e9n interrumpieron la concurrencia a las aulas\u00bb.<\/p>\n<p>Por su parte, el titular de la cartera, Daniel Gollan, agreg\u00f3 por medio de su cuenta de Twitter que \u00ablos casos aumentaron un 184% en la Provincia desde mediados de marzo\u00bb.<\/p>\n<blockquote class=\"twitter-tweet\" data-width=\"500\" data-dnt=\"true\">\n<p lang=\"es\" dir=\"ltr\">Los casos aumentaron un 184% en la Provincia desde mediados de marzo. Las clases presenciales no son un factor de contagios, porque los protocolos se respetan bien en las aulas. Pero todos los pa\u00edses del mundo demuestran que la circulaci\u00f3n que generan influye en el crecimiento. <a href=\"https:\/\/t.co\/HTqLxSxNy6\">pic.twitter.com\/HTqLxSxNy6<\/a><\/p>\n<p>&mdash; Daniel Gollan (@DrDanielGollan) <a href=\"https:\/\/twitter.com\/DrDanielGollan\/status\/1384510739122204672?ref_src=twsrc%5Etfw\">April 20, 2021<\/a><\/p><\/blockquote>\n<p><script async src=\"https:\/\/platform.twitter.com\/widgets.js\" charset=\"utf-8\"><\/script><\/p>\n<p>Tal como hab\u00eda dicho hace diez d\u00edas, cuando el presidente Alberto Fern\u00e1ndez anunci\u00f3 las nuevas medidas de restricci\u00f3n, Gollan explic\u00f3 este martes que \u00ablas clases presenciales no son un factor de contagios, porque los protocolos se respetan bien en las aulas. Pero todos los pa\u00edses del mundo demuestran que la circulaci\u00f3n que generan influye en el crecimiento\u00bb.<\/p>\n<p>En el comunicado de este martes, Salud plante\u00f3 que la decisi\u00f3n de suspender la presencialidad \u00abva en la misma l\u00ednea que difundi\u00f3 ayer el ministerio de Salud de la Naci\u00f3n y de las conclusiones de expertos y estudios cient\u00edficos locales e internacionales\u00bb.<\/p>\n<p>De acuerdo a las cifras que difundi\u00f3 Gollan para respaldar esa decisi\u00f3n, la provincia aporta al AMBA tres millones de alumnos, a los que se agrega un n\u00famero similar entre docentes y familiares, que generan una enorme circulaci\u00f3n de personas.<\/p>\n<p><strong>La cartera sanitaria precis\u00f3 que \u00abdel 1\u00b0 al 7 de marzo de este a\u00f1o, cuando reci\u00e9n se iniciaban las clases presenciales en los niveles inicial y primaria, el AMBA registraba un promedio diario de 1.911 casos\u00bb.<\/strong><\/p>\n<p>En este sentido, a\u00f1adi\u00f3 que, \u00abluego de tres semanas, ya con el nivel secundario tambi\u00e9n en la modalidad presencial, los casos diarios promedio por semana escalaron a 5.160\u00bb.<\/p>\n<div id=\"image\" class=\"image\">\n<p><img decoding=\"async\" title=\"&quot;Del 1\u00b0 al 7 de marzo de este a\u00f1o, cuando reci\u00e9n se iniciaban las clases presenciales en los niveles inicial y primaria, el AMBA registraba un promedio diario de 1.911 casos&quot;.\" src=\"https:\/\/www.telam.com.ar\/advf\/imagenes\/2021\/03\/603d3274c76c9_1004x565.jpg\" alt=\"&quot;Del 1\u00b0 al 7 de marzo de este a\u00f1o, cuando reci\u00e9n se iniciaban las clases presenciales en los niveles inicial y primaria, el AMBA registraba un promedio diario de 1.911 casos&quot;.\" \/><\/p>\n<div class=\"epigrafe\">\u00abDel 1\u00b0 al 7 de marzo de este a\u00f1o, cuando reci\u00e9n se iniciaban las clases presenciales en los niveles inicial y primaria, el AMBA registraba un promedio diario de 1.911 casos\u00bb.<\/div>\n<\/div>\n<p>\u00abFinalmente, la semana pasada, entre el 12 y el 18 de abril (a un mes del inicio de clases en todos los niveles), los casos diarios se dispararon hasta llegar a 9.828 (promedio semanal) en los 40 municipios del \u00c1rea Metropolitana que rodea la Ciudad de Buenos Aires\u00bb, continu\u00f3.<\/p>\n<p>Desde el Gobierno bonaerense se remarc\u00f3 que \u00abse quintuplicaron los casos\u00bb y se plante\u00f3 que \u00ablos expertos coinciden en que resulta evidente que esta tendencia se relaciona, en gran medida, con el aumento de la circulaci\u00f3n de personas\u00bb.<\/p>\n<p>Tambi\u00e9n difundieron declaraciones del m\u00e9dico infect\u00f3logo Tom\u00e1s Orduna, miembro del Comit\u00e9 de Expertos que asesora al Ministerio de Salud bonaerense y al Gobierno nacional, en las que afirm\u00f3 que \u00abtener abiertas dos semanas las escuelas en la ciudad de Buenos Aires no va a contribuir para el objetivo propuesto por el Presidente\u00bb, que es reducir la cantidad de casos de coronavirus en los pr\u00f3ximos 15 d\u00edas.<\/p>\n<p>Por otro lado, aclar\u00f3 que la suspensi\u00f3n de clases presenciales es s\u00f3lo una de una serie de medidas estrat\u00e9gicas tomadas frente a la \u00abgran circulaci\u00f3n comunitaria\u00bb del virus que registra hoy el AMBA.<\/p>\n<p>Orduna remarc\u00f3 que \u00abesa suspensi\u00f3n se fij\u00f3 con una fecha de inicio y finalizaci\u00f3n, lo que no parece grave en el contexto de esta pandemia de caracter\u00edsticas inusitadas que atraviesa la humanidad\u00bb.<\/p>\n<p>Desde Salud insistieron en que \u00abla influencia de este tipo de medidas sanitarias fue analizada y publicada por la revista cient\u00edfica especializada The Lancet en un estudio sobre 131 pa\u00edses en el que los cient\u00edficos concluyeron que las Intervenciones No Farmac\u00e9uticas, incluido el cierre de escuelas, el cierre del lugar de trabajo, la prohibici\u00f3n de eventos p\u00fablicos, la prohibici\u00f3n de reuniones de m\u00e1s de diez personas, los requisitos para quedarse en casa y los l\u00edmites de movimiento interno, est\u00e1n asociados con una transmisi\u00f3n reducida del SARS-CoV-2\u00bb.<\/p>\n<div class=\"btn_externos\"><\/div>\n<div class=\"wrapper-tags\"><\/div>\n","protected":false},"excerpt":{"rendered":"<p>El Ministerio de Salud de la provincia de Buenos Aires dio a conocer, mediante un comunicado, que desde marzo los contagios se dispararon y aumentaron un 184% en ese per\u00edodo.<\/p>\n","protected":false},"author":3,"featured_media":0,"comment_status":"closed","ping_status":"open","sticky":false,"template":"","format":"standard","meta":{"footnotes":""},"categories":[24,30],"tags":[],"class_list":["post-55674","post","type-post","status-publish","format-standard","hentry","category-politica","category-salud"],"yoast_head":"<!-- This site is optimized with the Yoast SEO plugin v25.9 - https:\/\/yoast.com\/wordpress\/plugins\/seo\/ -->\n<title>Desde el inicio de las clases presenciales se quintuplicaron los casos en AMBA - Noticias Radio Reflejos<\/title>\n<meta name=\"robots\" content=\"index, follow, max-snippet:-1, max-image-preview:large, max-video-preview:-1\" \/>\n<link rel=\"canonical\" href=\"https:\/\/www.noticiasradioreflejos.com.ar\/2021\/desde-el-inicio-de-las-clases-presenciales-se-quintuplicaron-los-casos-en-amba\/\" \/>\n<meta property=\"og:locale\" content=\"es_ES\" \/>\n<meta property=\"og:type\" content=\"article\" \/>\n<meta property=\"og:title\" content=\"Desde el inicio de las clases presenciales se quintuplicaron los casos en AMBA - Noticias Radio Reflejos\" \/>\n<meta property=\"og:description\" content=\"El Ministerio de Salud de la provincia de Buenos Aires dio a conocer, mediante un comunicado, que desde marzo los contagios se dispararon y aumentaron un 184% en ese per\u00edodo.\" \/>\n<meta property=\"og:url\" content=\"https:\/\/www.noticiasradioreflejos.com.ar\/2021\/desde-el-inicio-de-las-clases-presenciales-se-quintuplicaron-los-casos-en-amba\/\" \/>\n<meta property=\"og:site_name\" content=\"Noticias Radio Reflejos\" \/>\n<meta property=\"article:published_time\" content=\"2021-04-20T17:49:28+00:00\" \/>\n<meta property=\"og:image\" content=\"https:\/\/www.telam.com.ar\/advf\/imagenes\/2021\/04\/607ee493e6ccf_1004x565.jpg\" \/>\n<meta name=\"author\" content=\"Arnaldo Botto\" \/>\n<meta name=\"twitter:card\" content=\"summary_large_image\" \/>\n<script type=\"application\/ld+json\" class=\"yoast-schema-graph\">{\"@context\":\"https:\/\/schema.org\",\"@graph\":[{\"@type\":\"WebPage\",\"@id\":\"https:\/\/www.noticiasradioreflejos.com.ar\/2021\/desde-el-inicio-de-las-clases-presenciales-se-quintuplicaron-los-casos-en-amba\/\",\"url\":\"https:\/\/www.noticiasradioreflejos.com.ar\/2021\/desde-el-inicio-de-las-clases-presenciales-se-quintuplicaron-los-casos-en-amba\/\",\"name\":\"Desde el inicio de las clases presenciales se quintuplicaron los casos en AMBA - Noticias Radio Reflejos\",\"isPartOf\":{\"@id\":\"https:\/\/www.noticiasradioreflejos.com.ar\/2021\/#website\"},\"primaryImageOfPage\":{\"@id\":\"https:\/\/www.noticiasradioreflejos.com.ar\/2021\/desde-el-inicio-de-las-clases-presenciales-se-quintuplicaron-los-casos-en-amba\/#primaryimage\"},\"image\":{\"@id\":\"https:\/\/www.noticiasradioreflejos.com.ar\/2021\/desde-el-inicio-de-las-clases-presenciales-se-quintuplicaron-los-casos-en-amba\/#primaryimage\"},\"thumbnailUrl\":\"https:\/\/www.telam.com.ar\/advf\/imagenes\/2021\/04\/607ee493e6ccf_1004x565.jpg\",\"datePublished\":\"2021-04-20T17:49:28+00:00\",\"author\":{\"@id\":\"https:\/\/www.noticiasradioreflejos.com.ar\/2021\/#\/schema\/person\/ad82545263dcc5ec0996818884fd5fb1\"},\"breadcrumb\":{\"@id\":\"https:\/\/www.noticiasradioreflejos.com.ar\/2021\/desde-el-inicio-de-las-clases-presenciales-se-quintuplicaron-los-casos-en-amba\/#breadcrumb\"},\"inLanguage\":\"es\",\"potentialAction\":[{\"@type\":\"ReadAction\",\"target\":[\"https:\/\/www.noticiasradioreflejos.com.ar\/2021\/desde-el-inicio-de-las-clases-presenciales-se-quintuplicaron-los-casos-en-amba\/\"]}]},{\"@type\":\"ImageObject\",\"inLanguage\":\"es\",\"@id\":\"https:\/\/www.noticiasradioreflejos.com.ar\/2021\/desde-el-inicio-de-las-clases-presenciales-se-quintuplicaron-los-casos-en-amba\/#primaryimage\",\"url\":\"https:\/\/www.telam.com.ar\/advf\/imagenes\/2021\/04\/607ee493e6ccf_1004x565.jpg\",\"contentUrl\":\"https:\/\/www.telam.com.ar\/advf\/imagenes\/2021\/04\/607ee493e6ccf_1004x565.jpg\"},{\"@type\":\"BreadcrumbList\",\"@id\":\"https:\/\/www.noticiasradioreflejos.com.ar\/2021\/desde-el-inicio-de-las-clases-presenciales-se-quintuplicaron-los-casos-en-amba\/#breadcrumb\",\"itemListElement\":[{\"@type\":\"ListItem\",\"position\":1,\"name\":\"Portada\",\"item\":\"https:\/\/www.noticiasradioreflejos.com.ar\/2021\/\"},{\"@type\":\"ListItem\",\"position\":2,\"name\":\"Desde el inicio de las clases presenciales se quintuplicaron los casos en AMBA\"}]},{\"@type\":\"WebSite\",\"@id\":\"https:\/\/www.noticiasradioreflejos.com.ar\/2021\/#website\",\"url\":\"https:\/\/www.noticiasradioreflejos.com.ar\/2021\/\",\"name\":\"Noticias Radio Reflejos\",\"description\":\"Las noticias de mi comarca\",\"potentialAction\":[{\"@type\":\"SearchAction\",\"target\":{\"@type\":\"EntryPoint\",\"urlTemplate\":\"https:\/\/www.noticiasradioreflejos.com.ar\/2021\/?s={search_term_string}\"},\"query-input\":{\"@type\":\"PropertyValueSpecification\",\"valueRequired\":true,\"valueName\":\"search_term_string\"}}],\"inLanguage\":\"es\"},{\"@type\":\"Person\",\"@id\":\"https:\/\/www.noticiasradioreflejos.com.ar\/2021\/#\/schema\/person\/ad82545263dcc5ec0996818884fd5fb1\",\"name\":\"Arnaldo Botto\",\"image\":{\"@type\":\"ImageObject\",\"inLanguage\":\"es\",\"@id\":\"https:\/\/www.noticiasradioreflejos.com.ar\/2021\/#\/schema\/person\/image\/\",\"url\":\"https:\/\/secure.gravatar.com\/avatar\/55cb5e37c1efa326397366e6974cb338056df65cb50e7d64d1cf314e87504837?s=96&d=mm&r=g\",\"contentUrl\":\"https:\/\/secure.gravatar.com\/avatar\/55cb5e37c1efa326397366e6974cb338056df65cb50e7d64d1cf314e87504837?s=96&d=mm&r=g\",\"caption\":\"Arnaldo Botto\"},\"url\":\"https:\/\/www.noticiasradioreflejos.com.ar\/2021\/author\/arnaldo\/\"}]}<\/script>\n<!-- \/ Yoast SEO plugin. -->","yoast_head_json":{"title":"Desde el inicio de las clases presenciales se quintuplicaron los casos en AMBA - Noticias Radio Reflejos","robots":{"index":"index","follow":"follow","max-snippet":"max-snippet:-1","max-image-preview":"max-image-preview:large","max-video-preview":"max-video-preview:-1"},"canonical":"https:\/\/www.noticiasradioreflejos.com.ar\/2021\/desde-el-inicio-de-las-clases-presenciales-se-quintuplicaron-los-casos-en-amba\/","og_locale":"es_ES","og_type":"article","og_title":"Desde el inicio de las clases presenciales se quintuplicaron los casos en AMBA - Noticias Radio Reflejos","og_description":"El Ministerio de Salud de la provincia de Buenos Aires dio a conocer, mediante un comunicado, que desde marzo los contagios se dispararon y aumentaron un 184% en ese per\u00edodo.","og_url":"https:\/\/www.noticiasradioreflejos.com.ar\/2021\/desde-el-inicio-de-las-clases-presenciales-se-quintuplicaron-los-casos-en-amba\/","og_site_name":"Noticias Radio Reflejos","article_published_time":"2021-04-20T17:49:28+00:00","og_image":[{"url":"https:\/\/www.telam.com.ar\/advf\/imagenes\/2021\/04\/607ee493e6ccf_1004x565.jpg","type":"","width":"","height":""}],"author":"Arnaldo Botto","twitter_card":"summary_large_image","schema":{"@context":"https:\/\/schema.org","@graph":[{"@type":"WebPage","@id":"https:\/\/www.noticiasradioreflejos.com.ar\/2021\/desde-el-inicio-de-las-clases-presenciales-se-quintuplicaron-los-casos-en-amba\/","url":"https:\/\/www.noticiasradioreflejos.com.ar\/2021\/desde-el-inicio-de-las-clases-presenciales-se-quintuplicaron-los-casos-en-amba\/","name":"Desde el inicio de las clases presenciales se quintuplicaron los casos en AMBA - Noticias Radio Reflejos","isPartOf":{"@id":"https:\/\/www.noticiasradioreflejos.com.ar\/2021\/#website"},"primaryImageOfPage":{"@id":"https:\/\/www.noticiasradioreflejos.com.ar\/2021\/desde-el-inicio-de-las-clases-presenciales-se-quintuplicaron-los-casos-en-amba\/#primaryimage"},"image":{"@id":"https:\/\/www.noticiasradioreflejos.com.ar\/2021\/desde-el-inicio-de-las-clases-presenciales-se-quintuplicaron-los-casos-en-amba\/#primaryimage"},"thumbnailUrl":"https:\/\/www.telam.com.ar\/advf\/imagenes\/2021\/04\/607ee493e6ccf_1004x565.jpg","datePublished":"2021-04-20T17:49:28+00:00","author":{"@id":"https:\/\/www.noticiasradioreflejos.com.ar\/2021\/#\/schema\/person\/ad82545263dcc5ec0996818884fd5fb1"},"breadcrumb":{"@id":"https:\/\/www.noticiasradioreflejos.com.ar\/2021\/desde-el-inicio-de-las-clases-presenciales-se-quintuplicaron-los-casos-en-amba\/#breadcrumb"},"inLanguage":"es","potentialAction":[{"@type":"ReadAction","target":["https:\/\/www.noticiasradioreflejos.com.ar\/2021\/desde-el-inicio-de-las-clases-presenciales-se-quintuplicaron-los-casos-en-amba\/"]}]},{"@type":"ImageObject","inLanguage":"es","@id":"https:\/\/www.noticiasradioreflejos.com.ar\/2021\/desde-el-inicio-de-las-clases-presenciales-se-quintuplicaron-los-casos-en-amba\/#primaryimage","url":"https:\/\/www.telam.com.ar\/advf\/imagenes\/2021\/04\/607ee493e6ccf_1004x565.jpg","contentUrl":"https:\/\/www.telam.com.ar\/advf\/imagenes\/2021\/04\/607ee493e6ccf_1004x565.jpg"},{"@type":"BreadcrumbList","@id":"https:\/\/www.noticiasradioreflejos.com.ar\/2021\/desde-el-inicio-de-las-clases-presenciales-se-quintuplicaron-los-casos-en-amba\/#breadcrumb","itemListElement":[{"@type":"ListItem","position":1,"name":"Portada","item":"https:\/\/www.noticiasradioreflejos.com.ar\/2021\/"},{"@type":"ListItem","position":2,"name":"Desde el inicio de las clases presenciales se quintuplicaron los casos en AMBA"}]},{"@type":"WebSite","@id":"https:\/\/www.noticiasradioreflejos.com.ar\/2021\/#website","url":"https:\/\/www.noticiasradioreflejos.com.ar\/2021\/","name":"Noticias Radio Reflejos","description":"Las noticias de mi comarca","potentialAction":[{"@type":"SearchAction","target":{"@type":"EntryPoint","urlTemplate":"https:\/\/www.noticiasradioreflejos.com.ar\/2021\/?s={search_term_string}"},"query-input":{"@type":"PropertyValueSpecification","valueRequired":true,"valueName":"search_term_string"}}],"inLanguage":"es"},{"@type":"Person","@id":"https:\/\/www.noticiasradioreflejos.com.ar\/2021\/#\/schema\/person\/ad82545263dcc5ec0996818884fd5fb1","name":"Arnaldo Botto","image":{"@type":"ImageObject","inLanguage":"es","@id":"https:\/\/www.noticiasradioreflejos.com.ar\/2021\/#\/schema\/person\/image\/","url":"https:\/\/secure.gravatar.com\/avatar\/55cb5e37c1efa326397366e6974cb338056df65cb50e7d64d1cf314e87504837?s=96&d=mm&r=g","contentUrl":"https:\/\/secure.gravatar.com\/avatar\/55cb5e37c1efa326397366e6974cb338056df65cb50e7d64d1cf314e87504837?s=96&d=mm&r=g","caption":"Arnaldo Botto"},"url":"https:\/\/www.noticiasradioreflejos.com.ar\/2021\/author\/arnaldo\/"}]}},"_links":{"self":[{"href":"https:\/\/www.noticiasradioreflejos.com.ar\/2021\/wp-json\/wp\/v2\/posts\/55674","targetHints":{"allow":["GET"]}}],"collection":[{"href":"https:\/\/www.noticiasradioreflejos.com.ar\/2021\/wp-json\/wp\/v2\/posts"}],"about":[{"href":"https:\/\/www.noticiasradioreflejos.com.ar\/2021\/wp-json\/wp\/v2\/types\/post"}],"author":[{"embeddable":true,"href":"https:\/\/www.noticiasradioreflejos.com.ar\/2021\/wp-json\/wp\/v2\/users\/3"}],"replies":[{"embeddable":true,"href":"https:\/\/www.noticiasradioreflejos.com.ar\/2021\/wp-json\/wp\/v2\/comments?post=55674"}],"version-history":[{"count":0,"href":"https:\/\/www.noticiasradioreflejos.com.ar\/2021\/wp-json\/wp\/v2\/posts\/55674\/revisions"}],"wp:attachment":[{"href":"https:\/\/www.noticiasradioreflejos.com.ar\/2021\/wp-json\/wp\/v2\/media?parent=55674"}],"wp:term":[{"taxonomy":"category","embeddable":true,"href":"https:\/\/www.noticiasradioreflejos.com.ar\/2021\/wp-json\/wp\/v2\/categories?post=55674"},{"taxonomy":"post_tag","embeddable":true,"href":"https:\/\/www.noticiasradioreflejos.com.ar\/2021\/wp-json\/wp\/v2\/tags?post=55674"}],"curies":[{"name":"wp","href":"https:\/\/api.w.org\/{rel}","templated":true}]}}