{"id":55671,"date":"2021-04-20T14:46:33","date_gmt":"2021-04-20T17:46:33","guid":{"rendered":"http:\/\/www.noticiasradioreflejos.com.ar\/noticias\/?p=55671"},"modified":"2021-04-20T14:46:33","modified_gmt":"2021-04-20T17:46:33","slug":"murio-por-coronavirus-nestor-giorno-exintendente-de-coronel-rosales","status":"publish","type":"post","link":"https:\/\/www.noticiasradioreflejos.com.ar\/2021\/murio-por-coronavirus-nestor-giorno-exintendente-de-coronel-rosales\/","title":{"rendered":"Muri\u00f3 por coronavirus N\u00e9stor Giorno, exintendente de Coronel Rosales"},"content":{"rendered":"<p>El ex jefe comunal se desempe\u00f1\u00f3 tambi\u00e9n como legislador provincial hasta 1997. Falleci\u00f3 en la noche del lunes luego de estar internado en La Plata.<!--more--><\/p>\n<p>El exintendente del partido bonaerense de Coronel Rosales N\u00e9stor Giorno falleci\u00f3 por coronavirus tras permanecer internado varios d\u00edas en La Plata, donde resid\u00eda, informaron hoy sus allegados.<\/p>\n<p>Giorno, de 75 a\u00f1os, por el Partido Justicialista ocup\u00f3 la intendencia de Coronel Rosales desde 1987 hasta 1993 y posteriormente se desempe\u00f1\u00f3 como legislador provincial hasta 1997.<\/p>\n<p>Allegados al exjefe comunal se\u00f1alaron que \u00abGiorno falleci\u00f3 en la noche del lunes luego de estar internado en La Plata a ra\u00edz de un cuadro compatible por coronavirus\u00bb.<\/p>\n<p>El exjefe comunal se encontraba radicado desde hace varios a\u00f1os en la capital bonaerense pero manten\u00eda sus lazos pol\u00edticos y militantes con Rosales, agregaron.<\/p>\n<blockquote class=\"twitter-tweet\" data-width=\"500\" data-dnt=\"true\">\n<p lang=\"es\" dir=\"ltr\">Luego de la autonom\u00eda de Puerto Rosales, N\u00e9stor Giorno me honr\u00f3 con su visita. Dejamos los celulares y los prejuicios para charlar con tranquilidad. <br \/>Sali\u00f3 lo mejor, aciertos, errores, emoci\u00f3n y sobretodo el amor por nuestro pueblo. <br \/>@crosalesmuni  despide un Intendente! QEPD <a href=\"https:\/\/t.co\/9dIu870JRX\">pic.twitter.com\/9dIu870JRX<\/a><\/p>\n<p>&mdash; Mariano Uset (@marianouset) <a href=\"https:\/\/twitter.com\/marianouset\/status\/1384315637347065859?ref_src=twsrc%5Etfw\">April 20, 2021<\/a><\/p><\/blockquote>\n<p><script async src=\"https:\/\/platform.twitter.com\/widgets.js\" charset=\"utf-8\"><\/script><\/p>\n<div class=\"auth\">Despedida de amigos, compa\u00f1eros y allegados<\/div>\n<p>Por su parte, el actual intendente de ese distrito, Mariano Uset (Juntos por el Cambio), se\u00f1al\u00f3 que \u00abluego de la autonom\u00eda de Puerto Rosales, N\u00e9stor Giorno me honr\u00f3 con su visita. Dejamos los celulares y los prejuicios para charlar con tranquilidad\u00bb.<\/p>\n<p>\u00abSali\u00f3 lo mejor, aciertos, errores, emoci\u00f3n y sobretodo el amor a nuestro pueblo. Rosales Municipio despide un intendente. QEPD\u00bb, agreg\u00f3 en su cuenta de Twitter.<\/p>\n<p>Tambi\u00e9n el diputado provincial por el Frente de Todos y de la Sexta Secci\u00f3n Electoral Gabriel Godoy se expres\u00f3 en ese sentido: \u00abLamento mucho el fallecimiento del exintendente de Coronel Rosales N\u00e9stor Giorno. Un gran compa\u00f1ero que siempre se mostr\u00f3 dispuesto a colaborar con su ciudad y acompa\u00f1\u00f3 siempre con su experiencia a la juventud peronista rosale\u00f1a\u00bb.<\/p>\n","protected":false},"excerpt":{"rendered":"<p>El ex jefe comunal se desempe\u00f1\u00f3 tambi\u00e9n como legislador provincial hasta 1997. Falleci\u00f3 en la noche del lunes luego de estar internado en La Plata.<\/p>\n","protected":false},"author":3,"featured_media":0,"comment_status":"closed","ping_status":"open","sticky":false,"template":"","format":"standard","meta":{"footnotes":""},"categories":[24,26],"tags":[],"class_list":["post-55671","post","type-post","status-publish","format-standard","hentry","category-politica","category-sociedad"],"yoast_head":"<!-- This site is optimized with the Yoast SEO plugin v25.9 - https:\/\/yoast.com\/wordpress\/plugins\/seo\/ -->\n<title>Muri\u00f3 por coronavirus N\u00e9stor Giorno, exintendente de Coronel Rosales - Noticias Radio Reflejos<\/title>\n<meta name=\"robots\" content=\"index, follow, max-snippet:-1, max-image-preview:large, max-video-preview:-1\" \/>\n<link rel=\"canonical\" href=\"https:\/\/www.noticiasradioreflejos.com.ar\/2021\/murio-por-coronavirus-nestor-giorno-exintendente-de-coronel-rosales\/\" \/>\n<meta property=\"og:locale\" content=\"es_ES\" \/>\n<meta property=\"og:type\" content=\"article\" \/>\n<meta property=\"og:title\" content=\"Muri\u00f3 por coronavirus N\u00e9stor Giorno, exintendente de Coronel Rosales - Noticias Radio Reflejos\" \/>\n<meta property=\"og:description\" content=\"El ex jefe comunal se desempe\u00f1\u00f3 tambi\u00e9n como legislador provincial hasta 1997. Falleci\u00f3 en la noche del lunes luego de estar internado en La Plata.\" \/>\n<meta property=\"og:url\" content=\"https:\/\/www.noticiasradioreflejos.com.ar\/2021\/murio-por-coronavirus-nestor-giorno-exintendente-de-coronel-rosales\/\" \/>\n<meta property=\"og:site_name\" content=\"Noticias Radio Reflejos\" \/>\n<meta property=\"article:published_time\" content=\"2021-04-20T17:46:33+00:00\" \/>\n<meta property=\"og:image\" content=\"https:\/\/www.noticiasradioreflejos.com.ar\/2021\/wp-content\/uploads\/2021\/07\/logosol300x200.png\" \/>\n\t<meta property=\"og:image:width\" content=\"300\" \/>\n\t<meta property=\"og:image:height\" content=\"200\" \/>\n\t<meta property=\"og:image:type\" content=\"image\/png\" \/>\n<meta name=\"author\" content=\"Arnaldo Botto\" \/>\n<meta name=\"twitter:card\" content=\"summary_large_image\" \/>\n<script type=\"application\/ld+json\" class=\"yoast-schema-graph\">{\"@context\":\"https:\/\/schema.org\",\"@graph\":[{\"@type\":\"WebPage\",\"@id\":\"https:\/\/www.noticiasradioreflejos.com.ar\/2021\/murio-por-coronavirus-nestor-giorno-exintendente-de-coronel-rosales\/\",\"url\":\"https:\/\/www.noticiasradioreflejos.com.ar\/2021\/murio-por-coronavirus-nestor-giorno-exintendente-de-coronel-rosales\/\",\"name\":\"Muri\u00f3 por coronavirus N\u00e9stor Giorno, exintendente de Coronel Rosales - Noticias Radio Reflejos\",\"isPartOf\":{\"@id\":\"https:\/\/www.noticiasradioreflejos.com.ar\/2021\/#website\"},\"datePublished\":\"2021-04-20T17:46:33+00:00\",\"author\":{\"@id\":\"https:\/\/www.noticiasradioreflejos.com.ar\/2021\/#\/schema\/person\/ad82545263dcc5ec0996818884fd5fb1\"},\"breadcrumb\":{\"@id\":\"https:\/\/www.noticiasradioreflejos.com.ar\/2021\/murio-por-coronavirus-nestor-giorno-exintendente-de-coronel-rosales\/#breadcrumb\"},\"inLanguage\":\"es\",\"potentialAction\":[{\"@type\":\"ReadAction\",\"target\":[\"https:\/\/www.noticiasradioreflejos.com.ar\/2021\/murio-por-coronavirus-nestor-giorno-exintendente-de-coronel-rosales\/\"]}]},{\"@type\":\"BreadcrumbList\",\"@id\":\"https:\/\/www.noticiasradioreflejos.com.ar\/2021\/murio-por-coronavirus-nestor-giorno-exintendente-de-coronel-rosales\/#breadcrumb\",\"itemListElement\":[{\"@type\":\"ListItem\",\"position\":1,\"name\":\"Portada\",\"item\":\"https:\/\/www.noticiasradioreflejos.com.ar\/2021\/\"},{\"@type\":\"ListItem\",\"position\":2,\"name\":\"Muri\u00f3 por coronavirus N\u00e9stor Giorno, exintendente de Coronel Rosales\"}]},{\"@type\":\"WebSite\",\"@id\":\"https:\/\/www.noticiasradioreflejos.com.ar\/2021\/#website\",\"url\":\"https:\/\/www.noticiasradioreflejos.com.ar\/2021\/\",\"name\":\"Noticias Radio Reflejos\",\"description\":\"Las noticias de mi comarca\",\"potentialAction\":[{\"@type\":\"SearchAction\",\"target\":{\"@type\":\"EntryPoint\",\"urlTemplate\":\"https:\/\/www.noticiasradioreflejos.com.ar\/2021\/?s={search_term_string}\"},\"query-input\":{\"@type\":\"PropertyValueSpecification\",\"valueRequired\":true,\"valueName\":\"search_term_string\"}}],\"inLanguage\":\"es\"},{\"@type\":\"Person\",\"@id\":\"https:\/\/www.noticiasradioreflejos.com.ar\/2021\/#\/schema\/person\/ad82545263dcc5ec0996818884fd5fb1\",\"name\":\"Arnaldo Botto\",\"image\":{\"@type\":\"ImageObject\",\"inLanguage\":\"es\",\"@id\":\"https:\/\/www.noticiasradioreflejos.com.ar\/2021\/#\/schema\/person\/image\/\",\"url\":\"https:\/\/secure.gravatar.com\/avatar\/55cb5e37c1efa326397366e6974cb338056df65cb50e7d64d1cf314e87504837?s=96&d=mm&r=g\",\"contentUrl\":\"https:\/\/secure.gravatar.com\/avatar\/55cb5e37c1efa326397366e6974cb338056df65cb50e7d64d1cf314e87504837?s=96&d=mm&r=g\",\"caption\":\"Arnaldo Botto\"},\"url\":\"https:\/\/www.noticiasradioreflejos.com.ar\/2021\/author\/arnaldo\/\"}]}<\/script>\n<!-- \/ Yoast SEO plugin. -->","yoast_head_json":{"title":"Muri\u00f3 por coronavirus N\u00e9stor Giorno, exintendente de Coronel Rosales - Noticias Radio Reflejos","robots":{"index":"index","follow":"follow","max-snippet":"max-snippet:-1","max-image-preview":"max-image-preview:large","max-video-preview":"max-video-preview:-1"},"canonical":"https:\/\/www.noticiasradioreflejos.com.ar\/2021\/murio-por-coronavirus-nestor-giorno-exintendente-de-coronel-rosales\/","og_locale":"es_ES","og_type":"article","og_title":"Muri\u00f3 por coronavirus N\u00e9stor Giorno, exintendente de Coronel Rosales - Noticias Radio Reflejos","og_description":"El ex jefe comunal se desempe\u00f1\u00f3 tambi\u00e9n como legislador provincial hasta 1997. Falleci\u00f3 en la noche del lunes luego de estar internado en La Plata.","og_url":"https:\/\/www.noticiasradioreflejos.com.ar\/2021\/murio-por-coronavirus-nestor-giorno-exintendente-de-coronel-rosales\/","og_site_name":"Noticias Radio Reflejos","article_published_time":"2021-04-20T17:46:33+00:00","og_image":[{"width":300,"height":200,"url":"https:\/\/www.noticiasradioreflejos.com.ar\/2021\/wp-content\/uploads\/2021\/07\/logosol300x200.png","type":"image\/png"}],"author":"Arnaldo Botto","twitter_card":"summary_large_image","schema":{"@context":"https:\/\/schema.org","@graph":[{"@type":"WebPage","@id":"https:\/\/www.noticiasradioreflejos.com.ar\/2021\/murio-por-coronavirus-nestor-giorno-exintendente-de-coronel-rosales\/","url":"https:\/\/www.noticiasradioreflejos.com.ar\/2021\/murio-por-coronavirus-nestor-giorno-exintendente-de-coronel-rosales\/","name":"Muri\u00f3 por coronavirus N\u00e9stor Giorno, exintendente de Coronel Rosales - Noticias Radio Reflejos","isPartOf":{"@id":"https:\/\/www.noticiasradioreflejos.com.ar\/2021\/#website"},"datePublished":"2021-04-20T17:46:33+00:00","author":{"@id":"https:\/\/www.noticiasradioreflejos.com.ar\/2021\/#\/schema\/person\/ad82545263dcc5ec0996818884fd5fb1"},"breadcrumb":{"@id":"https:\/\/www.noticiasradioreflejos.com.ar\/2021\/murio-por-coronavirus-nestor-giorno-exintendente-de-coronel-rosales\/#breadcrumb"},"inLanguage":"es","potentialAction":[{"@type":"ReadAction","target":["https:\/\/www.noticiasradioreflejos.com.ar\/2021\/murio-por-coronavirus-nestor-giorno-exintendente-de-coronel-rosales\/"]}]},{"@type":"BreadcrumbList","@id":"https:\/\/www.noticiasradioreflejos.com.ar\/2021\/murio-por-coronavirus-nestor-giorno-exintendente-de-coronel-rosales\/#breadcrumb","itemListElement":[{"@type":"ListItem","position":1,"name":"Portada","item":"https:\/\/www.noticiasradioreflejos.com.ar\/2021\/"},{"@type":"ListItem","position":2,"name":"Muri\u00f3 por coronavirus N\u00e9stor Giorno, exintendente de Coronel Rosales"}]},{"@type":"WebSite","@id":"https:\/\/www.noticiasradioreflejos.com.ar\/2021\/#website","url":"https:\/\/www.noticiasradioreflejos.com.ar\/2021\/","name":"Noticias Radio Reflejos","description":"Las noticias de mi comarca","potentialAction":[{"@type":"SearchAction","target":{"@type":"EntryPoint","urlTemplate":"https:\/\/www.noticiasradioreflejos.com.ar\/2021\/?s={search_term_string}"},"query-input":{"@type":"PropertyValueSpecification","valueRequired":true,"valueName":"search_term_string"}}],"inLanguage":"es"},{"@type":"Person","@id":"https:\/\/www.noticiasradioreflejos.com.ar\/2021\/#\/schema\/person\/ad82545263dcc5ec0996818884fd5fb1","name":"Arnaldo Botto","image":{"@type":"ImageObject","inLanguage":"es","@id":"https:\/\/www.noticiasradioreflejos.com.ar\/2021\/#\/schema\/person\/image\/","url":"https:\/\/secure.gravatar.com\/avatar\/55cb5e37c1efa326397366e6974cb338056df65cb50e7d64d1cf314e87504837?s=96&d=mm&r=g","contentUrl":"https:\/\/secure.gravatar.com\/avatar\/55cb5e37c1efa326397366e6974cb338056df65cb50e7d64d1cf314e87504837?s=96&d=mm&r=g","caption":"Arnaldo Botto"},"url":"https:\/\/www.noticiasradioreflejos.com.ar\/2021\/author\/arnaldo\/"}]}},"_links":{"self":[{"href":"https:\/\/www.noticiasradioreflejos.com.ar\/2021\/wp-json\/wp\/v2\/posts\/55671","targetHints":{"allow":["GET"]}}],"collection":[{"href":"https:\/\/www.noticiasradioreflejos.com.ar\/2021\/wp-json\/wp\/v2\/posts"}],"about":[{"href":"https:\/\/www.noticiasradioreflejos.com.ar\/2021\/wp-json\/wp\/v2\/types\/post"}],"author":[{"embeddable":true,"href":"https:\/\/www.noticiasradioreflejos.com.ar\/2021\/wp-json\/wp\/v2\/users\/3"}],"replies":[{"embeddable":true,"href":"https:\/\/www.noticiasradioreflejos.com.ar\/2021\/wp-json\/wp\/v2\/comments?post=55671"}],"version-history":[{"count":0,"href":"https:\/\/www.noticiasradioreflejos.com.ar\/2021\/wp-json\/wp\/v2\/posts\/55671\/revisions"}],"wp:attachment":[{"href":"https:\/\/www.noticiasradioreflejos.com.ar\/2021\/wp-json\/wp\/v2\/media?parent=55671"}],"wp:term":[{"taxonomy":"category","embeddable":true,"href":"https:\/\/www.noticiasradioreflejos.com.ar\/2021\/wp-json\/wp\/v2\/categories?post=55671"},{"taxonomy":"post_tag","embeddable":true,"href":"https:\/\/www.noticiasradioreflejos.com.ar\/2021\/wp-json\/wp\/v2\/tags?post=55671"}],"curies":[{"name":"wp","href":"https:\/\/api.w.org\/{rel}","templated":true}]}}