{"id":55649,"date":"2021-04-20T12:26:19","date_gmt":"2021-04-20T15:26:19","guid":{"rendered":"http:\/\/www.noticiasradioreflejos.com.ar\/noticias\/?p=55649"},"modified":"2021-04-20T12:26:19","modified_gmt":"2021-04-20T15:26:19","slug":"grupo-scout-sierra-de-la-ventana","status":"publish","type":"post","link":"https:\/\/www.noticiasradioreflejos.com.ar\/2021\/grupo-scout-sierra-de-la-ventana\/","title":{"rendered":"Grupo Scout Sierra de la Ventana"},"content":{"rendered":"<p>Gacetilla informativa<!--more--><\/p>\n<p>Queremos contarte que mientras estamos cumpliendo un mes de la creaci\u00f3n del Grupo Scout Sierra de la Ventana, tenemos muchas y buenas noticias para dar a conocer.<\/p>\n<p>Pre Inscripci\u00f3n. Hasta la fecha, tenemos registrados un parcial de 89 ni\u00f1os\/as pre inscriptos, radicados en las localidades de Sierra de la Ventana, Villa La Arcadia, Villa Ventana y Saldungaray. Esta pre inscripci\u00f3n fue iniciada para asignar prioridad en el orden de registro definitivo, en consideraci\u00f3n de la limitada disponibilidad de dirigentes, que nos condiciona para la apertura de las distintas ramas. Sede Ymcapolis. Mediante convenio marco, el d\u00eda 27 de marzo se celebr\u00f3 un acuerdo con la Asociaci\u00f3n Cristiana de J\u00f3venes, para contar con el predio de Ymcapolis como sede del Grupo, en donde desarrollaremos las actividades semanales educativas propias de la actividad scout, en un verdadero marco de contacto con la naturaleza.<\/p>\n<p>Empadronamiento Nacional. El d\u00eda lunes 12 de abril, recibimos la confirmaci\u00f3n del empadronamiento del Grupo dentro de la Asociaci\u00f3n Scout de Argentina bajo el n\u00famero 1519 de la zona N\u00b013 en el distrito N\u00b03. Con este importante paso logrado, tenemos acceso a los materiales educativos, dispositivos de capacitaci\u00f3n, beneficios producto de acuerdos comerciales e institucionales que se gestionan desde el nivel nacional, apoyo para el desarrollo de la tarea de cada Adulto, seminarios, publicaciones, etc. y poder disfrutar de todos los servicios comunes de la Asociaci\u00f3n: tramitaciones, asesoramiento, convenios, apoyo y acompa\u00f1amiento institucional para los proyectos.<\/p>\n<p>Gestiones Municipales. Hemos iniciado con el Municipio de Tornquist, las gestiones pertinentes para contar con la asistencia econ\u00f3mica necesaria para el desarrollo de las actividades educativas. Del mismo modo, para con el Municipio de Su\u00e1rez en consideraci\u00f3n de la numerosa pre inscripci\u00f3n de ni\u00f1os residentes en Villa La Arcadia. Todas estas gestiones son en virtud de la importante funci\u00f3n que esta iniciativa sin fines de lucro va a desempachar en la educaci\u00f3n no formal en nuestro distrito (y distrito vecino). En ese sentido y considerando la situaci\u00f3n econ\u00f3mica general, tambi\u00e9n estamos evaluando un programa de becas, precisamente dise\u00f1ado por nuestro Grupo Scout, para que ning\u00fan ni\u00f1o se quede sin participar porque sus papas no puedan cumplir con las cuotas mensuales.<\/p>\n<p>Padrinazgo Institucional. Con fecha 15 de marzo, la Cooperativa El\u00e9ctrica de Sierra de la Ventana en reuni\u00f3n del Consejo de Administraci\u00f3n, decidi\u00f3 hacer lugar a nuestro pedido de padrinazgo institucional.<\/p>\n<p>Capacitaciones de Dirigentes. Se vienen desarrollando capacitaciones a 13 adultos para desempe\u00f1ar el rol de dirigentes a cargo de los chicos, chicas y j\u00f3venes.Grupo Scout N\u00ba 1519 \u201cSierra de la Ventana\u201d Zona N\u00ba 13 \u2013 Distrito N\u00ba 3 Sede Ymcapolis Tel\u00e9fono 2914192538 gruposcoutsierradelaventana@gmail.com El Grupo Scout N\u00ba 1519 \u201cSierra de la Ventana\u201d es un organismo de Scouts de Argentina Asociaci\u00f3n Civil, organizaci\u00f3n sin fines de lucro, con Personer\u00eda Jur\u00eddica Nacional N\u00ba 1645416 &#8211; Res IGJ Nro 999 del 24 de septiembre de 1998. Sede Nacional: Libertad 1282 &#8211; C1012AAZ &#8211; Buenos Aires-Argentina -Tel:+54-11-4811-2574 CUIT 30-69732250-3 &#8211; IVA Exento www.scouts.org.ar<\/p>\n<p>Inicio de actividades. Estimativamente prevemos culminar con la primera etapa de capacitaciones de dirigentes en un lapso aproximado de un mes, momento en el cual prevemos la apertura de la rama \u201cmanadas\u201d con 30 chicos\/as que van de los 6 a 11 a\u00f1os, y de la rama \u201cunidad\u201d con 30 chicos\/as que van de los 11 a 14 a\u00f1os. Las actividades se proyectan desarrollar en la Sede Ymcapolis, todos los s\u00e1bados de 15 a 18 horas, siendo este horario posible de cambios para coordinar la franja horaria que mejor se ajuste a las posibilidades de la mayor\u00eda.<\/p>\n<p>Tareas en desarrollo. Los miembros del Consejo ya est\u00e1n trabajando es en la confecci\u00f3n de los pa\u00f1uelos, bajo los colores ya elegidos, que son gris, verde y naranja, y est\u00e1n abocados a conseguir los presupuestos de las telas. Del mismo modo para con las camisas de los dirigentes, y en general para con los fondos necesarios e iniciales para costearlo.<\/p>\n<p>Necesidades. Estamos necesitando se acerquen a participar m\u00e1s personas como dirigentes, ya que por la cantidad de chicos que est\u00e1n previstos, se requiere m\u00e1s de ellos para estar al frente de los distintos grupos por edad. Este rol fundamental en la actividad, nos condiciona en la apertura de nuevas ramas para poder dar lugar a la participaci\u00f3n de todos los ni\u00f1os que quieran ser parte de la familia Scout. Tambi\u00e9n estamos necesitando que los padres se involucren en la construcci\u00f3n de esta iniciativa, en donde se requieren de diversas colaboraciones o gestiones para que nada les falte a los ni\u00f1os\/as en las actividades previstas. En breve prevemos habilitar una cuenta bancaria donde recibir donaciones, y para los que quieran hacernos llegar materiales o elementos, solo tienen en contactarnos por privado.<\/p>\n<p>Situaci\u00f3n Sanitaria. No dejamos de lado lo sanitario, por lo que estamos siguiendo a diario la evoluci\u00f3n del covid, y las limitaciones que nos puedan condicionar el inicio de las actividades previstas a corto plazo. Estamos realizando las actividades de capacitaci\u00f3n dentro de las normas conocidas, y las reuniones institucionales de forma virtual. En caso de ser necesario, se pospondr\u00e1 el inicio de las actividades con los ni\u00f1os\/as hasta alcanzar la primavera, o hasta que las autoridades lo determinen.<\/p>\n<p>Consultas, pre inscripci\u00f3n o contacto. Para quienes se quieran contactar con nosotros, ya sea para inscribirse como dirigentes o por donaciones u otros temas, pueden hacerlo a gruposcoutsierradelaventana@gmail.com o buscarnos en Facebook con el nombre del Grupo. Es muy importante pre inscribir ONLINE a los ni\u00f1os desde https:\/\/forms.gle\/3sULEmTNyNZtMTrg7 , porque eso le asignar\u00e1 prioridad a la hora de la inscripci\u00f3n definitiva, ya que como estamos cortos a\u00fan de dirigentes, solo podremos iniciar con la cantidad de ni\u00f1os que ello lo permita<\/p>\n","protected":false},"excerpt":{"rendered":"<p>Gacetilla informativa<\/p>\n","protected":false},"author":3,"featured_media":0,"comment_status":"closed","ping_status":"open","sticky":false,"template":"","format":"standard","meta":{"footnotes":""},"categories":[26],"tags":[],"class_list":["post-55649","post","type-post","status-publish","format-standard","hentry","category-sociedad"],"yoast_head":"<!-- This site is optimized with the Yoast SEO plugin v25.9 - https:\/\/yoast.com\/wordpress\/plugins\/seo\/ -->\n<title>Grupo Scout Sierra de la Ventana - Noticias Radio Reflejos<\/title>\n<meta name=\"robots\" content=\"index, follow, max-snippet:-1, max-image-preview:large, max-video-preview:-1\" \/>\n<link rel=\"canonical\" href=\"https:\/\/www.noticiasradioreflejos.com.ar\/2021\/grupo-scout-sierra-de-la-ventana\/\" \/>\n<meta property=\"og:locale\" content=\"es_ES\" \/>\n<meta property=\"og:type\" content=\"article\" \/>\n<meta property=\"og:title\" content=\"Grupo Scout Sierra de la Ventana - Noticias Radio Reflejos\" \/>\n<meta property=\"og:description\" content=\"Gacetilla informativa\" \/>\n<meta property=\"og:url\" content=\"https:\/\/www.noticiasradioreflejos.com.ar\/2021\/grupo-scout-sierra-de-la-ventana\/\" \/>\n<meta property=\"og:site_name\" content=\"Noticias Radio Reflejos\" \/>\n<meta property=\"article:published_time\" content=\"2021-04-20T15:26:19+00:00\" \/>\n<meta property=\"og:image\" content=\"https:\/\/www.noticiasradioreflejos.com.ar\/2021\/wp-content\/uploads\/2021\/07\/logosol300x200.png\" \/>\n\t<meta property=\"og:image:width\" content=\"300\" \/>\n\t<meta property=\"og:image:height\" content=\"200\" \/>\n\t<meta property=\"og:image:type\" content=\"image\/png\" \/>\n<meta name=\"author\" content=\"Arnaldo Botto\" \/>\n<meta name=\"twitter:card\" content=\"summary_large_image\" \/>\n<script type=\"application\/ld+json\" class=\"yoast-schema-graph\">{\"@context\":\"https:\/\/schema.org\",\"@graph\":[{\"@type\":\"WebPage\",\"@id\":\"https:\/\/www.noticiasradioreflejos.com.ar\/2021\/grupo-scout-sierra-de-la-ventana\/\",\"url\":\"https:\/\/www.noticiasradioreflejos.com.ar\/2021\/grupo-scout-sierra-de-la-ventana\/\",\"name\":\"Grupo Scout Sierra de la Ventana - Noticias Radio Reflejos\",\"isPartOf\":{\"@id\":\"https:\/\/www.noticiasradioreflejos.com.ar\/2021\/#website\"},\"datePublished\":\"2021-04-20T15:26:19+00:00\",\"author\":{\"@id\":\"https:\/\/www.noticiasradioreflejos.com.ar\/2021\/#\/schema\/person\/ad82545263dcc5ec0996818884fd5fb1\"},\"breadcrumb\":{\"@id\":\"https:\/\/www.noticiasradioreflejos.com.ar\/2021\/grupo-scout-sierra-de-la-ventana\/#breadcrumb\"},\"inLanguage\":\"es\",\"potentialAction\":[{\"@type\":\"ReadAction\",\"target\":[\"https:\/\/www.noticiasradioreflejos.com.ar\/2021\/grupo-scout-sierra-de-la-ventana\/\"]}]},{\"@type\":\"BreadcrumbList\",\"@id\":\"https:\/\/www.noticiasradioreflejos.com.ar\/2021\/grupo-scout-sierra-de-la-ventana\/#breadcrumb\",\"itemListElement\":[{\"@type\":\"ListItem\",\"position\":1,\"name\":\"Portada\",\"item\":\"https:\/\/www.noticiasradioreflejos.com.ar\/2021\/\"},{\"@type\":\"ListItem\",\"position\":2,\"name\":\"Grupo Scout Sierra de la Ventana\"}]},{\"@type\":\"WebSite\",\"@id\":\"https:\/\/www.noticiasradioreflejos.com.ar\/2021\/#website\",\"url\":\"https:\/\/www.noticiasradioreflejos.com.ar\/2021\/\",\"name\":\"Noticias Radio Reflejos\",\"description\":\"Las noticias de mi comarca\",\"potentialAction\":[{\"@type\":\"SearchAction\",\"target\":{\"@type\":\"EntryPoint\",\"urlTemplate\":\"https:\/\/www.noticiasradioreflejos.com.ar\/2021\/?s={search_term_string}\"},\"query-input\":{\"@type\":\"PropertyValueSpecification\",\"valueRequired\":true,\"valueName\":\"search_term_string\"}}],\"inLanguage\":\"es\"},{\"@type\":\"Person\",\"@id\":\"https:\/\/www.noticiasradioreflejos.com.ar\/2021\/#\/schema\/person\/ad82545263dcc5ec0996818884fd5fb1\",\"name\":\"Arnaldo Botto\",\"image\":{\"@type\":\"ImageObject\",\"inLanguage\":\"es\",\"@id\":\"https:\/\/www.noticiasradioreflejos.com.ar\/2021\/#\/schema\/person\/image\/\",\"url\":\"https:\/\/secure.gravatar.com\/avatar\/55cb5e37c1efa326397366e6974cb338056df65cb50e7d64d1cf314e87504837?s=96&d=mm&r=g\",\"contentUrl\":\"https:\/\/secure.gravatar.com\/avatar\/55cb5e37c1efa326397366e6974cb338056df65cb50e7d64d1cf314e87504837?s=96&d=mm&r=g\",\"caption\":\"Arnaldo Botto\"},\"url\":\"https:\/\/www.noticiasradioreflejos.com.ar\/2021\/author\/arnaldo\/\"}]}<\/script>\n<!-- \/ Yoast SEO plugin. -->","yoast_head_json":{"title":"Grupo Scout Sierra de la Ventana - Noticias Radio Reflejos","robots":{"index":"index","follow":"follow","max-snippet":"max-snippet:-1","max-image-preview":"max-image-preview:large","max-video-preview":"max-video-preview:-1"},"canonical":"https:\/\/www.noticiasradioreflejos.com.ar\/2021\/grupo-scout-sierra-de-la-ventana\/","og_locale":"es_ES","og_type":"article","og_title":"Grupo Scout Sierra de la Ventana - Noticias Radio Reflejos","og_description":"Gacetilla informativa","og_url":"https:\/\/www.noticiasradioreflejos.com.ar\/2021\/grupo-scout-sierra-de-la-ventana\/","og_site_name":"Noticias Radio Reflejos","article_published_time":"2021-04-20T15:26:19+00:00","og_image":[{"width":300,"height":200,"url":"https:\/\/www.noticiasradioreflejos.com.ar\/2021\/wp-content\/uploads\/2021\/07\/logosol300x200.png","type":"image\/png"}],"author":"Arnaldo Botto","twitter_card":"summary_large_image","schema":{"@context":"https:\/\/schema.org","@graph":[{"@type":"WebPage","@id":"https:\/\/www.noticiasradioreflejos.com.ar\/2021\/grupo-scout-sierra-de-la-ventana\/","url":"https:\/\/www.noticiasradioreflejos.com.ar\/2021\/grupo-scout-sierra-de-la-ventana\/","name":"Grupo Scout Sierra de la Ventana - Noticias Radio Reflejos","isPartOf":{"@id":"https:\/\/www.noticiasradioreflejos.com.ar\/2021\/#website"},"datePublished":"2021-04-20T15:26:19+00:00","author":{"@id":"https:\/\/www.noticiasradioreflejos.com.ar\/2021\/#\/schema\/person\/ad82545263dcc5ec0996818884fd5fb1"},"breadcrumb":{"@id":"https:\/\/www.noticiasradioreflejos.com.ar\/2021\/grupo-scout-sierra-de-la-ventana\/#breadcrumb"},"inLanguage":"es","potentialAction":[{"@type":"ReadAction","target":["https:\/\/www.noticiasradioreflejos.com.ar\/2021\/grupo-scout-sierra-de-la-ventana\/"]}]},{"@type":"BreadcrumbList","@id":"https:\/\/www.noticiasradioreflejos.com.ar\/2021\/grupo-scout-sierra-de-la-ventana\/#breadcrumb","itemListElement":[{"@type":"ListItem","position":1,"name":"Portada","item":"https:\/\/www.noticiasradioreflejos.com.ar\/2021\/"},{"@type":"ListItem","position":2,"name":"Grupo Scout Sierra de la Ventana"}]},{"@type":"WebSite","@id":"https:\/\/www.noticiasradioreflejos.com.ar\/2021\/#website","url":"https:\/\/www.noticiasradioreflejos.com.ar\/2021\/","name":"Noticias Radio Reflejos","description":"Las noticias de mi comarca","potentialAction":[{"@type":"SearchAction","target":{"@type":"EntryPoint","urlTemplate":"https:\/\/www.noticiasradioreflejos.com.ar\/2021\/?s={search_term_string}"},"query-input":{"@type":"PropertyValueSpecification","valueRequired":true,"valueName":"search_term_string"}}],"inLanguage":"es"},{"@type":"Person","@id":"https:\/\/www.noticiasradioreflejos.com.ar\/2021\/#\/schema\/person\/ad82545263dcc5ec0996818884fd5fb1","name":"Arnaldo Botto","image":{"@type":"ImageObject","inLanguage":"es","@id":"https:\/\/www.noticiasradioreflejos.com.ar\/2021\/#\/schema\/person\/image\/","url":"https:\/\/secure.gravatar.com\/avatar\/55cb5e37c1efa326397366e6974cb338056df65cb50e7d64d1cf314e87504837?s=96&d=mm&r=g","contentUrl":"https:\/\/secure.gravatar.com\/avatar\/55cb5e37c1efa326397366e6974cb338056df65cb50e7d64d1cf314e87504837?s=96&d=mm&r=g","caption":"Arnaldo Botto"},"url":"https:\/\/www.noticiasradioreflejos.com.ar\/2021\/author\/arnaldo\/"}]}},"_links":{"self":[{"href":"https:\/\/www.noticiasradioreflejos.com.ar\/2021\/wp-json\/wp\/v2\/posts\/55649","targetHints":{"allow":["GET"]}}],"collection":[{"href":"https:\/\/www.noticiasradioreflejos.com.ar\/2021\/wp-json\/wp\/v2\/posts"}],"about":[{"href":"https:\/\/www.noticiasradioreflejos.com.ar\/2021\/wp-json\/wp\/v2\/types\/post"}],"author":[{"embeddable":true,"href":"https:\/\/www.noticiasradioreflejos.com.ar\/2021\/wp-json\/wp\/v2\/users\/3"}],"replies":[{"embeddable":true,"href":"https:\/\/www.noticiasradioreflejos.com.ar\/2021\/wp-json\/wp\/v2\/comments?post=55649"}],"version-history":[{"count":0,"href":"https:\/\/www.noticiasradioreflejos.com.ar\/2021\/wp-json\/wp\/v2\/posts\/55649\/revisions"}],"wp:attachment":[{"href":"https:\/\/www.noticiasradioreflejos.com.ar\/2021\/wp-json\/wp\/v2\/media?parent=55649"}],"wp:term":[{"taxonomy":"category","embeddable":true,"href":"https:\/\/www.noticiasradioreflejos.com.ar\/2021\/wp-json\/wp\/v2\/categories?post=55649"},{"taxonomy":"post_tag","embeddable":true,"href":"https:\/\/www.noticiasradioreflejos.com.ar\/2021\/wp-json\/wp\/v2\/tags?post=55649"}],"curies":[{"name":"wp","href":"https:\/\/api.w.org\/{rel}","templated":true}]}}