{"id":55646,"date":"2021-04-20T12:10:48","date_gmt":"2021-04-20T15:10:48","guid":{"rendered":"http:\/\/www.noticiasradioreflejos.com.ar\/noticias\/?p=55646"},"modified":"2021-04-20T12:10:48","modified_gmt":"2021-04-20T15:10:48","slug":"convocatoria-para-concursos-de-cargos-docentes","status":"publish","type":"post","link":"https:\/\/www.noticiasradioreflejos.com.ar\/2021\/convocatoria-para-concursos-de-cargos-docentes\/","title":{"rendered":"Convocatoria para concursos de cargos docentes."},"content":{"rendered":"<p>La Direcci\u00f3n del ISFD y T N\u00b0162 en el marco de las Resoluciones N\u00b05848\/02 y N\u00b0 5886\/03, solicita a Ud. realice la difusi\u00f3n y convocatoria de aspirantes para la cobertura de:<!--more--><br \/>\nCARRERA: BIBLIOTECARIO DE INSTITUCIONES EDUCATIVAS &#8211; A\u00d1O: 1ERO (Res. 13295\/99)<\/p>\n<p>MODALIDAD: SEMIPRESENCIAL<br \/>\nASIGNATURA: PRACTICA PROFESIONAL<br \/>\nCARGA HORARIA: 4 m\u00f3dulos<br \/>\nSITUACI\u00d3N DE REVISTA: provisional<br \/>\nMotivo: Carrera de posgrado a ciclo cerrado.<br \/>\nTurno: &#8212;<br \/>\nD\u00edas y horario de clase: a designar<br \/>\nSede: Tornquist<\/p>\n<p>CONSULTAS: Presencial: mi\u00e9rcoles y jueves de 18 a 20 hs en ISFDyTN\u00b0162 Tornquist, Av. E. Tornquist 319, Tornquist.<br \/>\nMail: isfd162concursos@gmail.com<br \/>\nINSCRIPCIONES:<br \/>\nMail: isfd162concursos@gmail.com<\/p>\n<p>CRONOGRAMA TENTATIVO PREVISTO:<br \/>\nDifusi\u00f3n: desde 19\/4\/2021 al 25\/4\/2021<br \/>\nInscripci\u00f3n: desde 26\/4\/2021 al 9\/5\/2021<br \/>\nRecusaci\u00f3n\/excusaci\u00f3n: desde 10\/5\/2021 al 12\/5\/2021<br \/>\nNotificaci\u00f3n de aspirantes que no re\u00fanen las condiciones: 12\/5\/2021<br \/>\nFecha TENTATIVA de entrevista: 17\/5\/2021<br \/>\nAclaraci\u00f3n: La entrevista podr\u00e1 ser presencial o virtual. Su modalidad, la fecha y el horario definitivo de la misma, se comunicar\u00e1n por tel\u00e9fono o mail a cada aspirante, como m\u00ednimo, con 72 horas de anticipaci\u00f3n.<br \/>\nCONFORMACI\u00d3N DE LA COMISI\u00d3N EVALUADORA: TITULARES: FRATTINI, VICO; DINOTOLO GUILLERMO; PESSI SOLEDAD<br \/>\nSUPLENTES: LONG, ANDREA; RUDEL PAMELA; SPIALTINI MARIANO<\/p>\n<p>Andrea Long<br \/>\nVicedirectora del ISFDyT N\u00b0162<\/p>\n","protected":false},"excerpt":{"rendered":"<p>La Direcci\u00f3n del ISFD y T N\u00b0162 en el marco de las Resoluciones N\u00b05848\/02 y N\u00b0 5886\/03, solicita a Ud. realice la difusi\u00f3n y convocatoria de aspirantes para la cobertura de:<\/p>\n","protected":false},"author":3,"featured_media":55647,"comment_status":"closed","ping_status":"open","sticky":false,"template":"","format":"standard","meta":{"footnotes":""},"categories":[34],"tags":[],"class_list":["post-55646","post","type-post","status-publish","format-standard","has-post-thumbnail","hentry","category-educacion"],"yoast_head":"<!-- This site is optimized with the Yoast SEO plugin v25.9 - https:\/\/yoast.com\/wordpress\/plugins\/seo\/ -->\n<title>Convocatoria para concursos de cargos docentes. - Noticias Radio Reflejos<\/title>\n<meta name=\"robots\" content=\"index, follow, max-snippet:-1, max-image-preview:large, max-video-preview:-1\" \/>\n<link rel=\"canonical\" href=\"https:\/\/www.noticiasradioreflejos.com.ar\/2021\/convocatoria-para-concursos-de-cargos-docentes\/\" \/>\n<meta property=\"og:locale\" content=\"es_ES\" \/>\n<meta property=\"og:type\" content=\"article\" \/>\n<meta property=\"og:title\" content=\"Convocatoria para concursos de cargos docentes. - Noticias Radio Reflejos\" \/>\n<meta property=\"og:description\" content=\"La Direcci\u00f3n del ISFD y T N\u00b0162 en el marco de las Resoluciones N\u00b05848\/02 y N\u00b0 5886\/03, solicita a Ud. realice la difusi\u00f3n y convocatoria de aspirantes para la cobertura de:\" \/>\n<meta property=\"og:url\" content=\"https:\/\/www.noticiasradioreflejos.com.ar\/2021\/convocatoria-para-concursos-de-cargos-docentes\/\" \/>\n<meta property=\"og:site_name\" content=\"Noticias Radio Reflejos\" \/>\n<meta property=\"article:published_time\" content=\"2021-04-20T15:10:48+00:00\" \/>\n<meta property=\"og:image\" content=\"https:\/\/www.noticiasradioreflejos.com.ar\/2021\/wp-content\/uploads\/2021\/04\/imagen.jpg\" \/>\n\t<meta property=\"og:image:width\" content=\"1600\" \/>\n\t<meta property=\"og:image:height\" content=\"1200\" \/>\n\t<meta property=\"og:image:type\" content=\"image\/jpeg\" \/>\n<meta name=\"author\" content=\"Arnaldo Botto\" \/>\n<meta name=\"twitter:card\" content=\"summary_large_image\" \/>\n<script type=\"application\/ld+json\" class=\"yoast-schema-graph\">{\"@context\":\"https:\/\/schema.org\",\"@graph\":[{\"@type\":\"WebPage\",\"@id\":\"https:\/\/www.noticiasradioreflejos.com.ar\/2021\/convocatoria-para-concursos-de-cargos-docentes\/\",\"url\":\"https:\/\/www.noticiasradioreflejos.com.ar\/2021\/convocatoria-para-concursos-de-cargos-docentes\/\",\"name\":\"Convocatoria para concursos de cargos docentes. - Noticias Radio Reflejos\",\"isPartOf\":{\"@id\":\"https:\/\/www.noticiasradioreflejos.com.ar\/2021\/#website\"},\"primaryImageOfPage\":{\"@id\":\"https:\/\/www.noticiasradioreflejos.com.ar\/2021\/convocatoria-para-concursos-de-cargos-docentes\/#primaryimage\"},\"image\":{\"@id\":\"https:\/\/www.noticiasradioreflejos.com.ar\/2021\/convocatoria-para-concursos-de-cargos-docentes\/#primaryimage\"},\"thumbnailUrl\":\"https:\/\/www.noticiasradioreflejos.com.ar\/2021\/wp-content\/uploads\/2021\/04\/imagen.jpg\",\"datePublished\":\"2021-04-20T15:10:48+00:00\",\"author\":{\"@id\":\"https:\/\/www.noticiasradioreflejos.com.ar\/2021\/#\/schema\/person\/ad82545263dcc5ec0996818884fd5fb1\"},\"breadcrumb\":{\"@id\":\"https:\/\/www.noticiasradioreflejos.com.ar\/2021\/convocatoria-para-concursos-de-cargos-docentes\/#breadcrumb\"},\"inLanguage\":\"es\",\"potentialAction\":[{\"@type\":\"ReadAction\",\"target\":[\"https:\/\/www.noticiasradioreflejos.com.ar\/2021\/convocatoria-para-concursos-de-cargos-docentes\/\"]}]},{\"@type\":\"ImageObject\",\"inLanguage\":\"es\",\"@id\":\"https:\/\/www.noticiasradioreflejos.com.ar\/2021\/convocatoria-para-concursos-de-cargos-docentes\/#primaryimage\",\"url\":\"https:\/\/www.noticiasradioreflejos.com.ar\/2021\/wp-content\/uploads\/2021\/04\/imagen.jpg\",\"contentUrl\":\"https:\/\/www.noticiasradioreflejos.com.ar\/2021\/wp-content\/uploads\/2021\/04\/imagen.jpg\",\"width\":1600,\"height\":1200},{\"@type\":\"BreadcrumbList\",\"@id\":\"https:\/\/www.noticiasradioreflejos.com.ar\/2021\/convocatoria-para-concursos-de-cargos-docentes\/#breadcrumb\",\"itemListElement\":[{\"@type\":\"ListItem\",\"position\":1,\"name\":\"Portada\",\"item\":\"https:\/\/www.noticiasradioreflejos.com.ar\/2021\/\"},{\"@type\":\"ListItem\",\"position\":2,\"name\":\"Convocatoria para concursos de cargos docentes.\"}]},{\"@type\":\"WebSite\",\"@id\":\"https:\/\/www.noticiasradioreflejos.com.ar\/2021\/#website\",\"url\":\"https:\/\/www.noticiasradioreflejos.com.ar\/2021\/\",\"name\":\"Noticias Radio Reflejos\",\"description\":\"Las noticias de mi comarca\",\"potentialAction\":[{\"@type\":\"SearchAction\",\"target\":{\"@type\":\"EntryPoint\",\"urlTemplate\":\"https:\/\/www.noticiasradioreflejos.com.ar\/2021\/?s={search_term_string}\"},\"query-input\":{\"@type\":\"PropertyValueSpecification\",\"valueRequired\":true,\"valueName\":\"search_term_string\"}}],\"inLanguage\":\"es\"},{\"@type\":\"Person\",\"@id\":\"https:\/\/www.noticiasradioreflejos.com.ar\/2021\/#\/schema\/person\/ad82545263dcc5ec0996818884fd5fb1\",\"name\":\"Arnaldo Botto\",\"image\":{\"@type\":\"ImageObject\",\"inLanguage\":\"es\",\"@id\":\"https:\/\/www.noticiasradioreflejos.com.ar\/2021\/#\/schema\/person\/image\/\",\"url\":\"https:\/\/secure.gravatar.com\/avatar\/55cb5e37c1efa326397366e6974cb338056df65cb50e7d64d1cf314e87504837?s=96&d=mm&r=g\",\"contentUrl\":\"https:\/\/secure.gravatar.com\/avatar\/55cb5e37c1efa326397366e6974cb338056df65cb50e7d64d1cf314e87504837?s=96&d=mm&r=g\",\"caption\":\"Arnaldo Botto\"},\"url\":\"https:\/\/www.noticiasradioreflejos.com.ar\/2021\/author\/arnaldo\/\"}]}<\/script>\n<!-- \/ Yoast SEO plugin. -->","yoast_head_json":{"title":"Convocatoria para concursos de cargos docentes. - Noticias Radio Reflejos","robots":{"index":"index","follow":"follow","max-snippet":"max-snippet:-1","max-image-preview":"max-image-preview:large","max-video-preview":"max-video-preview:-1"},"canonical":"https:\/\/www.noticiasradioreflejos.com.ar\/2021\/convocatoria-para-concursos-de-cargos-docentes\/","og_locale":"es_ES","og_type":"article","og_title":"Convocatoria para concursos de cargos docentes. - Noticias Radio Reflejos","og_description":"La Direcci\u00f3n del ISFD y T N\u00b0162 en el marco de las Resoluciones N\u00b05848\/02 y N\u00b0 5886\/03, solicita a Ud. realice la difusi\u00f3n y convocatoria de aspirantes para la cobertura de:","og_url":"https:\/\/www.noticiasradioreflejos.com.ar\/2021\/convocatoria-para-concursos-de-cargos-docentes\/","og_site_name":"Noticias Radio Reflejos","article_published_time":"2021-04-20T15:10:48+00:00","og_image":[{"width":1600,"height":1200,"url":"https:\/\/www.noticiasradioreflejos.com.ar\/2021\/wp-content\/uploads\/2021\/04\/imagen.jpg","type":"image\/jpeg"}],"author":"Arnaldo Botto","twitter_card":"summary_large_image","schema":{"@context":"https:\/\/schema.org","@graph":[{"@type":"WebPage","@id":"https:\/\/www.noticiasradioreflejos.com.ar\/2021\/convocatoria-para-concursos-de-cargos-docentes\/","url":"https:\/\/www.noticiasradioreflejos.com.ar\/2021\/convocatoria-para-concursos-de-cargos-docentes\/","name":"Convocatoria para concursos de cargos docentes. - Noticias Radio Reflejos","isPartOf":{"@id":"https:\/\/www.noticiasradioreflejos.com.ar\/2021\/#website"},"primaryImageOfPage":{"@id":"https:\/\/www.noticiasradioreflejos.com.ar\/2021\/convocatoria-para-concursos-de-cargos-docentes\/#primaryimage"},"image":{"@id":"https:\/\/www.noticiasradioreflejos.com.ar\/2021\/convocatoria-para-concursos-de-cargos-docentes\/#primaryimage"},"thumbnailUrl":"https:\/\/www.noticiasradioreflejos.com.ar\/2021\/wp-content\/uploads\/2021\/04\/imagen.jpg","datePublished":"2021-04-20T15:10:48+00:00","author":{"@id":"https:\/\/www.noticiasradioreflejos.com.ar\/2021\/#\/schema\/person\/ad82545263dcc5ec0996818884fd5fb1"},"breadcrumb":{"@id":"https:\/\/www.noticiasradioreflejos.com.ar\/2021\/convocatoria-para-concursos-de-cargos-docentes\/#breadcrumb"},"inLanguage":"es","potentialAction":[{"@type":"ReadAction","target":["https:\/\/www.noticiasradioreflejos.com.ar\/2021\/convocatoria-para-concursos-de-cargos-docentes\/"]}]},{"@type":"ImageObject","inLanguage":"es","@id":"https:\/\/www.noticiasradioreflejos.com.ar\/2021\/convocatoria-para-concursos-de-cargos-docentes\/#primaryimage","url":"https:\/\/www.noticiasradioreflejos.com.ar\/2021\/wp-content\/uploads\/2021\/04\/imagen.jpg","contentUrl":"https:\/\/www.noticiasradioreflejos.com.ar\/2021\/wp-content\/uploads\/2021\/04\/imagen.jpg","width":1600,"height":1200},{"@type":"BreadcrumbList","@id":"https:\/\/www.noticiasradioreflejos.com.ar\/2021\/convocatoria-para-concursos-de-cargos-docentes\/#breadcrumb","itemListElement":[{"@type":"ListItem","position":1,"name":"Portada","item":"https:\/\/www.noticiasradioreflejos.com.ar\/2021\/"},{"@type":"ListItem","position":2,"name":"Convocatoria para concursos de cargos docentes."}]},{"@type":"WebSite","@id":"https:\/\/www.noticiasradioreflejos.com.ar\/2021\/#website","url":"https:\/\/www.noticiasradioreflejos.com.ar\/2021\/","name":"Noticias Radio Reflejos","description":"Las noticias de mi comarca","potentialAction":[{"@type":"SearchAction","target":{"@type":"EntryPoint","urlTemplate":"https:\/\/www.noticiasradioreflejos.com.ar\/2021\/?s={search_term_string}"},"query-input":{"@type":"PropertyValueSpecification","valueRequired":true,"valueName":"search_term_string"}}],"inLanguage":"es"},{"@type":"Person","@id":"https:\/\/www.noticiasradioreflejos.com.ar\/2021\/#\/schema\/person\/ad82545263dcc5ec0996818884fd5fb1","name":"Arnaldo Botto","image":{"@type":"ImageObject","inLanguage":"es","@id":"https:\/\/www.noticiasradioreflejos.com.ar\/2021\/#\/schema\/person\/image\/","url":"https:\/\/secure.gravatar.com\/avatar\/55cb5e37c1efa326397366e6974cb338056df65cb50e7d64d1cf314e87504837?s=96&d=mm&r=g","contentUrl":"https:\/\/secure.gravatar.com\/avatar\/55cb5e37c1efa326397366e6974cb338056df65cb50e7d64d1cf314e87504837?s=96&d=mm&r=g","caption":"Arnaldo Botto"},"url":"https:\/\/www.noticiasradioreflejos.com.ar\/2021\/author\/arnaldo\/"}]}},"_links":{"self":[{"href":"https:\/\/www.noticiasradioreflejos.com.ar\/2021\/wp-json\/wp\/v2\/posts\/55646","targetHints":{"allow":["GET"]}}],"collection":[{"href":"https:\/\/www.noticiasradioreflejos.com.ar\/2021\/wp-json\/wp\/v2\/posts"}],"about":[{"href":"https:\/\/www.noticiasradioreflejos.com.ar\/2021\/wp-json\/wp\/v2\/types\/post"}],"author":[{"embeddable":true,"href":"https:\/\/www.noticiasradioreflejos.com.ar\/2021\/wp-json\/wp\/v2\/users\/3"}],"replies":[{"embeddable":true,"href":"https:\/\/www.noticiasradioreflejos.com.ar\/2021\/wp-json\/wp\/v2\/comments?post=55646"}],"version-history":[{"count":0,"href":"https:\/\/www.noticiasradioreflejos.com.ar\/2021\/wp-json\/wp\/v2\/posts\/55646\/revisions"}],"wp:featuredmedia":[{"embeddable":true,"href":"https:\/\/www.noticiasradioreflejos.com.ar\/2021\/wp-json\/wp\/v2\/media\/55647"}],"wp:attachment":[{"href":"https:\/\/www.noticiasradioreflejos.com.ar\/2021\/wp-json\/wp\/v2\/media?parent=55646"}],"wp:term":[{"taxonomy":"category","embeddable":true,"href":"https:\/\/www.noticiasradioreflejos.com.ar\/2021\/wp-json\/wp\/v2\/categories?post=55646"},{"taxonomy":"post_tag","embeddable":true,"href":"https:\/\/www.noticiasradioreflejos.com.ar\/2021\/wp-json\/wp\/v2\/tags?post=55646"}],"curies":[{"name":"wp","href":"https:\/\/api.w.org\/{rel}","templated":true}]}}