{"id":55635,"date":"2021-04-20T09:56:59","date_gmt":"2021-04-20T12:56:59","guid":{"rendered":"http:\/\/www.noticiasradioreflejos.com.ar\/noticias\/?p=55635"},"modified":"2021-04-20T09:56:59","modified_gmt":"2021-04-20T12:56:59","slug":"coronel-suarez-el-intendente-moccero-confirmo-el-retroceso-a-fase-3-desde-la-proxima-medianoche","status":"publish","type":"post","link":"https:\/\/www.noticiasradioreflejos.com.ar\/2021\/coronel-suarez-el-intendente-moccero-confirmo-el-retroceso-a-fase-3-desde-la-proxima-medianoche\/","title":{"rendered":"Coronel Suarez: El intendente Moccero confirm\u00f3 el retroceso a Fase 3 desde la pr\u00f3xima medianoche."},"content":{"rendered":"<p>En contacto con los medios de comunicaci\u00f3n de la ciudad, el Intendente Moccero oficializ\u00f3 esta ma\u00f1ana en\u00a0<b><strong>Su\u00e1rez\u00a0al D\u00eda\u00a0<\/strong><\/b>la decisi\u00f3n provincial del cambio a Fase 3 del distrito de Coronel Su\u00e1rez entre las 00 del mi\u00e9rcoles 21 y las 23.59 horas del 30 de abril y las consecuentes restricciones que se deber\u00e1n acatar.<!--more--><\/p>\n<p>\u201cCasi todos los distritos de la regi\u00f3n han sido pasados a Fase 3. No ha sido una decisi\u00f3n de la intendencia, ha sido Provincia analizando la suba de casos en los distritos de la regi\u00f3n. Provincia interpreta como de \u00abalto riesgo\u00bb la velocidad de los contagios en Coronel Su\u00e1rez y otros 14 distritos de la Sexta Secci\u00f3n. Lo bueno es que no hay demasiadas variaciones, salvo la reducci\u00f3n del horario que ser\u00e1 restringido desde las 21 a las 06 horas\u201d.<\/p>\n<p>\u201cEl cierre de comercios general ser\u00e1 a las 20 horas, con excepci\u00f3n de los gastron\u00f3micos que de podr\u00e1n trabajar hasta las 23 horas\u00bb.<\/p>\n<p>\u201cLas actividades deportivas de m\u00e1s de 10 personas, tanto oficiales como amateurs, est\u00e1n suspendidas hasta el 30 de abril\u201d.<\/p>\n<p>\u201cLas clases presenciales tienen continuidad, no ha habido restricciones\u201d.<\/p>\n<p>\u201cA los salones de f\u00fatbol 5 se les permitir\u00e1 extender el horario hasta las 20.45 horas, al igual que los gimnasios y clubes\u201d.<\/p>\n<p>\u201cLas reuniones sociales y familiares de m\u00e1s de 10 personas est\u00e1n prohibidas\u201d.<\/p>\n<p>\u201cA las 10 tenemos una reuni\u00f3n con el Comit\u00e9 de Crisis y solicitar\u00e9 que trabajen en incorporar m\u00e1s respiradores\u201d.<\/p>\n<p>\u00abNo hay restricciones para ingresar o salir del distrito, lo \u00fanico que pedimos es que se respeten las medidas vigentes porque la Polic\u00eda Comunal ser\u00e1 inflexible en la aplicaci\u00f3n de las sanciones porque estamos en una situaci\u00f3n muy complicada\u00bb<\/p>\n<p><em><b><strong>ACTIVIDADES PARTICULARES CON RESTRICCIONES. FASE 3:<\/strong><\/b><\/em><\/p>\n<p>Actividades religiosas: hasta 20personas<\/p>\n<p>Restaurantes y bares en el interior: al 30% de su ocupaci\u00f3n<\/p>\n<p>Gimnasios en espacios cerrados: al 30% de su ocupaci\u00f3n<\/p>\n<p>Eventos culturales, sociales, recreativos o religiosos en espacios p\u00fablicos al aire libre: Hasta 30 personas<\/p>\n<p><b><strong><em>ACTIVIDADES RESTRINGIDAS COMPLETAMENTE<\/em><\/strong><\/b><\/p>\n<p>Actividades y reuniones sociales en domicilios particulares de m\u00e1s de (10) personas<\/p>\n<p>Actividad en Casinos y Bingos<\/p>\n<p>Bibliotecas<\/p>\n<p>Mercados y ferias de artesan\u00edas o alimentos en espacios cerrados<\/p>\n<p>Actividades deportivas colectivas con o sin contacto, al aire libre o en espacios con amplia ventilaci\u00f3n natural, m\u00e1s de 10 personas<\/p>\n<p>Viajes Grupales de Egresados y Egresadas, de Jubilados y Jubiladas, de Estudio, para Competencias deportivas no oficiales; de grupos tur\u00edsticos y de grupos para la realizaci\u00f3n de actividades recreativas y sociales.<\/p>\n<p>En las \u00faltimas horas los municipios de Bah\u00eda Blanca, Coronel Pringles y Adolfo Alsina tambi\u00e9n anunciaron un cambio de Fase. En el caso de Bah\u00eda Blanca y Pringles ingresar\u00e1n a Fase 3 a las 00 del mi\u00e9rcoles, en tanto que Adolfo Alsina retroceder\u00e1 a Fase 4 luego de haber permanecido durante 8 meses en Fase 5, siendo el \u00fanico municipio regional que mantuvo esta Fase al no verse afectado por el brote Covid-19 que afect\u00f3 a toda la regi\u00f3n entre los meses de septiembre y noviembre.<\/p>\n","protected":false},"excerpt":{"rendered":"<p>En contacto con los medios de comunicaci\u00f3n de la ciudad, el Intendente Moccero oficializ\u00f3 esta ma\u00f1ana en\u00a0Su\u00e1rez\u00a0al D\u00eda\u00a0la decisi\u00f3n provincial del cambio a Fase 3 del distrito de Coronel Su\u00e1rez entre las 00 del mi\u00e9rcoles 21 y las 23.59 horas del 30 de abril y las consecuentes restricciones que se deber\u00e1n acatar.<\/p>\n","protected":false},"author":3,"featured_media":0,"comment_status":"closed","ping_status":"open","sticky":false,"template":"","format":"standard","meta":{"footnotes":""},"categories":[28,24],"tags":[],"class_list":["post-55635","post","type-post","status-publish","format-standard","hentry","category-municipales","category-politica"],"yoast_head":"<!-- This site is optimized with the Yoast SEO plugin v25.9 - https:\/\/yoast.com\/wordpress\/plugins\/seo\/ -->\n<title>Coronel Suarez: El intendente Moccero confirm\u00f3 el retroceso a Fase 3 desde la pr\u00f3xima medianoche. - Noticias Radio Reflejos<\/title>\n<meta name=\"robots\" content=\"index, follow, max-snippet:-1, max-image-preview:large, max-video-preview:-1\" \/>\n<link rel=\"canonical\" href=\"https:\/\/www.noticiasradioreflejos.com.ar\/2021\/coronel-suarez-el-intendente-moccero-confirmo-el-retroceso-a-fase-3-desde-la-proxima-medianoche\/\" \/>\n<meta property=\"og:locale\" content=\"es_ES\" \/>\n<meta property=\"og:type\" content=\"article\" \/>\n<meta property=\"og:title\" content=\"Coronel Suarez: El intendente Moccero confirm\u00f3 el retroceso a Fase 3 desde la pr\u00f3xima medianoche. - Noticias Radio Reflejos\" \/>\n<meta property=\"og:description\" content=\"En contacto con los medios de comunicaci\u00f3n de la ciudad, el Intendente Moccero oficializ\u00f3 esta ma\u00f1ana en\u00a0Su\u00e1rez\u00a0al D\u00eda\u00a0la decisi\u00f3n provincial del cambio a Fase 3 del distrito de Coronel Su\u00e1rez entre las 00 del mi\u00e9rcoles 21 y las 23.59 horas del 30 de abril y las consecuentes restricciones que se deber\u00e1n acatar.\" \/>\n<meta property=\"og:url\" content=\"https:\/\/www.noticiasradioreflejos.com.ar\/2021\/coronel-suarez-el-intendente-moccero-confirmo-el-retroceso-a-fase-3-desde-la-proxima-medianoche\/\" \/>\n<meta property=\"og:site_name\" content=\"Noticias Radio Reflejos\" \/>\n<meta property=\"article:published_time\" content=\"2021-04-20T12:56:59+00:00\" \/>\n<meta property=\"og:image\" content=\"https:\/\/www.noticiasradioreflejos.com.ar\/2021\/wp-content\/uploads\/2021\/07\/logosol300x200.png\" \/>\n\t<meta property=\"og:image:width\" content=\"300\" \/>\n\t<meta property=\"og:image:height\" content=\"200\" \/>\n\t<meta property=\"og:image:type\" content=\"image\/png\" \/>\n<meta name=\"author\" content=\"Arnaldo Botto\" \/>\n<meta name=\"twitter:card\" content=\"summary_large_image\" \/>\n<script type=\"application\/ld+json\" class=\"yoast-schema-graph\">{\"@context\":\"https:\/\/schema.org\",\"@graph\":[{\"@type\":\"WebPage\",\"@id\":\"https:\/\/www.noticiasradioreflejos.com.ar\/2021\/coronel-suarez-el-intendente-moccero-confirmo-el-retroceso-a-fase-3-desde-la-proxima-medianoche\/\",\"url\":\"https:\/\/www.noticiasradioreflejos.com.ar\/2021\/coronel-suarez-el-intendente-moccero-confirmo-el-retroceso-a-fase-3-desde-la-proxima-medianoche\/\",\"name\":\"Coronel Suarez: El intendente Moccero confirm\u00f3 el retroceso a Fase 3 desde la pr\u00f3xima medianoche. - Noticias Radio Reflejos\",\"isPartOf\":{\"@id\":\"https:\/\/www.noticiasradioreflejos.com.ar\/2021\/#website\"},\"datePublished\":\"2021-04-20T12:56:59+00:00\",\"author\":{\"@id\":\"https:\/\/www.noticiasradioreflejos.com.ar\/2021\/#\/schema\/person\/ad82545263dcc5ec0996818884fd5fb1\"},\"breadcrumb\":{\"@id\":\"https:\/\/www.noticiasradioreflejos.com.ar\/2021\/coronel-suarez-el-intendente-moccero-confirmo-el-retroceso-a-fase-3-desde-la-proxima-medianoche\/#breadcrumb\"},\"inLanguage\":\"es\",\"potentialAction\":[{\"@type\":\"ReadAction\",\"target\":[\"https:\/\/www.noticiasradioreflejos.com.ar\/2021\/coronel-suarez-el-intendente-moccero-confirmo-el-retroceso-a-fase-3-desde-la-proxima-medianoche\/\"]}]},{\"@type\":\"BreadcrumbList\",\"@id\":\"https:\/\/www.noticiasradioreflejos.com.ar\/2021\/coronel-suarez-el-intendente-moccero-confirmo-el-retroceso-a-fase-3-desde-la-proxima-medianoche\/#breadcrumb\",\"itemListElement\":[{\"@type\":\"ListItem\",\"position\":1,\"name\":\"Portada\",\"item\":\"https:\/\/www.noticiasradioreflejos.com.ar\/2021\/\"},{\"@type\":\"ListItem\",\"position\":2,\"name\":\"Coronel Suarez: El intendente Moccero confirm\u00f3 el retroceso a Fase 3 desde la pr\u00f3xima medianoche.\"}]},{\"@type\":\"WebSite\",\"@id\":\"https:\/\/www.noticiasradioreflejos.com.ar\/2021\/#website\",\"url\":\"https:\/\/www.noticiasradioreflejos.com.ar\/2021\/\",\"name\":\"Noticias Radio Reflejos\",\"description\":\"Las noticias de mi comarca\",\"potentialAction\":[{\"@type\":\"SearchAction\",\"target\":{\"@type\":\"EntryPoint\",\"urlTemplate\":\"https:\/\/www.noticiasradioreflejos.com.ar\/2021\/?s={search_term_string}\"},\"query-input\":{\"@type\":\"PropertyValueSpecification\",\"valueRequired\":true,\"valueName\":\"search_term_string\"}}],\"inLanguage\":\"es\"},{\"@type\":\"Person\",\"@id\":\"https:\/\/www.noticiasradioreflejos.com.ar\/2021\/#\/schema\/person\/ad82545263dcc5ec0996818884fd5fb1\",\"name\":\"Arnaldo Botto\",\"image\":{\"@type\":\"ImageObject\",\"inLanguage\":\"es\",\"@id\":\"https:\/\/www.noticiasradioreflejos.com.ar\/2021\/#\/schema\/person\/image\/\",\"url\":\"https:\/\/secure.gravatar.com\/avatar\/55cb5e37c1efa326397366e6974cb338056df65cb50e7d64d1cf314e87504837?s=96&d=mm&r=g\",\"contentUrl\":\"https:\/\/secure.gravatar.com\/avatar\/55cb5e37c1efa326397366e6974cb338056df65cb50e7d64d1cf314e87504837?s=96&d=mm&r=g\",\"caption\":\"Arnaldo Botto\"},\"url\":\"https:\/\/www.noticiasradioreflejos.com.ar\/2021\/author\/arnaldo\/\"}]}<\/script>\n<!-- \/ Yoast SEO plugin. -->","yoast_head_json":{"title":"Coronel Suarez: El intendente Moccero confirm\u00f3 el retroceso a Fase 3 desde la pr\u00f3xima medianoche. - Noticias Radio Reflejos","robots":{"index":"index","follow":"follow","max-snippet":"max-snippet:-1","max-image-preview":"max-image-preview:large","max-video-preview":"max-video-preview:-1"},"canonical":"https:\/\/www.noticiasradioreflejos.com.ar\/2021\/coronel-suarez-el-intendente-moccero-confirmo-el-retroceso-a-fase-3-desde-la-proxima-medianoche\/","og_locale":"es_ES","og_type":"article","og_title":"Coronel Suarez: El intendente Moccero confirm\u00f3 el retroceso a Fase 3 desde la pr\u00f3xima medianoche. - Noticias Radio Reflejos","og_description":"En contacto con los medios de comunicaci\u00f3n de la ciudad, el Intendente Moccero oficializ\u00f3 esta ma\u00f1ana en\u00a0Su\u00e1rez\u00a0al D\u00eda\u00a0la decisi\u00f3n provincial del cambio a Fase 3 del distrito de Coronel Su\u00e1rez entre las 00 del mi\u00e9rcoles 21 y las 23.59 horas del 30 de abril y las consecuentes restricciones que se deber\u00e1n acatar.","og_url":"https:\/\/www.noticiasradioreflejos.com.ar\/2021\/coronel-suarez-el-intendente-moccero-confirmo-el-retroceso-a-fase-3-desde-la-proxima-medianoche\/","og_site_name":"Noticias Radio Reflejos","article_published_time":"2021-04-20T12:56:59+00:00","og_image":[{"width":300,"height":200,"url":"https:\/\/www.noticiasradioreflejos.com.ar\/2021\/wp-content\/uploads\/2021\/07\/logosol300x200.png","type":"image\/png"}],"author":"Arnaldo Botto","twitter_card":"summary_large_image","schema":{"@context":"https:\/\/schema.org","@graph":[{"@type":"WebPage","@id":"https:\/\/www.noticiasradioreflejos.com.ar\/2021\/coronel-suarez-el-intendente-moccero-confirmo-el-retroceso-a-fase-3-desde-la-proxima-medianoche\/","url":"https:\/\/www.noticiasradioreflejos.com.ar\/2021\/coronel-suarez-el-intendente-moccero-confirmo-el-retroceso-a-fase-3-desde-la-proxima-medianoche\/","name":"Coronel Suarez: El intendente Moccero confirm\u00f3 el retroceso a Fase 3 desde la pr\u00f3xima medianoche. - Noticias Radio Reflejos","isPartOf":{"@id":"https:\/\/www.noticiasradioreflejos.com.ar\/2021\/#website"},"datePublished":"2021-04-20T12:56:59+00:00","author":{"@id":"https:\/\/www.noticiasradioreflejos.com.ar\/2021\/#\/schema\/person\/ad82545263dcc5ec0996818884fd5fb1"},"breadcrumb":{"@id":"https:\/\/www.noticiasradioreflejos.com.ar\/2021\/coronel-suarez-el-intendente-moccero-confirmo-el-retroceso-a-fase-3-desde-la-proxima-medianoche\/#breadcrumb"},"inLanguage":"es","potentialAction":[{"@type":"ReadAction","target":["https:\/\/www.noticiasradioreflejos.com.ar\/2021\/coronel-suarez-el-intendente-moccero-confirmo-el-retroceso-a-fase-3-desde-la-proxima-medianoche\/"]}]},{"@type":"BreadcrumbList","@id":"https:\/\/www.noticiasradioreflejos.com.ar\/2021\/coronel-suarez-el-intendente-moccero-confirmo-el-retroceso-a-fase-3-desde-la-proxima-medianoche\/#breadcrumb","itemListElement":[{"@type":"ListItem","position":1,"name":"Portada","item":"https:\/\/www.noticiasradioreflejos.com.ar\/2021\/"},{"@type":"ListItem","position":2,"name":"Coronel Suarez: El intendente Moccero confirm\u00f3 el retroceso a Fase 3 desde la pr\u00f3xima medianoche."}]},{"@type":"WebSite","@id":"https:\/\/www.noticiasradioreflejos.com.ar\/2021\/#website","url":"https:\/\/www.noticiasradioreflejos.com.ar\/2021\/","name":"Noticias Radio Reflejos","description":"Las noticias de mi comarca","potentialAction":[{"@type":"SearchAction","target":{"@type":"EntryPoint","urlTemplate":"https:\/\/www.noticiasradioreflejos.com.ar\/2021\/?s={search_term_string}"},"query-input":{"@type":"PropertyValueSpecification","valueRequired":true,"valueName":"search_term_string"}}],"inLanguage":"es"},{"@type":"Person","@id":"https:\/\/www.noticiasradioreflejos.com.ar\/2021\/#\/schema\/person\/ad82545263dcc5ec0996818884fd5fb1","name":"Arnaldo Botto","image":{"@type":"ImageObject","inLanguage":"es","@id":"https:\/\/www.noticiasradioreflejos.com.ar\/2021\/#\/schema\/person\/image\/","url":"https:\/\/secure.gravatar.com\/avatar\/55cb5e37c1efa326397366e6974cb338056df65cb50e7d64d1cf314e87504837?s=96&d=mm&r=g","contentUrl":"https:\/\/secure.gravatar.com\/avatar\/55cb5e37c1efa326397366e6974cb338056df65cb50e7d64d1cf314e87504837?s=96&d=mm&r=g","caption":"Arnaldo Botto"},"url":"https:\/\/www.noticiasradioreflejos.com.ar\/2021\/author\/arnaldo\/"}]}},"_links":{"self":[{"href":"https:\/\/www.noticiasradioreflejos.com.ar\/2021\/wp-json\/wp\/v2\/posts\/55635","targetHints":{"allow":["GET"]}}],"collection":[{"href":"https:\/\/www.noticiasradioreflejos.com.ar\/2021\/wp-json\/wp\/v2\/posts"}],"about":[{"href":"https:\/\/www.noticiasradioreflejos.com.ar\/2021\/wp-json\/wp\/v2\/types\/post"}],"author":[{"embeddable":true,"href":"https:\/\/www.noticiasradioreflejos.com.ar\/2021\/wp-json\/wp\/v2\/users\/3"}],"replies":[{"embeddable":true,"href":"https:\/\/www.noticiasradioreflejos.com.ar\/2021\/wp-json\/wp\/v2\/comments?post=55635"}],"version-history":[{"count":0,"href":"https:\/\/www.noticiasradioreflejos.com.ar\/2021\/wp-json\/wp\/v2\/posts\/55635\/revisions"}],"wp:attachment":[{"href":"https:\/\/www.noticiasradioreflejos.com.ar\/2021\/wp-json\/wp\/v2\/media?parent=55635"}],"wp:term":[{"taxonomy":"category","embeddable":true,"href":"https:\/\/www.noticiasradioreflejos.com.ar\/2021\/wp-json\/wp\/v2\/categories?post=55635"},{"taxonomy":"post_tag","embeddable":true,"href":"https:\/\/www.noticiasradioreflejos.com.ar\/2021\/wp-json\/wp\/v2\/tags?post=55635"}],"curies":[{"name":"wp","href":"https:\/\/api.w.org\/{rel}","templated":true}]}}