{"id":55624,"date":"2021-04-20T08:40:35","date_gmt":"2021-04-20T11:40:35","guid":{"rendered":"http:\/\/www.noticiasradioreflejos.com.ar\/noticias\/?p=55624"},"modified":"2021-04-20T08:40:35","modified_gmt":"2021-04-20T11:40:35","slug":"hoy-cumple-34-anos-la-escuela-de-educacion-agropecuaria-n-1-de-tornquist","status":"publish","type":"post","link":"https:\/\/www.noticiasradioreflejos.com.ar\/2021\/hoy-cumple-34-anos-la-escuela-de-educacion-agropecuaria-n-1-de-tornquist\/","title":{"rendered":"Hoy cumple 34 a\u00f1os la Escuela de Educaci\u00f3n Agropecuaria N\u00b0 1 de Tornquist"},"content":{"rendered":"<p>Hoy, 20 de Abril cumple 34 a\u00f1os nuestra querida Escuela Agraria. Fue creada como anexo de la Escuela de Educaci\u00f3n Media N\u00b01 al incorporar el Ciclo Superior Agrario.<!--more--><\/p>\n<p><a title=\"Esc Agropecuaria (8)\" href=\"http:\/\/live.staticflickr.com\/65535\/51127161419_2388f90b64_s.jpg\" rel=\"\"><img loading=\"lazy\" decoding=\"async\" class=\"aligncenter\" title=\"Esc Agropecuaria (8)\" src=\"http:\/\/live.staticflickr.com\/65535\/51127161419_2388f90b64_c.jpg\" alt=\"Esc Agropecuaria (8)\" width=\"800\" height=\"450\" \/><\/a><\/p>\n<p>Las clases te\u00f3ricas se desarrollaban en la sede de la mencionada escuela, mientras que las actividades pr\u00e1cticas se llevaban a cabo en el predio circundante a una antigua casona cedida por la familia Ruffener. Dicho edificio fue reparado y acondicionado por la Comunidad Educativa con mucho esfuerzo para albergar a j\u00f3venes varones provenientes de la zona rural. Con el tiempo se trasladan aulas y se edifica una casa para un pe\u00f3n que m\u00e1s tarde se transformar\u00eda en la actual Biblioteca. Adem\u00e1s, ante la demanda de una residencia femenina se construye la misma para poder recibir a alumnas provenientes de la zona. En este momento se cuenta con dos residencias (masculina y femenina), comedor, cocina, direcci\u00f3n, secretaria, preceptoria, 5 aulas y un sal\u00f3n de usos m\u00faltiples.<\/p>\n<p><a title=\"Esc Agropecuaria (12)\" href=\"http:\/\/live.staticflickr.com\/65535\/51127145147_c5e3021383_s.jpg\" rel=\"\"><img loading=\"lazy\" decoding=\"async\" class=\"aligncenter\" title=\"Esc Agropecuaria (12)\" src=\"http:\/\/live.staticflickr.com\/65535\/51127145147_c5e3021383_c.jpg\" alt=\"Esc Agropecuaria (12)\" width=\"800\" height=\"600\" \/><\/a><br \/>\nEn el a\u00f1o 1991 el Ministerio de Asuntos Agrarios cede a la Direcci\u00f3n General de Cultura y Educaci\u00f3n un campo de 658 has. en cercan\u00eda de Villa Ventana, a 35 km de la sede en Tornquist, para la realizaci\u00f3n de pr\u00e1cticas de los alumnos en los Entornos Formativos y cuya administraci\u00f3n a cargo de la Asociaci\u00f3n cooperadora ayuda al sustento general de la Instituci\u00f3n. Para ello, los alumnos viajan de lunes a jueves en el Minib\u00fas de la escuela.<\/p>\n<p><a title=\"Esc Agropecuaria (3)\" href=\"http:\/\/live.staticflickr.com\/65535\/51127321498_dc7450b876_s.jpg\" rel=\"\"><img loading=\"lazy\" decoding=\"async\" class=\"aligncenter\" title=\"Esc Agropecuaria (3)\" src=\"http:\/\/live.staticflickr.com\/65535\/51127321498_dc7450b876_c.jpg\" alt=\"Esc Agropecuaria (3)\" width=\"600\" height=\"800\" \/><\/a><br \/>\nEn el a\u00f1o 2000 se construyen en el campo 6 aulas nuevas con sus respectivos sanitarios. Tambi\u00e9n se encuentra un edificio sin terminar que corresponder\u00eda a las residencias femenina y masculina, comedor y bater\u00eda de sanitarios con el fin de trasladar toda la Instituci\u00f3n al campo de pr\u00e1cticas, pero debido a diferentes situaciones, esto no se ha podido concretar, aunque la Comunidad Educativa no pierde la esperanza de poder cumplir ese sue\u00f1o en el mediano plazo. Para ello se realizan las gestiones correspondientes con el apoyo de los Supervisores y la Direcci\u00f3n de Educaci\u00f3n Agraria.<br \/>\nActualmente en la sede de Tornquist se han podido realizar varias reformas como el anhelado pared\u00f3n que permite mantener cercado y protegido el predio, mejoras en aulas, bater\u00eda de ba\u00f1os, gracias a la colaboraci\u00f3n de la Asociaci\u00f3n Cooperadora y del Consejo Escolar. Adem\u00e1s se cuenta con un invern\u00e1culo que permite realizar pr\u00e1cticas de Huerta y Vivero en sede.<\/p>\n<p><a title=\"Esc Agropecuaria (7)\" href=\"http:\/\/live.staticflickr.com\/65535\/51127321443_7ed8a92442_s.jpg\" rel=\"\"><img loading=\"lazy\" decoding=\"async\" class=\"aligncenter\" title=\"Esc Agropecuaria (7)\" src=\"http:\/\/live.staticflickr.com\/65535\/51127321443_7ed8a92442_c.jpg\" alt=\"Esc Agropecuaria (7)\" width=\"800\" height=\"450\" \/><\/a><br \/>\nEn estos 34 a\u00f1os de vida han pasado muchos alumnos, familias, docentes y cooperadores de quienes han quedado recuerdos y an\u00e9cdotas que agregan ese particular condimento a la historia de nuestra querida Escuela Agraria. Seguramente tienen un lugarcito en su coraz\u00f3n reservado para la Instituci\u00f3n.<\/p>\n<p><a title=\"Esc Agropecuaria (4)\" href=\"http:\/\/live.staticflickr.com\/65535\/51127145267_8486862ff7_s.jpg\" rel=\"\"><img loading=\"lazy\" decoding=\"async\" class=\"aligncenter\" title=\"Esc Agropecuaria (4)\" src=\"http:\/\/live.staticflickr.com\/65535\/51127145267_8486862ff7_c.jpg\" alt=\"Esc Agropecuaria (4)\" width=\"800\" height=\"600\" \/><\/a><br \/>\nEs momento de agradecer estos a\u00f1os compartidos con felicidad porque vemos que el trabajo y esfuerzo se ve reflejado en nuestros alumnos, ya que nuestra finalidad es formar j\u00f3venes que sean capaces de desenvolverse en el mundo laboral, T\u00e9cnicos agropecuarios emprendedores, protectores del medio ambiente, con capacidad de autogesti\u00f3n y de asociativismo, promotores de la vida rural y del turismo rural en concordancia con las caracter\u00edsticas de nuestro Distrito, y con capacidad para continuar sus estudios superiores.<br \/>\nPor todo esto, la Comunidad Educativa de la Escuela de Educaci\u00f3n Secundaria Agraria N\u00b01 de Tornquist quiere desearle: FELIZ CUMPLEA\u00d1OS a nuestra querida Escuela y agradecerles a la Comunidad por el apoyo brindado para el crecimiento de nuestra Instituci\u00f3n.<\/p>\n<p><a title=\"Esc Agropecuaria (1)\" href=\"http:\/\/live.staticflickr.com\/65535\/51127321338_0899b8dddf_s.jpg\" rel=\"\"><img loading=\"lazy\" decoding=\"async\" class=\"aligncenter\" title=\"Esc Agropecuaria (1)\" src=\"http:\/\/live.staticflickr.com\/65535\/51127321338_0899b8dddf_c.jpg\" alt=\"Esc Agropecuaria (1)\" width=\"800\" height=\"600\" \/><\/a><\/p>\n<p><a title=\"Esc Agropecuaria (11)\" href=\"http:\/\/live.staticflickr.com\/65535\/51128219255_4938480628_s.jpg\" rel=\"\"><img loading=\"lazy\" decoding=\"async\" class=\"aligncenter\" title=\"Esc Agropecuaria (11)\" src=\"http:\/\/live.staticflickr.com\/65535\/51128219255_4938480628_c.jpg\" alt=\"Esc Agropecuaria (11)\" width=\"800\" height=\"450\" \/><\/a><\/p>\n<p><a title=\"Esc Agropecuaria (9)\" href=\"http:\/\/live.staticflickr.com\/65535\/51127321398_c1704d5865_s.jpg\" rel=\"\"><img loading=\"lazy\" decoding=\"async\" class=\"aligncenter\" title=\"Esc Agropecuaria (9)\" src=\"http:\/\/live.staticflickr.com\/65535\/51127321398_c1704d5865_c.jpg\" alt=\"Esc Agropecuaria (9)\" width=\"800\" height=\"450\" \/><\/a><\/p>\n<p><a title=\"Esc Agropecuaria (2)\" href=\"http:\/\/live.staticflickr.com\/65535\/51127161569_1963e3aca3_s.jpg\" rel=\"\"><img loading=\"lazy\" decoding=\"async\" class=\"aligncenter\" title=\"Esc Agropecuaria (2)\" src=\"http:\/\/live.staticflickr.com\/65535\/51127161569_1963e3aca3_c.jpg\" alt=\"Esc Agropecuaria (2)\" width=\"800\" height=\"600\" \/><\/a><\/p>\n<p><a title=\"Esc Agropecuaria (5)\" href=\"http:\/\/live.staticflickr.com\/65535\/51127161459_7dcd013744_s.jpg\" rel=\"\"><img loading=\"lazy\" decoding=\"async\" class=\"aligncenter\" title=\"Esc Agropecuaria (5)\" src=\"http:\/\/live.staticflickr.com\/65535\/51127161459_7dcd013744_c.jpg\" alt=\"Esc Agropecuaria (5)\" width=\"800\" height=\"600\" \/><\/a><\/p>\n","protected":false},"excerpt":{"rendered":"<p>Hoy, 20 de Abril cumple 34 a\u00f1os nuestra querida Escuela Agraria. Fue creada como anexo de la Escuela de Educaci\u00f3n Media N\u00b01 al incorporar el Ciclo Superior Agrario.<\/p>\n","protected":false},"author":3,"featured_media":55625,"comment_status":"closed","ping_status":"open","sticky":false,"template":"","format":"standard","meta":{"footnotes":""},"categories":[34,26],"tags":[],"class_list":["post-55624","post","type-post","status-publish","format-standard","has-post-thumbnail","hentry","category-educacion","category-sociedad"],"yoast_head":"<!-- This site is optimized with the Yoast SEO plugin v25.9 - https:\/\/yoast.com\/wordpress\/plugins\/seo\/ -->\n<title>Hoy cumple 34 a\u00f1os la Escuela de Educaci\u00f3n Agropecuaria N\u00b0 1 de Tornquist - Noticias Radio Reflejos<\/title>\n<meta name=\"robots\" content=\"index, follow, max-snippet:-1, max-image-preview:large, max-video-preview:-1\" \/>\n<link rel=\"canonical\" href=\"https:\/\/www.noticiasradioreflejos.com.ar\/2021\/hoy-cumple-34-anos-la-escuela-de-educacion-agropecuaria-n-1-de-tornquist\/\" \/>\n<meta property=\"og:locale\" content=\"es_ES\" \/>\n<meta property=\"og:type\" content=\"article\" \/>\n<meta property=\"og:title\" content=\"Hoy cumple 34 a\u00f1os la Escuela de Educaci\u00f3n Agropecuaria N\u00b0 1 de Tornquist - Noticias Radio Reflejos\" \/>\n<meta property=\"og:description\" content=\"Hoy, 20 de Abril cumple 34 a\u00f1os nuestra querida Escuela Agraria. Fue creada como anexo de la Escuela de Educaci\u00f3n Media N\u00b01 al incorporar el Ciclo Superior Agrario.\" \/>\n<meta property=\"og:url\" content=\"https:\/\/www.noticiasradioreflejos.com.ar\/2021\/hoy-cumple-34-anos-la-escuela-de-educacion-agropecuaria-n-1-de-tornquist\/\" \/>\n<meta property=\"og:site_name\" content=\"Noticias Radio Reflejos\" \/>\n<meta property=\"article:published_time\" content=\"2021-04-20T11:40:35+00:00\" \/>\n<meta property=\"og:image\" content=\"https:\/\/www.noticiasradioreflejos.com.ar\/2021\/wp-content\/uploads\/2021\/04\/Esc-Agropecuaria-6.jpeg\" \/>\n\t<meta property=\"og:image:width\" content=\"1280\" \/>\n\t<meta property=\"og:image:height\" content=\"720\" \/>\n\t<meta property=\"og:image:type\" content=\"image\/jpeg\" \/>\n<meta name=\"author\" content=\"Arnaldo Botto\" \/>\n<meta name=\"twitter:card\" content=\"summary_large_image\" \/>\n<script type=\"application\/ld+json\" class=\"yoast-schema-graph\">{\"@context\":\"https:\/\/schema.org\",\"@graph\":[{\"@type\":\"WebPage\",\"@id\":\"https:\/\/www.noticiasradioreflejos.com.ar\/2021\/hoy-cumple-34-anos-la-escuela-de-educacion-agropecuaria-n-1-de-tornquist\/\",\"url\":\"https:\/\/www.noticiasradioreflejos.com.ar\/2021\/hoy-cumple-34-anos-la-escuela-de-educacion-agropecuaria-n-1-de-tornquist\/\",\"name\":\"Hoy cumple 34 a\u00f1os la Escuela de Educaci\u00f3n Agropecuaria N\u00b0 1 de Tornquist - Noticias Radio Reflejos\",\"isPartOf\":{\"@id\":\"https:\/\/www.noticiasradioreflejos.com.ar\/2021\/#website\"},\"primaryImageOfPage\":{\"@id\":\"https:\/\/www.noticiasradioreflejos.com.ar\/2021\/hoy-cumple-34-anos-la-escuela-de-educacion-agropecuaria-n-1-de-tornquist\/#primaryimage\"},\"image\":{\"@id\":\"https:\/\/www.noticiasradioreflejos.com.ar\/2021\/hoy-cumple-34-anos-la-escuela-de-educacion-agropecuaria-n-1-de-tornquist\/#primaryimage\"},\"thumbnailUrl\":\"https:\/\/www.noticiasradioreflejos.com.ar\/2021\/wp-content\/uploads\/2021\/04\/Esc-Agropecuaria-6.jpeg\",\"datePublished\":\"2021-04-20T11:40:35+00:00\",\"author\":{\"@id\":\"https:\/\/www.noticiasradioreflejos.com.ar\/2021\/#\/schema\/person\/ad82545263dcc5ec0996818884fd5fb1\"},\"breadcrumb\":{\"@id\":\"https:\/\/www.noticiasradioreflejos.com.ar\/2021\/hoy-cumple-34-anos-la-escuela-de-educacion-agropecuaria-n-1-de-tornquist\/#breadcrumb\"},\"inLanguage\":\"es\",\"potentialAction\":[{\"@type\":\"ReadAction\",\"target\":[\"https:\/\/www.noticiasradioreflejos.com.ar\/2021\/hoy-cumple-34-anos-la-escuela-de-educacion-agropecuaria-n-1-de-tornquist\/\"]}]},{\"@type\":\"ImageObject\",\"inLanguage\":\"es\",\"@id\":\"https:\/\/www.noticiasradioreflejos.com.ar\/2021\/hoy-cumple-34-anos-la-escuela-de-educacion-agropecuaria-n-1-de-tornquist\/#primaryimage\",\"url\":\"https:\/\/www.noticiasradioreflejos.com.ar\/2021\/wp-content\/uploads\/2021\/04\/Esc-Agropecuaria-6.jpeg\",\"contentUrl\":\"https:\/\/www.noticiasradioreflejos.com.ar\/2021\/wp-content\/uploads\/2021\/04\/Esc-Agropecuaria-6.jpeg\",\"width\":1280,\"height\":720},{\"@type\":\"BreadcrumbList\",\"@id\":\"https:\/\/www.noticiasradioreflejos.com.ar\/2021\/hoy-cumple-34-anos-la-escuela-de-educacion-agropecuaria-n-1-de-tornquist\/#breadcrumb\",\"itemListElement\":[{\"@type\":\"ListItem\",\"position\":1,\"name\":\"Portada\",\"item\":\"https:\/\/www.noticiasradioreflejos.com.ar\/2021\/\"},{\"@type\":\"ListItem\",\"position\":2,\"name\":\"Hoy cumple 34 a\u00f1os la Escuela de Educaci\u00f3n Agropecuaria N\u00b0 1 de Tornquist\"}]},{\"@type\":\"WebSite\",\"@id\":\"https:\/\/www.noticiasradioreflejos.com.ar\/2021\/#website\",\"url\":\"https:\/\/www.noticiasradioreflejos.com.ar\/2021\/\",\"name\":\"Noticias Radio Reflejos\",\"description\":\"Las noticias de mi comarca\",\"potentialAction\":[{\"@type\":\"SearchAction\",\"target\":{\"@type\":\"EntryPoint\",\"urlTemplate\":\"https:\/\/www.noticiasradioreflejos.com.ar\/2021\/?s={search_term_string}\"},\"query-input\":{\"@type\":\"PropertyValueSpecification\",\"valueRequired\":true,\"valueName\":\"search_term_string\"}}],\"inLanguage\":\"es\"},{\"@type\":\"Person\",\"@id\":\"https:\/\/www.noticiasradioreflejos.com.ar\/2021\/#\/schema\/person\/ad82545263dcc5ec0996818884fd5fb1\",\"name\":\"Arnaldo Botto\",\"image\":{\"@type\":\"ImageObject\",\"inLanguage\":\"es\",\"@id\":\"https:\/\/www.noticiasradioreflejos.com.ar\/2021\/#\/schema\/person\/image\/\",\"url\":\"https:\/\/secure.gravatar.com\/avatar\/55cb5e37c1efa326397366e6974cb338056df65cb50e7d64d1cf314e87504837?s=96&d=mm&r=g\",\"contentUrl\":\"https:\/\/secure.gravatar.com\/avatar\/55cb5e37c1efa326397366e6974cb338056df65cb50e7d64d1cf314e87504837?s=96&d=mm&r=g\",\"caption\":\"Arnaldo Botto\"},\"url\":\"https:\/\/www.noticiasradioreflejos.com.ar\/2021\/author\/arnaldo\/\"}]}<\/script>\n<!-- \/ Yoast SEO plugin. -->","yoast_head_json":{"title":"Hoy cumple 34 a\u00f1os la Escuela de Educaci\u00f3n Agropecuaria N\u00b0 1 de Tornquist - Noticias Radio Reflejos","robots":{"index":"index","follow":"follow","max-snippet":"max-snippet:-1","max-image-preview":"max-image-preview:large","max-video-preview":"max-video-preview:-1"},"canonical":"https:\/\/www.noticiasradioreflejos.com.ar\/2021\/hoy-cumple-34-anos-la-escuela-de-educacion-agropecuaria-n-1-de-tornquist\/","og_locale":"es_ES","og_type":"article","og_title":"Hoy cumple 34 a\u00f1os la Escuela de Educaci\u00f3n Agropecuaria N\u00b0 1 de Tornquist - Noticias Radio Reflejos","og_description":"Hoy, 20 de Abril cumple 34 a\u00f1os nuestra querida Escuela Agraria. Fue creada como anexo de la Escuela de Educaci\u00f3n Media N\u00b01 al incorporar el Ciclo Superior Agrario.","og_url":"https:\/\/www.noticiasradioreflejos.com.ar\/2021\/hoy-cumple-34-anos-la-escuela-de-educacion-agropecuaria-n-1-de-tornquist\/","og_site_name":"Noticias Radio Reflejos","article_published_time":"2021-04-20T11:40:35+00:00","og_image":[{"width":1280,"height":720,"url":"https:\/\/www.noticiasradioreflejos.com.ar\/2021\/wp-content\/uploads\/2021\/04\/Esc-Agropecuaria-6.jpeg","type":"image\/jpeg"}],"author":"Arnaldo Botto","twitter_card":"summary_large_image","schema":{"@context":"https:\/\/schema.org","@graph":[{"@type":"WebPage","@id":"https:\/\/www.noticiasradioreflejos.com.ar\/2021\/hoy-cumple-34-anos-la-escuela-de-educacion-agropecuaria-n-1-de-tornquist\/","url":"https:\/\/www.noticiasradioreflejos.com.ar\/2021\/hoy-cumple-34-anos-la-escuela-de-educacion-agropecuaria-n-1-de-tornquist\/","name":"Hoy cumple 34 a\u00f1os la Escuela de Educaci\u00f3n Agropecuaria N\u00b0 1 de Tornquist - Noticias Radio Reflejos","isPartOf":{"@id":"https:\/\/www.noticiasradioreflejos.com.ar\/2021\/#website"},"primaryImageOfPage":{"@id":"https:\/\/www.noticiasradioreflejos.com.ar\/2021\/hoy-cumple-34-anos-la-escuela-de-educacion-agropecuaria-n-1-de-tornquist\/#primaryimage"},"image":{"@id":"https:\/\/www.noticiasradioreflejos.com.ar\/2021\/hoy-cumple-34-anos-la-escuela-de-educacion-agropecuaria-n-1-de-tornquist\/#primaryimage"},"thumbnailUrl":"https:\/\/www.noticiasradioreflejos.com.ar\/2021\/wp-content\/uploads\/2021\/04\/Esc-Agropecuaria-6.jpeg","datePublished":"2021-04-20T11:40:35+00:00","author":{"@id":"https:\/\/www.noticiasradioreflejos.com.ar\/2021\/#\/schema\/person\/ad82545263dcc5ec0996818884fd5fb1"},"breadcrumb":{"@id":"https:\/\/www.noticiasradioreflejos.com.ar\/2021\/hoy-cumple-34-anos-la-escuela-de-educacion-agropecuaria-n-1-de-tornquist\/#breadcrumb"},"inLanguage":"es","potentialAction":[{"@type":"ReadAction","target":["https:\/\/www.noticiasradioreflejos.com.ar\/2021\/hoy-cumple-34-anos-la-escuela-de-educacion-agropecuaria-n-1-de-tornquist\/"]}]},{"@type":"ImageObject","inLanguage":"es","@id":"https:\/\/www.noticiasradioreflejos.com.ar\/2021\/hoy-cumple-34-anos-la-escuela-de-educacion-agropecuaria-n-1-de-tornquist\/#primaryimage","url":"https:\/\/www.noticiasradioreflejos.com.ar\/2021\/wp-content\/uploads\/2021\/04\/Esc-Agropecuaria-6.jpeg","contentUrl":"https:\/\/www.noticiasradioreflejos.com.ar\/2021\/wp-content\/uploads\/2021\/04\/Esc-Agropecuaria-6.jpeg","width":1280,"height":720},{"@type":"BreadcrumbList","@id":"https:\/\/www.noticiasradioreflejos.com.ar\/2021\/hoy-cumple-34-anos-la-escuela-de-educacion-agropecuaria-n-1-de-tornquist\/#breadcrumb","itemListElement":[{"@type":"ListItem","position":1,"name":"Portada","item":"https:\/\/www.noticiasradioreflejos.com.ar\/2021\/"},{"@type":"ListItem","position":2,"name":"Hoy cumple 34 a\u00f1os la Escuela de Educaci\u00f3n Agropecuaria N\u00b0 1 de Tornquist"}]},{"@type":"WebSite","@id":"https:\/\/www.noticiasradioreflejos.com.ar\/2021\/#website","url":"https:\/\/www.noticiasradioreflejos.com.ar\/2021\/","name":"Noticias Radio Reflejos","description":"Las noticias de mi comarca","potentialAction":[{"@type":"SearchAction","target":{"@type":"EntryPoint","urlTemplate":"https:\/\/www.noticiasradioreflejos.com.ar\/2021\/?s={search_term_string}"},"query-input":{"@type":"PropertyValueSpecification","valueRequired":true,"valueName":"search_term_string"}}],"inLanguage":"es"},{"@type":"Person","@id":"https:\/\/www.noticiasradioreflejos.com.ar\/2021\/#\/schema\/person\/ad82545263dcc5ec0996818884fd5fb1","name":"Arnaldo Botto","image":{"@type":"ImageObject","inLanguage":"es","@id":"https:\/\/www.noticiasradioreflejos.com.ar\/2021\/#\/schema\/person\/image\/","url":"https:\/\/secure.gravatar.com\/avatar\/55cb5e37c1efa326397366e6974cb338056df65cb50e7d64d1cf314e87504837?s=96&d=mm&r=g","contentUrl":"https:\/\/secure.gravatar.com\/avatar\/55cb5e37c1efa326397366e6974cb338056df65cb50e7d64d1cf314e87504837?s=96&d=mm&r=g","caption":"Arnaldo Botto"},"url":"https:\/\/www.noticiasradioreflejos.com.ar\/2021\/author\/arnaldo\/"}]}},"_links":{"self":[{"href":"https:\/\/www.noticiasradioreflejos.com.ar\/2021\/wp-json\/wp\/v2\/posts\/55624","targetHints":{"allow":["GET"]}}],"collection":[{"href":"https:\/\/www.noticiasradioreflejos.com.ar\/2021\/wp-json\/wp\/v2\/posts"}],"about":[{"href":"https:\/\/www.noticiasradioreflejos.com.ar\/2021\/wp-json\/wp\/v2\/types\/post"}],"author":[{"embeddable":true,"href":"https:\/\/www.noticiasradioreflejos.com.ar\/2021\/wp-json\/wp\/v2\/users\/3"}],"replies":[{"embeddable":true,"href":"https:\/\/www.noticiasradioreflejos.com.ar\/2021\/wp-json\/wp\/v2\/comments?post=55624"}],"version-history":[{"count":0,"href":"https:\/\/www.noticiasradioreflejos.com.ar\/2021\/wp-json\/wp\/v2\/posts\/55624\/revisions"}],"wp:featuredmedia":[{"embeddable":true,"href":"https:\/\/www.noticiasradioreflejos.com.ar\/2021\/wp-json\/wp\/v2\/media\/55625"}],"wp:attachment":[{"href":"https:\/\/www.noticiasradioreflejos.com.ar\/2021\/wp-json\/wp\/v2\/media?parent=55624"}],"wp:term":[{"taxonomy":"category","embeddable":true,"href":"https:\/\/www.noticiasradioreflejos.com.ar\/2021\/wp-json\/wp\/v2\/categories?post=55624"},{"taxonomy":"post_tag","embeddable":true,"href":"https:\/\/www.noticiasradioreflejos.com.ar\/2021\/wp-json\/wp\/v2\/tags?post=55624"}],"curies":[{"name":"wp","href":"https:\/\/api.w.org\/{rel}","templated":true}]}}