{"id":55622,"date":"2021-04-20T08:28:40","date_gmt":"2021-04-20T11:28:40","guid":{"rendered":"http:\/\/www.noticiasradioreflejos.com.ar\/noticias\/?p=55622"},"modified":"2021-04-20T08:28:40","modified_gmt":"2021-04-20T11:28:40","slug":"sesiona-este-martes-20-el-concejo-deliberante-de-tornquist","status":"publish","type":"post","link":"https:\/\/www.noticiasradioreflejos.com.ar\/2021\/sesiona-este-martes-20-el-concejo-deliberante-de-tornquist\/","title":{"rendered":"Sesiona este martes 20 el Concejo Deliberante de Tornquist"},"content":{"rendered":"<p>Desde las 20 hs en el recinto del palacio municipal donde tratar\u00e1n el siguiente Orden del D\u00eda:<!--more--><\/p>\n<p>1.- Aprobaci\u00f3n del Acta N\u00ba 1159\/21.<\/p>\n<p>2.- Comunicaciones Oficiales: &#8212;&#8212;&#8212;&#8212;&#8212;&#8212;&#8212;&#8212;&#8212;&#8212;&#8212;&#8212;&#8212;&#8212;&#8212;&#8212;&#8212;&#8212;&#8212;&#8212;&#8212;&#8212;-<br \/>\n#Expte. N\u00ba 082\/21: &#8211; D.E. \u2013 Autoriza la firma del Convenio Marco de Colaboraci\u00f3n Institucional e\/ la Agencia de Recaudaci\u00f3n de la Pcia. de Bs. As. y la Municipalidad de Tornquist.<br \/>\n#Expte. N\u00ba 083\/21: &#8211; D.E. \u2013 Convalida la firma del Contrato de Locaci\u00f3n celebrado e\/Carlos Alberto Pando y el Municipio de Tornquist \u2013 Vivienda agente policial La Gruta<br \/>\n#Expte. N\u00ba 092\/21: D.E. Autorizar al Municipio de Tornquist a concretar la operaci\u00f3n de cr\u00e9dito y\/o financiamiento p\/la compra de una Retroexcavadora New Holland B90B 0 km.&#8212;&#8212;&#8212;&#8212;&#8212;&#8212;&#8212;&#8212;&#8212;&#8212;&#8212;&#8212;&#8212;&#8212;&#8212;&#8212;&#8212;&#8212;&#8212;&#8212;&#8212;&#8212;&#8212;&#8212;&#8212;&#8212;&#8212;&#8212;<br \/>\n#Expte. N\u00ba 7192\/20: Bloques Frente de Todos y Frente Justicialista Cumplir- Proyecto de Ordenanza: Crea Mesa Local Intersectorial- Violencia Familiar y de G\u00e9nero.<br \/>\n#Expte. N\u00ba 7266\/21: &#8211; N.P. \u2013 Hermanos Balbiano: Presentan Proyecto de Ordenanza en ref. a acompa\u00f1amiento de pacientes con Covid-19.<\/p>\n<p>3.-Dict\u00e1menes de las Comisiones: &#8212;&#8212;&#8212;&#8212;&#8212;&#8212;&#8212;&#8212;&#8212;&#8212;&#8212;&#8212;&#8212;&#8212;&#8212;&#8212;&#8212;&#8212;&#8212;&#8212;-<br \/>\n#Expte. N\u00ba 061\/21: &#8211; N.P. &#8211; Pte. Bloque Frente de Todos y F.J.C. solicitan el env\u00edo del Proyecto de Erradicaci\u00f3n de Basurales a nivel Interdistrital e informe del funcionamiento de los Basuriles de Tornquist y Saldungaray.<br \/>\n#Expte. N\u00ba 6639\/14: &#8211; N.P. \u2013 Vecinos de Chasic\u00f3: copia de la nota enviada al Intendente Municipal ref. reclamo por el estado de la Calle principal de la localidad, el acceso a la Ruta Nacional N\u00ba 35 y los caminos de tierra a la cabecera del Distrito<br \/>\n#Expte. N\u00ba 7234\/21: &#8211; Bloques Frente de Todos y Frente Justicialista Cumplir \u2013 Proyecto de Ordenanza: Creaci\u00f3n Programa \u201cG\u00f3ndola local\u201d.<br \/>\n#Expte. N\u00ba 7263\/21: &#8211; Bloques Cambiemos y Juntos por el Cambio &#8211; Proyecto de Ordenanza: Creaci\u00f3n Registro Municipal de Vacunados Covid-19.<br \/>\n#Expte. N\u00ba 7264\/21: &#8211; N.P. &#8211; Asociaci\u00f3n Fomento de Villa Ventana: Solicita relevamiento y declaraci\u00f3n de Inter\u00e9s Tur\u00edstico y Cultural de las Lambertianas existentes en Villa Ventana<br \/>\n#Expte. N\u00ba 7271\/21: &#8211; N.P. \u2013 Dora Ana Nori: Solicitud Banca 13.<br \/>\n#Expte. N\u00ba 7272\/20: &#8211; N.P. \u2013 C\u00e1mara de Comercio y Turismo de Villa Ventana: Reclamo por el estado de las calles.<br \/>\n4.- Proyectos Presentados<br \/>\n5.- Asuntos Particulares.<\/p>\n<p>DIA DE LA SESION: 20 de abril de 2021.-<br \/>\nHORA DE COMIENZO: 20:00 Hs.-<\/p>\n<p><strong>Jos\u00e9 M. Castro\u00a0 \u00a0 \u00a0 \u00a0 \u00a0 \u00a0 \u00a0 \u00a0 \u00a0 \u00a0 \u00a0 \u00a0 \u00a0 \u00a0 \u00a0 \u00a0 \u00a0 \u00a0 \u00a0 \u00a0 \u00a0 \u00a0 \u00a0 \u00a0 \u00a0 \u00a0 \u00a0 \u00a0 \u00a0 \u00a0 \u00a0 \u00a0 Cristian Raising<\/strong><br \/>\n<strong>\u00a0 \u00a0 \u00a0Secretario\u00a0 \u00a0 \u00a0 \u00a0 \u00a0 \u00a0 \u00a0 \u00a0 \u00a0 \u00a0 \u00a0 \u00a0 \u00a0 \u00a0 \u00a0 \u00a0 \u00a0 \u00a0 \u00a0 \u00a0 \u00a0 \u00a0 \u00a0 \u00a0 \u00a0 \u00a0 \u00a0 \u00a0 \u00a0 \u00a0 \u00a0 \u00a0 \u00a0 \u00a0 Vicepresidente 1\u00ba<\/strong><br \/>\n<strong>\u00a0 \u00a0 \u00a0 \u00a0 H.C.D.\u00a0 \u00a0 \u00a0 \u00a0 \u00a0 \u00a0 \u00a0 \u00a0 \u00a0 \u00a0 \u00a0 \u00a0 \u00a0 \u00a0 \u00a0 \u00a0 \u00a0 \u00a0 \u00a0 \u00a0 \u00a0 \u00a0 \u00a0 \u00a0 \u00a0 \u00a0 \u00a0 \u00a0 \u00a0 \u00a0 \u00a0 \u00a0 \u00a0 \u00a0 \u00a0 \u00a0 \u00a0 \u00a0 \u00a0 \u00a0 H.C.D.<\/strong><\/p>\n","protected":false},"excerpt":{"rendered":"<p>Desde las 20 hs en el recinto del palacio municipal donde tratar\u00e1n el siguiente Orden del D\u00eda:<\/p>\n","protected":false},"author":3,"featured_media":0,"comment_status":"closed","ping_status":"open","sticky":false,"template":"","format":"standard","meta":{"footnotes":""},"categories":[28],"tags":[],"class_list":["post-55622","post","type-post","status-publish","format-standard","hentry","category-municipales"],"yoast_head":"<!-- This site is optimized with the Yoast SEO plugin v25.9 - https:\/\/yoast.com\/wordpress\/plugins\/seo\/ -->\n<title>Sesiona este martes 20 el Concejo Deliberante de Tornquist - Noticias Radio Reflejos<\/title>\n<meta name=\"robots\" content=\"index, follow, max-snippet:-1, max-image-preview:large, max-video-preview:-1\" \/>\n<link rel=\"canonical\" href=\"https:\/\/www.noticiasradioreflejos.com.ar\/2021\/sesiona-este-martes-20-el-concejo-deliberante-de-tornquist\/\" \/>\n<meta property=\"og:locale\" content=\"es_ES\" \/>\n<meta property=\"og:type\" content=\"article\" \/>\n<meta property=\"og:title\" content=\"Sesiona este martes 20 el Concejo Deliberante de Tornquist - Noticias Radio Reflejos\" \/>\n<meta property=\"og:description\" content=\"Desde las 20 hs en el recinto del palacio municipal donde tratar\u00e1n el siguiente Orden del D\u00eda:\" \/>\n<meta property=\"og:url\" content=\"https:\/\/www.noticiasradioreflejos.com.ar\/2021\/sesiona-este-martes-20-el-concejo-deliberante-de-tornquist\/\" \/>\n<meta property=\"og:site_name\" content=\"Noticias Radio Reflejos\" \/>\n<meta property=\"article:published_time\" content=\"2021-04-20T11:28:40+00:00\" \/>\n<meta property=\"og:image\" content=\"https:\/\/www.noticiasradioreflejos.com.ar\/2021\/wp-content\/uploads\/2021\/07\/logosol300x200.png\" \/>\n\t<meta property=\"og:image:width\" content=\"300\" \/>\n\t<meta property=\"og:image:height\" content=\"200\" \/>\n\t<meta property=\"og:image:type\" content=\"image\/png\" \/>\n<meta name=\"author\" content=\"Arnaldo Botto\" \/>\n<meta name=\"twitter:card\" content=\"summary_large_image\" \/>\n<script type=\"application\/ld+json\" class=\"yoast-schema-graph\">{\"@context\":\"https:\/\/schema.org\",\"@graph\":[{\"@type\":\"WebPage\",\"@id\":\"https:\/\/www.noticiasradioreflejos.com.ar\/2021\/sesiona-este-martes-20-el-concejo-deliberante-de-tornquist\/\",\"url\":\"https:\/\/www.noticiasradioreflejos.com.ar\/2021\/sesiona-este-martes-20-el-concejo-deliberante-de-tornquist\/\",\"name\":\"Sesiona este martes 20 el Concejo Deliberante de Tornquist - Noticias Radio Reflejos\",\"isPartOf\":{\"@id\":\"https:\/\/www.noticiasradioreflejos.com.ar\/2021\/#website\"},\"datePublished\":\"2021-04-20T11:28:40+00:00\",\"author\":{\"@id\":\"https:\/\/www.noticiasradioreflejos.com.ar\/2021\/#\/schema\/person\/ad82545263dcc5ec0996818884fd5fb1\"},\"breadcrumb\":{\"@id\":\"https:\/\/www.noticiasradioreflejos.com.ar\/2021\/sesiona-este-martes-20-el-concejo-deliberante-de-tornquist\/#breadcrumb\"},\"inLanguage\":\"es\",\"potentialAction\":[{\"@type\":\"ReadAction\",\"target\":[\"https:\/\/www.noticiasradioreflejos.com.ar\/2021\/sesiona-este-martes-20-el-concejo-deliberante-de-tornquist\/\"]}]},{\"@type\":\"BreadcrumbList\",\"@id\":\"https:\/\/www.noticiasradioreflejos.com.ar\/2021\/sesiona-este-martes-20-el-concejo-deliberante-de-tornquist\/#breadcrumb\",\"itemListElement\":[{\"@type\":\"ListItem\",\"position\":1,\"name\":\"Portada\",\"item\":\"https:\/\/www.noticiasradioreflejos.com.ar\/2021\/\"},{\"@type\":\"ListItem\",\"position\":2,\"name\":\"Sesiona este martes 20 el Concejo Deliberante de Tornquist\"}]},{\"@type\":\"WebSite\",\"@id\":\"https:\/\/www.noticiasradioreflejos.com.ar\/2021\/#website\",\"url\":\"https:\/\/www.noticiasradioreflejos.com.ar\/2021\/\",\"name\":\"Noticias Radio Reflejos\",\"description\":\"Las noticias de mi comarca\",\"potentialAction\":[{\"@type\":\"SearchAction\",\"target\":{\"@type\":\"EntryPoint\",\"urlTemplate\":\"https:\/\/www.noticiasradioreflejos.com.ar\/2021\/?s={search_term_string}\"},\"query-input\":{\"@type\":\"PropertyValueSpecification\",\"valueRequired\":true,\"valueName\":\"search_term_string\"}}],\"inLanguage\":\"es\"},{\"@type\":\"Person\",\"@id\":\"https:\/\/www.noticiasradioreflejos.com.ar\/2021\/#\/schema\/person\/ad82545263dcc5ec0996818884fd5fb1\",\"name\":\"Arnaldo Botto\",\"image\":{\"@type\":\"ImageObject\",\"inLanguage\":\"es\",\"@id\":\"https:\/\/www.noticiasradioreflejos.com.ar\/2021\/#\/schema\/person\/image\/\",\"url\":\"https:\/\/secure.gravatar.com\/avatar\/55cb5e37c1efa326397366e6974cb338056df65cb50e7d64d1cf314e87504837?s=96&d=mm&r=g\",\"contentUrl\":\"https:\/\/secure.gravatar.com\/avatar\/55cb5e37c1efa326397366e6974cb338056df65cb50e7d64d1cf314e87504837?s=96&d=mm&r=g\",\"caption\":\"Arnaldo Botto\"},\"url\":\"https:\/\/www.noticiasradioreflejos.com.ar\/2021\/author\/arnaldo\/\"}]}<\/script>\n<!-- \/ Yoast SEO plugin. -->","yoast_head_json":{"title":"Sesiona este martes 20 el Concejo Deliberante de Tornquist - Noticias Radio Reflejos","robots":{"index":"index","follow":"follow","max-snippet":"max-snippet:-1","max-image-preview":"max-image-preview:large","max-video-preview":"max-video-preview:-1"},"canonical":"https:\/\/www.noticiasradioreflejos.com.ar\/2021\/sesiona-este-martes-20-el-concejo-deliberante-de-tornquist\/","og_locale":"es_ES","og_type":"article","og_title":"Sesiona este martes 20 el Concejo Deliberante de Tornquist - Noticias Radio Reflejos","og_description":"Desde las 20 hs en el recinto del palacio municipal donde tratar\u00e1n el siguiente Orden del D\u00eda:","og_url":"https:\/\/www.noticiasradioreflejos.com.ar\/2021\/sesiona-este-martes-20-el-concejo-deliberante-de-tornquist\/","og_site_name":"Noticias Radio Reflejos","article_published_time":"2021-04-20T11:28:40+00:00","og_image":[{"width":300,"height":200,"url":"https:\/\/www.noticiasradioreflejos.com.ar\/2021\/wp-content\/uploads\/2021\/07\/logosol300x200.png","type":"image\/png"}],"author":"Arnaldo Botto","twitter_card":"summary_large_image","schema":{"@context":"https:\/\/schema.org","@graph":[{"@type":"WebPage","@id":"https:\/\/www.noticiasradioreflejos.com.ar\/2021\/sesiona-este-martes-20-el-concejo-deliberante-de-tornquist\/","url":"https:\/\/www.noticiasradioreflejos.com.ar\/2021\/sesiona-este-martes-20-el-concejo-deliberante-de-tornquist\/","name":"Sesiona este martes 20 el Concejo Deliberante de Tornquist - Noticias Radio Reflejos","isPartOf":{"@id":"https:\/\/www.noticiasradioreflejos.com.ar\/2021\/#website"},"datePublished":"2021-04-20T11:28:40+00:00","author":{"@id":"https:\/\/www.noticiasradioreflejos.com.ar\/2021\/#\/schema\/person\/ad82545263dcc5ec0996818884fd5fb1"},"breadcrumb":{"@id":"https:\/\/www.noticiasradioreflejos.com.ar\/2021\/sesiona-este-martes-20-el-concejo-deliberante-de-tornquist\/#breadcrumb"},"inLanguage":"es","potentialAction":[{"@type":"ReadAction","target":["https:\/\/www.noticiasradioreflejos.com.ar\/2021\/sesiona-este-martes-20-el-concejo-deliberante-de-tornquist\/"]}]},{"@type":"BreadcrumbList","@id":"https:\/\/www.noticiasradioreflejos.com.ar\/2021\/sesiona-este-martes-20-el-concejo-deliberante-de-tornquist\/#breadcrumb","itemListElement":[{"@type":"ListItem","position":1,"name":"Portada","item":"https:\/\/www.noticiasradioreflejos.com.ar\/2021\/"},{"@type":"ListItem","position":2,"name":"Sesiona este martes 20 el Concejo Deliberante de Tornquist"}]},{"@type":"WebSite","@id":"https:\/\/www.noticiasradioreflejos.com.ar\/2021\/#website","url":"https:\/\/www.noticiasradioreflejos.com.ar\/2021\/","name":"Noticias Radio Reflejos","description":"Las noticias de mi comarca","potentialAction":[{"@type":"SearchAction","target":{"@type":"EntryPoint","urlTemplate":"https:\/\/www.noticiasradioreflejos.com.ar\/2021\/?s={search_term_string}"},"query-input":{"@type":"PropertyValueSpecification","valueRequired":true,"valueName":"search_term_string"}}],"inLanguage":"es"},{"@type":"Person","@id":"https:\/\/www.noticiasradioreflejos.com.ar\/2021\/#\/schema\/person\/ad82545263dcc5ec0996818884fd5fb1","name":"Arnaldo Botto","image":{"@type":"ImageObject","inLanguage":"es","@id":"https:\/\/www.noticiasradioreflejos.com.ar\/2021\/#\/schema\/person\/image\/","url":"https:\/\/secure.gravatar.com\/avatar\/55cb5e37c1efa326397366e6974cb338056df65cb50e7d64d1cf314e87504837?s=96&d=mm&r=g","contentUrl":"https:\/\/secure.gravatar.com\/avatar\/55cb5e37c1efa326397366e6974cb338056df65cb50e7d64d1cf314e87504837?s=96&d=mm&r=g","caption":"Arnaldo Botto"},"url":"https:\/\/www.noticiasradioreflejos.com.ar\/2021\/author\/arnaldo\/"}]}},"_links":{"self":[{"href":"https:\/\/www.noticiasradioreflejos.com.ar\/2021\/wp-json\/wp\/v2\/posts\/55622","targetHints":{"allow":["GET"]}}],"collection":[{"href":"https:\/\/www.noticiasradioreflejos.com.ar\/2021\/wp-json\/wp\/v2\/posts"}],"about":[{"href":"https:\/\/www.noticiasradioreflejos.com.ar\/2021\/wp-json\/wp\/v2\/types\/post"}],"author":[{"embeddable":true,"href":"https:\/\/www.noticiasradioreflejos.com.ar\/2021\/wp-json\/wp\/v2\/users\/3"}],"replies":[{"embeddable":true,"href":"https:\/\/www.noticiasradioreflejos.com.ar\/2021\/wp-json\/wp\/v2\/comments?post=55622"}],"version-history":[{"count":0,"href":"https:\/\/www.noticiasradioreflejos.com.ar\/2021\/wp-json\/wp\/v2\/posts\/55622\/revisions"}],"wp:attachment":[{"href":"https:\/\/www.noticiasradioreflejos.com.ar\/2021\/wp-json\/wp\/v2\/media?parent=55622"}],"wp:term":[{"taxonomy":"category","embeddable":true,"href":"https:\/\/www.noticiasradioreflejos.com.ar\/2021\/wp-json\/wp\/v2\/categories?post=55622"},{"taxonomy":"post_tag","embeddable":true,"href":"https:\/\/www.noticiasradioreflejos.com.ar\/2021\/wp-json\/wp\/v2\/tags?post=55622"}],"curies":[{"name":"wp","href":"https:\/\/api.w.org\/{rel}","templated":true}]}}