{"id":55610,"date":"2021-04-19T17:50:16","date_gmt":"2021-04-19T20:50:16","guid":{"rendered":"http:\/\/www.noticiasradioreflejos.com.ar\/noticias\/?p=55610"},"modified":"2021-04-19T17:50:16","modified_gmt":"2021-04-19T20:50:16","slug":"distribuidoras-electricas-no-podran-suspender-el-servicio-a-grupos-vulnerables-por-falta-de-pago","status":"publish","type":"post","link":"https:\/\/www.noticiasradioreflejos.com.ar\/2021\/distribuidoras-electricas-no-podran-suspender-el-servicio-a-grupos-vulnerables-por-falta-de-pago\/","title":{"rendered":"Distribuidoras el\u00e9ctricas no podr\u00e1n suspender el servicio a grupos vulnerables por falta de pago"},"content":{"rendered":"<h1><\/h1>\n<div class=\"adelanto\">\n<p>Lo dispuso el Ministerio de Infraestructura y Servicios P\u00fablicos.<\/p>\n<\/div>\n<p><!--more--><\/p>\n<div class=\"text\">\n<p>El Gobierno bonaerense firm\u00f3 hoy la resoluci\u00f3n que impide, en el marco de la emergencia sanitaria declarada por la pandemia de coronavirus, la interrupci\u00f3n del suministro de servicio el\u00e9ctrico en caso de falta de pago a los sectores vulnerables, inform\u00f3 el Ministerio de Infraestructura y Servicios P\u00fablicos.<\/p>\n<p>Seg\u00fan la resoluci\u00f3n ministerial, las distribuidoras del servicio el\u00e9ctrico bajo su jurisdicci\u00f3n no podr\u00e1n disponer de la suspensi\u00f3n o el corte del suministro de energ\u00eda el\u00e9ctrica en caso de mora o falta de pago de hasta tres facturas consecutivas con vencimientos desde el 1\u00b0 de marzo de 2020.<\/p>\n<p>Los usuarios alcanzados por la resoluci\u00f3n publicada en el Bolet\u00edn Oficial son: beneficiarios de la Asignaci\u00f3n Universal por Hijo (AUH) y la Asignaci\u00f3n por Embarazo y beneficiarios de Pensiones no Contributivas que perciban ingresos mensuales brutos no superiores a dos veces el salario m\u00ednimo vital y m\u00f3vil.<\/p>\n<p>Tambi\u00e9n alcanza a los usuarios inscriptos en el R\u00e9gimen de Monotributo Social; los jubilados, pensionados y trabajadores en relaci\u00f3n de dependencia que perciban una remuneraci\u00f3n bruta menor o igual a dos salarios m\u00ednimos vitales y m\u00f3viles y usuarios que perciben seguro de desempleo.<\/p>\n<p>Adem\u00e1s, abarca a los electrodependientes, beneficiarios de la Ley N\u00b0 27.351; los usuarios incorporados en el R\u00e9gimen Especial de Seguridad Social para Empleados de Casas Particulares (Ley N\u00b0 26.844) y los exentos en el pago de ABL o tributos locales de igual naturaleza.<\/p>\n<p>Por otro lado, los usuarios alcanzados no residenciales son las micro, peque\u00f1as y medianas empresas (mipymes), conforme lo dispuesto por la Ley N\u00b0 25.300 afectadas en la emergencia, seg\u00fan lo establezca la reglamentaci\u00f3n y las cooperativas de trabajo o empresas recuperadas inscriptas en el Instituto Nacional de Asociativismo y Econom\u00eda Social (Inaes) afectadas en la emergencia, seg\u00fan lo establezca la reglamentaci\u00f3n.<\/p>\n<p>Tambi\u00e9n se incluye a las instituciones de salud, p\u00fablicas y privadas, afectadas en la emergencia, seg\u00fan lo establezca la reglamentaci\u00f3n y las entidades de bien p\u00fablico que contribuyan a la elaboraci\u00f3n y distribuci\u00f3n de alimentos en el marco de la emergencia alimentaria.<\/p>\n<p>El Ministerio de Infraestructura y Servicios P\u00fablicos facult\u00f3 al Organismo de Control de Energ\u00eda El\u00e9ctrica de la Provincia de Buenos Aires (Oceba) a determinar las pautas y condiciones para la implementaci\u00f3n de las medidas adoptadas.<\/p>\n<p>(Telam)<\/p>\n<\/div>\n<div><img decoding=\"async\" src=\"https:\/\/www.noticiastornquist.com.ar\/imagen.php?imagen=\/imgpedidomedidor.jpg\" \/><\/div>\n","protected":false},"excerpt":{"rendered":"<p>Lo dispuso el Ministerio de Infraestructura y Servicios P\u00fablicos.<\/p>\n","protected":false},"author":3,"featured_media":0,"comment_status":"closed","ping_status":"open","sticky":false,"template":"","format":"standard","meta":{"footnotes":""},"categories":[36,26],"tags":[],"class_list":["post-55610","post","type-post","status-publish","format-standard","hentry","category-economia","category-sociedad"],"yoast_head":"<!-- This site is optimized with the Yoast SEO plugin v25.9 - https:\/\/yoast.com\/wordpress\/plugins\/seo\/ -->\n<title>Distribuidoras el\u00e9ctricas no podr\u00e1n suspender el servicio a grupos vulnerables por falta de pago - Noticias Radio Reflejos<\/title>\n<meta name=\"robots\" content=\"index, follow, max-snippet:-1, max-image-preview:large, max-video-preview:-1\" \/>\n<link rel=\"canonical\" href=\"https:\/\/www.noticiasradioreflejos.com.ar\/2021\/distribuidoras-electricas-no-podran-suspender-el-servicio-a-grupos-vulnerables-por-falta-de-pago\/\" \/>\n<meta property=\"og:locale\" content=\"es_ES\" \/>\n<meta property=\"og:type\" content=\"article\" \/>\n<meta property=\"og:title\" content=\"Distribuidoras el\u00e9ctricas no podr\u00e1n suspender el servicio a grupos vulnerables por falta de pago - Noticias Radio Reflejos\" \/>\n<meta property=\"og:description\" content=\"Lo dispuso el Ministerio de Infraestructura y Servicios P\u00fablicos.\" \/>\n<meta property=\"og:url\" content=\"https:\/\/www.noticiasradioreflejos.com.ar\/2021\/distribuidoras-electricas-no-podran-suspender-el-servicio-a-grupos-vulnerables-por-falta-de-pago\/\" \/>\n<meta property=\"og:site_name\" content=\"Noticias Radio Reflejos\" \/>\n<meta property=\"article:published_time\" content=\"2021-04-19T20:50:16+00:00\" \/>\n<meta property=\"og:image\" content=\"https:\/\/www.noticiastornquist.com.ar\/imagen.php?imagen=\/imgpedidomedidor.jpg\" \/>\n<meta name=\"author\" content=\"Arnaldo Botto\" \/>\n<meta name=\"twitter:card\" content=\"summary_large_image\" \/>\n<script type=\"application\/ld+json\" class=\"yoast-schema-graph\">{\"@context\":\"https:\/\/schema.org\",\"@graph\":[{\"@type\":\"WebPage\",\"@id\":\"https:\/\/www.noticiasradioreflejos.com.ar\/2021\/distribuidoras-electricas-no-podran-suspender-el-servicio-a-grupos-vulnerables-por-falta-de-pago\/\",\"url\":\"https:\/\/www.noticiasradioreflejos.com.ar\/2021\/distribuidoras-electricas-no-podran-suspender-el-servicio-a-grupos-vulnerables-por-falta-de-pago\/\",\"name\":\"Distribuidoras el\u00e9ctricas no podr\u00e1n suspender el servicio a grupos vulnerables por falta de pago - Noticias Radio Reflejos\",\"isPartOf\":{\"@id\":\"https:\/\/www.noticiasradioreflejos.com.ar\/2021\/#website\"},\"primaryImageOfPage\":{\"@id\":\"https:\/\/www.noticiasradioreflejos.com.ar\/2021\/distribuidoras-electricas-no-podran-suspender-el-servicio-a-grupos-vulnerables-por-falta-de-pago\/#primaryimage\"},\"image\":{\"@id\":\"https:\/\/www.noticiasradioreflejos.com.ar\/2021\/distribuidoras-electricas-no-podran-suspender-el-servicio-a-grupos-vulnerables-por-falta-de-pago\/#primaryimage\"},\"thumbnailUrl\":\"https:\/\/www.noticiastornquist.com.ar\/imagen.php?imagen=\/imgpedidomedidor.jpg\",\"datePublished\":\"2021-04-19T20:50:16+00:00\",\"author\":{\"@id\":\"https:\/\/www.noticiasradioreflejos.com.ar\/2021\/#\/schema\/person\/ad82545263dcc5ec0996818884fd5fb1\"},\"breadcrumb\":{\"@id\":\"https:\/\/www.noticiasradioreflejos.com.ar\/2021\/distribuidoras-electricas-no-podran-suspender-el-servicio-a-grupos-vulnerables-por-falta-de-pago\/#breadcrumb\"},\"inLanguage\":\"es\",\"potentialAction\":[{\"@type\":\"ReadAction\",\"target\":[\"https:\/\/www.noticiasradioreflejos.com.ar\/2021\/distribuidoras-electricas-no-podran-suspender-el-servicio-a-grupos-vulnerables-por-falta-de-pago\/\"]}]},{\"@type\":\"ImageObject\",\"inLanguage\":\"es\",\"@id\":\"https:\/\/www.noticiasradioreflejos.com.ar\/2021\/distribuidoras-electricas-no-podran-suspender-el-servicio-a-grupos-vulnerables-por-falta-de-pago\/#primaryimage\",\"url\":\"https:\/\/www.noticiastornquist.com.ar\/imagen.php?imagen=\/imgpedidomedidor.jpg\",\"contentUrl\":\"https:\/\/www.noticiastornquist.com.ar\/imagen.php?imagen=\/imgpedidomedidor.jpg\"},{\"@type\":\"BreadcrumbList\",\"@id\":\"https:\/\/www.noticiasradioreflejos.com.ar\/2021\/distribuidoras-electricas-no-podran-suspender-el-servicio-a-grupos-vulnerables-por-falta-de-pago\/#breadcrumb\",\"itemListElement\":[{\"@type\":\"ListItem\",\"position\":1,\"name\":\"Portada\",\"item\":\"https:\/\/www.noticiasradioreflejos.com.ar\/2021\/\"},{\"@type\":\"ListItem\",\"position\":2,\"name\":\"Distribuidoras el\u00e9ctricas no podr\u00e1n suspender el servicio a grupos vulnerables por falta de pago\"}]},{\"@type\":\"WebSite\",\"@id\":\"https:\/\/www.noticiasradioreflejos.com.ar\/2021\/#website\",\"url\":\"https:\/\/www.noticiasradioreflejos.com.ar\/2021\/\",\"name\":\"Noticias Radio Reflejos\",\"description\":\"Las noticias de mi comarca\",\"potentialAction\":[{\"@type\":\"SearchAction\",\"target\":{\"@type\":\"EntryPoint\",\"urlTemplate\":\"https:\/\/www.noticiasradioreflejos.com.ar\/2021\/?s={search_term_string}\"},\"query-input\":{\"@type\":\"PropertyValueSpecification\",\"valueRequired\":true,\"valueName\":\"search_term_string\"}}],\"inLanguage\":\"es\"},{\"@type\":\"Person\",\"@id\":\"https:\/\/www.noticiasradioreflejos.com.ar\/2021\/#\/schema\/person\/ad82545263dcc5ec0996818884fd5fb1\",\"name\":\"Arnaldo Botto\",\"image\":{\"@type\":\"ImageObject\",\"inLanguage\":\"es\",\"@id\":\"https:\/\/www.noticiasradioreflejos.com.ar\/2021\/#\/schema\/person\/image\/\",\"url\":\"https:\/\/secure.gravatar.com\/avatar\/55cb5e37c1efa326397366e6974cb338056df65cb50e7d64d1cf314e87504837?s=96&d=mm&r=g\",\"contentUrl\":\"https:\/\/secure.gravatar.com\/avatar\/55cb5e37c1efa326397366e6974cb338056df65cb50e7d64d1cf314e87504837?s=96&d=mm&r=g\",\"caption\":\"Arnaldo Botto\"},\"url\":\"https:\/\/www.noticiasradioreflejos.com.ar\/2021\/author\/arnaldo\/\"}]}<\/script>\n<!-- \/ Yoast SEO plugin. -->","yoast_head_json":{"title":"Distribuidoras el\u00e9ctricas no podr\u00e1n suspender el servicio a grupos vulnerables por falta de pago - Noticias Radio Reflejos","robots":{"index":"index","follow":"follow","max-snippet":"max-snippet:-1","max-image-preview":"max-image-preview:large","max-video-preview":"max-video-preview:-1"},"canonical":"https:\/\/www.noticiasradioreflejos.com.ar\/2021\/distribuidoras-electricas-no-podran-suspender-el-servicio-a-grupos-vulnerables-por-falta-de-pago\/","og_locale":"es_ES","og_type":"article","og_title":"Distribuidoras el\u00e9ctricas no podr\u00e1n suspender el servicio a grupos vulnerables por falta de pago - Noticias Radio Reflejos","og_description":"Lo dispuso el Ministerio de Infraestructura y Servicios P\u00fablicos.","og_url":"https:\/\/www.noticiasradioreflejos.com.ar\/2021\/distribuidoras-electricas-no-podran-suspender-el-servicio-a-grupos-vulnerables-por-falta-de-pago\/","og_site_name":"Noticias Radio Reflejos","article_published_time":"2021-04-19T20:50:16+00:00","og_image":[{"url":"https:\/\/www.noticiastornquist.com.ar\/imagen.php?imagen=\/imgpedidomedidor.jpg","type":"","width":"","height":""}],"author":"Arnaldo Botto","twitter_card":"summary_large_image","schema":{"@context":"https:\/\/schema.org","@graph":[{"@type":"WebPage","@id":"https:\/\/www.noticiasradioreflejos.com.ar\/2021\/distribuidoras-electricas-no-podran-suspender-el-servicio-a-grupos-vulnerables-por-falta-de-pago\/","url":"https:\/\/www.noticiasradioreflejos.com.ar\/2021\/distribuidoras-electricas-no-podran-suspender-el-servicio-a-grupos-vulnerables-por-falta-de-pago\/","name":"Distribuidoras el\u00e9ctricas no podr\u00e1n suspender el servicio a grupos vulnerables por falta de pago - Noticias Radio Reflejos","isPartOf":{"@id":"https:\/\/www.noticiasradioreflejos.com.ar\/2021\/#website"},"primaryImageOfPage":{"@id":"https:\/\/www.noticiasradioreflejos.com.ar\/2021\/distribuidoras-electricas-no-podran-suspender-el-servicio-a-grupos-vulnerables-por-falta-de-pago\/#primaryimage"},"image":{"@id":"https:\/\/www.noticiasradioreflejos.com.ar\/2021\/distribuidoras-electricas-no-podran-suspender-el-servicio-a-grupos-vulnerables-por-falta-de-pago\/#primaryimage"},"thumbnailUrl":"https:\/\/www.noticiastornquist.com.ar\/imagen.php?imagen=\/imgpedidomedidor.jpg","datePublished":"2021-04-19T20:50:16+00:00","author":{"@id":"https:\/\/www.noticiasradioreflejos.com.ar\/2021\/#\/schema\/person\/ad82545263dcc5ec0996818884fd5fb1"},"breadcrumb":{"@id":"https:\/\/www.noticiasradioreflejos.com.ar\/2021\/distribuidoras-electricas-no-podran-suspender-el-servicio-a-grupos-vulnerables-por-falta-de-pago\/#breadcrumb"},"inLanguage":"es","potentialAction":[{"@type":"ReadAction","target":["https:\/\/www.noticiasradioreflejos.com.ar\/2021\/distribuidoras-electricas-no-podran-suspender-el-servicio-a-grupos-vulnerables-por-falta-de-pago\/"]}]},{"@type":"ImageObject","inLanguage":"es","@id":"https:\/\/www.noticiasradioreflejos.com.ar\/2021\/distribuidoras-electricas-no-podran-suspender-el-servicio-a-grupos-vulnerables-por-falta-de-pago\/#primaryimage","url":"https:\/\/www.noticiastornquist.com.ar\/imagen.php?imagen=\/imgpedidomedidor.jpg","contentUrl":"https:\/\/www.noticiastornquist.com.ar\/imagen.php?imagen=\/imgpedidomedidor.jpg"},{"@type":"BreadcrumbList","@id":"https:\/\/www.noticiasradioreflejos.com.ar\/2021\/distribuidoras-electricas-no-podran-suspender-el-servicio-a-grupos-vulnerables-por-falta-de-pago\/#breadcrumb","itemListElement":[{"@type":"ListItem","position":1,"name":"Portada","item":"https:\/\/www.noticiasradioreflejos.com.ar\/2021\/"},{"@type":"ListItem","position":2,"name":"Distribuidoras el\u00e9ctricas no podr\u00e1n suspender el servicio a grupos vulnerables por falta de pago"}]},{"@type":"WebSite","@id":"https:\/\/www.noticiasradioreflejos.com.ar\/2021\/#website","url":"https:\/\/www.noticiasradioreflejos.com.ar\/2021\/","name":"Noticias Radio Reflejos","description":"Las noticias de mi comarca","potentialAction":[{"@type":"SearchAction","target":{"@type":"EntryPoint","urlTemplate":"https:\/\/www.noticiasradioreflejos.com.ar\/2021\/?s={search_term_string}"},"query-input":{"@type":"PropertyValueSpecification","valueRequired":true,"valueName":"search_term_string"}}],"inLanguage":"es"},{"@type":"Person","@id":"https:\/\/www.noticiasradioreflejos.com.ar\/2021\/#\/schema\/person\/ad82545263dcc5ec0996818884fd5fb1","name":"Arnaldo Botto","image":{"@type":"ImageObject","inLanguage":"es","@id":"https:\/\/www.noticiasradioreflejos.com.ar\/2021\/#\/schema\/person\/image\/","url":"https:\/\/secure.gravatar.com\/avatar\/55cb5e37c1efa326397366e6974cb338056df65cb50e7d64d1cf314e87504837?s=96&d=mm&r=g","contentUrl":"https:\/\/secure.gravatar.com\/avatar\/55cb5e37c1efa326397366e6974cb338056df65cb50e7d64d1cf314e87504837?s=96&d=mm&r=g","caption":"Arnaldo Botto"},"url":"https:\/\/www.noticiasradioreflejos.com.ar\/2021\/author\/arnaldo\/"}]}},"_links":{"self":[{"href":"https:\/\/www.noticiasradioreflejos.com.ar\/2021\/wp-json\/wp\/v2\/posts\/55610","targetHints":{"allow":["GET"]}}],"collection":[{"href":"https:\/\/www.noticiasradioreflejos.com.ar\/2021\/wp-json\/wp\/v2\/posts"}],"about":[{"href":"https:\/\/www.noticiasradioreflejos.com.ar\/2021\/wp-json\/wp\/v2\/types\/post"}],"author":[{"embeddable":true,"href":"https:\/\/www.noticiasradioreflejos.com.ar\/2021\/wp-json\/wp\/v2\/users\/3"}],"replies":[{"embeddable":true,"href":"https:\/\/www.noticiasradioreflejos.com.ar\/2021\/wp-json\/wp\/v2\/comments?post=55610"}],"version-history":[{"count":0,"href":"https:\/\/www.noticiasradioreflejos.com.ar\/2021\/wp-json\/wp\/v2\/posts\/55610\/revisions"}],"wp:attachment":[{"href":"https:\/\/www.noticiasradioreflejos.com.ar\/2021\/wp-json\/wp\/v2\/media?parent=55610"}],"wp:term":[{"taxonomy":"category","embeddable":true,"href":"https:\/\/www.noticiasradioreflejos.com.ar\/2021\/wp-json\/wp\/v2\/categories?post=55610"},{"taxonomy":"post_tag","embeddable":true,"href":"https:\/\/www.noticiasradioreflejos.com.ar\/2021\/wp-json\/wp\/v2\/tags?post=55610"}],"curies":[{"name":"wp","href":"https:\/\/api.w.org\/{rel}","templated":true}]}}