{"id":55602,"date":"2021-04-19T17:45:06","date_gmt":"2021-04-19T20:45:06","guid":{"rendered":"http:\/\/www.noticiasradioreflejos.com.ar\/noticias\/?p=55602"},"modified":"2021-04-19T17:45:06","modified_gmt":"2021-04-19T20:45:06","slug":"para-tornquist-si-es-necesario-cerrar-por-14-dias-cierren-todo-cuidense-entre-ustedes-son-todos-vecinos-se-conocen","status":"publish","type":"post","link":"https:\/\/www.noticiasradioreflejos.com.ar\/2021\/para-tornquist-si-es-necesario-cerrar-por-14-dias-cierren-todo-cuidense-entre-ustedes-son-todos-vecinos-se-conocen\/","title":{"rendered":"Tornquist: \u00abSi es necesario, cerrar por 14 d\u00edas, cierren todo. Cu\u00eddense entre ustedes, son todos vecinos, se conocen.\u00bb"},"content":{"rendered":"<p><strong>Dr. Jorge Rachid<\/strong>, epidemi\u00f3logo y asesor de Axel Kicillof, nos brinda su visi\u00f3n de la pandemia al d\u00eda de hoy. Nos cuenta c\u00f3mo se encontraba el Sistema Sanitario en un comienzo, c\u00f3mo sigue al d\u00eda de hoy y por qu\u00e9 es tan importante a esta altura de la segunda ola de Coronavirus detener la movilidad en el pa\u00eds.<!--more--><\/p>\n<p>\u00abUn m\u00e9dico de barrio que se interesa por la pol\u00edtica desde muy chiquito\u00bb, as\u00ed se describi\u00f3 Jorge al comenzar la nota.<\/p>\n<p>\u00abA mi no me gusta relatar la foto sino la pel\u00edcula. La pel\u00edcula es una larga guerra que empez\u00f3 hace un a\u00f1o y medio\u00bb mencion\u00f3 Rachid al referirse a la desventajada situaci\u00f3n en la que se encontraba el Sistema Sanitario Argentino a fines del 2019.<\/p>\n<p>\u00abCuando vimos que se nos ven\u00eda la pandemia encima, comenzamos a reconstruir r\u00e1pidamente el Sistema con 2 meses de ventaja\u00bb resumi\u00f3. Agreg\u00f3 que las estrategia para enfrentar la pandemia fueron el aislamiento en una primera instancia y distanciamiento en una segunda instancia.<\/p>\n<p>\u00abSomos unos de los pocos pa\u00edses del mundo que no colaps\u00f3 el Sistema Sanitario en todo el 2020 \u00bb declar\u00f3 orgulloso, y explic\u00f3 que, seg\u00fan \u00e9l, el pa\u00eds no tuvo conflictos sociales porque se desplegaron instrumentos econ\u00f3micos que permitieron sostener, en condiciones m\u00ednimas y precarias, la situaci\u00f3n.<\/p>\n<p>\u00abEstamos en esa carrera para terminar de vacunar a los grupos de riesgo\u00bb present\u00f3 Jorge el objetivo a cumplir m\u00e1s cercano.<\/p>\n<p>Cuando le preguntamos por qu\u00e9 es importante detener la movilidad en el pa\u00eds, Jorge contest\u00f3: \u00abPuedo decirles que desde el 17 de Febrero nosotros estamos viendo un aumento de la movilidad comunitaria. \u00bfPor qu\u00e9 esa fecha? Porque empezaron las clases presenciales. La falta de cumplimiento de protocolos y la masividad en las calles hizo que pens\u00e1ramos que est\u00e1bamos cerca de una normalidad. El cierre de 14 d\u00edas estrictos que propon\u00edamos hace unos d\u00edas es la necesariedad de las pol\u00edticas sanitarias que est\u00e1n siendo atacadas por los enemigos del pueblo y de la patria\u00bb.<\/p>\n<p>Estuvimos hablando de <strong>Tornquist<\/strong> especialmente:<strong> \u00abTomen todas las medidas que sean necesarias. Si es necesario, cerrar por 14 d\u00edas, cierren todo. Cu\u00eddense entre ustedes, son todos vecinos, se conocen. Intentemos que llegue la vacuna para abrazarnos cuando tengamos inmunidad comunitaria dentro de un tiempo\u00bb.<\/strong><\/p>\n<p>Nota completa a continuaci\u00f3n:<br \/>\n<iframe loading=\"lazy\" src=\"https:\/\/w.soundcloud.com\/player\/?url=https%3A\/\/api.soundcloud.com\/tracks\/1032533119&amp;color=%23ff5500&amp;auto_play=false&amp;hide_related=false&amp;show_comments=true&amp;show_user=true&amp;show_reposts=false&amp;show_teaser=true\" width=\"100%\" height=\"166\" frameborder=\"no\" scrolling=\"no\"><\/iframe><\/p>\n<div style=\"font-size: 10px; color: #cccccc; line-break: anywhere; word-break: normal; overflow: hidden; white-space: nowrap; text-overflow: ellipsis; font-family: Interstate,Lucida Grande,Lucida Sans Unicode,Lucida Sans,Garuda,Verdana,Tahoma,sans-serif; font-weight: 100;\"><a style=\"color: #cccccc; text-decoration: none;\" title=\"fmreflejos 103.7\" href=\"https:\/\/soundcloud.com\/fmreflejos-103-7\" target=\"_blank\" rel=\"noopener\">fmreflejos 103.7<\/a> \u00b7 <a style=\"color: #cccccc; text-decoration: none;\" title=\"Dr. Jorge Rachid - epidem\u00edologo\" href=\"https:\/\/soundcloud.com\/fmreflejos-103-7\/jorge-rachid\" target=\"_blank\" rel=\"noopener\">Dr. Jorge Rachid &#8211; epidem\u00edologo<\/a><\/div>\n","protected":false},"excerpt":{"rendered":"<p>Dr. Jorge Rachid, epidemi\u00f3logo y asesor de Axel Kicillof, nos brinda su visi\u00f3n de la pandemia al d\u00eda de hoy. Nos cuenta c\u00f3mo se encontraba el Sistema Sanitario en un comienzo, c\u00f3mo sigue al d\u00eda de hoy y por qu\u00e9 es tan importante a esta altura de la segunda ola de Coronavirus detener la movilidad [&hellip;]<\/p>\n","protected":false},"author":3,"featured_media":0,"comment_status":"closed","ping_status":"open","sticky":false,"template":"","format":"standard","meta":{"footnotes":""},"categories":[30],"tags":[],"class_list":["post-55602","post","type-post","status-publish","format-standard","hentry","category-salud"],"yoast_head":"<!-- This site is optimized with the Yoast SEO plugin v25.9 - https:\/\/yoast.com\/wordpress\/plugins\/seo\/ -->\n<title>Tornquist: &quot;Si es necesario, cerrar por 14 d\u00edas, cierren todo. Cu\u00eddense entre ustedes, son todos vecinos, se conocen.&quot; - Noticias Radio Reflejos<\/title>\n<meta name=\"robots\" content=\"index, follow, max-snippet:-1, max-image-preview:large, max-video-preview:-1\" \/>\n<link rel=\"canonical\" href=\"https:\/\/www.noticiasradioreflejos.com.ar\/2021\/para-tornquist-si-es-necesario-cerrar-por-14-dias-cierren-todo-cuidense-entre-ustedes-son-todos-vecinos-se-conocen\/\" \/>\n<meta property=\"og:locale\" content=\"es_ES\" \/>\n<meta property=\"og:type\" content=\"article\" \/>\n<meta property=\"og:title\" content=\"Tornquist: &quot;Si es necesario, cerrar por 14 d\u00edas, cierren todo. Cu\u00eddense entre ustedes, son todos vecinos, se conocen.&quot; - Noticias Radio Reflejos\" \/>\n<meta property=\"og:description\" content=\"Dr. Jorge Rachid, epidemi\u00f3logo y asesor de Axel Kicillof, nos brinda su visi\u00f3n de la pandemia al d\u00eda de hoy. Nos cuenta c\u00f3mo se encontraba el Sistema Sanitario en un comienzo, c\u00f3mo sigue al d\u00eda de hoy y por qu\u00e9 es tan importante a esta altura de la segunda ola de Coronavirus detener la movilidad [&hellip;]\" \/>\n<meta property=\"og:url\" content=\"https:\/\/www.noticiasradioreflejos.com.ar\/2021\/para-tornquist-si-es-necesario-cerrar-por-14-dias-cierren-todo-cuidense-entre-ustedes-son-todos-vecinos-se-conocen\/\" \/>\n<meta property=\"og:site_name\" content=\"Noticias Radio Reflejos\" \/>\n<meta property=\"article:published_time\" content=\"2021-04-19T20:45:06+00:00\" \/>\n<meta property=\"og:image\" content=\"https:\/\/www.noticiasradioreflejos.com.ar\/2021\/wp-content\/uploads\/2021\/07\/logosol300x200.png\" \/>\n\t<meta property=\"og:image:width\" content=\"300\" \/>\n\t<meta property=\"og:image:height\" content=\"200\" \/>\n\t<meta property=\"og:image:type\" content=\"image\/png\" \/>\n<meta name=\"author\" content=\"Arnaldo Botto\" \/>\n<meta name=\"twitter:card\" content=\"summary_large_image\" \/>\n<script type=\"application\/ld+json\" class=\"yoast-schema-graph\">{\"@context\":\"https:\/\/schema.org\",\"@graph\":[{\"@type\":\"WebPage\",\"@id\":\"https:\/\/www.noticiasradioreflejos.com.ar\/2021\/para-tornquist-si-es-necesario-cerrar-por-14-dias-cierren-todo-cuidense-entre-ustedes-son-todos-vecinos-se-conocen\/\",\"url\":\"https:\/\/www.noticiasradioreflejos.com.ar\/2021\/para-tornquist-si-es-necesario-cerrar-por-14-dias-cierren-todo-cuidense-entre-ustedes-son-todos-vecinos-se-conocen\/\",\"name\":\"Tornquist: \\\"Si es necesario, cerrar por 14 d\u00edas, cierren todo. Cu\u00eddense entre ustedes, son todos vecinos, se conocen.\\\" - Noticias Radio Reflejos\",\"isPartOf\":{\"@id\":\"https:\/\/www.noticiasradioreflejos.com.ar\/2021\/#website\"},\"datePublished\":\"2021-04-19T20:45:06+00:00\",\"author\":{\"@id\":\"https:\/\/www.noticiasradioreflejos.com.ar\/2021\/#\/schema\/person\/ad82545263dcc5ec0996818884fd5fb1\"},\"breadcrumb\":{\"@id\":\"https:\/\/www.noticiasradioreflejos.com.ar\/2021\/para-tornquist-si-es-necesario-cerrar-por-14-dias-cierren-todo-cuidense-entre-ustedes-son-todos-vecinos-se-conocen\/#breadcrumb\"},\"inLanguage\":\"es\",\"potentialAction\":[{\"@type\":\"ReadAction\",\"target\":[\"https:\/\/www.noticiasradioreflejos.com.ar\/2021\/para-tornquist-si-es-necesario-cerrar-por-14-dias-cierren-todo-cuidense-entre-ustedes-son-todos-vecinos-se-conocen\/\"]}]},{\"@type\":\"BreadcrumbList\",\"@id\":\"https:\/\/www.noticiasradioreflejos.com.ar\/2021\/para-tornquist-si-es-necesario-cerrar-por-14-dias-cierren-todo-cuidense-entre-ustedes-son-todos-vecinos-se-conocen\/#breadcrumb\",\"itemListElement\":[{\"@type\":\"ListItem\",\"position\":1,\"name\":\"Portada\",\"item\":\"https:\/\/www.noticiasradioreflejos.com.ar\/2021\/\"},{\"@type\":\"ListItem\",\"position\":2,\"name\":\"Tornquist: \u00abSi es necesario, cerrar por 14 d\u00edas, cierren todo. Cu\u00eddense entre ustedes, son todos vecinos, se conocen.\u00bb\"}]},{\"@type\":\"WebSite\",\"@id\":\"https:\/\/www.noticiasradioreflejos.com.ar\/2021\/#website\",\"url\":\"https:\/\/www.noticiasradioreflejos.com.ar\/2021\/\",\"name\":\"Noticias Radio Reflejos\",\"description\":\"Las noticias de mi comarca\",\"potentialAction\":[{\"@type\":\"SearchAction\",\"target\":{\"@type\":\"EntryPoint\",\"urlTemplate\":\"https:\/\/www.noticiasradioreflejos.com.ar\/2021\/?s={search_term_string}\"},\"query-input\":{\"@type\":\"PropertyValueSpecification\",\"valueRequired\":true,\"valueName\":\"search_term_string\"}}],\"inLanguage\":\"es\"},{\"@type\":\"Person\",\"@id\":\"https:\/\/www.noticiasradioreflejos.com.ar\/2021\/#\/schema\/person\/ad82545263dcc5ec0996818884fd5fb1\",\"name\":\"Arnaldo Botto\",\"image\":{\"@type\":\"ImageObject\",\"inLanguage\":\"es\",\"@id\":\"https:\/\/www.noticiasradioreflejos.com.ar\/2021\/#\/schema\/person\/image\/\",\"url\":\"https:\/\/secure.gravatar.com\/avatar\/55cb5e37c1efa326397366e6974cb338056df65cb50e7d64d1cf314e87504837?s=96&d=mm&r=g\",\"contentUrl\":\"https:\/\/secure.gravatar.com\/avatar\/55cb5e37c1efa326397366e6974cb338056df65cb50e7d64d1cf314e87504837?s=96&d=mm&r=g\",\"caption\":\"Arnaldo Botto\"},\"url\":\"https:\/\/www.noticiasradioreflejos.com.ar\/2021\/author\/arnaldo\/\"}]}<\/script>\n<!-- \/ Yoast SEO plugin. -->","yoast_head_json":{"title":"Tornquist: \"Si es necesario, cerrar por 14 d\u00edas, cierren todo. Cu\u00eddense entre ustedes, son todos vecinos, se conocen.\" - Noticias Radio Reflejos","robots":{"index":"index","follow":"follow","max-snippet":"max-snippet:-1","max-image-preview":"max-image-preview:large","max-video-preview":"max-video-preview:-1"},"canonical":"https:\/\/www.noticiasradioreflejos.com.ar\/2021\/para-tornquist-si-es-necesario-cerrar-por-14-dias-cierren-todo-cuidense-entre-ustedes-son-todos-vecinos-se-conocen\/","og_locale":"es_ES","og_type":"article","og_title":"Tornquist: \"Si es necesario, cerrar por 14 d\u00edas, cierren todo. Cu\u00eddense entre ustedes, son todos vecinos, se conocen.\" - Noticias Radio Reflejos","og_description":"Dr. Jorge Rachid, epidemi\u00f3logo y asesor de Axel Kicillof, nos brinda su visi\u00f3n de la pandemia al d\u00eda de hoy. Nos cuenta c\u00f3mo se encontraba el Sistema Sanitario en un comienzo, c\u00f3mo sigue al d\u00eda de hoy y por qu\u00e9 es tan importante a esta altura de la segunda ola de Coronavirus detener la movilidad [&hellip;]","og_url":"https:\/\/www.noticiasradioreflejos.com.ar\/2021\/para-tornquist-si-es-necesario-cerrar-por-14-dias-cierren-todo-cuidense-entre-ustedes-son-todos-vecinos-se-conocen\/","og_site_name":"Noticias Radio Reflejos","article_published_time":"2021-04-19T20:45:06+00:00","og_image":[{"width":300,"height":200,"url":"https:\/\/www.noticiasradioreflejos.com.ar\/2021\/wp-content\/uploads\/2021\/07\/logosol300x200.png","type":"image\/png"}],"author":"Arnaldo Botto","twitter_card":"summary_large_image","schema":{"@context":"https:\/\/schema.org","@graph":[{"@type":"WebPage","@id":"https:\/\/www.noticiasradioreflejos.com.ar\/2021\/para-tornquist-si-es-necesario-cerrar-por-14-dias-cierren-todo-cuidense-entre-ustedes-son-todos-vecinos-se-conocen\/","url":"https:\/\/www.noticiasradioreflejos.com.ar\/2021\/para-tornquist-si-es-necesario-cerrar-por-14-dias-cierren-todo-cuidense-entre-ustedes-son-todos-vecinos-se-conocen\/","name":"Tornquist: \"Si es necesario, cerrar por 14 d\u00edas, cierren todo. Cu\u00eddense entre ustedes, son todos vecinos, se conocen.\" - Noticias Radio Reflejos","isPartOf":{"@id":"https:\/\/www.noticiasradioreflejos.com.ar\/2021\/#website"},"datePublished":"2021-04-19T20:45:06+00:00","author":{"@id":"https:\/\/www.noticiasradioreflejos.com.ar\/2021\/#\/schema\/person\/ad82545263dcc5ec0996818884fd5fb1"},"breadcrumb":{"@id":"https:\/\/www.noticiasradioreflejos.com.ar\/2021\/para-tornquist-si-es-necesario-cerrar-por-14-dias-cierren-todo-cuidense-entre-ustedes-son-todos-vecinos-se-conocen\/#breadcrumb"},"inLanguage":"es","potentialAction":[{"@type":"ReadAction","target":["https:\/\/www.noticiasradioreflejos.com.ar\/2021\/para-tornquist-si-es-necesario-cerrar-por-14-dias-cierren-todo-cuidense-entre-ustedes-son-todos-vecinos-se-conocen\/"]}]},{"@type":"BreadcrumbList","@id":"https:\/\/www.noticiasradioreflejos.com.ar\/2021\/para-tornquist-si-es-necesario-cerrar-por-14-dias-cierren-todo-cuidense-entre-ustedes-son-todos-vecinos-se-conocen\/#breadcrumb","itemListElement":[{"@type":"ListItem","position":1,"name":"Portada","item":"https:\/\/www.noticiasradioreflejos.com.ar\/2021\/"},{"@type":"ListItem","position":2,"name":"Tornquist: \u00abSi es necesario, cerrar por 14 d\u00edas, cierren todo. Cu\u00eddense entre ustedes, son todos vecinos, se conocen.\u00bb"}]},{"@type":"WebSite","@id":"https:\/\/www.noticiasradioreflejos.com.ar\/2021\/#website","url":"https:\/\/www.noticiasradioreflejos.com.ar\/2021\/","name":"Noticias Radio Reflejos","description":"Las noticias de mi comarca","potentialAction":[{"@type":"SearchAction","target":{"@type":"EntryPoint","urlTemplate":"https:\/\/www.noticiasradioreflejos.com.ar\/2021\/?s={search_term_string}"},"query-input":{"@type":"PropertyValueSpecification","valueRequired":true,"valueName":"search_term_string"}}],"inLanguage":"es"},{"@type":"Person","@id":"https:\/\/www.noticiasradioreflejos.com.ar\/2021\/#\/schema\/person\/ad82545263dcc5ec0996818884fd5fb1","name":"Arnaldo Botto","image":{"@type":"ImageObject","inLanguage":"es","@id":"https:\/\/www.noticiasradioreflejos.com.ar\/2021\/#\/schema\/person\/image\/","url":"https:\/\/secure.gravatar.com\/avatar\/55cb5e37c1efa326397366e6974cb338056df65cb50e7d64d1cf314e87504837?s=96&d=mm&r=g","contentUrl":"https:\/\/secure.gravatar.com\/avatar\/55cb5e37c1efa326397366e6974cb338056df65cb50e7d64d1cf314e87504837?s=96&d=mm&r=g","caption":"Arnaldo Botto"},"url":"https:\/\/www.noticiasradioreflejos.com.ar\/2021\/author\/arnaldo\/"}]}},"_links":{"self":[{"href":"https:\/\/www.noticiasradioreflejos.com.ar\/2021\/wp-json\/wp\/v2\/posts\/55602","targetHints":{"allow":["GET"]}}],"collection":[{"href":"https:\/\/www.noticiasradioreflejos.com.ar\/2021\/wp-json\/wp\/v2\/posts"}],"about":[{"href":"https:\/\/www.noticiasradioreflejos.com.ar\/2021\/wp-json\/wp\/v2\/types\/post"}],"author":[{"embeddable":true,"href":"https:\/\/www.noticiasradioreflejos.com.ar\/2021\/wp-json\/wp\/v2\/users\/3"}],"replies":[{"embeddable":true,"href":"https:\/\/www.noticiasradioreflejos.com.ar\/2021\/wp-json\/wp\/v2\/comments?post=55602"}],"version-history":[{"count":0,"href":"https:\/\/www.noticiasradioreflejos.com.ar\/2021\/wp-json\/wp\/v2\/posts\/55602\/revisions"}],"wp:attachment":[{"href":"https:\/\/www.noticiasradioreflejos.com.ar\/2021\/wp-json\/wp\/v2\/media?parent=55602"}],"wp:term":[{"taxonomy":"category","embeddable":true,"href":"https:\/\/www.noticiasradioreflejos.com.ar\/2021\/wp-json\/wp\/v2\/categories?post=55602"},{"taxonomy":"post_tag","embeddable":true,"href":"https:\/\/www.noticiasradioreflejos.com.ar\/2021\/wp-json\/wp\/v2\/tags?post=55602"}],"curies":[{"name":"wp","href":"https:\/\/api.w.org\/{rel}","templated":true}]}}