{"id":55595,"date":"2021-04-19T14:41:37","date_gmt":"2021-04-19T17:41:37","guid":{"rendered":"http:\/\/www.noticiasradioreflejos.com.ar\/noticias\/?p=55595"},"modified":"2021-04-19T14:41:37","modified_gmt":"2021-04-19T17:41:37","slug":"los-atrapan-con-8-kilos-de-marihuana-en-el-baul-uno-de-los-detenidos-es-policia","status":"publish","type":"post","link":"https:\/\/www.noticiasradioreflejos.com.ar\/2021\/los-atrapan-con-8-kilos-de-marihuana-en-el-baul-uno-de-los-detenidos-es-policia\/","title":{"rendered":"Los atrapan con 8 kilos de marihuana en el ba\u00fal: uno de los detenidos es polic\u00eda"},"content":{"rendered":"<p>Un efectivo policial qued\u00f3 detenido en las \u00faltimas horas, luego de que en el auto en el que se transportaba se encontrara una gran cantidad de plantas de marihuana<!--more--><\/p>\n<div class=\"mvp-post-main-out left relative\">\n<div class=\"mvp-post-main-in\">\n<div id=\"mvp-post-content\" class=\"left relative\">\n<div id=\"mvp-post-feat-img\" class=\"left relative mvp-post-feat-img-wide2\"><img loading=\"lazy\" decoding=\"async\" class=\"attachment- size- wp-post-image\" src=\"https:\/\/www.labrujula24.com\/wp-content\/uploads\/2021\/04\/baul-1.jpg\" sizes=\"auto, (max-width: 1200px) 100vw, 1200px\" srcset=\"https:\/\/www.labrujula24.com\/wp-content\/uploads\/2021\/04\/baul-1.jpg 1200w, https:\/\/www.labrujula24.com\/wp-content\/uploads\/2021\/04\/baul-1-768x461.jpg 768w, https:\/\/www.labrujula24.com\/wp-content\/uploads\/2021\/04\/baul-1-1000x600.jpg 1000w, https:\/\/www.labrujula24.com\/wp-content\/uploads\/2021\/04\/baul-1-590x354.jpg 590w, https:\/\/www.labrujula24.com\/wp-content\/uploads\/2021\/04\/baul-1-400x240.jpg 400w\" alt=\"\" width=\"1200\" height=\"720\" \/><\/div>\n<div id=\"mvp-content-wrap\" class=\"left relative\">\n<div class=\"mvp-post-soc-out right relative\">\n<div class=\"mvp-post-soc-in\">\n<div id=\"mvp-content-body\" class=\"left relative\">\n<div id=\"mvp-content-body-top\" class=\"left relative\">\n<div id=\"mvp-content-main\" class=\"left relative\">\n<div id=\"textbody\">\n<div class=\"code-block code-block-9\"><\/div>\n<p>Se trata del oficial <strong>Adri\u00e1n David Ruppel<\/strong>, quien se desempe\u00f1aba en la comisar\u00eda distrital de <strong>Villa Harding Green<\/strong>, aunque desde marzo se encontraba con carpeta psiqui\u00e1trica. Sin embargo, fuentes judiciales consultadas por\u00a0<strong>LA BR\u00daJULA 24<\/strong>, confirmaron que al momento de la detenci\u00f3n llevaba uniforme y chaleco antibalas.<\/p>\n<p>El procedimiento se llev\u00f3 a cabo durante la tarde del domingo, durante un operativo de interceptaci\u00f3n vehicular realizado en el kil\u00f3metro 1 de la Ruta 33. All\u00ed y a bordo de un Chevrolet Corsa encontraron 8\u00a0kilogramos de\u00a0plantas de\u00a0marihuana, entre los cuales hab\u00eda aproximadamente 1,2 kilogramos de cogollos (flores).<\/p>\n<div class=\"code-block code-block-1\"><\/div>\n<figure class=\"wp-block-image size-large\"><img loading=\"lazy\" decoding=\"async\" class=\"wp-image-123114\" src=\"https:\/\/www.labrujula24.com\/wp-content\/uploads\/2021\/04\/droga19-2.jpg\" alt=\"\" width=\"581\" height=\"1032\" \/><\/figure>\n<p>Junto con Ruppel viajaban Emir Franco Coronel y Gustavo Fabi\u00e1n Coronel, quienes tambi\u00e9n quedaron detenidos por el delito de tenencia simple de estupefacientes. En el caso del oficial, se suma los cargos por incumplimiento de los deberes de funcionario p\u00fablico. En la investigaci\u00f3n interviene la\u00a0UFIJ\u00a0N\u00b0 19\u00a0a cargo del <strong>Fiscal Mauricio Del Cero<\/strong><\/p>\n<\/div>\n<\/div>\n<\/div>\n<\/div>\n<\/div>\n<\/div>\n<\/div>\n<\/div>\n<\/div>\n<\/div>\n","protected":false},"excerpt":{"rendered":"<p>Un efectivo policial qued\u00f3 detenido en las \u00faltimas horas, luego de que en el auto en el que se transportaba se encontrara una gran cantidad de plantas de marihuana<\/p>\n","protected":false},"author":3,"featured_media":0,"comment_status":"closed","ping_status":"open","sticky":false,"template":"","format":"standard","meta":{"footnotes":""},"categories":[29],"tags":[],"class_list":["post-55595","post","type-post","status-publish","format-standard","hentry","category-policiales"],"yoast_head":"<!-- This site is optimized with the Yoast SEO plugin v25.9 - https:\/\/yoast.com\/wordpress\/plugins\/seo\/ -->\n<title>Los atrapan con 8 kilos de marihuana en el ba\u00fal: uno de los detenidos es polic\u00eda - Noticias Radio Reflejos<\/title>\n<meta name=\"robots\" content=\"index, follow, max-snippet:-1, max-image-preview:large, max-video-preview:-1\" \/>\n<link rel=\"canonical\" href=\"https:\/\/www.noticiasradioreflejos.com.ar\/2021\/los-atrapan-con-8-kilos-de-marihuana-en-el-baul-uno-de-los-detenidos-es-policia\/\" \/>\n<meta property=\"og:locale\" content=\"es_ES\" \/>\n<meta property=\"og:type\" content=\"article\" \/>\n<meta property=\"og:title\" content=\"Los atrapan con 8 kilos de marihuana en el ba\u00fal: uno de los detenidos es polic\u00eda - Noticias Radio Reflejos\" \/>\n<meta property=\"og:description\" content=\"Un efectivo policial qued\u00f3 detenido en las \u00faltimas horas, luego de que en el auto en el que se transportaba se encontrara una gran cantidad de plantas de marihuana\" \/>\n<meta property=\"og:url\" content=\"https:\/\/www.noticiasradioreflejos.com.ar\/2021\/los-atrapan-con-8-kilos-de-marihuana-en-el-baul-uno-de-los-detenidos-es-policia\/\" \/>\n<meta property=\"og:site_name\" content=\"Noticias Radio Reflejos\" \/>\n<meta property=\"article:published_time\" content=\"2021-04-19T17:41:37+00:00\" \/>\n<meta property=\"og:image\" content=\"https:\/\/www.labrujula24.com\/wp-content\/uploads\/2021\/04\/baul-1.jpg\" \/>\n<meta name=\"author\" content=\"Arnaldo Botto\" \/>\n<meta name=\"twitter:card\" content=\"summary_large_image\" \/>\n<script type=\"application\/ld+json\" class=\"yoast-schema-graph\">{\"@context\":\"https:\/\/schema.org\",\"@graph\":[{\"@type\":\"WebPage\",\"@id\":\"https:\/\/www.noticiasradioreflejos.com.ar\/2021\/los-atrapan-con-8-kilos-de-marihuana-en-el-baul-uno-de-los-detenidos-es-policia\/\",\"url\":\"https:\/\/www.noticiasradioreflejos.com.ar\/2021\/los-atrapan-con-8-kilos-de-marihuana-en-el-baul-uno-de-los-detenidos-es-policia\/\",\"name\":\"Los atrapan con 8 kilos de marihuana en el ba\u00fal: uno de los detenidos es polic\u00eda - Noticias Radio Reflejos\",\"isPartOf\":{\"@id\":\"https:\/\/www.noticiasradioreflejos.com.ar\/2021\/#website\"},\"primaryImageOfPage\":{\"@id\":\"https:\/\/www.noticiasradioreflejos.com.ar\/2021\/los-atrapan-con-8-kilos-de-marihuana-en-el-baul-uno-de-los-detenidos-es-policia\/#primaryimage\"},\"image\":{\"@id\":\"https:\/\/www.noticiasradioreflejos.com.ar\/2021\/los-atrapan-con-8-kilos-de-marihuana-en-el-baul-uno-de-los-detenidos-es-policia\/#primaryimage\"},\"thumbnailUrl\":\"https:\/\/www.labrujula24.com\/wp-content\/uploads\/2021\/04\/baul-1.jpg\",\"datePublished\":\"2021-04-19T17:41:37+00:00\",\"author\":{\"@id\":\"https:\/\/www.noticiasradioreflejos.com.ar\/2021\/#\/schema\/person\/ad82545263dcc5ec0996818884fd5fb1\"},\"breadcrumb\":{\"@id\":\"https:\/\/www.noticiasradioreflejos.com.ar\/2021\/los-atrapan-con-8-kilos-de-marihuana-en-el-baul-uno-de-los-detenidos-es-policia\/#breadcrumb\"},\"inLanguage\":\"es\",\"potentialAction\":[{\"@type\":\"ReadAction\",\"target\":[\"https:\/\/www.noticiasradioreflejos.com.ar\/2021\/los-atrapan-con-8-kilos-de-marihuana-en-el-baul-uno-de-los-detenidos-es-policia\/\"]}]},{\"@type\":\"ImageObject\",\"inLanguage\":\"es\",\"@id\":\"https:\/\/www.noticiasradioreflejos.com.ar\/2021\/los-atrapan-con-8-kilos-de-marihuana-en-el-baul-uno-de-los-detenidos-es-policia\/#primaryimage\",\"url\":\"https:\/\/www.labrujula24.com\/wp-content\/uploads\/2021\/04\/baul-1.jpg\",\"contentUrl\":\"https:\/\/www.labrujula24.com\/wp-content\/uploads\/2021\/04\/baul-1.jpg\"},{\"@type\":\"BreadcrumbList\",\"@id\":\"https:\/\/www.noticiasradioreflejos.com.ar\/2021\/los-atrapan-con-8-kilos-de-marihuana-en-el-baul-uno-de-los-detenidos-es-policia\/#breadcrumb\",\"itemListElement\":[{\"@type\":\"ListItem\",\"position\":1,\"name\":\"Portada\",\"item\":\"https:\/\/www.noticiasradioreflejos.com.ar\/2021\/\"},{\"@type\":\"ListItem\",\"position\":2,\"name\":\"Los atrapan con 8 kilos de marihuana en el ba\u00fal: uno de los detenidos es polic\u00eda\"}]},{\"@type\":\"WebSite\",\"@id\":\"https:\/\/www.noticiasradioreflejos.com.ar\/2021\/#website\",\"url\":\"https:\/\/www.noticiasradioreflejos.com.ar\/2021\/\",\"name\":\"Noticias Radio Reflejos\",\"description\":\"Las noticias de mi comarca\",\"potentialAction\":[{\"@type\":\"SearchAction\",\"target\":{\"@type\":\"EntryPoint\",\"urlTemplate\":\"https:\/\/www.noticiasradioreflejos.com.ar\/2021\/?s={search_term_string}\"},\"query-input\":{\"@type\":\"PropertyValueSpecification\",\"valueRequired\":true,\"valueName\":\"search_term_string\"}}],\"inLanguage\":\"es\"},{\"@type\":\"Person\",\"@id\":\"https:\/\/www.noticiasradioreflejos.com.ar\/2021\/#\/schema\/person\/ad82545263dcc5ec0996818884fd5fb1\",\"name\":\"Arnaldo Botto\",\"image\":{\"@type\":\"ImageObject\",\"inLanguage\":\"es\",\"@id\":\"https:\/\/www.noticiasradioreflejos.com.ar\/2021\/#\/schema\/person\/image\/\",\"url\":\"https:\/\/secure.gravatar.com\/avatar\/55cb5e37c1efa326397366e6974cb338056df65cb50e7d64d1cf314e87504837?s=96&d=mm&r=g\",\"contentUrl\":\"https:\/\/secure.gravatar.com\/avatar\/55cb5e37c1efa326397366e6974cb338056df65cb50e7d64d1cf314e87504837?s=96&d=mm&r=g\",\"caption\":\"Arnaldo Botto\"},\"url\":\"https:\/\/www.noticiasradioreflejos.com.ar\/2021\/author\/arnaldo\/\"}]}<\/script>\n<!-- \/ Yoast SEO plugin. -->","yoast_head_json":{"title":"Los atrapan con 8 kilos de marihuana en el ba\u00fal: uno de los detenidos es polic\u00eda - Noticias Radio Reflejos","robots":{"index":"index","follow":"follow","max-snippet":"max-snippet:-1","max-image-preview":"max-image-preview:large","max-video-preview":"max-video-preview:-1"},"canonical":"https:\/\/www.noticiasradioreflejos.com.ar\/2021\/los-atrapan-con-8-kilos-de-marihuana-en-el-baul-uno-de-los-detenidos-es-policia\/","og_locale":"es_ES","og_type":"article","og_title":"Los atrapan con 8 kilos de marihuana en el ba\u00fal: uno de los detenidos es polic\u00eda - Noticias Radio Reflejos","og_description":"Un efectivo policial qued\u00f3 detenido en las \u00faltimas horas, luego de que en el auto en el que se transportaba se encontrara una gran cantidad de plantas de marihuana","og_url":"https:\/\/www.noticiasradioreflejos.com.ar\/2021\/los-atrapan-con-8-kilos-de-marihuana-en-el-baul-uno-de-los-detenidos-es-policia\/","og_site_name":"Noticias Radio Reflejos","article_published_time":"2021-04-19T17:41:37+00:00","og_image":[{"url":"https:\/\/www.labrujula24.com\/wp-content\/uploads\/2021\/04\/baul-1.jpg","type":"","width":"","height":""}],"author":"Arnaldo Botto","twitter_card":"summary_large_image","schema":{"@context":"https:\/\/schema.org","@graph":[{"@type":"WebPage","@id":"https:\/\/www.noticiasradioreflejos.com.ar\/2021\/los-atrapan-con-8-kilos-de-marihuana-en-el-baul-uno-de-los-detenidos-es-policia\/","url":"https:\/\/www.noticiasradioreflejos.com.ar\/2021\/los-atrapan-con-8-kilos-de-marihuana-en-el-baul-uno-de-los-detenidos-es-policia\/","name":"Los atrapan con 8 kilos de marihuana en el ba\u00fal: uno de los detenidos es polic\u00eda - Noticias Radio Reflejos","isPartOf":{"@id":"https:\/\/www.noticiasradioreflejos.com.ar\/2021\/#website"},"primaryImageOfPage":{"@id":"https:\/\/www.noticiasradioreflejos.com.ar\/2021\/los-atrapan-con-8-kilos-de-marihuana-en-el-baul-uno-de-los-detenidos-es-policia\/#primaryimage"},"image":{"@id":"https:\/\/www.noticiasradioreflejos.com.ar\/2021\/los-atrapan-con-8-kilos-de-marihuana-en-el-baul-uno-de-los-detenidos-es-policia\/#primaryimage"},"thumbnailUrl":"https:\/\/www.labrujula24.com\/wp-content\/uploads\/2021\/04\/baul-1.jpg","datePublished":"2021-04-19T17:41:37+00:00","author":{"@id":"https:\/\/www.noticiasradioreflejos.com.ar\/2021\/#\/schema\/person\/ad82545263dcc5ec0996818884fd5fb1"},"breadcrumb":{"@id":"https:\/\/www.noticiasradioreflejos.com.ar\/2021\/los-atrapan-con-8-kilos-de-marihuana-en-el-baul-uno-de-los-detenidos-es-policia\/#breadcrumb"},"inLanguage":"es","potentialAction":[{"@type":"ReadAction","target":["https:\/\/www.noticiasradioreflejos.com.ar\/2021\/los-atrapan-con-8-kilos-de-marihuana-en-el-baul-uno-de-los-detenidos-es-policia\/"]}]},{"@type":"ImageObject","inLanguage":"es","@id":"https:\/\/www.noticiasradioreflejos.com.ar\/2021\/los-atrapan-con-8-kilos-de-marihuana-en-el-baul-uno-de-los-detenidos-es-policia\/#primaryimage","url":"https:\/\/www.labrujula24.com\/wp-content\/uploads\/2021\/04\/baul-1.jpg","contentUrl":"https:\/\/www.labrujula24.com\/wp-content\/uploads\/2021\/04\/baul-1.jpg"},{"@type":"BreadcrumbList","@id":"https:\/\/www.noticiasradioreflejos.com.ar\/2021\/los-atrapan-con-8-kilos-de-marihuana-en-el-baul-uno-de-los-detenidos-es-policia\/#breadcrumb","itemListElement":[{"@type":"ListItem","position":1,"name":"Portada","item":"https:\/\/www.noticiasradioreflejos.com.ar\/2021\/"},{"@type":"ListItem","position":2,"name":"Los atrapan con 8 kilos de marihuana en el ba\u00fal: uno de los detenidos es polic\u00eda"}]},{"@type":"WebSite","@id":"https:\/\/www.noticiasradioreflejos.com.ar\/2021\/#website","url":"https:\/\/www.noticiasradioreflejos.com.ar\/2021\/","name":"Noticias Radio Reflejos","description":"Las noticias de mi comarca","potentialAction":[{"@type":"SearchAction","target":{"@type":"EntryPoint","urlTemplate":"https:\/\/www.noticiasradioreflejos.com.ar\/2021\/?s={search_term_string}"},"query-input":{"@type":"PropertyValueSpecification","valueRequired":true,"valueName":"search_term_string"}}],"inLanguage":"es"},{"@type":"Person","@id":"https:\/\/www.noticiasradioreflejos.com.ar\/2021\/#\/schema\/person\/ad82545263dcc5ec0996818884fd5fb1","name":"Arnaldo Botto","image":{"@type":"ImageObject","inLanguage":"es","@id":"https:\/\/www.noticiasradioreflejos.com.ar\/2021\/#\/schema\/person\/image\/","url":"https:\/\/secure.gravatar.com\/avatar\/55cb5e37c1efa326397366e6974cb338056df65cb50e7d64d1cf314e87504837?s=96&d=mm&r=g","contentUrl":"https:\/\/secure.gravatar.com\/avatar\/55cb5e37c1efa326397366e6974cb338056df65cb50e7d64d1cf314e87504837?s=96&d=mm&r=g","caption":"Arnaldo Botto"},"url":"https:\/\/www.noticiasradioreflejos.com.ar\/2021\/author\/arnaldo\/"}]}},"_links":{"self":[{"href":"https:\/\/www.noticiasradioreflejos.com.ar\/2021\/wp-json\/wp\/v2\/posts\/55595","targetHints":{"allow":["GET"]}}],"collection":[{"href":"https:\/\/www.noticiasradioreflejos.com.ar\/2021\/wp-json\/wp\/v2\/posts"}],"about":[{"href":"https:\/\/www.noticiasradioreflejos.com.ar\/2021\/wp-json\/wp\/v2\/types\/post"}],"author":[{"embeddable":true,"href":"https:\/\/www.noticiasradioreflejos.com.ar\/2021\/wp-json\/wp\/v2\/users\/3"}],"replies":[{"embeddable":true,"href":"https:\/\/www.noticiasradioreflejos.com.ar\/2021\/wp-json\/wp\/v2\/comments?post=55595"}],"version-history":[{"count":0,"href":"https:\/\/www.noticiasradioreflejos.com.ar\/2021\/wp-json\/wp\/v2\/posts\/55595\/revisions"}],"wp:attachment":[{"href":"https:\/\/www.noticiasradioreflejos.com.ar\/2021\/wp-json\/wp\/v2\/media?parent=55595"}],"wp:term":[{"taxonomy":"category","embeddable":true,"href":"https:\/\/www.noticiasradioreflejos.com.ar\/2021\/wp-json\/wp\/v2\/categories?post=55595"},{"taxonomy":"post_tag","embeddable":true,"href":"https:\/\/www.noticiasradioreflejos.com.ar\/2021\/wp-json\/wp\/v2\/tags?post=55595"}],"curies":[{"name":"wp","href":"https:\/\/api.w.org\/{rel}","templated":true}]}}