{"id":55594,"date":"2021-04-19T17:36:44","date_gmt":"2021-04-19T20:36:44","guid":{"rendered":"http:\/\/www.noticiasradioreflejos.com.ar\/noticias\/?p=55594"},"modified":"2021-04-19T17:36:44","modified_gmt":"2021-04-19T20:36:44","slug":"estas-becas-de-8000-son-para-aquellos-jovenes-de-18-a-29-anos-que-no-tengan-trabajo-formal-y-que-esten-inscriptos-a-alguna-de-estas-capacitaciones","status":"publish","type":"post","link":"https:\/\/www.noticiasradioreflejos.com.ar\/2021\/estas-becas-de-8000-son-para-aquellos-jovenes-de-18-a-29-anos-que-no-tengan-trabajo-formal-y-que-esten-inscriptos-a-alguna-de-estas-capacitaciones\/","title":{"rendered":"\u00abEstas becas de $8000 son para aquellos j\u00f3venes de 18 a 29 a\u00f1os que no tengan trabajo formal y que est\u00e9n inscriptos a alguna de estas capacitaciones\u00bb"},"content":{"rendered":"<p>Una amplia\u00a0explicaci\u00f3n del alcance del programa <span style=\"color: #000000;\"><strong>\u00abPotenciar Inclusi\u00f3n Joven\u00bb,\u00a0 <\/strong><\/span>nos brind\u00f3 esta ma\u00f1ana en una charla telef\u00f3nica,\u00a0\u00a0\u00a0la Secretaria de Producci\u00f3n, industria y Comercio <b>Susana Dos Santos. U<\/b>na alternativa laboral y de formaci\u00f3n para los j\u00f3venes de nuestro distrito. Acompa\u00f1ando el Proyecto Integral de Producci\u00f3n al Ministerio de la Naci\u00f3n, estas becas fomentar\u00e1n el desarrollo de distintas unidades de producci\u00f3n que funcionar\u00e1n en Tornquist.<!--more--><\/p>\n<p>\u00abNosotros el a\u00f1o pasado presentamos un Proyecto Integral de Producci\u00f3n al Ministerio de la Naci\u00f3n, un proyecto que est\u00e1 en marcha con 20 talleres para capacitarse\u00bb comenz\u00f3 desarrollando Susana.<\/p>\n<p>Sostiene que este proyecto es un af\u00e1n de poder fortalecer las unidades productivas, capacitando al personal e ingresando a muchas m\u00e1s personas al mercado laboral en el distrito.<\/p>\n<p>\u00abEstas becas de $8000 son para aquellos j\u00f3venes de 18 a 29 a\u00f1os que no tengan trabajo formal y que est\u00e9n inscriptos a alguna de estas capacitaciones\u00bb. Agreg\u00f3 que la remuneraci\u00f3n ser\u00e1 entregada a lo largo de un a\u00f1o para que los interesados puedan estudiar en su localidad.<\/p>\n<p>Susana aclar\u00f3 que los talleres se estar\u00e1n dictado con modalidad presencial que se trabajar\u00e1n en burbujas.<\/p>\n<p>Las inscripciones est\u00e1n abiertas presencialmente en el Centro Cultural en Sierra de la Ventana, en Saldungaray en la Delegaci\u00f3n y en Tornquist en el Palacio Municipal.<\/p>\n<p>A continuaci\u00f3n, un resumen de lo que ser\u00e1n los cursos y\/o talleres dictados y sus respectivos links para la inscripci\u00f3n.<\/p>\n<p><strong>Gesti\u00f3n Integral de Residuos y su problem\u00e1tica Ambiental<\/strong><\/p>\n<p>La capacitaci\u00f3n est\u00e1 orientada a toda la poblaci\u00f3n en general, que desee formarse y obtener herramientas en conciencia ambiental, para disminuir la cantidad de residuos generados, ser ciudadanos m\u00e1s activos y sostenibles. Para ello nos familiziaremos con el manejo integral de residuos s\u00f3lidos y conoceremos su situaci\u00f3n de manejo actual, con el objetivo de tomar conciencia de la importancia de nuestro rol como ciudadanos ambientales y socialmente responsables.<\/p>\n<p>Inscripci\u00f3n: <a href=\"https:\/\/forms.gle\/oczSRDo1N1arJUSC6\" target=\"_blank\" rel=\"noopener\">https:\/\/forms.gle\/oczSRDo1N1arJUSC6<\/a><\/p>\n<p><strong>Educaci\u00f3n Ambiental y Sostenibilidad para Empresarios\/Emprendedores<\/strong><\/p>\n<p>Un espacio para reflexionar sobre el impacto de nuestras acciones y decisiones en el medio ambiente y en nuestra comunidad. Incorporaremos herramientas concretas para afrontar los grandes desaf\u00edos de la actualidad; desde nuestro propio \u00e1mbito de acci\u00f3n.<\/p>\n<p>Inscripci\u00f3n: <a href=\"https:\/\/forms.gle\/L2pPfh7RrHAJ5AJSA\" target=\"_blank\" rel=\"noopener\">https:\/\/forms.gle\/L2pPfh7RrHAJ5AJSA<\/a><\/p>\n<p><strong>Curso de Huerta Agroecol\u00f3gica y Permacultura<\/strong><\/p>\n<p>El Taller ser\u00e1 te\u00f3rico\/practico apuntando al aprendizaje vivencial, participativo, inclusivo, pr\u00e1ctico, colaborativo y al desarrollo de la inteligencia colectiva puesta en acci\u00f3n. Abordando las bases \u00e9ticas y principios de dise\u00f1o de la Permacultura, se trabajar\u00e1 de manera integrada Dise\u00f1o de huerta agroecol\u00f3gica, huerto medicinal en espiral, sistemas de captaci\u00f3n, almacenamiento y circulaci\u00f3n del agua, construcci\u00f3n de estanques, bancales, tipos de siembra, restauraci\u00f3n de suelo, mulchings, abonos verdes, compostas fr\u00edas y calientes, biofertilizantes, microorganismo ben\u00e9\ufb01cos, Banco de semillas, sistemas de producci\u00f3n y almacenamiento de semillas para la Soberan\u00eda y seguridad alimentaria, mapas de cultivo, sistemas de control biol\u00f3gico de plagas, agricultura natural, entre otros.<\/p>\n<p>Inscripci\u00f3n: <a href=\"https:\/\/forms.gle\/A2946tnzyvp8gS1q8\" target=\"_blank\" rel=\"noopener\">https:\/\/forms.gle\/A2946tnzyvp8gS1q8<\/a><br \/>\nEducaci\u00f3n Ambiental y Sostenibilidad<\/p>\n<p>Un espacio para reflexionar sobre el impacto de nuestras acciones y decisiones en el medio ambiente y en nuestra comunidad. Incorporaremos herramientas concretas para afrontar los grandes desaf\u00edos de la actualidad; desde nuestro propio \u00e1mbito de acci\u00f3n.<\/p>\n<p>Inscripci\u00f3n: <a href=\"https:\/\/forms.gle\/xzewrwWnDdQzLegY6\" target=\"_blank\" rel=\"noopener\">https:\/\/forms.gle\/xzewrwWnDdQzLegY6<\/a><\/p>\n<p>Curso de Manipulaci\u00f3n segura de Alimentos<\/p>\n<p>Dirigido a quienes se desenvuelven en el rubro agroalimentario. El objetivo de este curso es adquirir los conocimientos necesarios para obtener el Carnet de Manipulador de alimentos, es por ello que el programa a realizar se centra en conceptos de manipulaci\u00f3n de alimentos, buenas pr\u00e1cticas de manufactura, enfermedades transmitidas por alimentos y su prevenci\u00f3n, manipulaci\u00f3n de alimentos sin gluten y sistemas de gesti\u00f3n de inocuidad de alimentos.<\/p>\n<p>Inscripci\u00f3n: <a href=\"https:\/\/forms.gle\/tag2Tm1U9yf6goDZ6\" target=\"_blank\" rel=\"noopener\">https:\/\/forms.gle\/tag2Tm1U9yf6goDZ6<\/a><\/p>\n<p>Producci\u00f3n Tambera y su manejo pr\u00e1ctico<\/p>\n<p>Componentes de la Producci\u00f3n lechera \u2013 Calidad de Leche \u2013 Rutina de Orde\u00f1e \u2013 Mastitis \u2013 Alimentaci\u00f3n \u2013 Crianza de Terneros \u2013 Manejo Sanitario de la Re Cr\u00eda \u2013 Manejo Sanitario de la Vaca de Tambo \u2013 Reproducci\u00f3n \u2013 Maquinarias \u2013 Higiene y Seguridad Laboral.<\/p>\n<p>Inscripci\u00f3n: <a href=\"https:\/\/forms.gle\/onKyiy7PW4QUDsMH6\" target=\"_blank\" rel=\"noopener\">https:\/\/forms.gle\/onKyiy7PW4QUDsMH6<\/a><\/p>\n<p>Iniciaci\u00f3n Ap\u00edcola<\/p>\n<p>Dictado y avalado por docentes de la Sociedad Argentina de Apicultores (SADA).<\/p>\n<p>Inscripci\u00f3n: <a href=\"https:\/\/forms.gle\/tdRsXVkNtCXfVYnQ9\" target=\"_blank\" rel=\"noopener\">https:\/\/forms.gle\/tdRsXVkNtCXfVYnQ9<\/a><\/p>\n<p>Taller de Producci\u00f3n de Plantines \u2013 Hortalizas \u2013 Arom\u00e1ticas \u2013 Forestales \u2013 Nativas<\/p>\n<p>El taller ser\u00e1 pr\u00e1ctico-te\u00f3rico. Se focalizar\u00e1 en la reproducci\u00f3n desde la pr\u00e1ctica, de distintas especies vegetales con diversos fines (huerta, vivero, realizaci\u00f3n de cortinas forestales, venta de plantines, propagaci\u00f3n de especies nativas, etc.).<br \/>\nAdem\u00e1s se abordar\u00e1n los contenidos te\u00f3ricos necesarios para comprender los factores importantes a tener en cuenta al momento de producir las diversas especies vegetales.<\/p>\n<p>Inscripci\u00f3n: <a href=\"https:\/\/forms.gle\/MqnG1HTk7nKbUZ7W8\" target=\"_blank\" rel=\"noopener\">https:\/\/forms.gle\/MqnG1HTk7nKbUZ7W8<\/a><\/p>\n<p><strong>Nota completa a continuaci\u00f3n:<\/strong><br \/>\n<iframe loading=\"lazy\" src=\"https:\/\/w.soundcloud.com\/player\/?url=https%3A\/\/api.soundcloud.com\/tracks\/1032508054&amp;color=%23ff5500&amp;auto_play=false&amp;hide_related=false&amp;show_comments=true&amp;show_user=true&amp;show_reposts=false&amp;show_teaser=true&amp;visual=true\" width=\"100%\" height=\"300\" frameborder=\"no\" scrolling=\"no\"><\/iframe><\/p>\n<div style=\"font-size: 10px; color: #cccccc; line-break: anywhere; word-break: normal; overflow: hidden; white-space: nowrap; text-overflow: ellipsis; font-family: Interstate,Lucida Grande,Lucida Sans Unicode,Lucida Sans,Garuda,Verdana,Tahoma,sans-serif; font-weight: 100;\"><a style=\"color: #cccccc; text-decoration: none;\" title=\"fmreflejos 103.7\" href=\"https:\/\/soundcloud.com\/fmreflejos-103-7\" target=\"_blank\" rel=\"noopener\">fmreflejos 103.7<\/a> \u00b7 <a style=\"color: #cccccc; text-decoration: none;\" title=\"Nota Susana Dos Santos\" href=\"https:\/\/soundcloud.com\/fmreflejos-103-7\/nota-susana-dos-santos-3\" target=\"_blank\" rel=\"noopener\">Nota Susana Dos Santos<\/a><\/div>\n","protected":false},"excerpt":{"rendered":"<p>Una amplia\u00a0explicaci\u00f3n del alcance del programa \u00abPotenciar Inclusi\u00f3n Joven\u00bb,\u00a0 nos brind\u00f3 esta ma\u00f1ana en una charla telef\u00f3nica,\u00a0\u00a0\u00a0la Secretaria de Producci\u00f3n, industria y Comercio Susana Dos Santos. Una alternativa laboral y de formaci\u00f3n para los j\u00f3venes de nuestro distrito. Acompa\u00f1ando el Proyecto Integral de Producci\u00f3n al Ministerio de la Naci\u00f3n, estas becas fomentar\u00e1n el desarrollo de [&hellip;]<\/p>\n","protected":false},"author":3,"featured_media":0,"comment_status":"closed","ping_status":"open","sticky":false,"template":"","format":"standard","meta":{"footnotes":""},"categories":[34,28],"tags":[],"class_list":["post-55594","post","type-post","status-publish","format-standard","hentry","category-educacion","category-municipales"],"yoast_head":"<!-- This site is optimized with the Yoast SEO plugin v25.9 - https:\/\/yoast.com\/wordpress\/plugins\/seo\/ -->\n<title>&quot;Estas becas de $8000 son para aquellos j\u00f3venes de 18 a 29 a\u00f1os que no tengan trabajo formal y que est\u00e9n inscriptos a alguna de estas capacitaciones&quot; - Noticias Radio Reflejos<\/title>\n<meta name=\"robots\" content=\"index, follow, max-snippet:-1, max-image-preview:large, max-video-preview:-1\" \/>\n<link rel=\"canonical\" href=\"https:\/\/www.noticiasradioreflejos.com.ar\/2021\/estas-becas-de-8000-son-para-aquellos-jovenes-de-18-a-29-anos-que-no-tengan-trabajo-formal-y-que-esten-inscriptos-a-alguna-de-estas-capacitaciones\/\" \/>\n<meta property=\"og:locale\" content=\"es_ES\" \/>\n<meta property=\"og:type\" content=\"article\" \/>\n<meta property=\"og:title\" content=\"&quot;Estas becas de $8000 son para aquellos j\u00f3venes de 18 a 29 a\u00f1os que no tengan trabajo formal y que est\u00e9n inscriptos a alguna de estas capacitaciones&quot; - Noticias Radio Reflejos\" \/>\n<meta property=\"og:description\" content=\"Una amplia\u00a0explicaci\u00f3n del alcance del programa \u00abPotenciar Inclusi\u00f3n Joven\u00bb,\u00a0 nos brind\u00f3 esta ma\u00f1ana en una charla telef\u00f3nica,\u00a0\u00a0\u00a0la Secretaria de Producci\u00f3n, industria y Comercio Susana Dos Santos. Una alternativa laboral y de formaci\u00f3n para los j\u00f3venes de nuestro distrito. Acompa\u00f1ando el Proyecto Integral de Producci\u00f3n al Ministerio de la Naci\u00f3n, estas becas fomentar\u00e1n el desarrollo de [&hellip;]\" \/>\n<meta property=\"og:url\" content=\"https:\/\/www.noticiasradioreflejos.com.ar\/2021\/estas-becas-de-8000-son-para-aquellos-jovenes-de-18-a-29-anos-que-no-tengan-trabajo-formal-y-que-esten-inscriptos-a-alguna-de-estas-capacitaciones\/\" \/>\n<meta property=\"og:site_name\" content=\"Noticias Radio Reflejos\" \/>\n<meta property=\"article:published_time\" content=\"2021-04-19T20:36:44+00:00\" \/>\n<meta property=\"og:image\" content=\"https:\/\/www.noticiasradioreflejos.com.ar\/2021\/wp-content\/uploads\/2021\/07\/logosol300x200.png\" \/>\n\t<meta property=\"og:image:width\" content=\"300\" \/>\n\t<meta property=\"og:image:height\" content=\"200\" \/>\n\t<meta property=\"og:image:type\" content=\"image\/png\" \/>\n<meta name=\"author\" content=\"Arnaldo Botto\" \/>\n<meta name=\"twitter:card\" content=\"summary_large_image\" \/>\n<script type=\"application\/ld+json\" class=\"yoast-schema-graph\">{\"@context\":\"https:\/\/schema.org\",\"@graph\":[{\"@type\":\"WebPage\",\"@id\":\"https:\/\/www.noticiasradioreflejos.com.ar\/2021\/estas-becas-de-8000-son-para-aquellos-jovenes-de-18-a-29-anos-que-no-tengan-trabajo-formal-y-que-esten-inscriptos-a-alguna-de-estas-capacitaciones\/\",\"url\":\"https:\/\/www.noticiasradioreflejos.com.ar\/2021\/estas-becas-de-8000-son-para-aquellos-jovenes-de-18-a-29-anos-que-no-tengan-trabajo-formal-y-que-esten-inscriptos-a-alguna-de-estas-capacitaciones\/\",\"name\":\"\\\"Estas becas de $8000 son para aquellos j\u00f3venes de 18 a 29 a\u00f1os que no tengan trabajo formal y que est\u00e9n inscriptos a alguna de estas capacitaciones\\\" - Noticias Radio Reflejos\",\"isPartOf\":{\"@id\":\"https:\/\/www.noticiasradioreflejos.com.ar\/2021\/#website\"},\"datePublished\":\"2021-04-19T20:36:44+00:00\",\"author\":{\"@id\":\"https:\/\/www.noticiasradioreflejos.com.ar\/2021\/#\/schema\/person\/ad82545263dcc5ec0996818884fd5fb1\"},\"breadcrumb\":{\"@id\":\"https:\/\/www.noticiasradioreflejos.com.ar\/2021\/estas-becas-de-8000-son-para-aquellos-jovenes-de-18-a-29-anos-que-no-tengan-trabajo-formal-y-que-esten-inscriptos-a-alguna-de-estas-capacitaciones\/#breadcrumb\"},\"inLanguage\":\"es\",\"potentialAction\":[{\"@type\":\"ReadAction\",\"target\":[\"https:\/\/www.noticiasradioreflejos.com.ar\/2021\/estas-becas-de-8000-son-para-aquellos-jovenes-de-18-a-29-anos-que-no-tengan-trabajo-formal-y-que-esten-inscriptos-a-alguna-de-estas-capacitaciones\/\"]}]},{\"@type\":\"BreadcrumbList\",\"@id\":\"https:\/\/www.noticiasradioreflejos.com.ar\/2021\/estas-becas-de-8000-son-para-aquellos-jovenes-de-18-a-29-anos-que-no-tengan-trabajo-formal-y-que-esten-inscriptos-a-alguna-de-estas-capacitaciones\/#breadcrumb\",\"itemListElement\":[{\"@type\":\"ListItem\",\"position\":1,\"name\":\"Portada\",\"item\":\"https:\/\/www.noticiasradioreflejos.com.ar\/2021\/\"},{\"@type\":\"ListItem\",\"position\":2,\"name\":\"\u00abEstas becas de $8000 son para aquellos j\u00f3venes de 18 a 29 a\u00f1os que no tengan trabajo formal y que est\u00e9n inscriptos a alguna de estas capacitaciones\u00bb\"}]},{\"@type\":\"WebSite\",\"@id\":\"https:\/\/www.noticiasradioreflejos.com.ar\/2021\/#website\",\"url\":\"https:\/\/www.noticiasradioreflejos.com.ar\/2021\/\",\"name\":\"Noticias Radio Reflejos\",\"description\":\"Las noticias de mi comarca\",\"potentialAction\":[{\"@type\":\"SearchAction\",\"target\":{\"@type\":\"EntryPoint\",\"urlTemplate\":\"https:\/\/www.noticiasradioreflejos.com.ar\/2021\/?s={search_term_string}\"},\"query-input\":{\"@type\":\"PropertyValueSpecification\",\"valueRequired\":true,\"valueName\":\"search_term_string\"}}],\"inLanguage\":\"es\"},{\"@type\":\"Person\",\"@id\":\"https:\/\/www.noticiasradioreflejos.com.ar\/2021\/#\/schema\/person\/ad82545263dcc5ec0996818884fd5fb1\",\"name\":\"Arnaldo Botto\",\"image\":{\"@type\":\"ImageObject\",\"inLanguage\":\"es\",\"@id\":\"https:\/\/www.noticiasradioreflejos.com.ar\/2021\/#\/schema\/person\/image\/\",\"url\":\"https:\/\/secure.gravatar.com\/avatar\/55cb5e37c1efa326397366e6974cb338056df65cb50e7d64d1cf314e87504837?s=96&d=mm&r=g\",\"contentUrl\":\"https:\/\/secure.gravatar.com\/avatar\/55cb5e37c1efa326397366e6974cb338056df65cb50e7d64d1cf314e87504837?s=96&d=mm&r=g\",\"caption\":\"Arnaldo Botto\"},\"url\":\"https:\/\/www.noticiasradioreflejos.com.ar\/2021\/author\/arnaldo\/\"}]}<\/script>\n<!-- \/ Yoast SEO plugin. -->","yoast_head_json":{"title":"\"Estas becas de $8000 son para aquellos j\u00f3venes de 18 a 29 a\u00f1os que no tengan trabajo formal y que est\u00e9n inscriptos a alguna de estas capacitaciones\" - Noticias Radio Reflejos","robots":{"index":"index","follow":"follow","max-snippet":"max-snippet:-1","max-image-preview":"max-image-preview:large","max-video-preview":"max-video-preview:-1"},"canonical":"https:\/\/www.noticiasradioreflejos.com.ar\/2021\/estas-becas-de-8000-son-para-aquellos-jovenes-de-18-a-29-anos-que-no-tengan-trabajo-formal-y-que-esten-inscriptos-a-alguna-de-estas-capacitaciones\/","og_locale":"es_ES","og_type":"article","og_title":"\"Estas becas de $8000 son para aquellos j\u00f3venes de 18 a 29 a\u00f1os que no tengan trabajo formal y que est\u00e9n inscriptos a alguna de estas capacitaciones\" - Noticias Radio Reflejos","og_description":"Una amplia\u00a0explicaci\u00f3n del alcance del programa \u00abPotenciar Inclusi\u00f3n Joven\u00bb,\u00a0 nos brind\u00f3 esta ma\u00f1ana en una charla telef\u00f3nica,\u00a0\u00a0\u00a0la Secretaria de Producci\u00f3n, industria y Comercio Susana Dos Santos. Una alternativa laboral y de formaci\u00f3n para los j\u00f3venes de nuestro distrito. Acompa\u00f1ando el Proyecto Integral de Producci\u00f3n al Ministerio de la Naci\u00f3n, estas becas fomentar\u00e1n el desarrollo de [&hellip;]","og_url":"https:\/\/www.noticiasradioreflejos.com.ar\/2021\/estas-becas-de-8000-son-para-aquellos-jovenes-de-18-a-29-anos-que-no-tengan-trabajo-formal-y-que-esten-inscriptos-a-alguna-de-estas-capacitaciones\/","og_site_name":"Noticias Radio Reflejos","article_published_time":"2021-04-19T20:36:44+00:00","og_image":[{"width":300,"height":200,"url":"https:\/\/www.noticiasradioreflejos.com.ar\/2021\/wp-content\/uploads\/2021\/07\/logosol300x200.png","type":"image\/png"}],"author":"Arnaldo Botto","twitter_card":"summary_large_image","schema":{"@context":"https:\/\/schema.org","@graph":[{"@type":"WebPage","@id":"https:\/\/www.noticiasradioreflejos.com.ar\/2021\/estas-becas-de-8000-son-para-aquellos-jovenes-de-18-a-29-anos-que-no-tengan-trabajo-formal-y-que-esten-inscriptos-a-alguna-de-estas-capacitaciones\/","url":"https:\/\/www.noticiasradioreflejos.com.ar\/2021\/estas-becas-de-8000-son-para-aquellos-jovenes-de-18-a-29-anos-que-no-tengan-trabajo-formal-y-que-esten-inscriptos-a-alguna-de-estas-capacitaciones\/","name":"\"Estas becas de $8000 son para aquellos j\u00f3venes de 18 a 29 a\u00f1os que no tengan trabajo formal y que est\u00e9n inscriptos a alguna de estas capacitaciones\" - Noticias Radio Reflejos","isPartOf":{"@id":"https:\/\/www.noticiasradioreflejos.com.ar\/2021\/#website"},"datePublished":"2021-04-19T20:36:44+00:00","author":{"@id":"https:\/\/www.noticiasradioreflejos.com.ar\/2021\/#\/schema\/person\/ad82545263dcc5ec0996818884fd5fb1"},"breadcrumb":{"@id":"https:\/\/www.noticiasradioreflejos.com.ar\/2021\/estas-becas-de-8000-son-para-aquellos-jovenes-de-18-a-29-anos-que-no-tengan-trabajo-formal-y-que-esten-inscriptos-a-alguna-de-estas-capacitaciones\/#breadcrumb"},"inLanguage":"es","potentialAction":[{"@type":"ReadAction","target":["https:\/\/www.noticiasradioreflejos.com.ar\/2021\/estas-becas-de-8000-son-para-aquellos-jovenes-de-18-a-29-anos-que-no-tengan-trabajo-formal-y-que-esten-inscriptos-a-alguna-de-estas-capacitaciones\/"]}]},{"@type":"BreadcrumbList","@id":"https:\/\/www.noticiasradioreflejos.com.ar\/2021\/estas-becas-de-8000-son-para-aquellos-jovenes-de-18-a-29-anos-que-no-tengan-trabajo-formal-y-que-esten-inscriptos-a-alguna-de-estas-capacitaciones\/#breadcrumb","itemListElement":[{"@type":"ListItem","position":1,"name":"Portada","item":"https:\/\/www.noticiasradioreflejos.com.ar\/2021\/"},{"@type":"ListItem","position":2,"name":"\u00abEstas becas de $8000 son para aquellos j\u00f3venes de 18 a 29 a\u00f1os que no tengan trabajo formal y que est\u00e9n inscriptos a alguna de estas capacitaciones\u00bb"}]},{"@type":"WebSite","@id":"https:\/\/www.noticiasradioreflejos.com.ar\/2021\/#website","url":"https:\/\/www.noticiasradioreflejos.com.ar\/2021\/","name":"Noticias Radio Reflejos","description":"Las noticias de mi comarca","potentialAction":[{"@type":"SearchAction","target":{"@type":"EntryPoint","urlTemplate":"https:\/\/www.noticiasradioreflejos.com.ar\/2021\/?s={search_term_string}"},"query-input":{"@type":"PropertyValueSpecification","valueRequired":true,"valueName":"search_term_string"}}],"inLanguage":"es"},{"@type":"Person","@id":"https:\/\/www.noticiasradioreflejos.com.ar\/2021\/#\/schema\/person\/ad82545263dcc5ec0996818884fd5fb1","name":"Arnaldo Botto","image":{"@type":"ImageObject","inLanguage":"es","@id":"https:\/\/www.noticiasradioreflejos.com.ar\/2021\/#\/schema\/person\/image\/","url":"https:\/\/secure.gravatar.com\/avatar\/55cb5e37c1efa326397366e6974cb338056df65cb50e7d64d1cf314e87504837?s=96&d=mm&r=g","contentUrl":"https:\/\/secure.gravatar.com\/avatar\/55cb5e37c1efa326397366e6974cb338056df65cb50e7d64d1cf314e87504837?s=96&d=mm&r=g","caption":"Arnaldo Botto"},"url":"https:\/\/www.noticiasradioreflejos.com.ar\/2021\/author\/arnaldo\/"}]}},"_links":{"self":[{"href":"https:\/\/www.noticiasradioreflejos.com.ar\/2021\/wp-json\/wp\/v2\/posts\/55594","targetHints":{"allow":["GET"]}}],"collection":[{"href":"https:\/\/www.noticiasradioreflejos.com.ar\/2021\/wp-json\/wp\/v2\/posts"}],"about":[{"href":"https:\/\/www.noticiasradioreflejos.com.ar\/2021\/wp-json\/wp\/v2\/types\/post"}],"author":[{"embeddable":true,"href":"https:\/\/www.noticiasradioreflejos.com.ar\/2021\/wp-json\/wp\/v2\/users\/3"}],"replies":[{"embeddable":true,"href":"https:\/\/www.noticiasradioreflejos.com.ar\/2021\/wp-json\/wp\/v2\/comments?post=55594"}],"version-history":[{"count":0,"href":"https:\/\/www.noticiasradioreflejos.com.ar\/2021\/wp-json\/wp\/v2\/posts\/55594\/revisions"}],"wp:attachment":[{"href":"https:\/\/www.noticiasradioreflejos.com.ar\/2021\/wp-json\/wp\/v2\/media?parent=55594"}],"wp:term":[{"taxonomy":"category","embeddable":true,"href":"https:\/\/www.noticiasradioreflejos.com.ar\/2021\/wp-json\/wp\/v2\/categories?post=55594"},{"taxonomy":"post_tag","embeddable":true,"href":"https:\/\/www.noticiasradioreflejos.com.ar\/2021\/wp-json\/wp\/v2\/tags?post=55594"}],"curies":[{"name":"wp","href":"https:\/\/api.w.org\/{rel}","templated":true}]}}