{"id":55591,"date":"2021-04-19T14:14:54","date_gmt":"2021-04-19T17:14:54","guid":{"rendered":"http:\/\/www.noticiasradioreflejos.com.ar\/noticias\/?p=55591"},"modified":"2021-04-19T14:14:54","modified_gmt":"2021-04-19T17:14:54","slug":"legisladores-portenos-del-frente-de-todxs-piden-enjuiciamiento-a-los-jueces-de-la-sala-iv-de-la-camara-cayt-por-el-fallo-sobre-presencialidad","status":"publish","type":"post","link":"https:\/\/www.noticiasradioreflejos.com.ar\/2021\/legisladores-portenos-del-frente-de-todxs-piden-enjuiciamiento-a-los-jueces-de-la-sala-iv-de-la-camara-cayt-por-el-fallo-sobre-presencialidad\/","title":{"rendered":"Legisladores porte\u00f1os del Frente de Todxs piden enjuiciamiento a los jueces de la sala IV de la C\u00e1mara CAYT por el fallo sobre presencialidad."},"content":{"rendered":"<p>Legisladores y Legisladoras del Frente de Todxs de la Ciudad de Buenos Aires denunciaron ante el Consejo de la Magistratura de la Ciudad, por mal desempe\u00f1o en sus funciones, a los jueces Mar\u00eda de las Nieves Macchiavelli Agrelo, Laura Alejandra Perugini y Marcelo Lopez Alfonsin, integrantes de la Sala IV de la C\u00e1mara de Apelaciones en lo Contencioso, Administrativo, Tributario y de Relaciones de Consumo de la Ciudad, firmantes del fallo que ordena la suspensi\u00f3n del art. 2\u00ba del DNU 241\/2021 PEN.<!--more--><\/p>\n<p>El fallo es a todas luces arbitrario, temerario e incapaz de resistir el menor test de constitucionalidad y de razonabilidad.<\/p>\n<p>Consideramos que es a\u00fan m\u00e1s grave la situaci\u00f3n de incertidumbre y riesgo en que ha colocado a los y las porte\u00f1as ante el acuciante estado epidemiol\u00f3gico actual.<\/p>\n<p>Los miembros del tribunal deber\u00e1n hacerse responsables ante los habitantes de la ciudad y del pa\u00eds en su conjunto por el grave riesgo en que nos han colocado a todos y todas.<\/p>\n<p>El fallo de los jueces denunciados avasalla competencias constitucionales, demostrando un alevoso mal desempe\u00f1o y un desconocimiento inexcusable del derecho.<\/p>\n<p>Una justicia que act\u00faa priorizando la estrategia electoral de Horacio Rodr\u00edguez Larreta en un momento de grave crisis sanitaria y con argumentos carentes de sentido es una situaci\u00f3n institucional grave.<\/p>\n<p>La segunda ola de COVID-19 avanza a velocidad alarmante, amenaza con saturar la capacidad del sistema sanitario y obliga a tomar medidas para salvar la vida de la mayor cantidad posible de argentinos y argentinas.<\/p>\n<p>En los \u00faltimos 14 d\u00edas hubo 286.855 casos positivos y en lo que va de pandemia llevamos m\u00e1s de 59.228 muertes por covid19 en nuestro pa\u00eds.<\/p>\n<p>Ante tal estado de situaci\u00f3n epidemiologica, no es tiempo de especulaciones electorales ni judiciales y tampoco de sacar ventajas pol\u00edticas irresponsablemente.<\/p>\n","protected":false},"excerpt":{"rendered":"<p>Legisladores y Legisladoras del Frente de Todxs de la Ciudad de Buenos Aires denunciaron ante el Consejo de la Magistratura de la Ciudad, por mal desempe\u00f1o en sus funciones, a los jueces Mar\u00eda de las Nieves Macchiavelli Agrelo, Laura Alejandra Perugini y Marcelo Lopez Alfonsin, integrantes de la Sala IV de la C\u00e1mara de Apelaciones [&hellip;]<\/p>\n","protected":false},"author":3,"featured_media":0,"comment_status":"closed","ping_status":"open","sticky":false,"template":"","format":"standard","meta":{"footnotes":""},"categories":[24,26],"tags":[],"class_list":["post-55591","post","type-post","status-publish","format-standard","hentry","category-politica","category-sociedad"],"yoast_head":"<!-- This site is optimized with the Yoast SEO plugin v25.9 - https:\/\/yoast.com\/wordpress\/plugins\/seo\/ -->\n<title>Legisladores porte\u00f1os del Frente de Todxs piden enjuiciamiento a los jueces de la sala IV de la C\u00e1mara CAYT por el fallo sobre presencialidad. - Noticias Radio Reflejos<\/title>\n<meta name=\"robots\" content=\"index, follow, max-snippet:-1, max-image-preview:large, max-video-preview:-1\" \/>\n<link rel=\"canonical\" href=\"https:\/\/www.noticiasradioreflejos.com.ar\/2021\/legisladores-portenos-del-frente-de-todxs-piden-enjuiciamiento-a-los-jueces-de-la-sala-iv-de-la-camara-cayt-por-el-fallo-sobre-presencialidad\/\" \/>\n<meta property=\"og:locale\" content=\"es_ES\" \/>\n<meta property=\"og:type\" content=\"article\" \/>\n<meta property=\"og:title\" content=\"Legisladores porte\u00f1os del Frente de Todxs piden enjuiciamiento a los jueces de la sala IV de la C\u00e1mara CAYT por el fallo sobre presencialidad. - Noticias Radio Reflejos\" \/>\n<meta property=\"og:description\" content=\"Legisladores y Legisladoras del Frente de Todxs de la Ciudad de Buenos Aires denunciaron ante el Consejo de la Magistratura de la Ciudad, por mal desempe\u00f1o en sus funciones, a los jueces Mar\u00eda de las Nieves Macchiavelli Agrelo, Laura Alejandra Perugini y Marcelo Lopez Alfonsin, integrantes de la Sala IV de la C\u00e1mara de Apelaciones [&hellip;]\" \/>\n<meta property=\"og:url\" content=\"https:\/\/www.noticiasradioreflejos.com.ar\/2021\/legisladores-portenos-del-frente-de-todxs-piden-enjuiciamiento-a-los-jueces-de-la-sala-iv-de-la-camara-cayt-por-el-fallo-sobre-presencialidad\/\" \/>\n<meta property=\"og:site_name\" content=\"Noticias Radio Reflejos\" \/>\n<meta property=\"article:published_time\" content=\"2021-04-19T17:14:54+00:00\" \/>\n<meta property=\"og:image\" content=\"https:\/\/www.noticiasradioreflejos.com.ar\/2021\/wp-content\/uploads\/2021\/07\/logosol300x200.png\" \/>\n\t<meta property=\"og:image:width\" content=\"300\" \/>\n\t<meta property=\"og:image:height\" content=\"200\" \/>\n\t<meta property=\"og:image:type\" content=\"image\/png\" \/>\n<meta name=\"author\" content=\"Arnaldo Botto\" \/>\n<meta name=\"twitter:card\" content=\"summary_large_image\" \/>\n<script type=\"application\/ld+json\" class=\"yoast-schema-graph\">{\"@context\":\"https:\/\/schema.org\",\"@graph\":[{\"@type\":\"WebPage\",\"@id\":\"https:\/\/www.noticiasradioreflejos.com.ar\/2021\/legisladores-portenos-del-frente-de-todxs-piden-enjuiciamiento-a-los-jueces-de-la-sala-iv-de-la-camara-cayt-por-el-fallo-sobre-presencialidad\/\",\"url\":\"https:\/\/www.noticiasradioreflejos.com.ar\/2021\/legisladores-portenos-del-frente-de-todxs-piden-enjuiciamiento-a-los-jueces-de-la-sala-iv-de-la-camara-cayt-por-el-fallo-sobre-presencialidad\/\",\"name\":\"Legisladores porte\u00f1os del Frente de Todxs piden enjuiciamiento a los jueces de la sala IV de la C\u00e1mara CAYT por el fallo sobre presencialidad. - Noticias Radio Reflejos\",\"isPartOf\":{\"@id\":\"https:\/\/www.noticiasradioreflejos.com.ar\/2021\/#website\"},\"datePublished\":\"2021-04-19T17:14:54+00:00\",\"author\":{\"@id\":\"https:\/\/www.noticiasradioreflejos.com.ar\/2021\/#\/schema\/person\/ad82545263dcc5ec0996818884fd5fb1\"},\"breadcrumb\":{\"@id\":\"https:\/\/www.noticiasradioreflejos.com.ar\/2021\/legisladores-portenos-del-frente-de-todxs-piden-enjuiciamiento-a-los-jueces-de-la-sala-iv-de-la-camara-cayt-por-el-fallo-sobre-presencialidad\/#breadcrumb\"},\"inLanguage\":\"es\",\"potentialAction\":[{\"@type\":\"ReadAction\",\"target\":[\"https:\/\/www.noticiasradioreflejos.com.ar\/2021\/legisladores-portenos-del-frente-de-todxs-piden-enjuiciamiento-a-los-jueces-de-la-sala-iv-de-la-camara-cayt-por-el-fallo-sobre-presencialidad\/\"]}]},{\"@type\":\"BreadcrumbList\",\"@id\":\"https:\/\/www.noticiasradioreflejos.com.ar\/2021\/legisladores-portenos-del-frente-de-todxs-piden-enjuiciamiento-a-los-jueces-de-la-sala-iv-de-la-camara-cayt-por-el-fallo-sobre-presencialidad\/#breadcrumb\",\"itemListElement\":[{\"@type\":\"ListItem\",\"position\":1,\"name\":\"Portada\",\"item\":\"https:\/\/www.noticiasradioreflejos.com.ar\/2021\/\"},{\"@type\":\"ListItem\",\"position\":2,\"name\":\"Legisladores porte\u00f1os del Frente de Todxs piden enjuiciamiento a los jueces de la sala IV de la C\u00e1mara CAYT por el fallo sobre presencialidad.\"}]},{\"@type\":\"WebSite\",\"@id\":\"https:\/\/www.noticiasradioreflejos.com.ar\/2021\/#website\",\"url\":\"https:\/\/www.noticiasradioreflejos.com.ar\/2021\/\",\"name\":\"Noticias Radio Reflejos\",\"description\":\"Las noticias de mi comarca\",\"potentialAction\":[{\"@type\":\"SearchAction\",\"target\":{\"@type\":\"EntryPoint\",\"urlTemplate\":\"https:\/\/www.noticiasradioreflejos.com.ar\/2021\/?s={search_term_string}\"},\"query-input\":{\"@type\":\"PropertyValueSpecification\",\"valueRequired\":true,\"valueName\":\"search_term_string\"}}],\"inLanguage\":\"es\"},{\"@type\":\"Person\",\"@id\":\"https:\/\/www.noticiasradioreflejos.com.ar\/2021\/#\/schema\/person\/ad82545263dcc5ec0996818884fd5fb1\",\"name\":\"Arnaldo Botto\",\"image\":{\"@type\":\"ImageObject\",\"inLanguage\":\"es\",\"@id\":\"https:\/\/www.noticiasradioreflejos.com.ar\/2021\/#\/schema\/person\/image\/\",\"url\":\"https:\/\/secure.gravatar.com\/avatar\/55cb5e37c1efa326397366e6974cb338056df65cb50e7d64d1cf314e87504837?s=96&d=mm&r=g\",\"contentUrl\":\"https:\/\/secure.gravatar.com\/avatar\/55cb5e37c1efa326397366e6974cb338056df65cb50e7d64d1cf314e87504837?s=96&d=mm&r=g\",\"caption\":\"Arnaldo Botto\"},\"url\":\"https:\/\/www.noticiasradioreflejos.com.ar\/2021\/author\/arnaldo\/\"}]}<\/script>\n<!-- \/ Yoast SEO plugin. -->","yoast_head_json":{"title":"Legisladores porte\u00f1os del Frente de Todxs piden enjuiciamiento a los jueces de la sala IV de la C\u00e1mara CAYT por el fallo sobre presencialidad. - Noticias Radio Reflejos","robots":{"index":"index","follow":"follow","max-snippet":"max-snippet:-1","max-image-preview":"max-image-preview:large","max-video-preview":"max-video-preview:-1"},"canonical":"https:\/\/www.noticiasradioreflejos.com.ar\/2021\/legisladores-portenos-del-frente-de-todxs-piden-enjuiciamiento-a-los-jueces-de-la-sala-iv-de-la-camara-cayt-por-el-fallo-sobre-presencialidad\/","og_locale":"es_ES","og_type":"article","og_title":"Legisladores porte\u00f1os del Frente de Todxs piden enjuiciamiento a los jueces de la sala IV de la C\u00e1mara CAYT por el fallo sobre presencialidad. - Noticias Radio Reflejos","og_description":"Legisladores y Legisladoras del Frente de Todxs de la Ciudad de Buenos Aires denunciaron ante el Consejo de la Magistratura de la Ciudad, por mal desempe\u00f1o en sus funciones, a los jueces Mar\u00eda de las Nieves Macchiavelli Agrelo, Laura Alejandra Perugini y Marcelo Lopez Alfonsin, integrantes de la Sala IV de la C\u00e1mara de Apelaciones [&hellip;]","og_url":"https:\/\/www.noticiasradioreflejos.com.ar\/2021\/legisladores-portenos-del-frente-de-todxs-piden-enjuiciamiento-a-los-jueces-de-la-sala-iv-de-la-camara-cayt-por-el-fallo-sobre-presencialidad\/","og_site_name":"Noticias Radio Reflejos","article_published_time":"2021-04-19T17:14:54+00:00","og_image":[{"width":300,"height":200,"url":"https:\/\/www.noticiasradioreflejos.com.ar\/2021\/wp-content\/uploads\/2021\/07\/logosol300x200.png","type":"image\/png"}],"author":"Arnaldo Botto","twitter_card":"summary_large_image","schema":{"@context":"https:\/\/schema.org","@graph":[{"@type":"WebPage","@id":"https:\/\/www.noticiasradioreflejos.com.ar\/2021\/legisladores-portenos-del-frente-de-todxs-piden-enjuiciamiento-a-los-jueces-de-la-sala-iv-de-la-camara-cayt-por-el-fallo-sobre-presencialidad\/","url":"https:\/\/www.noticiasradioreflejos.com.ar\/2021\/legisladores-portenos-del-frente-de-todxs-piden-enjuiciamiento-a-los-jueces-de-la-sala-iv-de-la-camara-cayt-por-el-fallo-sobre-presencialidad\/","name":"Legisladores porte\u00f1os del Frente de Todxs piden enjuiciamiento a los jueces de la sala IV de la C\u00e1mara CAYT por el fallo sobre presencialidad. - Noticias Radio Reflejos","isPartOf":{"@id":"https:\/\/www.noticiasradioreflejos.com.ar\/2021\/#website"},"datePublished":"2021-04-19T17:14:54+00:00","author":{"@id":"https:\/\/www.noticiasradioreflejos.com.ar\/2021\/#\/schema\/person\/ad82545263dcc5ec0996818884fd5fb1"},"breadcrumb":{"@id":"https:\/\/www.noticiasradioreflejos.com.ar\/2021\/legisladores-portenos-del-frente-de-todxs-piden-enjuiciamiento-a-los-jueces-de-la-sala-iv-de-la-camara-cayt-por-el-fallo-sobre-presencialidad\/#breadcrumb"},"inLanguage":"es","potentialAction":[{"@type":"ReadAction","target":["https:\/\/www.noticiasradioreflejos.com.ar\/2021\/legisladores-portenos-del-frente-de-todxs-piden-enjuiciamiento-a-los-jueces-de-la-sala-iv-de-la-camara-cayt-por-el-fallo-sobre-presencialidad\/"]}]},{"@type":"BreadcrumbList","@id":"https:\/\/www.noticiasradioreflejos.com.ar\/2021\/legisladores-portenos-del-frente-de-todxs-piden-enjuiciamiento-a-los-jueces-de-la-sala-iv-de-la-camara-cayt-por-el-fallo-sobre-presencialidad\/#breadcrumb","itemListElement":[{"@type":"ListItem","position":1,"name":"Portada","item":"https:\/\/www.noticiasradioreflejos.com.ar\/2021\/"},{"@type":"ListItem","position":2,"name":"Legisladores porte\u00f1os del Frente de Todxs piden enjuiciamiento a los jueces de la sala IV de la C\u00e1mara CAYT por el fallo sobre presencialidad."}]},{"@type":"WebSite","@id":"https:\/\/www.noticiasradioreflejos.com.ar\/2021\/#website","url":"https:\/\/www.noticiasradioreflejos.com.ar\/2021\/","name":"Noticias Radio Reflejos","description":"Las noticias de mi comarca","potentialAction":[{"@type":"SearchAction","target":{"@type":"EntryPoint","urlTemplate":"https:\/\/www.noticiasradioreflejos.com.ar\/2021\/?s={search_term_string}"},"query-input":{"@type":"PropertyValueSpecification","valueRequired":true,"valueName":"search_term_string"}}],"inLanguage":"es"},{"@type":"Person","@id":"https:\/\/www.noticiasradioreflejos.com.ar\/2021\/#\/schema\/person\/ad82545263dcc5ec0996818884fd5fb1","name":"Arnaldo Botto","image":{"@type":"ImageObject","inLanguage":"es","@id":"https:\/\/www.noticiasradioreflejos.com.ar\/2021\/#\/schema\/person\/image\/","url":"https:\/\/secure.gravatar.com\/avatar\/55cb5e37c1efa326397366e6974cb338056df65cb50e7d64d1cf314e87504837?s=96&d=mm&r=g","contentUrl":"https:\/\/secure.gravatar.com\/avatar\/55cb5e37c1efa326397366e6974cb338056df65cb50e7d64d1cf314e87504837?s=96&d=mm&r=g","caption":"Arnaldo Botto"},"url":"https:\/\/www.noticiasradioreflejos.com.ar\/2021\/author\/arnaldo\/"}]}},"_links":{"self":[{"href":"https:\/\/www.noticiasradioreflejos.com.ar\/2021\/wp-json\/wp\/v2\/posts\/55591","targetHints":{"allow":["GET"]}}],"collection":[{"href":"https:\/\/www.noticiasradioreflejos.com.ar\/2021\/wp-json\/wp\/v2\/posts"}],"about":[{"href":"https:\/\/www.noticiasradioreflejos.com.ar\/2021\/wp-json\/wp\/v2\/types\/post"}],"author":[{"embeddable":true,"href":"https:\/\/www.noticiasradioreflejos.com.ar\/2021\/wp-json\/wp\/v2\/users\/3"}],"replies":[{"embeddable":true,"href":"https:\/\/www.noticiasradioreflejos.com.ar\/2021\/wp-json\/wp\/v2\/comments?post=55591"}],"version-history":[{"count":0,"href":"https:\/\/www.noticiasradioreflejos.com.ar\/2021\/wp-json\/wp\/v2\/posts\/55591\/revisions"}],"wp:attachment":[{"href":"https:\/\/www.noticiasradioreflejos.com.ar\/2021\/wp-json\/wp\/v2\/media?parent=55591"}],"wp:term":[{"taxonomy":"category","embeddable":true,"href":"https:\/\/www.noticiasradioreflejos.com.ar\/2021\/wp-json\/wp\/v2\/categories?post=55591"},{"taxonomy":"post_tag","embeddable":true,"href":"https:\/\/www.noticiasradioreflejos.com.ar\/2021\/wp-json\/wp\/v2\/tags?post=55591"}],"curies":[{"name":"wp","href":"https:\/\/api.w.org\/{rel}","templated":true}]}}