{"id":55588,"date":"2021-04-19T14:11:31","date_gmt":"2021-04-19T17:11:31","guid":{"rendered":"http:\/\/www.noticiasradioreflejos.com.ar\/noticias\/?p=55588"},"modified":"2021-04-19T14:11:31","modified_gmt":"2021-04-19T17:11:31","slug":"el-presidente-alberto-fernandez-anuncio-que-se-otorgara-un-bono-de-6-500-al-personal-de-salud-durante-tres-meses","status":"publish","type":"post","link":"https:\/\/www.noticiasradioreflejos.com.ar\/2021\/el-presidente-alberto-fernandez-anuncio-que-se-otorgara-un-bono-de-6-500-al-personal-de-salud-durante-tres-meses\/","title":{"rendered":"El presidente Alberto Fern\u00e1ndez anunci\u00f3 que se otorgar\u00e1 un bono de $6.500 al personal de Salud durante tres meses"},"content":{"rendered":"<p>\u201cUstedes saben que valoro la salud p\u00fablica\u201d, destac\u00f3 el Jefe de Estado. La semana pasada, cuando anunci\u00f3 las nuevas restricciones para frenar los contagios de coronavirus, hab\u00eda hecho referencia al \u201crelajamiento\u201d del sistema sanitario<!--more--><\/p>\n<div class=\"article-header \"><\/div>\n<div class=\"nd_buttons_container width_full display_flex\"><\/div>\n<article class=\"article | col widescreen-8 desktop-8 tablet-12 width_full\">\n<div class=\"nd-body-article\">\n<div class=\"visual__image image_container\"><img loading=\"lazy\" decoding=\"async\" src=\"https:\/\/www.infobae.com\/new-resizer\/cx8bEcmzCX3pgdM_55d51rxFCD8=\/420x236\/filters:format(jpg):quality(85)\/cloudfront-us-east-1.images.arcpublishing.com\/infobae\/44EDQN4CNZEF7H6EQAGLNQR4FU.jpg\" sizes=\"auto, (min-width: 800px) 50vw, 90vw\" srcset=\"https:\/\/www.infobae.com\/new-resizer\/cx8bEcmzCX3pgdM_55d51rxFCD8=\/420x236\/filters:format(jpg):quality(85)\/cloudfront-us-east-1.images.arcpublishing.com\/infobae\/44EDQN4CNZEF7H6EQAGLNQR4FU.jpg 420w,https:\/\/www.infobae.com\/new-resizer\/dfq1z6Dq5jQJVuZkHkU5paMv7xg=\/768x432\/filters:format(jpg):quality(85)\/cloudfront-us-east-1.images.arcpublishing.com\/infobae\/44EDQN4CNZEF7H6EQAGLNQR4FU.jpg 768w,https:\/\/www.infobae.com\/new-resizer\/DPq6Mw0-fEccebbgcTASYExzGAo=\/992x558\/filters:format(jpg):quality(85)\/cloudfront-us-east-1.images.arcpublishing.com\/infobae\/44EDQN4CNZEF7H6EQAGLNQR4FU.jpg 992w,https:\/\/www.infobae.com\/new-resizer\/Q0kAxM4Bzlc4CvGKEi4GleZwP54=\/1200x675\/filters:format(jpg):quality(85)\/cloudfront-us-east-1.images.arcpublishing.com\/infobae\/44EDQN4CNZEF7H6EQAGLNQR4FU.jpg 1200w\" alt=\"El presidente Alberto Fern\u00e1ndez anunci\u00f3 obras p\u00fablicas para reforzar el sistema de salud\" width=\"1821\" height=\"1023\" \/>El presidente Alberto Fern\u00e1ndez anunci\u00f3 obras p\u00fablicas para reforzar el sistema de salud<\/div>\n<p class=\"paragraph\">A menos de una semana de haber cuestionado el \u201c<a href=\"https:\/\/www.infobae.com\/politica\/2021\/04\/18\/alberto-fernandez-les-pidio-disculpas-a-los-medicos-luego-de-haber-hablado-del-relajamiento-del-sistema-sanitario\/\" target=\"_blank\" rel=\"noopener\"><b>relajamiento del sistema sanitario<\/b><\/a>\u201d en un contexto de suba de contagios de coronavirus, el presidente\u00a0<b>Alberto Fern\u00e1ndez<\/b>\u00a0anunci\u00f3 hoy que se\u00a0<b>otorgar\u00e1 un bono de $6.500 al personal de Salud<\/b>\u00a0durante tres meses. \u201c<mark class=\"hl_yellow\">Reconozco el esfuerzo que hacen; ustedes saben que valoro la salud p\u00fablica<\/mark>\u201d, se\u00f1al\u00f3 desde la quinta de Olivos.<\/p>\n<p class=\"paragraph\">El mandatario nacional encabez\u00f3 un encuentro con gobernadores e intendentes para infomar sobre medidas para fortalecer el sistema de salud. Previo a su discurso, y de manera remota, participaron los gobernadores de la provincia de Buenos Aires,\u00a0<b>Axel Kicillof<\/b>; de Neuqu\u00e9n,\u00a0<b>Omar Guti\u00e9rrez<\/b>; de Santa Cruz,\u00a0<b>Alicia Kircner<\/b>; y de Santa Fe,\u00a0<b>Omar Perotti<\/b>, y el intendente de Pilar,\u00a0<b>Federico Ach\u00e1val<\/b>.<\/p>\n<div class=\"visual__image image_container\"><img loading=\"lazy\" decoding=\"async\" src=\"https:\/\/www.infobae.com\/new-resizer\/ieh72VZs750eavxA3BrobpM2J74=\/420x236\/filters:format(jpg):quality(85)\/cloudfront-us-east-1.images.arcpublishing.com\/infobae\/7WTG43SQ3NHGZBZFSAROQUHDFM.jpg\" sizes=\"auto, (min-width: 800px) 50vw, 90vw\" srcset=\"https:\/\/www.infobae.com\/new-resizer\/ieh72VZs750eavxA3BrobpM2J74=\/420x236\/filters:format(jpg):quality(85)\/cloudfront-us-east-1.images.arcpublishing.com\/infobae\/7WTG43SQ3NHGZBZFSAROQUHDFM.jpg 420w,https:\/\/www.infobae.com\/new-resizer\/QPcUigStbAFaUwUUefAYoGuzeKY=\/768x432\/filters:format(jpg):quality(85)\/cloudfront-us-east-1.images.arcpublishing.com\/infobae\/7WTG43SQ3NHGZBZFSAROQUHDFM.jpg 768w,https:\/\/www.infobae.com\/new-resizer\/JNSprZ5RU9_HUOWXBDLpiBYUNqU=\/992x558\/filters:format(jpg):quality(85)\/cloudfront-us-east-1.images.arcpublishing.com\/infobae\/7WTG43SQ3NHGZBZFSAROQUHDFM.jpg 992w,https:\/\/www.infobae.com\/new-resizer\/Z0HXjAK1TeeReuhMLtWMK-XkWJU=\/1200x675\/filters:format(jpg):quality(85)\/cloudfront-us-east-1.images.arcpublishing.com\/infobae\/7WTG43SQ3NHGZBZFSAROQUHDFM.jpg 1200w\" alt=\"El Presidente se rode\u00f3 de personal de la salud para anunciar un est\u00edmulo econ\u00f3mico (Presidencia)\" width=\"1280\" height=\"720\" \/>El Presidente se rode\u00f3 de personal de la salud para anunciar un est\u00edmulo econ\u00f3mico (Presidencia)<\/div>\n<p class=\"paragraph\">El mandatario bonaerense, entre otros puntos, critic\u00f3 este mediod\u00eda el fallo que habilit\u00f3 las clases presenciales en la Ciudad de Buenos Aires. \u201c<a href=\"https:\/\/www.infobae.com\/politica\/2021\/04\/19\/kicillof-califico-como-repugnante-el-fallo-que-habilito-las-clases-presenciales-en-caba\/\" target=\"_blank\" rel=\"noopener\">Me parece repugnante<\/a>\u201d, plante\u00f3. Y reflexion\u00f3: \u201cDe manera injusta e inadecuada se usa a la Justicia para perjudicar a los que tienen que ser cuidados y alguien se va a tener que hacer responsable de esto\u201d.<\/p>\n<p class=\"paragraph\">Tambi\u00e9n alert\u00f3 sobre el \u201ccrecimiento de la ocupaci\u00f3n de sistema sanitario\u201d en el \u00e1rea metropolitana y record\u00f3 que la suspensi\u00f3n temporal de las clases presenciales \u201cson medidas duras pero necesarias\u201d.<\/p>\n<p class=\"paragraph\">Adem\u00e1s del anuncio sobre el incentivo econ\u00f3mico para los profesionales de la salud, Alberto Fern\u00e1ndez evit\u00f3 pronunciarse sobre el\u00a0<a href=\"https:\/\/www.infobae.com\/politica\/2021\/04\/18\/que-dice-el-fallo-que-ordeno-que-continuen-las-clases-presenciales-en-la-ciudad-de-buenos-aires\/\" target=\"_blank\" rel=\"noopener\">fallo de la C\u00e1mara de Apelaciones de la ciudad de Buenos Aires<\/a>\u00a0que le permiti\u00f3 al gobierno porte\u00f1o continuar sin variantes el ciclo lectivo, a pesar del DNU que firm\u00f3 la semana pasada.<\/p>\n<div class=\"visual__image image_container\"><img loading=\"lazy\" decoding=\"async\" src=\"https:\/\/www.infobae.com\/new-resizer\/3LriZmh_sOuySxBRSXh564uJSEU=\/420x236\/filters:format(jpg):quality(85)\/cloudfront-us-east-1.images.arcpublishing.com\/infobae\/2NGDR3CXUBHEDHTSIRMIGG23VY.jpg\" sizes=\"auto, (min-width: 800px) 50vw, 90vw\" srcset=\"https:\/\/www.infobae.com\/new-resizer\/3LriZmh_sOuySxBRSXh564uJSEU=\/420x236\/filters:format(jpg):quality(85)\/cloudfront-us-east-1.images.arcpublishing.com\/infobae\/2NGDR3CXUBHEDHTSIRMIGG23VY.jpg 420w,https:\/\/www.infobae.com\/new-resizer\/9OkrHyo0lH2Ecr_sBUTt_aT5FUo=\/768x432\/filters:format(jpg):quality(85)\/cloudfront-us-east-1.images.arcpublishing.com\/infobae\/2NGDR3CXUBHEDHTSIRMIGG23VY.jpg 768w,https:\/\/www.infobae.com\/new-resizer\/86aKZdBWc-mFA91XmALWHqNFLxQ=\/992x558\/filters:format(jpg):quality(85)\/cloudfront-us-east-1.images.arcpublishing.com\/infobae\/2NGDR3CXUBHEDHTSIRMIGG23VY.jpg 992w,https:\/\/www.infobae.com\/new-resizer\/wFQflYxrKgduYfpgdR28me4Gy4A=\/1200x675\/filters:format(jpg):quality(85)\/cloudfront-us-east-1.images.arcpublishing.com\/infobae\/2NGDR3CXUBHEDHTSIRMIGG23VY.jpg 1200w\" alt=\"Alberto Fern\u00e1nez en el medio, rodeado de funcionarios del gabinerte y personal m\u00e9dico (Presidencia)\" width=\"1280\" height=\"720\" \/>Alberto Fern\u00e1ndez en el medio, rodeado de funcionarios del gabinete y personal m\u00e9dico (Presidencia)<\/div>\n<p class=\"paragraph\">\u201cA la hora de educar a nuestra gente es muy importante que los maestros est\u00e9n vacunados. Tres de las provincias que estuvieron presentes en este encuentro (Santa Fe, San Juan y Buenos Aires) encabezan la lista de haber vacunado a m\u00e1s personal de educaci\u00f3n. La Ciudad de Buenos Aires es la ante\u00faltima y solo vacun\u00f3 al 14% del personal de educaci\u00f3n\u201d, asegur\u00f3.<\/p>\n<p class=\"paragraph\">Y agreg\u00f3: \u201cA veces, cuando nos preocupamos por educar a nuestra gente y a nuestro chicos, tenemos que preservar la salud de los educadores, que son muy importantes. Son datos, tambi\u00e9n evidencia cient\u00edfica\u201d.<\/p>\n<div class=\"visual__image image_container\"><img loading=\"lazy\" decoding=\"async\" src=\"https:\/\/www.infobae.com\/new-resizer\/k7oEgvsY3JCPnSPxFfIg1nGHmHk=\/420x236\/filters:format(jpg):quality(85)\/cloudfront-us-east-1.images.arcpublishing.com\/infobae\/TPWFD5MEOREFFIOX3IKRFQ4T74.jpg\" sizes=\"auto, (min-width: 800px) 50vw, 90vw\" srcset=\"https:\/\/www.infobae.com\/new-resizer\/k7oEgvsY3JCPnSPxFfIg1nGHmHk=\/420x236\/filters:format(jpg):quality(85)\/cloudfront-us-east-1.images.arcpublishing.com\/infobae\/TPWFD5MEOREFFIOX3IKRFQ4T74.jpg 420w,https:\/\/www.infobae.com\/new-resizer\/2yW38kvZvaroDVwJfL3n9AV6ark=\/768x432\/filters:format(jpg):quality(85)\/cloudfront-us-east-1.images.arcpublishing.com\/infobae\/TPWFD5MEOREFFIOX3IKRFQ4T74.jpg 768w,https:\/\/www.infobae.com\/new-resizer\/txsktlL0drgUPnsTzoEu84PvaD0=\/992x558\/filters:format(jpg):quality(85)\/cloudfront-us-east-1.images.arcpublishing.com\/infobae\/TPWFD5MEOREFFIOX3IKRFQ4T74.jpg 992w,https:\/\/www.infobae.com\/new-resizer\/FXJD-TZ6aQ5DqiqtgG1Tkkjk6cM=\/1200x675\/filters:format(jpg):quality(85)\/cloudfront-us-east-1.images.arcpublishing.com\/infobae\/TPWFD5MEOREFFIOX3IKRFQ4T74.jpg 1200w\" alt=\"La semana pasada, el Jefe de Estado hab\u00eda cuestionado del &quot;relajamiento&quot; del sistema de salud (Presidencia)\" width=\"1280\" height=\"720\" \/>La semana pasada, el Jefe de Estado hab\u00eda cuestionado del \u00abrelajamiento\u00bb del sistema de salud (Presidencia)<\/div>\n<p class=\"paragraph\">\u201cCuid\u00e9monos, cuidemos al otro, entendamos que estamos en riesgo, entendamos que el virus no conoce la General Paz, entendamos que el virus contagia a cualquiera, al que trabaja, al presidente, al \u00faltimo argentino olvidado, al que conduce los destinos del pa\u00eds, a todos contagia el virus, no tiene miramientos. Si hacemos pol\u00edtica con eso, estamos condenando a los argentinos y a las argentinas, no voy a cargar en mi conciencia con semejante condena, que se carguen en su conciencia los que act\u00faan de otro modo\u201d, complet\u00f3 el Presidente.<\/p>\n<p class=\"paragraph\">La totalidad de las escuelas p\u00fablicas y privadas dependientes de la ciudad de Buenos Aires abrieron hoy sus puertas y en seis de cada 10 se dictaron clases presenciales, en tanto el resto funcion\u00f3 con modalidad virtual, inform\u00f3 hoy el Ministerio de Educaci\u00f3n porte\u00f1o.<\/p>\n<p class=\"paragraph\">Por otro lado, la Corte Suprema de Justicia dio este lunes el primer paso para resolver la acci\u00f3n declarativa de certeza presentada por el gobierno porte\u00f1o en el marco del conflicto por las clases presenciales.\u00a0<b>El m\u00e1ximo tribunal acept\u00f3 su competencia originaria en el caso y le corri\u00f3 traslado al gobierno nacional para que conteste y aporte pruebas.<\/b><\/p>\n<p class=\"paragraph\">El fallo, al que accedi\u00f3 a este medio, fue dictado con el voto de los ministros\u00a0<a href=\"https:\/\/www.infobae.com\/politica\/2021\/04\/19\/la-corte-suprema-inicio-el-tratamiento-del-amparo-por-las-clases-presenciales-y-pretende-resolver-antes-del-fin-de-semana\/\"><b>Carlos Rosenkrantz<\/b><\/a>,<b>\u00a0Carlos Maqueda<\/b>,\u00a0<b>Horacio Rossatti<\/b>\u00a0y\u00a0<b>Ricardo Lorenzetti<\/b>. Elena Highton de Nolasco se expres\u00f3 en disidencia porque considera que la Ciudad Aut\u00f3noma de Buenos Aires \u201cno es un sujeto aforado a la jurisdicci\u00f3n originaria\u201d del tribunal.\u00a0<b>Se descuenta que adoptar\u00e1 el mismo criterio cuando se discuta el fondo de la cuesti\u00f3n y no votar\u00e1.<\/b><\/p>\n<\/div>\n<\/article>\n","protected":false},"excerpt":{"rendered":"<p>\u201cUstedes saben que valoro la salud p\u00fablica\u201d, destac\u00f3 el Jefe de Estado. La semana pasada, cuando anunci\u00f3 las nuevas restricciones para frenar los contagios de coronavirus, hab\u00eda hecho referencia al \u201crelajamiento\u201d del sistema sanitario<\/p>\n","protected":false},"author":3,"featured_media":0,"comment_status":"closed","ping_status":"open","sticky":false,"template":"","format":"standard","meta":{"footnotes":""},"categories":[36,24,30],"tags":[],"class_list":["post-55588","post","type-post","status-publish","format-standard","hentry","category-economia","category-politica","category-salud"],"yoast_head":"<!-- This site is optimized with the Yoast SEO plugin v25.9 - https:\/\/yoast.com\/wordpress\/plugins\/seo\/ -->\n<title>El presidente Alberto Fern\u00e1ndez anunci\u00f3 que se otorgar\u00e1 un bono de $6.500 al personal de Salud durante tres meses - Noticias Radio Reflejos<\/title>\n<meta name=\"robots\" content=\"index, follow, max-snippet:-1, max-image-preview:large, max-video-preview:-1\" \/>\n<link rel=\"canonical\" href=\"https:\/\/www.noticiasradioreflejos.com.ar\/2021\/el-presidente-alberto-fernandez-anuncio-que-se-otorgara-un-bono-de-6-500-al-personal-de-salud-durante-tres-meses\/\" \/>\n<meta property=\"og:locale\" content=\"es_ES\" \/>\n<meta property=\"og:type\" content=\"article\" \/>\n<meta property=\"og:title\" content=\"El presidente Alberto Fern\u00e1ndez anunci\u00f3 que se otorgar\u00e1 un bono de $6.500 al personal de Salud durante tres meses - Noticias Radio Reflejos\" \/>\n<meta property=\"og:description\" content=\"\u201cUstedes saben que valoro la salud p\u00fablica\u201d, destac\u00f3 el Jefe de Estado. La semana pasada, cuando anunci\u00f3 las nuevas restricciones para frenar los contagios de coronavirus, hab\u00eda hecho referencia al \u201crelajamiento\u201d del sistema sanitario\" \/>\n<meta property=\"og:url\" content=\"https:\/\/www.noticiasradioreflejos.com.ar\/2021\/el-presidente-alberto-fernandez-anuncio-que-se-otorgara-un-bono-de-6-500-al-personal-de-salud-durante-tres-meses\/\" \/>\n<meta property=\"og:site_name\" content=\"Noticias Radio Reflejos\" \/>\n<meta property=\"article:published_time\" content=\"2021-04-19T17:11:31+00:00\" \/>\n<meta property=\"og:image\" content=\"https:\/\/www.infobae.com\/new-resizer\/cx8bEcmzCX3pgdM_55d51rxFCD8=\/420x236\/filters:format(jpg):quality(85)\/cloudfront-us-east-1.images.arcpublishing.com\/infobae\/44EDQN4CNZEF7H6EQAGLNQR4FU.jpg\" \/>\n<meta name=\"author\" content=\"Arnaldo Botto\" \/>\n<meta name=\"twitter:card\" content=\"summary_large_image\" \/>\n<script type=\"application\/ld+json\" class=\"yoast-schema-graph\">{\"@context\":\"https:\/\/schema.org\",\"@graph\":[{\"@type\":\"WebPage\",\"@id\":\"https:\/\/www.noticiasradioreflejos.com.ar\/2021\/el-presidente-alberto-fernandez-anuncio-que-se-otorgara-un-bono-de-6-500-al-personal-de-salud-durante-tres-meses\/\",\"url\":\"https:\/\/www.noticiasradioreflejos.com.ar\/2021\/el-presidente-alberto-fernandez-anuncio-que-se-otorgara-un-bono-de-6-500-al-personal-de-salud-durante-tres-meses\/\",\"name\":\"El presidente Alberto Fern\u00e1ndez anunci\u00f3 que se otorgar\u00e1 un bono de $6.500 al personal de Salud durante tres meses - Noticias Radio Reflejos\",\"isPartOf\":{\"@id\":\"https:\/\/www.noticiasradioreflejos.com.ar\/2021\/#website\"},\"primaryImageOfPage\":{\"@id\":\"https:\/\/www.noticiasradioreflejos.com.ar\/2021\/el-presidente-alberto-fernandez-anuncio-que-se-otorgara-un-bono-de-6-500-al-personal-de-salud-durante-tres-meses\/#primaryimage\"},\"image\":{\"@id\":\"https:\/\/www.noticiasradioreflejos.com.ar\/2021\/el-presidente-alberto-fernandez-anuncio-que-se-otorgara-un-bono-de-6-500-al-personal-de-salud-durante-tres-meses\/#primaryimage\"},\"thumbnailUrl\":\"https:\/\/www.infobae.com\/new-resizer\/cx8bEcmzCX3pgdM_55d51rxFCD8=\/420x236\/filters:format(jpg):quality(85)\/cloudfront-us-east-1.images.arcpublishing.com\/infobae\/44EDQN4CNZEF7H6EQAGLNQR4FU.jpg\",\"datePublished\":\"2021-04-19T17:11:31+00:00\",\"author\":{\"@id\":\"https:\/\/www.noticiasradioreflejos.com.ar\/2021\/#\/schema\/person\/ad82545263dcc5ec0996818884fd5fb1\"},\"breadcrumb\":{\"@id\":\"https:\/\/www.noticiasradioreflejos.com.ar\/2021\/el-presidente-alberto-fernandez-anuncio-que-se-otorgara-un-bono-de-6-500-al-personal-de-salud-durante-tres-meses\/#breadcrumb\"},\"inLanguage\":\"es\",\"potentialAction\":[{\"@type\":\"ReadAction\",\"target\":[\"https:\/\/www.noticiasradioreflejos.com.ar\/2021\/el-presidente-alberto-fernandez-anuncio-que-se-otorgara-un-bono-de-6-500-al-personal-de-salud-durante-tres-meses\/\"]}]},{\"@type\":\"ImageObject\",\"inLanguage\":\"es\",\"@id\":\"https:\/\/www.noticiasradioreflejos.com.ar\/2021\/el-presidente-alberto-fernandez-anuncio-que-se-otorgara-un-bono-de-6-500-al-personal-de-salud-durante-tres-meses\/#primaryimage\",\"url\":\"https:\/\/www.infobae.com\/new-resizer\/cx8bEcmzCX3pgdM_55d51rxFCD8=\/420x236\/filters:format(jpg):quality(85)\/cloudfront-us-east-1.images.arcpublishing.com\/infobae\/44EDQN4CNZEF7H6EQAGLNQR4FU.jpg\",\"contentUrl\":\"https:\/\/www.infobae.com\/new-resizer\/cx8bEcmzCX3pgdM_55d51rxFCD8=\/420x236\/filters:format(jpg):quality(85)\/cloudfront-us-east-1.images.arcpublishing.com\/infobae\/44EDQN4CNZEF7H6EQAGLNQR4FU.jpg\"},{\"@type\":\"BreadcrumbList\",\"@id\":\"https:\/\/www.noticiasradioreflejos.com.ar\/2021\/el-presidente-alberto-fernandez-anuncio-que-se-otorgara-un-bono-de-6-500-al-personal-de-salud-durante-tres-meses\/#breadcrumb\",\"itemListElement\":[{\"@type\":\"ListItem\",\"position\":1,\"name\":\"Portada\",\"item\":\"https:\/\/www.noticiasradioreflejos.com.ar\/2021\/\"},{\"@type\":\"ListItem\",\"position\":2,\"name\":\"El presidente Alberto Fern\u00e1ndez anunci\u00f3 que se otorgar\u00e1 un bono de $6.500 al personal de Salud durante tres meses\"}]},{\"@type\":\"WebSite\",\"@id\":\"https:\/\/www.noticiasradioreflejos.com.ar\/2021\/#website\",\"url\":\"https:\/\/www.noticiasradioreflejos.com.ar\/2021\/\",\"name\":\"Noticias Radio Reflejos\",\"description\":\"Las noticias de mi comarca\",\"potentialAction\":[{\"@type\":\"SearchAction\",\"target\":{\"@type\":\"EntryPoint\",\"urlTemplate\":\"https:\/\/www.noticiasradioreflejos.com.ar\/2021\/?s={search_term_string}\"},\"query-input\":{\"@type\":\"PropertyValueSpecification\",\"valueRequired\":true,\"valueName\":\"search_term_string\"}}],\"inLanguage\":\"es\"},{\"@type\":\"Person\",\"@id\":\"https:\/\/www.noticiasradioreflejos.com.ar\/2021\/#\/schema\/person\/ad82545263dcc5ec0996818884fd5fb1\",\"name\":\"Arnaldo Botto\",\"image\":{\"@type\":\"ImageObject\",\"inLanguage\":\"es\",\"@id\":\"https:\/\/www.noticiasradioreflejos.com.ar\/2021\/#\/schema\/person\/image\/\",\"url\":\"https:\/\/secure.gravatar.com\/avatar\/55cb5e37c1efa326397366e6974cb338056df65cb50e7d64d1cf314e87504837?s=96&d=mm&r=g\",\"contentUrl\":\"https:\/\/secure.gravatar.com\/avatar\/55cb5e37c1efa326397366e6974cb338056df65cb50e7d64d1cf314e87504837?s=96&d=mm&r=g\",\"caption\":\"Arnaldo Botto\"},\"url\":\"https:\/\/www.noticiasradioreflejos.com.ar\/2021\/author\/arnaldo\/\"}]}<\/script>\n<!-- \/ Yoast SEO plugin. -->","yoast_head_json":{"title":"El presidente Alberto Fern\u00e1ndez anunci\u00f3 que se otorgar\u00e1 un bono de $6.500 al personal de Salud durante tres meses - Noticias Radio Reflejos","robots":{"index":"index","follow":"follow","max-snippet":"max-snippet:-1","max-image-preview":"max-image-preview:large","max-video-preview":"max-video-preview:-1"},"canonical":"https:\/\/www.noticiasradioreflejos.com.ar\/2021\/el-presidente-alberto-fernandez-anuncio-que-se-otorgara-un-bono-de-6-500-al-personal-de-salud-durante-tres-meses\/","og_locale":"es_ES","og_type":"article","og_title":"El presidente Alberto Fern\u00e1ndez anunci\u00f3 que se otorgar\u00e1 un bono de $6.500 al personal de Salud durante tres meses - Noticias Radio Reflejos","og_description":"\u201cUstedes saben que valoro la salud p\u00fablica\u201d, destac\u00f3 el Jefe de Estado. La semana pasada, cuando anunci\u00f3 las nuevas restricciones para frenar los contagios de coronavirus, hab\u00eda hecho referencia al \u201crelajamiento\u201d del sistema sanitario","og_url":"https:\/\/www.noticiasradioreflejos.com.ar\/2021\/el-presidente-alberto-fernandez-anuncio-que-se-otorgara-un-bono-de-6-500-al-personal-de-salud-durante-tres-meses\/","og_site_name":"Noticias Radio Reflejos","article_published_time":"2021-04-19T17:11:31+00:00","og_image":[{"url":"https:\/\/www.infobae.com\/new-resizer\/cx8bEcmzCX3pgdM_55d51rxFCD8=\/420x236\/filters:format(jpg):quality(85)\/cloudfront-us-east-1.images.arcpublishing.com\/infobae\/44EDQN4CNZEF7H6EQAGLNQR4FU.jpg","type":"","width":"","height":""}],"author":"Arnaldo Botto","twitter_card":"summary_large_image","schema":{"@context":"https:\/\/schema.org","@graph":[{"@type":"WebPage","@id":"https:\/\/www.noticiasradioreflejos.com.ar\/2021\/el-presidente-alberto-fernandez-anuncio-que-se-otorgara-un-bono-de-6-500-al-personal-de-salud-durante-tres-meses\/","url":"https:\/\/www.noticiasradioreflejos.com.ar\/2021\/el-presidente-alberto-fernandez-anuncio-que-se-otorgara-un-bono-de-6-500-al-personal-de-salud-durante-tres-meses\/","name":"El presidente Alberto Fern\u00e1ndez anunci\u00f3 que se otorgar\u00e1 un bono de $6.500 al personal de Salud durante tres meses - Noticias Radio Reflejos","isPartOf":{"@id":"https:\/\/www.noticiasradioreflejos.com.ar\/2021\/#website"},"primaryImageOfPage":{"@id":"https:\/\/www.noticiasradioreflejos.com.ar\/2021\/el-presidente-alberto-fernandez-anuncio-que-se-otorgara-un-bono-de-6-500-al-personal-de-salud-durante-tres-meses\/#primaryimage"},"image":{"@id":"https:\/\/www.noticiasradioreflejos.com.ar\/2021\/el-presidente-alberto-fernandez-anuncio-que-se-otorgara-un-bono-de-6-500-al-personal-de-salud-durante-tres-meses\/#primaryimage"},"thumbnailUrl":"https:\/\/www.infobae.com\/new-resizer\/cx8bEcmzCX3pgdM_55d51rxFCD8=\/420x236\/filters:format(jpg):quality(85)\/cloudfront-us-east-1.images.arcpublishing.com\/infobae\/44EDQN4CNZEF7H6EQAGLNQR4FU.jpg","datePublished":"2021-04-19T17:11:31+00:00","author":{"@id":"https:\/\/www.noticiasradioreflejos.com.ar\/2021\/#\/schema\/person\/ad82545263dcc5ec0996818884fd5fb1"},"breadcrumb":{"@id":"https:\/\/www.noticiasradioreflejos.com.ar\/2021\/el-presidente-alberto-fernandez-anuncio-que-se-otorgara-un-bono-de-6-500-al-personal-de-salud-durante-tres-meses\/#breadcrumb"},"inLanguage":"es","potentialAction":[{"@type":"ReadAction","target":["https:\/\/www.noticiasradioreflejos.com.ar\/2021\/el-presidente-alberto-fernandez-anuncio-que-se-otorgara-un-bono-de-6-500-al-personal-de-salud-durante-tres-meses\/"]}]},{"@type":"ImageObject","inLanguage":"es","@id":"https:\/\/www.noticiasradioreflejos.com.ar\/2021\/el-presidente-alberto-fernandez-anuncio-que-se-otorgara-un-bono-de-6-500-al-personal-de-salud-durante-tres-meses\/#primaryimage","url":"https:\/\/www.infobae.com\/new-resizer\/cx8bEcmzCX3pgdM_55d51rxFCD8=\/420x236\/filters:format(jpg):quality(85)\/cloudfront-us-east-1.images.arcpublishing.com\/infobae\/44EDQN4CNZEF7H6EQAGLNQR4FU.jpg","contentUrl":"https:\/\/www.infobae.com\/new-resizer\/cx8bEcmzCX3pgdM_55d51rxFCD8=\/420x236\/filters:format(jpg):quality(85)\/cloudfront-us-east-1.images.arcpublishing.com\/infobae\/44EDQN4CNZEF7H6EQAGLNQR4FU.jpg"},{"@type":"BreadcrumbList","@id":"https:\/\/www.noticiasradioreflejos.com.ar\/2021\/el-presidente-alberto-fernandez-anuncio-que-se-otorgara-un-bono-de-6-500-al-personal-de-salud-durante-tres-meses\/#breadcrumb","itemListElement":[{"@type":"ListItem","position":1,"name":"Portada","item":"https:\/\/www.noticiasradioreflejos.com.ar\/2021\/"},{"@type":"ListItem","position":2,"name":"El presidente Alberto Fern\u00e1ndez anunci\u00f3 que se otorgar\u00e1 un bono de $6.500 al personal de Salud durante tres meses"}]},{"@type":"WebSite","@id":"https:\/\/www.noticiasradioreflejos.com.ar\/2021\/#website","url":"https:\/\/www.noticiasradioreflejos.com.ar\/2021\/","name":"Noticias Radio Reflejos","description":"Las noticias de mi comarca","potentialAction":[{"@type":"SearchAction","target":{"@type":"EntryPoint","urlTemplate":"https:\/\/www.noticiasradioreflejos.com.ar\/2021\/?s={search_term_string}"},"query-input":{"@type":"PropertyValueSpecification","valueRequired":true,"valueName":"search_term_string"}}],"inLanguage":"es"},{"@type":"Person","@id":"https:\/\/www.noticiasradioreflejos.com.ar\/2021\/#\/schema\/person\/ad82545263dcc5ec0996818884fd5fb1","name":"Arnaldo Botto","image":{"@type":"ImageObject","inLanguage":"es","@id":"https:\/\/www.noticiasradioreflejos.com.ar\/2021\/#\/schema\/person\/image\/","url":"https:\/\/secure.gravatar.com\/avatar\/55cb5e37c1efa326397366e6974cb338056df65cb50e7d64d1cf314e87504837?s=96&d=mm&r=g","contentUrl":"https:\/\/secure.gravatar.com\/avatar\/55cb5e37c1efa326397366e6974cb338056df65cb50e7d64d1cf314e87504837?s=96&d=mm&r=g","caption":"Arnaldo Botto"},"url":"https:\/\/www.noticiasradioreflejos.com.ar\/2021\/author\/arnaldo\/"}]}},"_links":{"self":[{"href":"https:\/\/www.noticiasradioreflejos.com.ar\/2021\/wp-json\/wp\/v2\/posts\/55588","targetHints":{"allow":["GET"]}}],"collection":[{"href":"https:\/\/www.noticiasradioreflejos.com.ar\/2021\/wp-json\/wp\/v2\/posts"}],"about":[{"href":"https:\/\/www.noticiasradioreflejos.com.ar\/2021\/wp-json\/wp\/v2\/types\/post"}],"author":[{"embeddable":true,"href":"https:\/\/www.noticiasradioreflejos.com.ar\/2021\/wp-json\/wp\/v2\/users\/3"}],"replies":[{"embeddable":true,"href":"https:\/\/www.noticiasradioreflejos.com.ar\/2021\/wp-json\/wp\/v2\/comments?post=55588"}],"version-history":[{"count":0,"href":"https:\/\/www.noticiasradioreflejos.com.ar\/2021\/wp-json\/wp\/v2\/posts\/55588\/revisions"}],"wp:attachment":[{"href":"https:\/\/www.noticiasradioreflejos.com.ar\/2021\/wp-json\/wp\/v2\/media?parent=55588"}],"wp:term":[{"taxonomy":"category","embeddable":true,"href":"https:\/\/www.noticiasradioreflejos.com.ar\/2021\/wp-json\/wp\/v2\/categories?post=55588"},{"taxonomy":"post_tag","embeddable":true,"href":"https:\/\/www.noticiasradioreflejos.com.ar\/2021\/wp-json\/wp\/v2\/tags?post=55588"}],"curies":[{"name":"wp","href":"https:\/\/api.w.org\/{rel}","templated":true}]}}