{"id":5558,"date":"2017-01-05T13:48:01","date_gmt":"2017-01-05T16:48:01","guid":{"rendered":"http:\/\/noticiasradioreflejos.com.ar\/noticias\/?p=5558"},"modified":"2017-01-05T13:48:01","modified_gmt":"2017-01-05T16:48:01","slug":"somos-una-alternativa-muy-positiva","status":"publish","type":"post","link":"https:\/\/www.noticiasradioreflejos.com.ar\/2021\/somos-una-alternativa-muy-positiva\/","title":{"rendered":"&quot;Somos una alternativa muy positiva&quot;"},"content":{"rendered":"<p><strong>Mar\u00eda Marta Corrado<\/strong>, visit\u00f3 los estudios de FM Reflejos para informar sobre los alcances de la ley que el Senado bonaerense dio media sanci\u00f3n al proyecto de ampliaci\u00f3n del \u00c1rea Patag\u00f3nica Bonaerense de la Sexta Secci\u00f3n presentado por la Diputada Provincial del Frente Renovador.<!--more--><br \/>\nLos legisladores Horacio L\u00f3pez, Sebasti\u00e1n Galmarini, Fernando Carballo y Malena Baro, entre otros, trabajaron en el mismo introduciendo modificaciones para a\u00f1adir cuarteles correspondientes a los Distritos de Pu\u00e1n, Saavedra, Tornquist, adem\u00e1s del 100 por ciento de los territorios de Carmen de Patagones y Villarino.<br \/>\nMar\u00eda Marta se encuentra de vacaciones por unos d\u00edas en\u00a0Sierra de la Ventana pero asegura que no se desconecta de la realidad y dice \u00abEs imposible no estar en contacto con todo lo que est\u00e1 pasando\u00bb en relaci\u00f3n a los grandes incendios que ya consumieron un mill\u00f3n de hect\u00e1reas en varias provincias argentinas y principalmente en el sur y sudoeste de Buenos Aires.<br \/>\nTambi\u00e9n conocemos la opini\u00f3n de Mar\u00eda Marta en relaci\u00f3n a los malos momentos que viven los pobladores de los distritos afectados por el fuego y de c\u00f3mo tendr\u00eda que intervenir el estado provincial y nacional para evitar estos sucesos.<br \/>\nNo se escap\u00f3 adem\u00e1s charlar sobre la situaci\u00f3n econ\u00f3mica de todos los argentinos y c\u00f3mo ve el a\u00f1o 2017 de frente a las elecciones legislativas que se avecinan.<br \/>\n<iframe loading=\"lazy\" src=\"https:\/\/w.soundcloud.com\/player\/?url=https%3A\/\/api.soundcloud.com\/tracks\/301069264&amp;color=ff5500&amp;auto_play=false&amp;hide_related=false&amp;show_comments=true&amp;show_user=true&amp;show_reposts=false\" width=\"100%\" height=\"166\" frameborder=\"no\" scrolling=\"no\"><\/iframe><\/p>\n","protected":false},"excerpt":{"rendered":"<p>Mar\u00eda Marta Corrado, visit\u00f3 los estudios de FM Reflejos para informar sobre los alcances de la ley que el Senado bonaerense dio media sanci\u00f3n al proyecto de ampliaci\u00f3n del \u00c1rea Patag\u00f3nica Bonaerense de la Sexta Secci\u00f3n presentado por la Diputada Provincial del Frente Renovador.<\/p>\n","protected":false},"author":3,"featured_media":0,"comment_status":"closed","ping_status":"open","sticky":false,"template":"","format":"standard","meta":{"footnotes":""},"categories":[24],"tags":[],"class_list":["post-5558","post","type-post","status-publish","format-standard","hentry","category-politica"],"yoast_head":"<!-- This site is optimized with the Yoast SEO plugin v25.9 - https:\/\/yoast.com\/wordpress\/plugins\/seo\/ -->\n<title>&quot;Somos una alternativa muy positiva&quot; - Noticias Radio Reflejos<\/title>\n<meta name=\"robots\" content=\"index, follow, max-snippet:-1, max-image-preview:large, max-video-preview:-1\" \/>\n<link rel=\"canonical\" href=\"https:\/\/www.noticiasradioreflejos.com.ar\/2021\/somos-una-alternativa-muy-positiva\/\" \/>\n<meta property=\"og:locale\" content=\"es_ES\" \/>\n<meta property=\"og:type\" content=\"article\" \/>\n<meta property=\"og:title\" content=\"&quot;Somos una alternativa muy positiva&quot; - Noticias Radio Reflejos\" \/>\n<meta property=\"og:description\" content=\"Mar\u00eda Marta Corrado, visit\u00f3 los estudios de FM Reflejos para informar sobre los alcances de la ley que el Senado bonaerense dio media sanci\u00f3n al proyecto de ampliaci\u00f3n del \u00c1rea Patag\u00f3nica Bonaerense de la Sexta Secci\u00f3n presentado por la Diputada Provincial del Frente Renovador.\" \/>\n<meta property=\"og:url\" content=\"https:\/\/www.noticiasradioreflejos.com.ar\/2021\/somos-una-alternativa-muy-positiva\/\" \/>\n<meta property=\"og:site_name\" content=\"Noticias Radio Reflejos\" \/>\n<meta property=\"article:published_time\" content=\"2017-01-05T16:48:01+00:00\" \/>\n<meta property=\"og:image\" content=\"https:\/\/www.noticiasradioreflejos.com.ar\/2021\/wp-content\/uploads\/2021\/07\/logosol300x200.png\" \/>\n\t<meta property=\"og:image:width\" content=\"300\" \/>\n\t<meta property=\"og:image:height\" content=\"200\" \/>\n\t<meta property=\"og:image:type\" content=\"image\/png\" \/>\n<meta name=\"author\" content=\"Arnaldo Botto\" \/>\n<meta name=\"twitter:card\" content=\"summary_large_image\" \/>\n<script type=\"application\/ld+json\" class=\"yoast-schema-graph\">{\"@context\":\"https:\/\/schema.org\",\"@graph\":[{\"@type\":\"WebPage\",\"@id\":\"https:\/\/www.noticiasradioreflejos.com.ar\/2021\/somos-una-alternativa-muy-positiva\/\",\"url\":\"https:\/\/www.noticiasradioreflejos.com.ar\/2021\/somos-una-alternativa-muy-positiva\/\",\"name\":\"&quot;Somos una alternativa muy positiva&quot; - Noticias Radio Reflejos\",\"isPartOf\":{\"@id\":\"https:\/\/www.noticiasradioreflejos.com.ar\/2021\/#website\"},\"datePublished\":\"2017-01-05T16:48:01+00:00\",\"author\":{\"@id\":\"https:\/\/www.noticiasradioreflejos.com.ar\/2021\/#\/schema\/person\/ad82545263dcc5ec0996818884fd5fb1\"},\"breadcrumb\":{\"@id\":\"https:\/\/www.noticiasradioreflejos.com.ar\/2021\/somos-una-alternativa-muy-positiva\/#breadcrumb\"},\"inLanguage\":\"es\",\"potentialAction\":[{\"@type\":\"ReadAction\",\"target\":[\"https:\/\/www.noticiasradioreflejos.com.ar\/2021\/somos-una-alternativa-muy-positiva\/\"]}]},{\"@type\":\"BreadcrumbList\",\"@id\":\"https:\/\/www.noticiasradioreflejos.com.ar\/2021\/somos-una-alternativa-muy-positiva\/#breadcrumb\",\"itemListElement\":[{\"@type\":\"ListItem\",\"position\":1,\"name\":\"Portada\",\"item\":\"https:\/\/www.noticiasradioreflejos.com.ar\/2021\/\"},{\"@type\":\"ListItem\",\"position\":2,\"name\":\"&quot;Somos una alternativa muy positiva&quot;\"}]},{\"@type\":\"WebSite\",\"@id\":\"https:\/\/www.noticiasradioreflejos.com.ar\/2021\/#website\",\"url\":\"https:\/\/www.noticiasradioreflejos.com.ar\/2021\/\",\"name\":\"Noticias Radio Reflejos\",\"description\":\"Las noticias de mi comarca\",\"potentialAction\":[{\"@type\":\"SearchAction\",\"target\":{\"@type\":\"EntryPoint\",\"urlTemplate\":\"https:\/\/www.noticiasradioreflejos.com.ar\/2021\/?s={search_term_string}\"},\"query-input\":{\"@type\":\"PropertyValueSpecification\",\"valueRequired\":true,\"valueName\":\"search_term_string\"}}],\"inLanguage\":\"es\"},{\"@type\":\"Person\",\"@id\":\"https:\/\/www.noticiasradioreflejos.com.ar\/2021\/#\/schema\/person\/ad82545263dcc5ec0996818884fd5fb1\",\"name\":\"Arnaldo Botto\",\"image\":{\"@type\":\"ImageObject\",\"inLanguage\":\"es\",\"@id\":\"https:\/\/www.noticiasradioreflejos.com.ar\/2021\/#\/schema\/person\/image\/\",\"url\":\"https:\/\/secure.gravatar.com\/avatar\/55cb5e37c1efa326397366e6974cb338056df65cb50e7d64d1cf314e87504837?s=96&d=mm&r=g\",\"contentUrl\":\"https:\/\/secure.gravatar.com\/avatar\/55cb5e37c1efa326397366e6974cb338056df65cb50e7d64d1cf314e87504837?s=96&d=mm&r=g\",\"caption\":\"Arnaldo Botto\"},\"url\":\"https:\/\/www.noticiasradioreflejos.com.ar\/2021\/author\/arnaldo\/\"}]}<\/script>\n<!-- \/ Yoast SEO plugin. -->","yoast_head_json":{"title":"&quot;Somos una alternativa muy positiva&quot; - Noticias Radio Reflejos","robots":{"index":"index","follow":"follow","max-snippet":"max-snippet:-1","max-image-preview":"max-image-preview:large","max-video-preview":"max-video-preview:-1"},"canonical":"https:\/\/www.noticiasradioreflejos.com.ar\/2021\/somos-una-alternativa-muy-positiva\/","og_locale":"es_ES","og_type":"article","og_title":"&quot;Somos una alternativa muy positiva&quot; - Noticias Radio Reflejos","og_description":"Mar\u00eda Marta Corrado, visit\u00f3 los estudios de FM Reflejos para informar sobre los alcances de la ley que el Senado bonaerense dio media sanci\u00f3n al proyecto de ampliaci\u00f3n del \u00c1rea Patag\u00f3nica Bonaerense de la Sexta Secci\u00f3n presentado por la Diputada Provincial del Frente Renovador.","og_url":"https:\/\/www.noticiasradioreflejos.com.ar\/2021\/somos-una-alternativa-muy-positiva\/","og_site_name":"Noticias Radio Reflejos","article_published_time":"2017-01-05T16:48:01+00:00","og_image":[{"width":300,"height":200,"url":"https:\/\/www.noticiasradioreflejos.com.ar\/2021\/wp-content\/uploads\/2021\/07\/logosol300x200.png","type":"image\/png"}],"author":"Arnaldo Botto","twitter_card":"summary_large_image","schema":{"@context":"https:\/\/schema.org","@graph":[{"@type":"WebPage","@id":"https:\/\/www.noticiasradioreflejos.com.ar\/2021\/somos-una-alternativa-muy-positiva\/","url":"https:\/\/www.noticiasradioreflejos.com.ar\/2021\/somos-una-alternativa-muy-positiva\/","name":"&quot;Somos una alternativa muy positiva&quot; - Noticias Radio Reflejos","isPartOf":{"@id":"https:\/\/www.noticiasradioreflejos.com.ar\/2021\/#website"},"datePublished":"2017-01-05T16:48:01+00:00","author":{"@id":"https:\/\/www.noticiasradioreflejos.com.ar\/2021\/#\/schema\/person\/ad82545263dcc5ec0996818884fd5fb1"},"breadcrumb":{"@id":"https:\/\/www.noticiasradioreflejos.com.ar\/2021\/somos-una-alternativa-muy-positiva\/#breadcrumb"},"inLanguage":"es","potentialAction":[{"@type":"ReadAction","target":["https:\/\/www.noticiasradioreflejos.com.ar\/2021\/somos-una-alternativa-muy-positiva\/"]}]},{"@type":"BreadcrumbList","@id":"https:\/\/www.noticiasradioreflejos.com.ar\/2021\/somos-una-alternativa-muy-positiva\/#breadcrumb","itemListElement":[{"@type":"ListItem","position":1,"name":"Portada","item":"https:\/\/www.noticiasradioreflejos.com.ar\/2021\/"},{"@type":"ListItem","position":2,"name":"&quot;Somos una alternativa muy positiva&quot;"}]},{"@type":"WebSite","@id":"https:\/\/www.noticiasradioreflejos.com.ar\/2021\/#website","url":"https:\/\/www.noticiasradioreflejos.com.ar\/2021\/","name":"Noticias Radio Reflejos","description":"Las noticias de mi comarca","potentialAction":[{"@type":"SearchAction","target":{"@type":"EntryPoint","urlTemplate":"https:\/\/www.noticiasradioreflejos.com.ar\/2021\/?s={search_term_string}"},"query-input":{"@type":"PropertyValueSpecification","valueRequired":true,"valueName":"search_term_string"}}],"inLanguage":"es"},{"@type":"Person","@id":"https:\/\/www.noticiasradioreflejos.com.ar\/2021\/#\/schema\/person\/ad82545263dcc5ec0996818884fd5fb1","name":"Arnaldo Botto","image":{"@type":"ImageObject","inLanguage":"es","@id":"https:\/\/www.noticiasradioreflejos.com.ar\/2021\/#\/schema\/person\/image\/","url":"https:\/\/secure.gravatar.com\/avatar\/55cb5e37c1efa326397366e6974cb338056df65cb50e7d64d1cf314e87504837?s=96&d=mm&r=g","contentUrl":"https:\/\/secure.gravatar.com\/avatar\/55cb5e37c1efa326397366e6974cb338056df65cb50e7d64d1cf314e87504837?s=96&d=mm&r=g","caption":"Arnaldo Botto"},"url":"https:\/\/www.noticiasradioreflejos.com.ar\/2021\/author\/arnaldo\/"}]}},"_links":{"self":[{"href":"https:\/\/www.noticiasradioreflejos.com.ar\/2021\/wp-json\/wp\/v2\/posts\/5558","targetHints":{"allow":["GET"]}}],"collection":[{"href":"https:\/\/www.noticiasradioreflejos.com.ar\/2021\/wp-json\/wp\/v2\/posts"}],"about":[{"href":"https:\/\/www.noticiasradioreflejos.com.ar\/2021\/wp-json\/wp\/v2\/types\/post"}],"author":[{"embeddable":true,"href":"https:\/\/www.noticiasradioreflejos.com.ar\/2021\/wp-json\/wp\/v2\/users\/3"}],"replies":[{"embeddable":true,"href":"https:\/\/www.noticiasradioreflejos.com.ar\/2021\/wp-json\/wp\/v2\/comments?post=5558"}],"version-history":[{"count":0,"href":"https:\/\/www.noticiasradioreflejos.com.ar\/2021\/wp-json\/wp\/v2\/posts\/5558\/revisions"}],"wp:attachment":[{"href":"https:\/\/www.noticiasradioreflejos.com.ar\/2021\/wp-json\/wp\/v2\/media?parent=5558"}],"wp:term":[{"taxonomy":"category","embeddable":true,"href":"https:\/\/www.noticiasradioreflejos.com.ar\/2021\/wp-json\/wp\/v2\/categories?post=5558"},{"taxonomy":"post_tag","embeddable":true,"href":"https:\/\/www.noticiasradioreflejos.com.ar\/2021\/wp-json\/wp\/v2\/tags?post=5558"}],"curies":[{"name":"wp","href":"https:\/\/api.w.org\/{rel}","templated":true}]}}