{"id":55561,"date":"2021-04-19T08:08:18","date_gmt":"2021-04-19T11:08:18","guid":{"rendered":"http:\/\/www.noticiasradioreflejos.com.ar\/noticias\/?p=55561"},"modified":"2021-04-19T08:08:18","modified_gmt":"2021-04-19T11:08:18","slug":"hay-clases-presenciales-en-la-ciudad-tras-el-fallo-de-la-justicia-contra-el-dnu","status":"publish","type":"post","link":"https:\/\/www.noticiasradioreflejos.com.ar\/2021\/hay-clases-presenciales-en-la-ciudad-tras-el-fallo-de-la-justicia-contra-el-dnu\/","title":{"rendered":"Hay clases presenciales en la Ciudad tras el fallo de la Justicia contra el DNU"},"content":{"rendered":"<p>Luego del\u00a0<a href=\"https:\/\/www.telam.com.ar\/notas\/202104\/551230-la-camara-de-apelaciones-portena-fallo-a-favor-de-la-presencialidad-de-las-clases.html\" target=\"_blank\" rel=\"noopener\">fallo que dictamin\u00f3 la continuidad de la presencialidad en las aulas<\/a>, la expectativa est\u00e1 puesta en el nivel de concurrencia que efectivamente habr\u00e1 debido a decisiones familiares de cuidado y al paro convocado por los gremios UTE-Ctera y Sadop.<!--more--><\/p>\n<div class=\"addthis_custom_sharing\"><\/div>\n<div class=\"main-content-block\">\n<div class=\"main-box clearfix\">\n<div class=\"wrapper-main-section clearfix\">\n<div class=\"wrapper-editable-content\">\n<div class=\"editable-content clearfix\">\n<div id=\"image\" class=\"image\">\n<p><img decoding=\"async\" title=\"El Presidente hab\u00eda dispuesto la suspensi\u00f3n por 15 d\u00edas de la presencialidad en las escuelas a partir de hoy.\" src=\"https:\/\/www.telam.com.ar\/advf\/imagenes\/2021\/02\/603a73c710793_1004x565.jpg\" alt=\"El Presidente hab\u00eda dispuesto la suspensi\u00f3n por 15 d\u00edas de la presencialidad en las escuelas a partir de hoy.\" \/><\/p>\n<div class=\"epigrafe\">El Presidente hab\u00eda dispuesto la suspensi\u00f3n por 15 d\u00edas de la presencialidad en las escuelas a partir de hoy.<\/div>\n<\/div>\n<p>Las clases en las escuelas porte\u00f1as continuar\u00e1n siendo presenciales, al contrario de lo dispuesto por un Decreto de Necesidad y Urgencia del Gobierno nacional para mitifar la propagaci\u00f3n del coronavirus ante el r\u00e9cord de contagios en el \u00c1rea Metropolitana de Buenos Aires, aunque la expectativa esta ma\u00f1ana estaba puesta en el nivel de concurrencia que efectivamente habr\u00e1 a los establecimientos debido a decisiones familiares de cuidado y al<a href=\"https:\/\/www.telam.com.ar\/notas\/202104\/551234-fallo-gremios-docentes-paro.html\" target=\"_blank\" rel=\"noopener\">\u00a0paro convocado por los gremios UTE-Ctera y Sadop.<\/a><\/p>\n<div class=\"auth\">El fallo<\/div>\n<p>La C\u00e1mara de Apelaciones en lo Contencioso Administrativo, Tributario y de Relaciones de Consumo de la Ciudad de Buenos Aires fall\u00f3 anoche a favor de la presencialidad de las clases en el distrito, al pronunciarse sobre una presentaci\u00f3n hecha por organizaciones de docentes contra el Decreto de Necesidad y Urgencia (DNU) del Gobierno nacional que establece la suspensi\u00f3n de la actividad por 15 d\u00edas en el \u00c1rea Metropolitana de Buenos Aires (AMBA) para contener la suba r\u00e9cord de casos de contagios.<\/p>\n<p>Al celebrar ese fallo,\u00a0<a href=\"https:\/\/www.telam.com.ar\/notas\/202104\/551244-larreta-manana-hay-clases-presenciales-en-las-escuelas.html\" target=\"_blank\" rel=\"noopener\">el jefe de Gobierno porte\u00f1o, Horacio Rodr\u00edguez Larreta, anunci\u00f3 anoche en conferencia de prensa<\/a>\u00a0que hoy habr\u00eda clases presenciales en las escuelas porte\u00f1as.<\/p>\n<p>Larreta dijo que \u00abtodas las decisiones que tomamos en la Ciudad son basadas en datos y evidencia, y en la opini\u00f3n de expertos nacionales e internacionales en salud y educaci\u00f3n, siempre buscando atender el bienestar integral de las personas\u00bb, afirm\u00f3 el mandatario porte\u00f1o.<\/p>\n<p>Sin embargo, el presidente Alberto Fern\u00e1ndez hab\u00eda dispuesto la suspensi\u00f3n por 15 d\u00edas de la presencialidad en las escuelas a partir de hoy en un DNU frente al r\u00e9cord de casos de contagios registrados en el \u00e1rea m\u00e1s poblada de la Argentina, que incluye a la ciudad y provincia de Buenos Aires.<\/p>\n<div class=\"auth\">La reacci\u00f3n del Presidente<\/div>\n<p>Tras la decisi\u00f3n de la Justicia,\u00a0<a href=\"https:\/\/www.telam.com.ar\/notas\/202104\/551236-fernandez-lo-que-hicieron-es-un-estrago-juridico.html\" target=\"_blank\" rel=\"noopener\">el Presidente calific\u00f3 el dictamen de \u00abestrago jur\u00eddico\u00bb<\/a>\u00a0porque la cuesti\u00f3n es de competencia de la Justicia federal.<\/p>\n<p>\u00abLo que hicieron es un estrago jur\u00eddico. Est\u00e1n tomando medidas que son del exclusivo resorte de la Justicia Federal. No estamos dictando medidas de pol\u00edtica educativa. Son medidas de pol\u00edtica sanitaria en una pandemia. Por eso la Ciudad fue directo a la Corte Suprema de Justicia de la Naci\u00f3n\u00bb, afirm\u00f3 el Presidente ayer en declaraciones a El Destape.<\/p>\n<p>La C\u00e1mara de Apelaciones en lo Contencioso Administrativo, Tributario y de Relaciones de Consumo de la Ciudad de Buenos Aires fall\u00f3 hoy a favor de la presencialidad de las clases en el distrito, al pronunciarse sobre una presentaci\u00f3n hecha por organizaciones de docentes contra el Decreto de Necesidad y Urgencia (DNU) del Gobierno nacional que establece la suspensi\u00f3n de la actividad por 15 d\u00edas en el \u00c1rea Metropolitana de Buenos Aires (AMBA) para contener la segunda ola de coronavirus.<\/p>\n<div class=\"auth\">Paro de docentes porte\u00f1os<\/div>\n<p>Tras el fallo, los gremios docentes porte\u00f1os UTE-Ctera y Sadop anunciaron un paro de actividades par hoy, al advertir que \u00abla salud y la vida son prioridad\u00bb y que el cuidado de la sociedad est\u00e1 \u00abdado por el respeto a las normas establecidas\u00bb.<\/p>\n<p>La escalada de la segunda ola de coronavirus puso en tensi\u00f3n al sistema de salud porte\u00f1o, especialmente al sector privado, que tiene una ocupaci\u00f3n del 95% en terapia intensiva, mientras que en los hospitales p\u00fablicos subi\u00f3 hasta al 61,1%, lo que configura una situaci\u00f3n \u00abcr\u00edtica\u00bb y de \u00absaturaci\u00f3n\u00bb, advirtieron distintas fuentes y especialistas del sector sanitario consultados por T\u00e9lam.<\/p>\n<\/div>\n<\/div>\n<\/div>\n<\/div>\n<\/div>\n","protected":false},"excerpt":{"rendered":"<p>Luego del\u00a0fallo que dictamin\u00f3 la continuidad de la presencialidad en las aulas, la expectativa est\u00e1 puesta en el nivel de concurrencia que efectivamente habr\u00e1 debido a decisiones familiares de cuidado y al paro convocado por los gremios UTE-Ctera y Sadop.<\/p>\n","protected":false},"author":3,"featured_media":0,"comment_status":"closed","ping_status":"open","sticky":false,"template":"","format":"standard","meta":{"footnotes":""},"categories":[34,24],"tags":[],"class_list":["post-55561","post","type-post","status-publish","format-standard","hentry","category-educacion","category-politica"],"yoast_head":"<!-- This site is optimized with the Yoast SEO plugin v25.9 - https:\/\/yoast.com\/wordpress\/plugins\/seo\/ -->\n<title>Hay clases presenciales en la Ciudad tras el fallo de la Justicia contra el DNU - Noticias Radio Reflejos<\/title>\n<meta name=\"robots\" content=\"index, follow, max-snippet:-1, max-image-preview:large, max-video-preview:-1\" \/>\n<link rel=\"canonical\" href=\"https:\/\/www.noticiasradioreflejos.com.ar\/2021\/hay-clases-presenciales-en-la-ciudad-tras-el-fallo-de-la-justicia-contra-el-dnu\/\" \/>\n<meta property=\"og:locale\" content=\"es_ES\" \/>\n<meta property=\"og:type\" content=\"article\" \/>\n<meta property=\"og:title\" content=\"Hay clases presenciales en la Ciudad tras el fallo de la Justicia contra el DNU - Noticias Radio Reflejos\" \/>\n<meta property=\"og:description\" content=\"Luego del\u00a0fallo que dictamin\u00f3 la continuidad de la presencialidad en las aulas, la expectativa est\u00e1 puesta en el nivel de concurrencia que efectivamente habr\u00e1 debido a decisiones familiares de cuidado y al paro convocado por los gremios UTE-Ctera y Sadop.\" \/>\n<meta property=\"og:url\" content=\"https:\/\/www.noticiasradioreflejos.com.ar\/2021\/hay-clases-presenciales-en-la-ciudad-tras-el-fallo-de-la-justicia-contra-el-dnu\/\" \/>\n<meta property=\"og:site_name\" content=\"Noticias Radio Reflejos\" \/>\n<meta property=\"article:published_time\" content=\"2021-04-19T11:08:18+00:00\" \/>\n<meta property=\"og:image\" content=\"https:\/\/www.telam.com.ar\/advf\/imagenes\/2021\/02\/603a73c710793_1004x565.jpg\" \/>\n<meta name=\"author\" content=\"Arnaldo Botto\" \/>\n<meta name=\"twitter:card\" content=\"summary_large_image\" \/>\n<script type=\"application\/ld+json\" class=\"yoast-schema-graph\">{\"@context\":\"https:\/\/schema.org\",\"@graph\":[{\"@type\":\"WebPage\",\"@id\":\"https:\/\/www.noticiasradioreflejos.com.ar\/2021\/hay-clases-presenciales-en-la-ciudad-tras-el-fallo-de-la-justicia-contra-el-dnu\/\",\"url\":\"https:\/\/www.noticiasradioreflejos.com.ar\/2021\/hay-clases-presenciales-en-la-ciudad-tras-el-fallo-de-la-justicia-contra-el-dnu\/\",\"name\":\"Hay clases presenciales en la Ciudad tras el fallo de la Justicia contra el DNU - Noticias Radio Reflejos\",\"isPartOf\":{\"@id\":\"https:\/\/www.noticiasradioreflejos.com.ar\/2021\/#website\"},\"primaryImageOfPage\":{\"@id\":\"https:\/\/www.noticiasradioreflejos.com.ar\/2021\/hay-clases-presenciales-en-la-ciudad-tras-el-fallo-de-la-justicia-contra-el-dnu\/#primaryimage\"},\"image\":{\"@id\":\"https:\/\/www.noticiasradioreflejos.com.ar\/2021\/hay-clases-presenciales-en-la-ciudad-tras-el-fallo-de-la-justicia-contra-el-dnu\/#primaryimage\"},\"thumbnailUrl\":\"https:\/\/www.telam.com.ar\/advf\/imagenes\/2021\/02\/603a73c710793_1004x565.jpg\",\"datePublished\":\"2021-04-19T11:08:18+00:00\",\"author\":{\"@id\":\"https:\/\/www.noticiasradioreflejos.com.ar\/2021\/#\/schema\/person\/ad82545263dcc5ec0996818884fd5fb1\"},\"breadcrumb\":{\"@id\":\"https:\/\/www.noticiasradioreflejos.com.ar\/2021\/hay-clases-presenciales-en-la-ciudad-tras-el-fallo-de-la-justicia-contra-el-dnu\/#breadcrumb\"},\"inLanguage\":\"es\",\"potentialAction\":[{\"@type\":\"ReadAction\",\"target\":[\"https:\/\/www.noticiasradioreflejos.com.ar\/2021\/hay-clases-presenciales-en-la-ciudad-tras-el-fallo-de-la-justicia-contra-el-dnu\/\"]}]},{\"@type\":\"ImageObject\",\"inLanguage\":\"es\",\"@id\":\"https:\/\/www.noticiasradioreflejos.com.ar\/2021\/hay-clases-presenciales-en-la-ciudad-tras-el-fallo-de-la-justicia-contra-el-dnu\/#primaryimage\",\"url\":\"https:\/\/www.telam.com.ar\/advf\/imagenes\/2021\/02\/603a73c710793_1004x565.jpg\",\"contentUrl\":\"https:\/\/www.telam.com.ar\/advf\/imagenes\/2021\/02\/603a73c710793_1004x565.jpg\"},{\"@type\":\"BreadcrumbList\",\"@id\":\"https:\/\/www.noticiasradioreflejos.com.ar\/2021\/hay-clases-presenciales-en-la-ciudad-tras-el-fallo-de-la-justicia-contra-el-dnu\/#breadcrumb\",\"itemListElement\":[{\"@type\":\"ListItem\",\"position\":1,\"name\":\"Portada\",\"item\":\"https:\/\/www.noticiasradioreflejos.com.ar\/2021\/\"},{\"@type\":\"ListItem\",\"position\":2,\"name\":\"Hay clases presenciales en la Ciudad tras el fallo de la Justicia contra el DNU\"}]},{\"@type\":\"WebSite\",\"@id\":\"https:\/\/www.noticiasradioreflejos.com.ar\/2021\/#website\",\"url\":\"https:\/\/www.noticiasradioreflejos.com.ar\/2021\/\",\"name\":\"Noticias Radio Reflejos\",\"description\":\"Las noticias de mi comarca\",\"potentialAction\":[{\"@type\":\"SearchAction\",\"target\":{\"@type\":\"EntryPoint\",\"urlTemplate\":\"https:\/\/www.noticiasradioreflejos.com.ar\/2021\/?s={search_term_string}\"},\"query-input\":{\"@type\":\"PropertyValueSpecification\",\"valueRequired\":true,\"valueName\":\"search_term_string\"}}],\"inLanguage\":\"es\"},{\"@type\":\"Person\",\"@id\":\"https:\/\/www.noticiasradioreflejos.com.ar\/2021\/#\/schema\/person\/ad82545263dcc5ec0996818884fd5fb1\",\"name\":\"Arnaldo Botto\",\"image\":{\"@type\":\"ImageObject\",\"inLanguage\":\"es\",\"@id\":\"https:\/\/www.noticiasradioreflejos.com.ar\/2021\/#\/schema\/person\/image\/\",\"url\":\"https:\/\/secure.gravatar.com\/avatar\/55cb5e37c1efa326397366e6974cb338056df65cb50e7d64d1cf314e87504837?s=96&d=mm&r=g\",\"contentUrl\":\"https:\/\/secure.gravatar.com\/avatar\/55cb5e37c1efa326397366e6974cb338056df65cb50e7d64d1cf314e87504837?s=96&d=mm&r=g\",\"caption\":\"Arnaldo Botto\"},\"url\":\"https:\/\/www.noticiasradioreflejos.com.ar\/2021\/author\/arnaldo\/\"}]}<\/script>\n<!-- \/ Yoast SEO plugin. -->","yoast_head_json":{"title":"Hay clases presenciales en la Ciudad tras el fallo de la Justicia contra el DNU - Noticias Radio Reflejos","robots":{"index":"index","follow":"follow","max-snippet":"max-snippet:-1","max-image-preview":"max-image-preview:large","max-video-preview":"max-video-preview:-1"},"canonical":"https:\/\/www.noticiasradioreflejos.com.ar\/2021\/hay-clases-presenciales-en-la-ciudad-tras-el-fallo-de-la-justicia-contra-el-dnu\/","og_locale":"es_ES","og_type":"article","og_title":"Hay clases presenciales en la Ciudad tras el fallo de la Justicia contra el DNU - Noticias Radio Reflejos","og_description":"Luego del\u00a0fallo que dictamin\u00f3 la continuidad de la presencialidad en las aulas, la expectativa est\u00e1 puesta en el nivel de concurrencia que efectivamente habr\u00e1 debido a decisiones familiares de cuidado y al paro convocado por los gremios UTE-Ctera y Sadop.","og_url":"https:\/\/www.noticiasradioreflejos.com.ar\/2021\/hay-clases-presenciales-en-la-ciudad-tras-el-fallo-de-la-justicia-contra-el-dnu\/","og_site_name":"Noticias Radio Reflejos","article_published_time":"2021-04-19T11:08:18+00:00","og_image":[{"url":"https:\/\/www.telam.com.ar\/advf\/imagenes\/2021\/02\/603a73c710793_1004x565.jpg","type":"","width":"","height":""}],"author":"Arnaldo Botto","twitter_card":"summary_large_image","schema":{"@context":"https:\/\/schema.org","@graph":[{"@type":"WebPage","@id":"https:\/\/www.noticiasradioreflejos.com.ar\/2021\/hay-clases-presenciales-en-la-ciudad-tras-el-fallo-de-la-justicia-contra-el-dnu\/","url":"https:\/\/www.noticiasradioreflejos.com.ar\/2021\/hay-clases-presenciales-en-la-ciudad-tras-el-fallo-de-la-justicia-contra-el-dnu\/","name":"Hay clases presenciales en la Ciudad tras el fallo de la Justicia contra el DNU - Noticias Radio Reflejos","isPartOf":{"@id":"https:\/\/www.noticiasradioreflejos.com.ar\/2021\/#website"},"primaryImageOfPage":{"@id":"https:\/\/www.noticiasradioreflejos.com.ar\/2021\/hay-clases-presenciales-en-la-ciudad-tras-el-fallo-de-la-justicia-contra-el-dnu\/#primaryimage"},"image":{"@id":"https:\/\/www.noticiasradioreflejos.com.ar\/2021\/hay-clases-presenciales-en-la-ciudad-tras-el-fallo-de-la-justicia-contra-el-dnu\/#primaryimage"},"thumbnailUrl":"https:\/\/www.telam.com.ar\/advf\/imagenes\/2021\/02\/603a73c710793_1004x565.jpg","datePublished":"2021-04-19T11:08:18+00:00","author":{"@id":"https:\/\/www.noticiasradioreflejos.com.ar\/2021\/#\/schema\/person\/ad82545263dcc5ec0996818884fd5fb1"},"breadcrumb":{"@id":"https:\/\/www.noticiasradioreflejos.com.ar\/2021\/hay-clases-presenciales-en-la-ciudad-tras-el-fallo-de-la-justicia-contra-el-dnu\/#breadcrumb"},"inLanguage":"es","potentialAction":[{"@type":"ReadAction","target":["https:\/\/www.noticiasradioreflejos.com.ar\/2021\/hay-clases-presenciales-en-la-ciudad-tras-el-fallo-de-la-justicia-contra-el-dnu\/"]}]},{"@type":"ImageObject","inLanguage":"es","@id":"https:\/\/www.noticiasradioreflejos.com.ar\/2021\/hay-clases-presenciales-en-la-ciudad-tras-el-fallo-de-la-justicia-contra-el-dnu\/#primaryimage","url":"https:\/\/www.telam.com.ar\/advf\/imagenes\/2021\/02\/603a73c710793_1004x565.jpg","contentUrl":"https:\/\/www.telam.com.ar\/advf\/imagenes\/2021\/02\/603a73c710793_1004x565.jpg"},{"@type":"BreadcrumbList","@id":"https:\/\/www.noticiasradioreflejos.com.ar\/2021\/hay-clases-presenciales-en-la-ciudad-tras-el-fallo-de-la-justicia-contra-el-dnu\/#breadcrumb","itemListElement":[{"@type":"ListItem","position":1,"name":"Portada","item":"https:\/\/www.noticiasradioreflejos.com.ar\/2021\/"},{"@type":"ListItem","position":2,"name":"Hay clases presenciales en la Ciudad tras el fallo de la Justicia contra el DNU"}]},{"@type":"WebSite","@id":"https:\/\/www.noticiasradioreflejos.com.ar\/2021\/#website","url":"https:\/\/www.noticiasradioreflejos.com.ar\/2021\/","name":"Noticias Radio Reflejos","description":"Las noticias de mi comarca","potentialAction":[{"@type":"SearchAction","target":{"@type":"EntryPoint","urlTemplate":"https:\/\/www.noticiasradioreflejos.com.ar\/2021\/?s={search_term_string}"},"query-input":{"@type":"PropertyValueSpecification","valueRequired":true,"valueName":"search_term_string"}}],"inLanguage":"es"},{"@type":"Person","@id":"https:\/\/www.noticiasradioreflejos.com.ar\/2021\/#\/schema\/person\/ad82545263dcc5ec0996818884fd5fb1","name":"Arnaldo Botto","image":{"@type":"ImageObject","inLanguage":"es","@id":"https:\/\/www.noticiasradioreflejos.com.ar\/2021\/#\/schema\/person\/image\/","url":"https:\/\/secure.gravatar.com\/avatar\/55cb5e37c1efa326397366e6974cb338056df65cb50e7d64d1cf314e87504837?s=96&d=mm&r=g","contentUrl":"https:\/\/secure.gravatar.com\/avatar\/55cb5e37c1efa326397366e6974cb338056df65cb50e7d64d1cf314e87504837?s=96&d=mm&r=g","caption":"Arnaldo Botto"},"url":"https:\/\/www.noticiasradioreflejos.com.ar\/2021\/author\/arnaldo\/"}]}},"_links":{"self":[{"href":"https:\/\/www.noticiasradioreflejos.com.ar\/2021\/wp-json\/wp\/v2\/posts\/55561","targetHints":{"allow":["GET"]}}],"collection":[{"href":"https:\/\/www.noticiasradioreflejos.com.ar\/2021\/wp-json\/wp\/v2\/posts"}],"about":[{"href":"https:\/\/www.noticiasradioreflejos.com.ar\/2021\/wp-json\/wp\/v2\/types\/post"}],"author":[{"embeddable":true,"href":"https:\/\/www.noticiasradioreflejos.com.ar\/2021\/wp-json\/wp\/v2\/users\/3"}],"replies":[{"embeddable":true,"href":"https:\/\/www.noticiasradioreflejos.com.ar\/2021\/wp-json\/wp\/v2\/comments?post=55561"}],"version-history":[{"count":0,"href":"https:\/\/www.noticiasradioreflejos.com.ar\/2021\/wp-json\/wp\/v2\/posts\/55561\/revisions"}],"wp:attachment":[{"href":"https:\/\/www.noticiasradioreflejos.com.ar\/2021\/wp-json\/wp\/v2\/media?parent=55561"}],"wp:term":[{"taxonomy":"category","embeddable":true,"href":"https:\/\/www.noticiasradioreflejos.com.ar\/2021\/wp-json\/wp\/v2\/categories?post=55561"},{"taxonomy":"post_tag","embeddable":true,"href":"https:\/\/www.noticiasradioreflejos.com.ar\/2021\/wp-json\/wp\/v2\/tags?post=55561"}],"curies":[{"name":"wp","href":"https:\/\/api.w.org\/{rel}","templated":true}]}}