{"id":55555,"date":"2021-04-19T08:02:18","date_gmt":"2021-04-19T11:02:18","guid":{"rendered":"http:\/\/www.noticiasradioreflejos.com.ar\/noticias\/?p=55555"},"modified":"2021-04-19T08:02:18","modified_gmt":"2021-04-19T11:02:18","slug":"la-asignacion-por-embarazo-alcanzo-a-casi-2-millones-de-personas","status":"publish","type":"post","link":"https:\/\/www.noticiasradioreflejos.com.ar\/2021\/la-asignacion-por-embarazo-alcanzo-a-casi-2-millones-de-personas\/","title":{"rendered":"La Asignaci\u00f3n por embarazo alcanz\u00f3 a casi 2 millones de personas"},"content":{"rendered":"<p>Se cumplen hoy 10 a\u00f1os de la creaci\u00f3n de la Asignaci\u00f3n por Embarazo, pol\u00edtica p\u00fablica dise\u00f1ada e implementada por el gobierno de la expresidenta Cristina Fern\u00e1ndez de Kirchner. En esta d\u00e9cada, la prestaci\u00f3n lleg\u00f3 a casi 2 millones de personas. La asignaci\u00f3n, actualmente, da cobertura a casi 72 mil embarazos.<!--more--><br \/>\nAl respecto, la directora ejecutiva de la ANSES, Fernanda Raverta, sostuvo: \u201cNuestro organismo es parte de la vida de los argentinos y las argentinas en todas las etapas de sus vidas. Desde hace 10 a\u00f1os con la asignaci\u00f3n hemos acompa\u00f1ado a casi 2 millones de embarazos desde una perspectiva de la protecci\u00f3n social\u201d.<\/p>\n<p>Al d\u00eda de hoy, 1.959.565 personas percibieron al menos una vez la Asignaci\u00f3n por Embarazo, entre mayo de 2011 y marzo de 2021.<\/p>\n<p>A partir de la decisi\u00f3n del Presidente Alberto Fern\u00e1ndez, la ANSES avanz\u00f3 en ampliar los derechos de aquellas personas que se encontraban percibiendo la asignaci\u00f3n. Es por ello que, desde el Estado Nacional y de manera articulada, se elabor\u00f3 el Plan de los Mil D\u00edas, aprobado por el Congreso el 30 de diciembre de 2020 mediante la Ley 27.611.<\/p>\n<p>Este Plan, que busca acompa\u00f1ar desde el cuidado integral de la salud a los embarazos, posibilit\u00f3 que la asignaci\u00f3n pase de percibirse 6 meses a los 9 meses de gestaci\u00f3n, equipar\u00e1ndola a la Asignaci\u00f3n Familiar por Prenatal.<\/p>\n<p>La Asignaci\u00f3n por Embarazo marc\u00f3, junto a la Asignaci\u00f3n Universal por Hijo (AUH), un hito hacia la universalizaci\u00f3n del acceso a la Seguridad Social, ampliando derechos para las infancias, adolescencias y juventudes de la Argentina e introduciendo la perspectiva de g\u00e9nero en el sistema de la protecci\u00f3n social.<\/p>\n","protected":false},"excerpt":{"rendered":"<p>Se cumplen hoy 10 a\u00f1os de la creaci\u00f3n de la Asignaci\u00f3n por Embarazo, pol\u00edtica p\u00fablica dise\u00f1ada e implementada por el gobierno de la expresidenta Cristina Fern\u00e1ndez de Kirchner. En esta d\u00e9cada, la prestaci\u00f3n lleg\u00f3 a casi 2 millones de personas. La asignaci\u00f3n, actualmente, da cobertura a casi 72 mil embarazos.<\/p>\n","protected":false},"author":3,"featured_media":0,"comment_status":"closed","ping_status":"open","sticky":false,"template":"","format":"standard","meta":{"footnotes":""},"categories":[24,26],"tags":[],"class_list":["post-55555","post","type-post","status-publish","format-standard","hentry","category-politica","category-sociedad"],"yoast_head":"<!-- This site is optimized with the Yoast SEO plugin v25.9 - https:\/\/yoast.com\/wordpress\/plugins\/seo\/ -->\n<title>La Asignaci\u00f3n por embarazo alcanz\u00f3 a casi 2 millones de personas - Noticias Radio Reflejos<\/title>\n<meta name=\"robots\" content=\"index, follow, max-snippet:-1, max-image-preview:large, max-video-preview:-1\" \/>\n<link rel=\"canonical\" href=\"https:\/\/www.noticiasradioreflejos.com.ar\/2021\/la-asignacion-por-embarazo-alcanzo-a-casi-2-millones-de-personas\/\" \/>\n<meta property=\"og:locale\" content=\"es_ES\" \/>\n<meta property=\"og:type\" content=\"article\" \/>\n<meta property=\"og:title\" content=\"La Asignaci\u00f3n por embarazo alcanz\u00f3 a casi 2 millones de personas - Noticias Radio Reflejos\" \/>\n<meta property=\"og:description\" content=\"Se cumplen hoy 10 a\u00f1os de la creaci\u00f3n de la Asignaci\u00f3n por Embarazo, pol\u00edtica p\u00fablica dise\u00f1ada e implementada por el gobierno de la expresidenta Cristina Fern\u00e1ndez de Kirchner. En esta d\u00e9cada, la prestaci\u00f3n lleg\u00f3 a casi 2 millones de personas. La asignaci\u00f3n, actualmente, da cobertura a casi 72 mil embarazos.\" \/>\n<meta property=\"og:url\" content=\"https:\/\/www.noticiasradioreflejos.com.ar\/2021\/la-asignacion-por-embarazo-alcanzo-a-casi-2-millones-de-personas\/\" \/>\n<meta property=\"og:site_name\" content=\"Noticias Radio Reflejos\" \/>\n<meta property=\"article:published_time\" content=\"2021-04-19T11:02:18+00:00\" \/>\n<meta property=\"og:image\" content=\"https:\/\/www.noticiasradioreflejos.com.ar\/2021\/wp-content\/uploads\/2021\/07\/logosol300x200.png\" \/>\n\t<meta property=\"og:image:width\" content=\"300\" \/>\n\t<meta property=\"og:image:height\" content=\"200\" \/>\n\t<meta property=\"og:image:type\" content=\"image\/png\" \/>\n<meta name=\"author\" content=\"Arnaldo Botto\" \/>\n<meta name=\"twitter:card\" content=\"summary_large_image\" \/>\n<script type=\"application\/ld+json\" class=\"yoast-schema-graph\">{\"@context\":\"https:\/\/schema.org\",\"@graph\":[{\"@type\":\"WebPage\",\"@id\":\"https:\/\/www.noticiasradioreflejos.com.ar\/2021\/la-asignacion-por-embarazo-alcanzo-a-casi-2-millones-de-personas\/\",\"url\":\"https:\/\/www.noticiasradioreflejos.com.ar\/2021\/la-asignacion-por-embarazo-alcanzo-a-casi-2-millones-de-personas\/\",\"name\":\"La Asignaci\u00f3n por embarazo alcanz\u00f3 a casi 2 millones de personas - Noticias Radio Reflejos\",\"isPartOf\":{\"@id\":\"https:\/\/www.noticiasradioreflejos.com.ar\/2021\/#website\"},\"datePublished\":\"2021-04-19T11:02:18+00:00\",\"author\":{\"@id\":\"https:\/\/www.noticiasradioreflejos.com.ar\/2021\/#\/schema\/person\/ad82545263dcc5ec0996818884fd5fb1\"},\"breadcrumb\":{\"@id\":\"https:\/\/www.noticiasradioreflejos.com.ar\/2021\/la-asignacion-por-embarazo-alcanzo-a-casi-2-millones-de-personas\/#breadcrumb\"},\"inLanguage\":\"es\",\"potentialAction\":[{\"@type\":\"ReadAction\",\"target\":[\"https:\/\/www.noticiasradioreflejos.com.ar\/2021\/la-asignacion-por-embarazo-alcanzo-a-casi-2-millones-de-personas\/\"]}]},{\"@type\":\"BreadcrumbList\",\"@id\":\"https:\/\/www.noticiasradioreflejos.com.ar\/2021\/la-asignacion-por-embarazo-alcanzo-a-casi-2-millones-de-personas\/#breadcrumb\",\"itemListElement\":[{\"@type\":\"ListItem\",\"position\":1,\"name\":\"Portada\",\"item\":\"https:\/\/www.noticiasradioreflejos.com.ar\/2021\/\"},{\"@type\":\"ListItem\",\"position\":2,\"name\":\"La Asignaci\u00f3n por embarazo alcanz\u00f3 a casi 2 millones de personas\"}]},{\"@type\":\"WebSite\",\"@id\":\"https:\/\/www.noticiasradioreflejos.com.ar\/2021\/#website\",\"url\":\"https:\/\/www.noticiasradioreflejos.com.ar\/2021\/\",\"name\":\"Noticias Radio Reflejos\",\"description\":\"Las noticias de mi comarca\",\"potentialAction\":[{\"@type\":\"SearchAction\",\"target\":{\"@type\":\"EntryPoint\",\"urlTemplate\":\"https:\/\/www.noticiasradioreflejos.com.ar\/2021\/?s={search_term_string}\"},\"query-input\":{\"@type\":\"PropertyValueSpecification\",\"valueRequired\":true,\"valueName\":\"search_term_string\"}}],\"inLanguage\":\"es\"},{\"@type\":\"Person\",\"@id\":\"https:\/\/www.noticiasradioreflejos.com.ar\/2021\/#\/schema\/person\/ad82545263dcc5ec0996818884fd5fb1\",\"name\":\"Arnaldo Botto\",\"image\":{\"@type\":\"ImageObject\",\"inLanguage\":\"es\",\"@id\":\"https:\/\/www.noticiasradioreflejos.com.ar\/2021\/#\/schema\/person\/image\/\",\"url\":\"https:\/\/secure.gravatar.com\/avatar\/55cb5e37c1efa326397366e6974cb338056df65cb50e7d64d1cf314e87504837?s=96&d=mm&r=g\",\"contentUrl\":\"https:\/\/secure.gravatar.com\/avatar\/55cb5e37c1efa326397366e6974cb338056df65cb50e7d64d1cf314e87504837?s=96&d=mm&r=g\",\"caption\":\"Arnaldo Botto\"},\"url\":\"https:\/\/www.noticiasradioreflejos.com.ar\/2021\/author\/arnaldo\/\"}]}<\/script>\n<!-- \/ Yoast SEO plugin. -->","yoast_head_json":{"title":"La Asignaci\u00f3n por embarazo alcanz\u00f3 a casi 2 millones de personas - Noticias Radio Reflejos","robots":{"index":"index","follow":"follow","max-snippet":"max-snippet:-1","max-image-preview":"max-image-preview:large","max-video-preview":"max-video-preview:-1"},"canonical":"https:\/\/www.noticiasradioreflejos.com.ar\/2021\/la-asignacion-por-embarazo-alcanzo-a-casi-2-millones-de-personas\/","og_locale":"es_ES","og_type":"article","og_title":"La Asignaci\u00f3n por embarazo alcanz\u00f3 a casi 2 millones de personas - Noticias Radio Reflejos","og_description":"Se cumplen hoy 10 a\u00f1os de la creaci\u00f3n de la Asignaci\u00f3n por Embarazo, pol\u00edtica p\u00fablica dise\u00f1ada e implementada por el gobierno de la expresidenta Cristina Fern\u00e1ndez de Kirchner. En esta d\u00e9cada, la prestaci\u00f3n lleg\u00f3 a casi 2 millones de personas. La asignaci\u00f3n, actualmente, da cobertura a casi 72 mil embarazos.","og_url":"https:\/\/www.noticiasradioreflejos.com.ar\/2021\/la-asignacion-por-embarazo-alcanzo-a-casi-2-millones-de-personas\/","og_site_name":"Noticias Radio Reflejos","article_published_time":"2021-04-19T11:02:18+00:00","og_image":[{"width":300,"height":200,"url":"https:\/\/www.noticiasradioreflejos.com.ar\/2021\/wp-content\/uploads\/2021\/07\/logosol300x200.png","type":"image\/png"}],"author":"Arnaldo Botto","twitter_card":"summary_large_image","schema":{"@context":"https:\/\/schema.org","@graph":[{"@type":"WebPage","@id":"https:\/\/www.noticiasradioreflejos.com.ar\/2021\/la-asignacion-por-embarazo-alcanzo-a-casi-2-millones-de-personas\/","url":"https:\/\/www.noticiasradioreflejos.com.ar\/2021\/la-asignacion-por-embarazo-alcanzo-a-casi-2-millones-de-personas\/","name":"La Asignaci\u00f3n por embarazo alcanz\u00f3 a casi 2 millones de personas - Noticias Radio Reflejos","isPartOf":{"@id":"https:\/\/www.noticiasradioreflejos.com.ar\/2021\/#website"},"datePublished":"2021-04-19T11:02:18+00:00","author":{"@id":"https:\/\/www.noticiasradioreflejos.com.ar\/2021\/#\/schema\/person\/ad82545263dcc5ec0996818884fd5fb1"},"breadcrumb":{"@id":"https:\/\/www.noticiasradioreflejos.com.ar\/2021\/la-asignacion-por-embarazo-alcanzo-a-casi-2-millones-de-personas\/#breadcrumb"},"inLanguage":"es","potentialAction":[{"@type":"ReadAction","target":["https:\/\/www.noticiasradioreflejos.com.ar\/2021\/la-asignacion-por-embarazo-alcanzo-a-casi-2-millones-de-personas\/"]}]},{"@type":"BreadcrumbList","@id":"https:\/\/www.noticiasradioreflejos.com.ar\/2021\/la-asignacion-por-embarazo-alcanzo-a-casi-2-millones-de-personas\/#breadcrumb","itemListElement":[{"@type":"ListItem","position":1,"name":"Portada","item":"https:\/\/www.noticiasradioreflejos.com.ar\/2021\/"},{"@type":"ListItem","position":2,"name":"La Asignaci\u00f3n por embarazo alcanz\u00f3 a casi 2 millones de personas"}]},{"@type":"WebSite","@id":"https:\/\/www.noticiasradioreflejos.com.ar\/2021\/#website","url":"https:\/\/www.noticiasradioreflejos.com.ar\/2021\/","name":"Noticias Radio Reflejos","description":"Las noticias de mi comarca","potentialAction":[{"@type":"SearchAction","target":{"@type":"EntryPoint","urlTemplate":"https:\/\/www.noticiasradioreflejos.com.ar\/2021\/?s={search_term_string}"},"query-input":{"@type":"PropertyValueSpecification","valueRequired":true,"valueName":"search_term_string"}}],"inLanguage":"es"},{"@type":"Person","@id":"https:\/\/www.noticiasradioreflejos.com.ar\/2021\/#\/schema\/person\/ad82545263dcc5ec0996818884fd5fb1","name":"Arnaldo Botto","image":{"@type":"ImageObject","inLanguage":"es","@id":"https:\/\/www.noticiasradioreflejos.com.ar\/2021\/#\/schema\/person\/image\/","url":"https:\/\/secure.gravatar.com\/avatar\/55cb5e37c1efa326397366e6974cb338056df65cb50e7d64d1cf314e87504837?s=96&d=mm&r=g","contentUrl":"https:\/\/secure.gravatar.com\/avatar\/55cb5e37c1efa326397366e6974cb338056df65cb50e7d64d1cf314e87504837?s=96&d=mm&r=g","caption":"Arnaldo Botto"},"url":"https:\/\/www.noticiasradioreflejos.com.ar\/2021\/author\/arnaldo\/"}]}},"_links":{"self":[{"href":"https:\/\/www.noticiasradioreflejos.com.ar\/2021\/wp-json\/wp\/v2\/posts\/55555","targetHints":{"allow":["GET"]}}],"collection":[{"href":"https:\/\/www.noticiasradioreflejos.com.ar\/2021\/wp-json\/wp\/v2\/posts"}],"about":[{"href":"https:\/\/www.noticiasradioreflejos.com.ar\/2021\/wp-json\/wp\/v2\/types\/post"}],"author":[{"embeddable":true,"href":"https:\/\/www.noticiasradioreflejos.com.ar\/2021\/wp-json\/wp\/v2\/users\/3"}],"replies":[{"embeddable":true,"href":"https:\/\/www.noticiasradioreflejos.com.ar\/2021\/wp-json\/wp\/v2\/comments?post=55555"}],"version-history":[{"count":0,"href":"https:\/\/www.noticiasradioreflejos.com.ar\/2021\/wp-json\/wp\/v2\/posts\/55555\/revisions"}],"wp:attachment":[{"href":"https:\/\/www.noticiasradioreflejos.com.ar\/2021\/wp-json\/wp\/v2\/media?parent=55555"}],"wp:term":[{"taxonomy":"category","embeddable":true,"href":"https:\/\/www.noticiasradioreflejos.com.ar\/2021\/wp-json\/wp\/v2\/categories?post=55555"},{"taxonomy":"post_tag","embeddable":true,"href":"https:\/\/www.noticiasradioreflejos.com.ar\/2021\/wp-json\/wp\/v2\/tags?post=55555"}],"curies":[{"name":"wp","href":"https:\/\/api.w.org\/{rel}","templated":true}]}}