{"id":55551,"date":"2021-04-18T10:48:52","date_gmt":"2021-04-18T13:48:52","guid":{"rendered":"http:\/\/www.noticiasradioreflejos.com.ar\/noticias\/?p=55551"},"modified":"2021-04-18T10:48:52","modified_gmt":"2021-04-18T13:48:52","slug":"falklands-en-vez-de-malvinas-el-diseno-de-la-camiseta-de-la-seleccion-argentina-que-genero-repudio-en-redes","status":"publish","type":"post","link":"https:\/\/www.noticiasradioreflejos.com.ar\/2021\/falklands-en-vez-de-malvinas-el-diseno-de-la-camiseta-de-la-seleccion-argentina-que-genero-repudio-en-redes\/","title":{"rendered":"Falklands en vez de Malvinas: el dise\u00f1o de la camiseta de la Selecci\u00f3n Argentina que gener\u00f3 repudio en redes\u00a0"},"content":{"rendered":"<p>La empresa\u00a0Soccept\u00a0present\u00f3 un nuevo dise\u00f1o de la camiseta de la\u00a0Selecci\u00f3n Argentina\u00a0que se volvi\u00f3 tendencia por la indignaci\u00f3n que gener\u00f3 en las redes:\u00a0en una parte de la prenda se lee la palabra \u00abFalklands\u00bb para referirse a las\u00a0Islas Malvinas.<!--more--><\/p>\n<div class=\"article-main-media-image\">\n<div class=\"article-main-media-image__container object-fit-block--contain intrinsic-container intrinsic-container-3x2\"><img decoding=\"async\" class=\"show-for-xlarge lazyloaded\" src=\"https:\/\/images.pagina12.com.ar\/styles\/focal_3_2_960x640\/public\/2021-04\/155925-camiseta_0.jpg?itok=e4-iqzIa\" data-src=\"https:\/\/images.pagina12.com.ar\/styles\/focal_3_2_960x640\/public\/2021-04\/155925-camiseta_0.jpg?itok=e4-iqzIa\" \/><\/div>\n<\/div>\n<div class=\"article-body diario\">\n<div class=\"article-text\">\n<p>&nbsp;<\/p>\n<p>\u00abCelebrando m\u00e1s de 200 a\u00f1os de la independencia de Argentina. El oro viste a la rep\u00fablica. La br\u00fajula gui\u00f3 el pasado y ahora el futuro de la selecci\u00f3n nacional\u00bb, fue el texto publicado desde la cuenta oficial de Soccept, el cual acompa\u00f1a la imagen de la camiseta.<\/p>\n<p>El dise\u00f1o que caus\u00f3 enojo expone el relieve del mapa del pa\u00eds en dorado y adem\u00e1s cuenta con el escudo de la\u00a0<b>Asociaci\u00f3n del F\u00fatbol Argentino\u00a0<\/b>(AFA).<\/p>\n<p>https:\/\/twitter.com\/soccept\/status\/1383427296539779081?ref_src=twsrc%5Etfw%7Ctwcamp%5Etweetembed%7Ctwterm%5E1383427296539779081%7Ctwgr%5E%7Ctwcon%5Es1_c10&#038;ref_url=https%3A%2F%2Ftwitter.com%2Fsoccept%2Fstatus%2F1383427296539779081<\/p>\n<p>Al notar el error en una camisa dise\u00f1ada para la Selecci\u00f3n Argentina, los usuarios de las redes sociales r\u00e1pidamente expresaron su descontento con la creaci\u00f3n.<\/p>\n<p><b>\u00abVas a tener que borrar esto, son las Malvinas, no Falklands\u00bb<\/b>,<b>\u00a0\u00absi no fuera por eso es maravillosa\u00bb<\/b>,<b>\u00a0\u00abMalvinas por siempre\u00bb,<\/b><b>\u00abcomo un peque\u00f1o detalle te puede arruinar horas de trabajo\u00bb<\/b>, fueron algunos de los mensajes que se pudieron leer en respuesta al tuit de Soccept.<\/p>\n<\/div>\n<div id=\"ventas-article-end\" class=\"ventas-article-end\"><\/div>\n<div class=\"ventas-article-end\"><span style=\"color: #0000ff;\"><strong>Fuente P\u00e1gina 12<\/strong><\/span><\/div>\n<\/div>\n","protected":false},"excerpt":{"rendered":"<p>La empresa\u00a0Soccept\u00a0present\u00f3 un nuevo dise\u00f1o de la camiseta de la\u00a0Selecci\u00f3n Argentina\u00a0que se volvi\u00f3 tendencia por la indignaci\u00f3n que gener\u00f3 en las redes:\u00a0en una parte de la prenda se lee la palabra \u00abFalklands\u00bb para referirse a las\u00a0Islas Malvinas.<\/p>\n","protected":false},"author":3,"featured_media":0,"comment_status":"closed","ping_status":"open","sticky":false,"template":"","format":"standard","meta":{"footnotes":""},"categories":[27,24,26],"tags":[],"class_list":["post-55551","post","type-post","status-publish","format-standard","hentry","category-deportes","category-politica","category-sociedad"],"yoast_head":"<!-- This site is optimized with the Yoast SEO plugin v25.9 - https:\/\/yoast.com\/wordpress\/plugins\/seo\/ -->\n<title>Falklands en vez de Malvinas: el dise\u00f1o de la camiseta de la Selecci\u00f3n Argentina que gener\u00f3 repudio en redes\u00a0 - Noticias Radio Reflejos<\/title>\n<meta name=\"robots\" content=\"index, follow, max-snippet:-1, max-image-preview:large, max-video-preview:-1\" \/>\n<link rel=\"canonical\" href=\"https:\/\/www.noticiasradioreflejos.com.ar\/2021\/falklands-en-vez-de-malvinas-el-diseno-de-la-camiseta-de-la-seleccion-argentina-que-genero-repudio-en-redes\/\" \/>\n<meta property=\"og:locale\" content=\"es_ES\" \/>\n<meta property=\"og:type\" content=\"article\" \/>\n<meta property=\"og:title\" content=\"Falklands en vez de Malvinas: el dise\u00f1o de la camiseta de la Selecci\u00f3n Argentina que gener\u00f3 repudio en redes\u00a0 - Noticias Radio Reflejos\" \/>\n<meta property=\"og:description\" content=\"La empresa\u00a0Soccept\u00a0present\u00f3 un nuevo dise\u00f1o de la camiseta de la\u00a0Selecci\u00f3n Argentina\u00a0que se volvi\u00f3 tendencia por la indignaci\u00f3n que gener\u00f3 en las redes:\u00a0en una parte de la prenda se lee la palabra \u00abFalklands\u00bb para referirse a las\u00a0Islas Malvinas.\" \/>\n<meta property=\"og:url\" content=\"https:\/\/www.noticiasradioreflejos.com.ar\/2021\/falklands-en-vez-de-malvinas-el-diseno-de-la-camiseta-de-la-seleccion-argentina-que-genero-repudio-en-redes\/\" \/>\n<meta property=\"og:site_name\" content=\"Noticias Radio Reflejos\" \/>\n<meta property=\"article:published_time\" content=\"2021-04-18T13:48:52+00:00\" \/>\n<meta property=\"og:image\" content=\"https:\/\/images.pagina12.com.ar\/styles\/focal_3_2_960x640\/public\/2021-04\/155925-camiseta_0.jpg?itok=e4-iqzIa\" \/>\n<meta name=\"author\" content=\"Arnaldo Botto\" \/>\n<meta name=\"twitter:card\" content=\"summary_large_image\" \/>\n<script type=\"application\/ld+json\" class=\"yoast-schema-graph\">{\"@context\":\"https:\/\/schema.org\",\"@graph\":[{\"@type\":\"WebPage\",\"@id\":\"https:\/\/www.noticiasradioreflejos.com.ar\/2021\/falklands-en-vez-de-malvinas-el-diseno-de-la-camiseta-de-la-seleccion-argentina-que-genero-repudio-en-redes\/\",\"url\":\"https:\/\/www.noticiasradioreflejos.com.ar\/2021\/falklands-en-vez-de-malvinas-el-diseno-de-la-camiseta-de-la-seleccion-argentina-que-genero-repudio-en-redes\/\",\"name\":\"Falklands en vez de Malvinas: el dise\u00f1o de la camiseta de la Selecci\u00f3n Argentina que gener\u00f3 repudio en redes\u00a0 - Noticias Radio Reflejos\",\"isPartOf\":{\"@id\":\"https:\/\/www.noticiasradioreflejos.com.ar\/2021\/#website\"},\"primaryImageOfPage\":{\"@id\":\"https:\/\/www.noticiasradioreflejos.com.ar\/2021\/falklands-en-vez-de-malvinas-el-diseno-de-la-camiseta-de-la-seleccion-argentina-que-genero-repudio-en-redes\/#primaryimage\"},\"image\":{\"@id\":\"https:\/\/www.noticiasradioreflejos.com.ar\/2021\/falklands-en-vez-de-malvinas-el-diseno-de-la-camiseta-de-la-seleccion-argentina-que-genero-repudio-en-redes\/#primaryimage\"},\"thumbnailUrl\":\"https:\/\/images.pagina12.com.ar\/styles\/focal_3_2_960x640\/public\/2021-04\/155925-camiseta_0.jpg?itok=e4-iqzIa\",\"datePublished\":\"2021-04-18T13:48:52+00:00\",\"author\":{\"@id\":\"https:\/\/www.noticiasradioreflejos.com.ar\/2021\/#\/schema\/person\/ad82545263dcc5ec0996818884fd5fb1\"},\"breadcrumb\":{\"@id\":\"https:\/\/www.noticiasradioreflejos.com.ar\/2021\/falklands-en-vez-de-malvinas-el-diseno-de-la-camiseta-de-la-seleccion-argentina-que-genero-repudio-en-redes\/#breadcrumb\"},\"inLanguage\":\"es\",\"potentialAction\":[{\"@type\":\"ReadAction\",\"target\":[\"https:\/\/www.noticiasradioreflejos.com.ar\/2021\/falklands-en-vez-de-malvinas-el-diseno-de-la-camiseta-de-la-seleccion-argentina-que-genero-repudio-en-redes\/\"]}]},{\"@type\":\"ImageObject\",\"inLanguage\":\"es\",\"@id\":\"https:\/\/www.noticiasradioreflejos.com.ar\/2021\/falklands-en-vez-de-malvinas-el-diseno-de-la-camiseta-de-la-seleccion-argentina-que-genero-repudio-en-redes\/#primaryimage\",\"url\":\"https:\/\/images.pagina12.com.ar\/styles\/focal_3_2_960x640\/public\/2021-04\/155925-camiseta_0.jpg?itok=e4-iqzIa\",\"contentUrl\":\"https:\/\/images.pagina12.com.ar\/styles\/focal_3_2_960x640\/public\/2021-04\/155925-camiseta_0.jpg?itok=e4-iqzIa\"},{\"@type\":\"BreadcrumbList\",\"@id\":\"https:\/\/www.noticiasradioreflejos.com.ar\/2021\/falklands-en-vez-de-malvinas-el-diseno-de-la-camiseta-de-la-seleccion-argentina-que-genero-repudio-en-redes\/#breadcrumb\",\"itemListElement\":[{\"@type\":\"ListItem\",\"position\":1,\"name\":\"Portada\",\"item\":\"https:\/\/www.noticiasradioreflejos.com.ar\/2021\/\"},{\"@type\":\"ListItem\",\"position\":2,\"name\":\"Falklands en vez de Malvinas: el dise\u00f1o de la camiseta de la Selecci\u00f3n Argentina que gener\u00f3 repudio en redes\u00a0\"}]},{\"@type\":\"WebSite\",\"@id\":\"https:\/\/www.noticiasradioreflejos.com.ar\/2021\/#website\",\"url\":\"https:\/\/www.noticiasradioreflejos.com.ar\/2021\/\",\"name\":\"Noticias Radio Reflejos\",\"description\":\"Las noticias de mi comarca\",\"potentialAction\":[{\"@type\":\"SearchAction\",\"target\":{\"@type\":\"EntryPoint\",\"urlTemplate\":\"https:\/\/www.noticiasradioreflejos.com.ar\/2021\/?s={search_term_string}\"},\"query-input\":{\"@type\":\"PropertyValueSpecification\",\"valueRequired\":true,\"valueName\":\"search_term_string\"}}],\"inLanguage\":\"es\"},{\"@type\":\"Person\",\"@id\":\"https:\/\/www.noticiasradioreflejos.com.ar\/2021\/#\/schema\/person\/ad82545263dcc5ec0996818884fd5fb1\",\"name\":\"Arnaldo Botto\",\"image\":{\"@type\":\"ImageObject\",\"inLanguage\":\"es\",\"@id\":\"https:\/\/www.noticiasradioreflejos.com.ar\/2021\/#\/schema\/person\/image\/\",\"url\":\"https:\/\/secure.gravatar.com\/avatar\/55cb5e37c1efa326397366e6974cb338056df65cb50e7d64d1cf314e87504837?s=96&d=mm&r=g\",\"contentUrl\":\"https:\/\/secure.gravatar.com\/avatar\/55cb5e37c1efa326397366e6974cb338056df65cb50e7d64d1cf314e87504837?s=96&d=mm&r=g\",\"caption\":\"Arnaldo Botto\"},\"url\":\"https:\/\/www.noticiasradioreflejos.com.ar\/2021\/author\/arnaldo\/\"}]}<\/script>\n<!-- \/ Yoast SEO plugin. -->","yoast_head_json":{"title":"Falklands en vez de Malvinas: el dise\u00f1o de la camiseta de la Selecci\u00f3n Argentina que gener\u00f3 repudio en redes\u00a0 - Noticias Radio Reflejos","robots":{"index":"index","follow":"follow","max-snippet":"max-snippet:-1","max-image-preview":"max-image-preview:large","max-video-preview":"max-video-preview:-1"},"canonical":"https:\/\/www.noticiasradioreflejos.com.ar\/2021\/falklands-en-vez-de-malvinas-el-diseno-de-la-camiseta-de-la-seleccion-argentina-que-genero-repudio-en-redes\/","og_locale":"es_ES","og_type":"article","og_title":"Falklands en vez de Malvinas: el dise\u00f1o de la camiseta de la Selecci\u00f3n Argentina que gener\u00f3 repudio en redes\u00a0 - Noticias Radio Reflejos","og_description":"La empresa\u00a0Soccept\u00a0present\u00f3 un nuevo dise\u00f1o de la camiseta de la\u00a0Selecci\u00f3n Argentina\u00a0que se volvi\u00f3 tendencia por la indignaci\u00f3n que gener\u00f3 en las redes:\u00a0en una parte de la prenda se lee la palabra \u00abFalklands\u00bb para referirse a las\u00a0Islas Malvinas.","og_url":"https:\/\/www.noticiasradioreflejos.com.ar\/2021\/falklands-en-vez-de-malvinas-el-diseno-de-la-camiseta-de-la-seleccion-argentina-que-genero-repudio-en-redes\/","og_site_name":"Noticias Radio Reflejos","article_published_time":"2021-04-18T13:48:52+00:00","og_image":[{"url":"https:\/\/images.pagina12.com.ar\/styles\/focal_3_2_960x640\/public\/2021-04\/155925-camiseta_0.jpg?itok=e4-iqzIa","type":"","width":"","height":""}],"author":"Arnaldo Botto","twitter_card":"summary_large_image","schema":{"@context":"https:\/\/schema.org","@graph":[{"@type":"WebPage","@id":"https:\/\/www.noticiasradioreflejos.com.ar\/2021\/falklands-en-vez-de-malvinas-el-diseno-de-la-camiseta-de-la-seleccion-argentina-que-genero-repudio-en-redes\/","url":"https:\/\/www.noticiasradioreflejos.com.ar\/2021\/falklands-en-vez-de-malvinas-el-diseno-de-la-camiseta-de-la-seleccion-argentina-que-genero-repudio-en-redes\/","name":"Falklands en vez de Malvinas: el dise\u00f1o de la camiseta de la Selecci\u00f3n Argentina que gener\u00f3 repudio en redes\u00a0 - Noticias Radio Reflejos","isPartOf":{"@id":"https:\/\/www.noticiasradioreflejos.com.ar\/2021\/#website"},"primaryImageOfPage":{"@id":"https:\/\/www.noticiasradioreflejos.com.ar\/2021\/falklands-en-vez-de-malvinas-el-diseno-de-la-camiseta-de-la-seleccion-argentina-que-genero-repudio-en-redes\/#primaryimage"},"image":{"@id":"https:\/\/www.noticiasradioreflejos.com.ar\/2021\/falklands-en-vez-de-malvinas-el-diseno-de-la-camiseta-de-la-seleccion-argentina-que-genero-repudio-en-redes\/#primaryimage"},"thumbnailUrl":"https:\/\/images.pagina12.com.ar\/styles\/focal_3_2_960x640\/public\/2021-04\/155925-camiseta_0.jpg?itok=e4-iqzIa","datePublished":"2021-04-18T13:48:52+00:00","author":{"@id":"https:\/\/www.noticiasradioreflejos.com.ar\/2021\/#\/schema\/person\/ad82545263dcc5ec0996818884fd5fb1"},"breadcrumb":{"@id":"https:\/\/www.noticiasradioreflejos.com.ar\/2021\/falklands-en-vez-de-malvinas-el-diseno-de-la-camiseta-de-la-seleccion-argentina-que-genero-repudio-en-redes\/#breadcrumb"},"inLanguage":"es","potentialAction":[{"@type":"ReadAction","target":["https:\/\/www.noticiasradioreflejos.com.ar\/2021\/falklands-en-vez-de-malvinas-el-diseno-de-la-camiseta-de-la-seleccion-argentina-que-genero-repudio-en-redes\/"]}]},{"@type":"ImageObject","inLanguage":"es","@id":"https:\/\/www.noticiasradioreflejos.com.ar\/2021\/falklands-en-vez-de-malvinas-el-diseno-de-la-camiseta-de-la-seleccion-argentina-que-genero-repudio-en-redes\/#primaryimage","url":"https:\/\/images.pagina12.com.ar\/styles\/focal_3_2_960x640\/public\/2021-04\/155925-camiseta_0.jpg?itok=e4-iqzIa","contentUrl":"https:\/\/images.pagina12.com.ar\/styles\/focal_3_2_960x640\/public\/2021-04\/155925-camiseta_0.jpg?itok=e4-iqzIa"},{"@type":"BreadcrumbList","@id":"https:\/\/www.noticiasradioreflejos.com.ar\/2021\/falklands-en-vez-de-malvinas-el-diseno-de-la-camiseta-de-la-seleccion-argentina-que-genero-repudio-en-redes\/#breadcrumb","itemListElement":[{"@type":"ListItem","position":1,"name":"Portada","item":"https:\/\/www.noticiasradioreflejos.com.ar\/2021\/"},{"@type":"ListItem","position":2,"name":"Falklands en vez de Malvinas: el dise\u00f1o de la camiseta de la Selecci\u00f3n Argentina que gener\u00f3 repudio en redes\u00a0"}]},{"@type":"WebSite","@id":"https:\/\/www.noticiasradioreflejos.com.ar\/2021\/#website","url":"https:\/\/www.noticiasradioreflejos.com.ar\/2021\/","name":"Noticias Radio Reflejos","description":"Las noticias de mi comarca","potentialAction":[{"@type":"SearchAction","target":{"@type":"EntryPoint","urlTemplate":"https:\/\/www.noticiasradioreflejos.com.ar\/2021\/?s={search_term_string}"},"query-input":{"@type":"PropertyValueSpecification","valueRequired":true,"valueName":"search_term_string"}}],"inLanguage":"es"},{"@type":"Person","@id":"https:\/\/www.noticiasradioreflejos.com.ar\/2021\/#\/schema\/person\/ad82545263dcc5ec0996818884fd5fb1","name":"Arnaldo Botto","image":{"@type":"ImageObject","inLanguage":"es","@id":"https:\/\/www.noticiasradioreflejos.com.ar\/2021\/#\/schema\/person\/image\/","url":"https:\/\/secure.gravatar.com\/avatar\/55cb5e37c1efa326397366e6974cb338056df65cb50e7d64d1cf314e87504837?s=96&d=mm&r=g","contentUrl":"https:\/\/secure.gravatar.com\/avatar\/55cb5e37c1efa326397366e6974cb338056df65cb50e7d64d1cf314e87504837?s=96&d=mm&r=g","caption":"Arnaldo Botto"},"url":"https:\/\/www.noticiasradioreflejos.com.ar\/2021\/author\/arnaldo\/"}]}},"_links":{"self":[{"href":"https:\/\/www.noticiasradioreflejos.com.ar\/2021\/wp-json\/wp\/v2\/posts\/55551","targetHints":{"allow":["GET"]}}],"collection":[{"href":"https:\/\/www.noticiasradioreflejos.com.ar\/2021\/wp-json\/wp\/v2\/posts"}],"about":[{"href":"https:\/\/www.noticiasradioreflejos.com.ar\/2021\/wp-json\/wp\/v2\/types\/post"}],"author":[{"embeddable":true,"href":"https:\/\/www.noticiasradioreflejos.com.ar\/2021\/wp-json\/wp\/v2\/users\/3"}],"replies":[{"embeddable":true,"href":"https:\/\/www.noticiasradioreflejos.com.ar\/2021\/wp-json\/wp\/v2\/comments?post=55551"}],"version-history":[{"count":0,"href":"https:\/\/www.noticiasradioreflejos.com.ar\/2021\/wp-json\/wp\/v2\/posts\/55551\/revisions"}],"wp:attachment":[{"href":"https:\/\/www.noticiasradioreflejos.com.ar\/2021\/wp-json\/wp\/v2\/media?parent=55551"}],"wp:term":[{"taxonomy":"category","embeddable":true,"href":"https:\/\/www.noticiasradioreflejos.com.ar\/2021\/wp-json\/wp\/v2\/categories?post=55551"},{"taxonomy":"post_tag","embeddable":true,"href":"https:\/\/www.noticiasradioreflejos.com.ar\/2021\/wp-json\/wp\/v2\/tags?post=55551"}],"curies":[{"name":"wp","href":"https:\/\/api.w.org\/{rel}","templated":true}]}}