{"id":5555,"date":"2017-01-05T13:13:29","date_gmt":"2017-01-05T16:13:29","guid":{"rendered":"http:\/\/noticiasradioreflejos.com.ar\/noticias\/?p=5555"},"modified":"2017-01-05T13:13:29","modified_gmt":"2017-01-05T16:13:29","slug":"pedidos-de-informes-del-pj-a-bordoni-por-la-falta-de-soluciones-ante-la-crisis-hidrica-en-villa-ventana","status":"publish","type":"post","link":"https:\/\/www.noticiasradioreflejos.com.ar\/2021\/pedidos-de-informes-del-pj-a-bordoni-por-la-falta-de-soluciones-ante-la-crisis-hidrica-en-villa-ventana\/","title":{"rendered":"Pedidos de informes del PJ a Bordoni por la falta de soluciones ante la crisis h\u00eddrica en Villa Ventana"},"content":{"rendered":"<p>Ante la preocupaci\u00f3n de los vecinos de Villa Ventana y estando en conocimiento que para poner en funcionamiento el acueducto Sauce Grande \u2013 El Pinar solo faltaba conectar la electricidad a las bombas decidimos presentar un Pedido de Informes para que el Sr. Intendente nos indique cuales fueron las gestiones que realiz\u00f3 para la conexi\u00f3n de las mismas ya que un a\u00f1o de tiempo es m\u00e1s que suficiente para hacerlo.<!--more--><br \/>\nAdem\u00e1s solicitamos se nos indique cual es el mantenimiento realizado en los diferentes sectores del bombeo y ca\u00f1er\u00edas.<br \/>\nNuevamente despu\u00e9s de m\u00e1s de un a\u00f1o vemos que la gesti\u00f3n del actual intendente no se condice con las prioridades que dec\u00eda encarar en la campa\u00f1a, en mayo del a\u00f1o anterior nos dec\u00eda:<br \/>\n\u201cVilla Ventana, se proceder\u00e1 en lo que resta del a\u00f1o, a finalizar la obra de provisi\u00f3n de agua potable, para ello se realizar\u00e1 el tendido el\u00e9ctrico que pondr\u00e1 en marcha las bombas dando un total funcionamiento a los pozos.\u201d<br \/>\nBloque F.P.V<\/p>\n","protected":false},"excerpt":{"rendered":"<p>Ante la preocupaci\u00f3n de los vecinos de Villa Ventana y estando en conocimiento que para poner en funcionamiento el acueducto Sauce Grande \u2013 El Pinar solo faltaba conectar la electricidad a las bombas decidimos presentar un Pedido de Informes para que el Sr. Intendente nos indique cuales fueron las gestiones que realiz\u00f3 para la conexi\u00f3n [&hellip;]<\/p>\n","protected":false},"author":3,"featured_media":0,"comment_status":"closed","ping_status":"open","sticky":false,"template":"","format":"standard","meta":{"footnotes":""},"categories":[24],"tags":[],"class_list":["post-5555","post","type-post","status-publish","format-standard","hentry","category-politica"],"yoast_head":"<!-- This site is optimized with the Yoast SEO plugin v25.9 - https:\/\/yoast.com\/wordpress\/plugins\/seo\/ -->\n<title>Pedidos de informes del PJ a Bordoni por la falta de soluciones ante la crisis h\u00eddrica en Villa Ventana - Noticias Radio Reflejos<\/title>\n<meta name=\"robots\" content=\"index, follow, max-snippet:-1, max-image-preview:large, max-video-preview:-1\" \/>\n<link rel=\"canonical\" href=\"https:\/\/www.noticiasradioreflejos.com.ar\/2021\/pedidos-de-informes-del-pj-a-bordoni-por-la-falta-de-soluciones-ante-la-crisis-hidrica-en-villa-ventana\/\" \/>\n<meta property=\"og:locale\" content=\"es_ES\" \/>\n<meta property=\"og:type\" content=\"article\" \/>\n<meta property=\"og:title\" content=\"Pedidos de informes del PJ a Bordoni por la falta de soluciones ante la crisis h\u00eddrica en Villa Ventana - Noticias Radio Reflejos\" \/>\n<meta property=\"og:description\" content=\"Ante la preocupaci\u00f3n de los vecinos de Villa Ventana y estando en conocimiento que para poner en funcionamiento el acueducto Sauce Grande \u2013 El Pinar solo faltaba conectar la electricidad a las bombas decidimos presentar un Pedido de Informes para que el Sr. Intendente nos indique cuales fueron las gestiones que realiz\u00f3 para la conexi\u00f3n [&hellip;]\" \/>\n<meta property=\"og:url\" content=\"https:\/\/www.noticiasradioreflejos.com.ar\/2021\/pedidos-de-informes-del-pj-a-bordoni-por-la-falta-de-soluciones-ante-la-crisis-hidrica-en-villa-ventana\/\" \/>\n<meta property=\"og:site_name\" content=\"Noticias Radio Reflejos\" \/>\n<meta property=\"article:published_time\" content=\"2017-01-05T16:13:29+00:00\" \/>\n<meta property=\"og:image\" content=\"https:\/\/www.noticiasradioreflejos.com.ar\/2021\/wp-content\/uploads\/2021\/07\/logosol300x200.png\" \/>\n\t<meta property=\"og:image:width\" content=\"300\" \/>\n\t<meta property=\"og:image:height\" content=\"200\" \/>\n\t<meta property=\"og:image:type\" content=\"image\/png\" \/>\n<meta name=\"author\" content=\"Arnaldo Botto\" \/>\n<meta name=\"twitter:card\" content=\"summary_large_image\" \/>\n<script type=\"application\/ld+json\" class=\"yoast-schema-graph\">{\"@context\":\"https:\/\/schema.org\",\"@graph\":[{\"@type\":\"WebPage\",\"@id\":\"https:\/\/www.noticiasradioreflejos.com.ar\/2021\/pedidos-de-informes-del-pj-a-bordoni-por-la-falta-de-soluciones-ante-la-crisis-hidrica-en-villa-ventana\/\",\"url\":\"https:\/\/www.noticiasradioreflejos.com.ar\/2021\/pedidos-de-informes-del-pj-a-bordoni-por-la-falta-de-soluciones-ante-la-crisis-hidrica-en-villa-ventana\/\",\"name\":\"Pedidos de informes del PJ a Bordoni por la falta de soluciones ante la crisis h\u00eddrica en Villa Ventana - Noticias Radio Reflejos\",\"isPartOf\":{\"@id\":\"https:\/\/www.noticiasradioreflejos.com.ar\/2021\/#website\"},\"datePublished\":\"2017-01-05T16:13:29+00:00\",\"author\":{\"@id\":\"https:\/\/www.noticiasradioreflejos.com.ar\/2021\/#\/schema\/person\/ad82545263dcc5ec0996818884fd5fb1\"},\"breadcrumb\":{\"@id\":\"https:\/\/www.noticiasradioreflejos.com.ar\/2021\/pedidos-de-informes-del-pj-a-bordoni-por-la-falta-de-soluciones-ante-la-crisis-hidrica-en-villa-ventana\/#breadcrumb\"},\"inLanguage\":\"es\",\"potentialAction\":[{\"@type\":\"ReadAction\",\"target\":[\"https:\/\/www.noticiasradioreflejos.com.ar\/2021\/pedidos-de-informes-del-pj-a-bordoni-por-la-falta-de-soluciones-ante-la-crisis-hidrica-en-villa-ventana\/\"]}]},{\"@type\":\"BreadcrumbList\",\"@id\":\"https:\/\/www.noticiasradioreflejos.com.ar\/2021\/pedidos-de-informes-del-pj-a-bordoni-por-la-falta-de-soluciones-ante-la-crisis-hidrica-en-villa-ventana\/#breadcrumb\",\"itemListElement\":[{\"@type\":\"ListItem\",\"position\":1,\"name\":\"Portada\",\"item\":\"https:\/\/www.noticiasradioreflejos.com.ar\/2021\/\"},{\"@type\":\"ListItem\",\"position\":2,\"name\":\"Pedidos de informes del PJ a Bordoni por la falta de soluciones ante la crisis h\u00eddrica en Villa Ventana\"}]},{\"@type\":\"WebSite\",\"@id\":\"https:\/\/www.noticiasradioreflejos.com.ar\/2021\/#website\",\"url\":\"https:\/\/www.noticiasradioreflejos.com.ar\/2021\/\",\"name\":\"Noticias Radio Reflejos\",\"description\":\"Las noticias de mi comarca\",\"potentialAction\":[{\"@type\":\"SearchAction\",\"target\":{\"@type\":\"EntryPoint\",\"urlTemplate\":\"https:\/\/www.noticiasradioreflejos.com.ar\/2021\/?s={search_term_string}\"},\"query-input\":{\"@type\":\"PropertyValueSpecification\",\"valueRequired\":true,\"valueName\":\"search_term_string\"}}],\"inLanguage\":\"es\"},{\"@type\":\"Person\",\"@id\":\"https:\/\/www.noticiasradioreflejos.com.ar\/2021\/#\/schema\/person\/ad82545263dcc5ec0996818884fd5fb1\",\"name\":\"Arnaldo Botto\",\"image\":{\"@type\":\"ImageObject\",\"inLanguage\":\"es\",\"@id\":\"https:\/\/www.noticiasradioreflejos.com.ar\/2021\/#\/schema\/person\/image\/\",\"url\":\"https:\/\/secure.gravatar.com\/avatar\/55cb5e37c1efa326397366e6974cb338056df65cb50e7d64d1cf314e87504837?s=96&d=mm&r=g\",\"contentUrl\":\"https:\/\/secure.gravatar.com\/avatar\/55cb5e37c1efa326397366e6974cb338056df65cb50e7d64d1cf314e87504837?s=96&d=mm&r=g\",\"caption\":\"Arnaldo Botto\"},\"url\":\"https:\/\/www.noticiasradioreflejos.com.ar\/2021\/author\/arnaldo\/\"}]}<\/script>\n<!-- \/ Yoast SEO plugin. -->","yoast_head_json":{"title":"Pedidos de informes del PJ a Bordoni por la falta de soluciones ante la crisis h\u00eddrica en Villa Ventana - Noticias Radio Reflejos","robots":{"index":"index","follow":"follow","max-snippet":"max-snippet:-1","max-image-preview":"max-image-preview:large","max-video-preview":"max-video-preview:-1"},"canonical":"https:\/\/www.noticiasradioreflejos.com.ar\/2021\/pedidos-de-informes-del-pj-a-bordoni-por-la-falta-de-soluciones-ante-la-crisis-hidrica-en-villa-ventana\/","og_locale":"es_ES","og_type":"article","og_title":"Pedidos de informes del PJ a Bordoni por la falta de soluciones ante la crisis h\u00eddrica en Villa Ventana - Noticias Radio Reflejos","og_description":"Ante la preocupaci\u00f3n de los vecinos de Villa Ventana y estando en conocimiento que para poner en funcionamiento el acueducto Sauce Grande \u2013 El Pinar solo faltaba conectar la electricidad a las bombas decidimos presentar un Pedido de Informes para que el Sr. Intendente nos indique cuales fueron las gestiones que realiz\u00f3 para la conexi\u00f3n [&hellip;]","og_url":"https:\/\/www.noticiasradioreflejos.com.ar\/2021\/pedidos-de-informes-del-pj-a-bordoni-por-la-falta-de-soluciones-ante-la-crisis-hidrica-en-villa-ventana\/","og_site_name":"Noticias Radio Reflejos","article_published_time":"2017-01-05T16:13:29+00:00","og_image":[{"width":300,"height":200,"url":"https:\/\/www.noticiasradioreflejos.com.ar\/2021\/wp-content\/uploads\/2021\/07\/logosol300x200.png","type":"image\/png"}],"author":"Arnaldo Botto","twitter_card":"summary_large_image","schema":{"@context":"https:\/\/schema.org","@graph":[{"@type":"WebPage","@id":"https:\/\/www.noticiasradioreflejos.com.ar\/2021\/pedidos-de-informes-del-pj-a-bordoni-por-la-falta-de-soluciones-ante-la-crisis-hidrica-en-villa-ventana\/","url":"https:\/\/www.noticiasradioreflejos.com.ar\/2021\/pedidos-de-informes-del-pj-a-bordoni-por-la-falta-de-soluciones-ante-la-crisis-hidrica-en-villa-ventana\/","name":"Pedidos de informes del PJ a Bordoni por la falta de soluciones ante la crisis h\u00eddrica en Villa Ventana - Noticias Radio Reflejos","isPartOf":{"@id":"https:\/\/www.noticiasradioreflejos.com.ar\/2021\/#website"},"datePublished":"2017-01-05T16:13:29+00:00","author":{"@id":"https:\/\/www.noticiasradioreflejos.com.ar\/2021\/#\/schema\/person\/ad82545263dcc5ec0996818884fd5fb1"},"breadcrumb":{"@id":"https:\/\/www.noticiasradioreflejos.com.ar\/2021\/pedidos-de-informes-del-pj-a-bordoni-por-la-falta-de-soluciones-ante-la-crisis-hidrica-en-villa-ventana\/#breadcrumb"},"inLanguage":"es","potentialAction":[{"@type":"ReadAction","target":["https:\/\/www.noticiasradioreflejos.com.ar\/2021\/pedidos-de-informes-del-pj-a-bordoni-por-la-falta-de-soluciones-ante-la-crisis-hidrica-en-villa-ventana\/"]}]},{"@type":"BreadcrumbList","@id":"https:\/\/www.noticiasradioreflejos.com.ar\/2021\/pedidos-de-informes-del-pj-a-bordoni-por-la-falta-de-soluciones-ante-la-crisis-hidrica-en-villa-ventana\/#breadcrumb","itemListElement":[{"@type":"ListItem","position":1,"name":"Portada","item":"https:\/\/www.noticiasradioreflejos.com.ar\/2021\/"},{"@type":"ListItem","position":2,"name":"Pedidos de informes del PJ a Bordoni por la falta de soluciones ante la crisis h\u00eddrica en Villa Ventana"}]},{"@type":"WebSite","@id":"https:\/\/www.noticiasradioreflejos.com.ar\/2021\/#website","url":"https:\/\/www.noticiasradioreflejos.com.ar\/2021\/","name":"Noticias Radio Reflejos","description":"Las noticias de mi comarca","potentialAction":[{"@type":"SearchAction","target":{"@type":"EntryPoint","urlTemplate":"https:\/\/www.noticiasradioreflejos.com.ar\/2021\/?s={search_term_string}"},"query-input":{"@type":"PropertyValueSpecification","valueRequired":true,"valueName":"search_term_string"}}],"inLanguage":"es"},{"@type":"Person","@id":"https:\/\/www.noticiasradioreflejos.com.ar\/2021\/#\/schema\/person\/ad82545263dcc5ec0996818884fd5fb1","name":"Arnaldo Botto","image":{"@type":"ImageObject","inLanguage":"es","@id":"https:\/\/www.noticiasradioreflejos.com.ar\/2021\/#\/schema\/person\/image\/","url":"https:\/\/secure.gravatar.com\/avatar\/55cb5e37c1efa326397366e6974cb338056df65cb50e7d64d1cf314e87504837?s=96&d=mm&r=g","contentUrl":"https:\/\/secure.gravatar.com\/avatar\/55cb5e37c1efa326397366e6974cb338056df65cb50e7d64d1cf314e87504837?s=96&d=mm&r=g","caption":"Arnaldo Botto"},"url":"https:\/\/www.noticiasradioreflejos.com.ar\/2021\/author\/arnaldo\/"}]}},"_links":{"self":[{"href":"https:\/\/www.noticiasradioreflejos.com.ar\/2021\/wp-json\/wp\/v2\/posts\/5555","targetHints":{"allow":["GET"]}}],"collection":[{"href":"https:\/\/www.noticiasradioreflejos.com.ar\/2021\/wp-json\/wp\/v2\/posts"}],"about":[{"href":"https:\/\/www.noticiasradioreflejos.com.ar\/2021\/wp-json\/wp\/v2\/types\/post"}],"author":[{"embeddable":true,"href":"https:\/\/www.noticiasradioreflejos.com.ar\/2021\/wp-json\/wp\/v2\/users\/3"}],"replies":[{"embeddable":true,"href":"https:\/\/www.noticiasradioreflejos.com.ar\/2021\/wp-json\/wp\/v2\/comments?post=5555"}],"version-history":[{"count":0,"href":"https:\/\/www.noticiasradioreflejos.com.ar\/2021\/wp-json\/wp\/v2\/posts\/5555\/revisions"}],"wp:attachment":[{"href":"https:\/\/www.noticiasradioreflejos.com.ar\/2021\/wp-json\/wp\/v2\/media?parent=5555"}],"wp:term":[{"taxonomy":"category","embeddable":true,"href":"https:\/\/www.noticiasradioreflejos.com.ar\/2021\/wp-json\/wp\/v2\/categories?post=5555"},{"taxonomy":"post_tag","embeddable":true,"href":"https:\/\/www.noticiasradioreflejos.com.ar\/2021\/wp-json\/wp\/v2\/tags?post=5555"}],"curies":[{"name":"wp","href":"https:\/\/api.w.org\/{rel}","templated":true}]}}