{"id":55548,"date":"2021-04-18T10:42:54","date_gmt":"2021-04-18T13:42:54","guid":{"rendered":"http:\/\/www.noticiasradioreflejos.com.ar\/noticias\/?p=55548"},"modified":"2021-04-18T10:42:54","modified_gmt":"2021-04-18T13:42:54","slug":"preocupacion-en-la-plata-por-un-alto-porcentaje-de-pacientes-con-la-variante-manaos","status":"publish","type":"post","link":"https:\/\/www.noticiasradioreflejos.com.ar\/2021\/preocupacion-en-la-plata-por-un-alto-porcentaje-de-pacientes-con-la-variante-manaos\/","title":{"rendered":"Preocupaci\u00f3n en La Plata por un alto porcentaje de pacientes con la variante Manaos"},"content":{"rendered":"<p>El ministro de Salud bonaerense, Daniel Gollan, confirm\u00f3 que un muestreo dio como resultado positivo de esta variante de coronavirus en un 74 por ciento.<!--more--><\/p>\n<div id=\"image\" class=\"image\">\n<p><img decoding=\"async\" title=\"Gollan asegur\u00f3 que ninguno de los pacientes &quot;tiene antecedentes de viaje al exterior ni de contacto estrecho con viajero&quot;.\" src=\"https:\/\/www.telam.com.ar\/advf\/imagenes\/2021\/03\/603fc62bd526f_1004x565.jpg\" alt=\"Gollan asegur\u00f3 que ninguno de los pacientes &quot;tiene antecedentes de viaje al exterior ni de contacto estrecho con viajero&quot;.\" \/><\/p>\n<div class=\"epigrafe\">Gollan asegur\u00f3 que ninguno de los pacientes \u00abtiene antecedentes de viaje al exterior ni de contacto estrecho con viajero\u00bb.<\/div>\n<\/div>\n<p>El ministro de Salud bonaerense, Daniel Gollan inform\u00f3 en su cuenta de Twitter que una secuenciaci\u00f3n gen\u00f3mica de Covid 19 realizada a pacientes enfermos con residencia en La Plata, \u00ab<strong>dio como resultado que el 74 % de la muestra pertenece a la variante Manaos<\/strong>\u00ab.<\/p>\n<p>El funcionario calific\u00f3 el hecho como \u00abmuy preocupante\u00bb y dijo que ninguno de los pacientes \u00abtiene antecedentes de viaje al exterior ni de contacto estrecho con viajero\u00bb.<\/p>\n<blockquote class=\"twitter-tweet\" data-width=\"500\" data-dnt=\"true\">\n<p lang=\"es\" dir=\"ltr\">Los resultados surgen de un nuevo estudio del Proyecto Pa\u00eds, que analiza la presencia de diferentes variantes de coronavirus. Los resultados preocupantes en La Plata son 35 muestras seleccionadas al azar en la semana del 6\/4, de las cuales 26 (74%) dieron la variante Manaos. <a href=\"https:\/\/t.co\/lVjU83fNLq\">pic.twitter.com\/lVjU83fNLq<\/a><\/p>\n<p>&mdash; Daniel Gollan (@DrDanielGollan) <a href=\"https:\/\/twitter.com\/DrDanielGollan\/status\/1383577182719516680?ref_src=twsrc%5Etfw\">April 18, 2021<\/a><\/p><\/blockquote>\n<p><script async src=\"https:\/\/platform.twitter.com\/widgets.js\" charset=\"utf-8\"><\/script><\/p>\n<p><a href=\"https:\/\/www.telam.com.ar\/notas\/202103\/549080-coronavirus-cepa-manaos.html\" target=\"_blank\" rel=\"noopener\">La variante Manaos del coronavirus<\/a>, denominada P1, es poco conocida, pero\u00a0<strong>despierta alertas en el mundo porque es m\u00e1s contagiosa<\/strong>, lo que llev\u00f3 a varios pa\u00edses a suspender los vuelos procedentes de Brasil, uno de los lugares del planeta con mayor \u00edndice de contagios.<\/p>\n","protected":false},"excerpt":{"rendered":"<p>El ministro de Salud bonaerense, Daniel Gollan, confirm\u00f3 que un muestreo dio como resultado positivo de esta variante de coronavirus en un 74 por ciento.<\/p>\n","protected":false},"author":3,"featured_media":0,"comment_status":"closed","ping_status":"open","sticky":false,"template":"","format":"standard","meta":{"footnotes":""},"categories":[30],"tags":[],"class_list":["post-55548","post","type-post","status-publish","format-standard","hentry","category-salud"],"yoast_head":"<!-- This site is optimized with the Yoast SEO plugin v25.9 - https:\/\/yoast.com\/wordpress\/plugins\/seo\/ -->\n<title>Preocupaci\u00f3n en La Plata por un alto porcentaje de pacientes con la variante Manaos - Noticias Radio Reflejos<\/title>\n<meta name=\"robots\" content=\"index, follow, max-snippet:-1, max-image-preview:large, max-video-preview:-1\" \/>\n<link rel=\"canonical\" href=\"https:\/\/www.noticiasradioreflejos.com.ar\/2021\/preocupacion-en-la-plata-por-un-alto-porcentaje-de-pacientes-con-la-variante-manaos\/\" \/>\n<meta property=\"og:locale\" content=\"es_ES\" \/>\n<meta property=\"og:type\" content=\"article\" \/>\n<meta property=\"og:title\" content=\"Preocupaci\u00f3n en La Plata por un alto porcentaje de pacientes con la variante Manaos - Noticias Radio Reflejos\" \/>\n<meta property=\"og:description\" content=\"El ministro de Salud bonaerense, Daniel Gollan, confirm\u00f3 que un muestreo dio como resultado positivo de esta variante de coronavirus en un 74 por ciento.\" \/>\n<meta property=\"og:url\" content=\"https:\/\/www.noticiasradioreflejos.com.ar\/2021\/preocupacion-en-la-plata-por-un-alto-porcentaje-de-pacientes-con-la-variante-manaos\/\" \/>\n<meta property=\"og:site_name\" content=\"Noticias Radio Reflejos\" \/>\n<meta property=\"article:published_time\" content=\"2021-04-18T13:42:54+00:00\" \/>\n<meta property=\"og:image\" content=\"https:\/\/www.telam.com.ar\/advf\/imagenes\/2021\/03\/603fc62bd526f_1004x565.jpg\" \/>\n<meta name=\"author\" content=\"Arnaldo Botto\" \/>\n<meta name=\"twitter:card\" content=\"summary_large_image\" \/>\n<script type=\"application\/ld+json\" class=\"yoast-schema-graph\">{\"@context\":\"https:\/\/schema.org\",\"@graph\":[{\"@type\":\"WebPage\",\"@id\":\"https:\/\/www.noticiasradioreflejos.com.ar\/2021\/preocupacion-en-la-plata-por-un-alto-porcentaje-de-pacientes-con-la-variante-manaos\/\",\"url\":\"https:\/\/www.noticiasradioreflejos.com.ar\/2021\/preocupacion-en-la-plata-por-un-alto-porcentaje-de-pacientes-con-la-variante-manaos\/\",\"name\":\"Preocupaci\u00f3n en La Plata por un alto porcentaje de pacientes con la variante Manaos - Noticias Radio Reflejos\",\"isPartOf\":{\"@id\":\"https:\/\/www.noticiasradioreflejos.com.ar\/2021\/#website\"},\"primaryImageOfPage\":{\"@id\":\"https:\/\/www.noticiasradioreflejos.com.ar\/2021\/preocupacion-en-la-plata-por-un-alto-porcentaje-de-pacientes-con-la-variante-manaos\/#primaryimage\"},\"image\":{\"@id\":\"https:\/\/www.noticiasradioreflejos.com.ar\/2021\/preocupacion-en-la-plata-por-un-alto-porcentaje-de-pacientes-con-la-variante-manaos\/#primaryimage\"},\"thumbnailUrl\":\"https:\/\/www.telam.com.ar\/advf\/imagenes\/2021\/03\/603fc62bd526f_1004x565.jpg\",\"datePublished\":\"2021-04-18T13:42:54+00:00\",\"author\":{\"@id\":\"https:\/\/www.noticiasradioreflejos.com.ar\/2021\/#\/schema\/person\/ad82545263dcc5ec0996818884fd5fb1\"},\"breadcrumb\":{\"@id\":\"https:\/\/www.noticiasradioreflejos.com.ar\/2021\/preocupacion-en-la-plata-por-un-alto-porcentaje-de-pacientes-con-la-variante-manaos\/#breadcrumb\"},\"inLanguage\":\"es\",\"potentialAction\":[{\"@type\":\"ReadAction\",\"target\":[\"https:\/\/www.noticiasradioreflejos.com.ar\/2021\/preocupacion-en-la-plata-por-un-alto-porcentaje-de-pacientes-con-la-variante-manaos\/\"]}]},{\"@type\":\"ImageObject\",\"inLanguage\":\"es\",\"@id\":\"https:\/\/www.noticiasradioreflejos.com.ar\/2021\/preocupacion-en-la-plata-por-un-alto-porcentaje-de-pacientes-con-la-variante-manaos\/#primaryimage\",\"url\":\"https:\/\/www.telam.com.ar\/advf\/imagenes\/2021\/03\/603fc62bd526f_1004x565.jpg\",\"contentUrl\":\"https:\/\/www.telam.com.ar\/advf\/imagenes\/2021\/03\/603fc62bd526f_1004x565.jpg\"},{\"@type\":\"BreadcrumbList\",\"@id\":\"https:\/\/www.noticiasradioreflejos.com.ar\/2021\/preocupacion-en-la-plata-por-un-alto-porcentaje-de-pacientes-con-la-variante-manaos\/#breadcrumb\",\"itemListElement\":[{\"@type\":\"ListItem\",\"position\":1,\"name\":\"Portada\",\"item\":\"https:\/\/www.noticiasradioreflejos.com.ar\/2021\/\"},{\"@type\":\"ListItem\",\"position\":2,\"name\":\"Preocupaci\u00f3n en La Plata por un alto porcentaje de pacientes con la variante Manaos\"}]},{\"@type\":\"WebSite\",\"@id\":\"https:\/\/www.noticiasradioreflejos.com.ar\/2021\/#website\",\"url\":\"https:\/\/www.noticiasradioreflejos.com.ar\/2021\/\",\"name\":\"Noticias Radio Reflejos\",\"description\":\"Las noticias de mi comarca\",\"potentialAction\":[{\"@type\":\"SearchAction\",\"target\":{\"@type\":\"EntryPoint\",\"urlTemplate\":\"https:\/\/www.noticiasradioreflejos.com.ar\/2021\/?s={search_term_string}\"},\"query-input\":{\"@type\":\"PropertyValueSpecification\",\"valueRequired\":true,\"valueName\":\"search_term_string\"}}],\"inLanguage\":\"es\"},{\"@type\":\"Person\",\"@id\":\"https:\/\/www.noticiasradioreflejos.com.ar\/2021\/#\/schema\/person\/ad82545263dcc5ec0996818884fd5fb1\",\"name\":\"Arnaldo Botto\",\"image\":{\"@type\":\"ImageObject\",\"inLanguage\":\"es\",\"@id\":\"https:\/\/www.noticiasradioreflejos.com.ar\/2021\/#\/schema\/person\/image\/\",\"url\":\"https:\/\/secure.gravatar.com\/avatar\/55cb5e37c1efa326397366e6974cb338056df65cb50e7d64d1cf314e87504837?s=96&d=mm&r=g\",\"contentUrl\":\"https:\/\/secure.gravatar.com\/avatar\/55cb5e37c1efa326397366e6974cb338056df65cb50e7d64d1cf314e87504837?s=96&d=mm&r=g\",\"caption\":\"Arnaldo Botto\"},\"url\":\"https:\/\/www.noticiasradioreflejos.com.ar\/2021\/author\/arnaldo\/\"}]}<\/script>\n<!-- \/ Yoast SEO plugin. -->","yoast_head_json":{"title":"Preocupaci\u00f3n en La Plata por un alto porcentaje de pacientes con la variante Manaos - Noticias Radio Reflejos","robots":{"index":"index","follow":"follow","max-snippet":"max-snippet:-1","max-image-preview":"max-image-preview:large","max-video-preview":"max-video-preview:-1"},"canonical":"https:\/\/www.noticiasradioreflejos.com.ar\/2021\/preocupacion-en-la-plata-por-un-alto-porcentaje-de-pacientes-con-la-variante-manaos\/","og_locale":"es_ES","og_type":"article","og_title":"Preocupaci\u00f3n en La Plata por un alto porcentaje de pacientes con la variante Manaos - Noticias Radio Reflejos","og_description":"El ministro de Salud bonaerense, Daniel Gollan, confirm\u00f3 que un muestreo dio como resultado positivo de esta variante de coronavirus en un 74 por ciento.","og_url":"https:\/\/www.noticiasradioreflejos.com.ar\/2021\/preocupacion-en-la-plata-por-un-alto-porcentaje-de-pacientes-con-la-variante-manaos\/","og_site_name":"Noticias Radio Reflejos","article_published_time":"2021-04-18T13:42:54+00:00","og_image":[{"url":"https:\/\/www.telam.com.ar\/advf\/imagenes\/2021\/03\/603fc62bd526f_1004x565.jpg","type":"","width":"","height":""}],"author":"Arnaldo Botto","twitter_card":"summary_large_image","schema":{"@context":"https:\/\/schema.org","@graph":[{"@type":"WebPage","@id":"https:\/\/www.noticiasradioreflejos.com.ar\/2021\/preocupacion-en-la-plata-por-un-alto-porcentaje-de-pacientes-con-la-variante-manaos\/","url":"https:\/\/www.noticiasradioreflejos.com.ar\/2021\/preocupacion-en-la-plata-por-un-alto-porcentaje-de-pacientes-con-la-variante-manaos\/","name":"Preocupaci\u00f3n en La Plata por un alto porcentaje de pacientes con la variante Manaos - Noticias Radio Reflejos","isPartOf":{"@id":"https:\/\/www.noticiasradioreflejos.com.ar\/2021\/#website"},"primaryImageOfPage":{"@id":"https:\/\/www.noticiasradioreflejos.com.ar\/2021\/preocupacion-en-la-plata-por-un-alto-porcentaje-de-pacientes-con-la-variante-manaos\/#primaryimage"},"image":{"@id":"https:\/\/www.noticiasradioreflejos.com.ar\/2021\/preocupacion-en-la-plata-por-un-alto-porcentaje-de-pacientes-con-la-variante-manaos\/#primaryimage"},"thumbnailUrl":"https:\/\/www.telam.com.ar\/advf\/imagenes\/2021\/03\/603fc62bd526f_1004x565.jpg","datePublished":"2021-04-18T13:42:54+00:00","author":{"@id":"https:\/\/www.noticiasradioreflejos.com.ar\/2021\/#\/schema\/person\/ad82545263dcc5ec0996818884fd5fb1"},"breadcrumb":{"@id":"https:\/\/www.noticiasradioreflejos.com.ar\/2021\/preocupacion-en-la-plata-por-un-alto-porcentaje-de-pacientes-con-la-variante-manaos\/#breadcrumb"},"inLanguage":"es","potentialAction":[{"@type":"ReadAction","target":["https:\/\/www.noticiasradioreflejos.com.ar\/2021\/preocupacion-en-la-plata-por-un-alto-porcentaje-de-pacientes-con-la-variante-manaos\/"]}]},{"@type":"ImageObject","inLanguage":"es","@id":"https:\/\/www.noticiasradioreflejos.com.ar\/2021\/preocupacion-en-la-plata-por-un-alto-porcentaje-de-pacientes-con-la-variante-manaos\/#primaryimage","url":"https:\/\/www.telam.com.ar\/advf\/imagenes\/2021\/03\/603fc62bd526f_1004x565.jpg","contentUrl":"https:\/\/www.telam.com.ar\/advf\/imagenes\/2021\/03\/603fc62bd526f_1004x565.jpg"},{"@type":"BreadcrumbList","@id":"https:\/\/www.noticiasradioreflejos.com.ar\/2021\/preocupacion-en-la-plata-por-un-alto-porcentaje-de-pacientes-con-la-variante-manaos\/#breadcrumb","itemListElement":[{"@type":"ListItem","position":1,"name":"Portada","item":"https:\/\/www.noticiasradioreflejos.com.ar\/2021\/"},{"@type":"ListItem","position":2,"name":"Preocupaci\u00f3n en La Plata por un alto porcentaje de pacientes con la variante Manaos"}]},{"@type":"WebSite","@id":"https:\/\/www.noticiasradioreflejos.com.ar\/2021\/#website","url":"https:\/\/www.noticiasradioreflejos.com.ar\/2021\/","name":"Noticias Radio Reflejos","description":"Las noticias de mi comarca","potentialAction":[{"@type":"SearchAction","target":{"@type":"EntryPoint","urlTemplate":"https:\/\/www.noticiasradioreflejos.com.ar\/2021\/?s={search_term_string}"},"query-input":{"@type":"PropertyValueSpecification","valueRequired":true,"valueName":"search_term_string"}}],"inLanguage":"es"},{"@type":"Person","@id":"https:\/\/www.noticiasradioreflejos.com.ar\/2021\/#\/schema\/person\/ad82545263dcc5ec0996818884fd5fb1","name":"Arnaldo Botto","image":{"@type":"ImageObject","inLanguage":"es","@id":"https:\/\/www.noticiasradioreflejos.com.ar\/2021\/#\/schema\/person\/image\/","url":"https:\/\/secure.gravatar.com\/avatar\/55cb5e37c1efa326397366e6974cb338056df65cb50e7d64d1cf314e87504837?s=96&d=mm&r=g","contentUrl":"https:\/\/secure.gravatar.com\/avatar\/55cb5e37c1efa326397366e6974cb338056df65cb50e7d64d1cf314e87504837?s=96&d=mm&r=g","caption":"Arnaldo Botto"},"url":"https:\/\/www.noticiasradioreflejos.com.ar\/2021\/author\/arnaldo\/"}]}},"_links":{"self":[{"href":"https:\/\/www.noticiasradioreflejos.com.ar\/2021\/wp-json\/wp\/v2\/posts\/55548","targetHints":{"allow":["GET"]}}],"collection":[{"href":"https:\/\/www.noticiasradioreflejos.com.ar\/2021\/wp-json\/wp\/v2\/posts"}],"about":[{"href":"https:\/\/www.noticiasradioreflejos.com.ar\/2021\/wp-json\/wp\/v2\/types\/post"}],"author":[{"embeddable":true,"href":"https:\/\/www.noticiasradioreflejos.com.ar\/2021\/wp-json\/wp\/v2\/users\/3"}],"replies":[{"embeddable":true,"href":"https:\/\/www.noticiasradioreflejos.com.ar\/2021\/wp-json\/wp\/v2\/comments?post=55548"}],"version-history":[{"count":0,"href":"https:\/\/www.noticiasradioreflejos.com.ar\/2021\/wp-json\/wp\/v2\/posts\/55548\/revisions"}],"wp:attachment":[{"href":"https:\/\/www.noticiasradioreflejos.com.ar\/2021\/wp-json\/wp\/v2\/media?parent=55548"}],"wp:term":[{"taxonomy":"category","embeddable":true,"href":"https:\/\/www.noticiasradioreflejos.com.ar\/2021\/wp-json\/wp\/v2\/categories?post=55548"},{"taxonomy":"post_tag","embeddable":true,"href":"https:\/\/www.noticiasradioreflejos.com.ar\/2021\/wp-json\/wp\/v2\/tags?post=55548"}],"curies":[{"name":"wp","href":"https:\/\/api.w.org\/{rel}","templated":true}]}}