{"id":55537,"date":"2021-04-17T13:27:24","date_gmt":"2021-04-17T16:27:24","guid":{"rendered":"http:\/\/www.noticiasradioreflejos.com.ar\/noticias\/?p=55537"},"modified":"2021-04-17T13:27:24","modified_gmt":"2021-04-17T16:27:24","slug":"gabriel-artola-continua-como-presidente-de-automoto","status":"publish","type":"post","link":"https:\/\/www.noticiasradioreflejos.com.ar\/2021\/gabriel-artola-continua-como-presidente-de-automoto\/","title":{"rendered":"Gabriel Artola contin\u00faa como presidente de Automoto"},"content":{"rendered":"<p>Gabriel Artola continuar\u00e1 al frente de la comisi\u00f3n directiva del Automoto Club Deportivo por dos a\u00f1os, seg\u00fan qued\u00f3 determinado anoche en la Asamblea General Ordinaria realizada en el fog\u00f3n de la instituci\u00f3n.<!--more--><\/p>\n<p>De acuerdo con lo resuelto en el encuentro, la nueva CD es la siguiente:<\/p>\n<ul>\n<li>Presidente: Gabriel Artola<\/li>\n<li>Vice 1\u00b0: Gustavo Oostdyk<\/li>\n<li>Vice 2\u00b0: Carlos Latini<\/li>\n<li>Tesorero: Rodrigo Fuhr<\/li>\n<li>Pro tesorero: N\u00e9stor Blanco<\/li>\n<li>Secretaria: Consuelo Bacci<\/li>\n<li>Pro secretario: Leandro Guerrero<\/li>\n<li>Vocales titulares:<\/li>\n<\/ul>\n<p>Alberto Aldecoa<\/p>\n<p>German Gonz\u00e1lez<\/p>\n<p>Diego Gandini<\/p>\n<p>Cristian Ferreyra<\/p>\n<p>Luciana Delfino<\/p>\n<ul>\n<li>Vocales suplentes<\/li>\n<\/ul>\n<p>Sebasti\u00e1n Lambicchi<\/p>\n<p>Gustavo Berdugo<\/p>\n<p>Segundo Olmedo<\/p>\n<p>Alan Molinero<\/p>\n<ul>\n<li>Revisores de cuentas titulares:<\/li>\n<\/ul>\n<p>Mara Janyistabro<\/p>\n<p>Lucio Oostdyck<\/p>\n<p>Rodrigo Caneva<\/p>\n<p>&nbsp;<\/p>\n<ul>\n<li>Revisores de cuentas suplentes:<\/li>\n<\/ul>\n<p>Blas Saric<\/p>\n<p>Rodrigo Gambirassi<\/p>\n<p>Adem\u00e1s, se ley\u00f3 y aprob\u00f3 la Memoria, Informe de la Comisi\u00f3n Revisora de Cuentas, Estado de Situaci\u00f3n Patrimonial, Estado de Recursos y Gastos, Estado de Evoluci\u00f3n del Patrimonio Neto, Estado de Flujo de Fondos, Cuadros y Anexos correspondientes al ejercicio finalizado el 31 de diciembre de 2020.<\/p>\n<p>Finalmente, se autoriz\u00f3 a la CD a la modificaci\u00f3n del valor de la cuota social de la instituci\u00f3n, que pasar\u00e1 a tener un costo de 300 pesos.<\/p>\n<p><a title=\"02\" href=\"http:\/\/live.staticflickr.com\/65535\/51121313576_2bc663231b_s.jpg\" rel=\"\"><img loading=\"lazy\" decoding=\"async\" class=\"aligncenter\" title=\"02\" src=\"http:\/\/live.staticflickr.com\/65535\/51121313576_2bc663231b_c.jpg\" alt=\"02\" width=\"800\" height=\"600\" \/><\/a><\/p>\n<p><a title=\"03\" href=\"http:\/\/live.staticflickr.com\/65535\/51120739587_9479c21d24_s.jpg\" rel=\"\"><img loading=\"lazy\" decoding=\"async\" class=\"aligncenter\" title=\"03\" src=\"http:\/\/live.staticflickr.com\/65535\/51120739587_9479c21d24_c.jpg\" alt=\"03\" width=\"800\" height=\"600\" \/><\/a><\/p>\n<p>&nbsp;<\/p>\n<p>Departamento de Prensa \u2013 Automoto Club Deportivo<\/p>\n<p>www.clubautomotopasion.com.ar<\/p>\n<p>Facebook: \/automototornquist<\/p>\n<p>Twitter: @ClubAutomoto<\/p>\n<p>YouTube: acdtvideos<\/p>\n<p>&nbsp;<\/p>\n","protected":false},"excerpt":{"rendered":"<p>Gabriel Artola continuar\u00e1 al frente de la comisi\u00f3n directiva del Automoto Club Deportivo por dos a\u00f1os, seg\u00fan qued\u00f3 determinado anoche en la Asamblea General Ordinaria realizada en el fog\u00f3n de la instituci\u00f3n.<\/p>\n","protected":false},"author":3,"featured_media":0,"comment_status":"closed","ping_status":"open","sticky":false,"template":"","format":"standard","meta":{"footnotes":""},"categories":[26],"tags":[],"class_list":["post-55537","post","type-post","status-publish","format-standard","hentry","category-sociedad"],"yoast_head":"<!-- This site is optimized with the Yoast SEO plugin v25.9 - https:\/\/yoast.com\/wordpress\/plugins\/seo\/ -->\n<title>Gabriel Artola contin\u00faa como presidente de Automoto - Noticias Radio Reflejos<\/title>\n<meta name=\"robots\" content=\"index, follow, max-snippet:-1, max-image-preview:large, max-video-preview:-1\" \/>\n<link rel=\"canonical\" href=\"https:\/\/www.noticiasradioreflejos.com.ar\/2021\/gabriel-artola-continua-como-presidente-de-automoto\/\" \/>\n<meta property=\"og:locale\" content=\"es_ES\" \/>\n<meta property=\"og:type\" content=\"article\" \/>\n<meta property=\"og:title\" content=\"Gabriel Artola contin\u00faa como presidente de Automoto - Noticias Radio Reflejos\" \/>\n<meta property=\"og:description\" content=\"Gabriel Artola continuar\u00e1 al frente de la comisi\u00f3n directiva del Automoto Club Deportivo por dos a\u00f1os, seg\u00fan qued\u00f3 determinado anoche en la Asamblea General Ordinaria realizada en el fog\u00f3n de la instituci\u00f3n.\" \/>\n<meta property=\"og:url\" content=\"https:\/\/www.noticiasradioreflejos.com.ar\/2021\/gabriel-artola-continua-como-presidente-de-automoto\/\" \/>\n<meta property=\"og:site_name\" content=\"Noticias Radio Reflejos\" \/>\n<meta property=\"article:published_time\" content=\"2021-04-17T16:27:24+00:00\" \/>\n<meta property=\"og:image\" content=\"http:\/\/live.staticflickr.com\/65535\/51121313576_2bc663231b_c.jpg\" \/>\n<meta name=\"author\" content=\"Arnaldo Botto\" \/>\n<meta name=\"twitter:card\" content=\"summary_large_image\" \/>\n<script type=\"application\/ld+json\" class=\"yoast-schema-graph\">{\"@context\":\"https:\/\/schema.org\",\"@graph\":[{\"@type\":\"WebPage\",\"@id\":\"https:\/\/www.noticiasradioreflejos.com.ar\/2021\/gabriel-artola-continua-como-presidente-de-automoto\/\",\"url\":\"https:\/\/www.noticiasradioreflejos.com.ar\/2021\/gabriel-artola-continua-como-presidente-de-automoto\/\",\"name\":\"Gabriel Artola contin\u00faa como presidente de Automoto - Noticias Radio Reflejos\",\"isPartOf\":{\"@id\":\"https:\/\/www.noticiasradioreflejos.com.ar\/2021\/#website\"},\"primaryImageOfPage\":{\"@id\":\"https:\/\/www.noticiasradioreflejos.com.ar\/2021\/gabriel-artola-continua-como-presidente-de-automoto\/#primaryimage\"},\"image\":{\"@id\":\"https:\/\/www.noticiasradioreflejos.com.ar\/2021\/gabriel-artola-continua-como-presidente-de-automoto\/#primaryimage\"},\"thumbnailUrl\":\"http:\/\/live.staticflickr.com\/65535\/51121313576_2bc663231b_c.jpg\",\"datePublished\":\"2021-04-17T16:27:24+00:00\",\"author\":{\"@id\":\"https:\/\/www.noticiasradioreflejos.com.ar\/2021\/#\/schema\/person\/ad82545263dcc5ec0996818884fd5fb1\"},\"breadcrumb\":{\"@id\":\"https:\/\/www.noticiasradioreflejos.com.ar\/2021\/gabriel-artola-continua-como-presidente-de-automoto\/#breadcrumb\"},\"inLanguage\":\"es\",\"potentialAction\":[{\"@type\":\"ReadAction\",\"target\":[\"https:\/\/www.noticiasradioreflejos.com.ar\/2021\/gabriel-artola-continua-como-presidente-de-automoto\/\"]}]},{\"@type\":\"ImageObject\",\"inLanguage\":\"es\",\"@id\":\"https:\/\/www.noticiasradioreflejos.com.ar\/2021\/gabriel-artola-continua-como-presidente-de-automoto\/#primaryimage\",\"url\":\"http:\/\/live.staticflickr.com\/65535\/51121313576_2bc663231b_c.jpg\",\"contentUrl\":\"http:\/\/live.staticflickr.com\/65535\/51121313576_2bc663231b_c.jpg\"},{\"@type\":\"BreadcrumbList\",\"@id\":\"https:\/\/www.noticiasradioreflejos.com.ar\/2021\/gabriel-artola-continua-como-presidente-de-automoto\/#breadcrumb\",\"itemListElement\":[{\"@type\":\"ListItem\",\"position\":1,\"name\":\"Portada\",\"item\":\"https:\/\/www.noticiasradioreflejos.com.ar\/2021\/\"},{\"@type\":\"ListItem\",\"position\":2,\"name\":\"Gabriel Artola contin\u00faa como presidente de Automoto\"}]},{\"@type\":\"WebSite\",\"@id\":\"https:\/\/www.noticiasradioreflejos.com.ar\/2021\/#website\",\"url\":\"https:\/\/www.noticiasradioreflejos.com.ar\/2021\/\",\"name\":\"Noticias Radio Reflejos\",\"description\":\"Las noticias de mi comarca\",\"potentialAction\":[{\"@type\":\"SearchAction\",\"target\":{\"@type\":\"EntryPoint\",\"urlTemplate\":\"https:\/\/www.noticiasradioreflejos.com.ar\/2021\/?s={search_term_string}\"},\"query-input\":{\"@type\":\"PropertyValueSpecification\",\"valueRequired\":true,\"valueName\":\"search_term_string\"}}],\"inLanguage\":\"es\"},{\"@type\":\"Person\",\"@id\":\"https:\/\/www.noticiasradioreflejos.com.ar\/2021\/#\/schema\/person\/ad82545263dcc5ec0996818884fd5fb1\",\"name\":\"Arnaldo Botto\",\"image\":{\"@type\":\"ImageObject\",\"inLanguage\":\"es\",\"@id\":\"https:\/\/www.noticiasradioreflejos.com.ar\/2021\/#\/schema\/person\/image\/\",\"url\":\"https:\/\/secure.gravatar.com\/avatar\/55cb5e37c1efa326397366e6974cb338056df65cb50e7d64d1cf314e87504837?s=96&d=mm&r=g\",\"contentUrl\":\"https:\/\/secure.gravatar.com\/avatar\/55cb5e37c1efa326397366e6974cb338056df65cb50e7d64d1cf314e87504837?s=96&d=mm&r=g\",\"caption\":\"Arnaldo Botto\"},\"url\":\"https:\/\/www.noticiasradioreflejos.com.ar\/2021\/author\/arnaldo\/\"}]}<\/script>\n<!-- \/ Yoast SEO plugin. -->","yoast_head_json":{"title":"Gabriel Artola contin\u00faa como presidente de Automoto - Noticias Radio Reflejos","robots":{"index":"index","follow":"follow","max-snippet":"max-snippet:-1","max-image-preview":"max-image-preview:large","max-video-preview":"max-video-preview:-1"},"canonical":"https:\/\/www.noticiasradioreflejos.com.ar\/2021\/gabriel-artola-continua-como-presidente-de-automoto\/","og_locale":"es_ES","og_type":"article","og_title":"Gabriel Artola contin\u00faa como presidente de Automoto - Noticias Radio Reflejos","og_description":"Gabriel Artola continuar\u00e1 al frente de la comisi\u00f3n directiva del Automoto Club Deportivo por dos a\u00f1os, seg\u00fan qued\u00f3 determinado anoche en la Asamblea General Ordinaria realizada en el fog\u00f3n de la instituci\u00f3n.","og_url":"https:\/\/www.noticiasradioreflejos.com.ar\/2021\/gabriel-artola-continua-como-presidente-de-automoto\/","og_site_name":"Noticias Radio Reflejos","article_published_time":"2021-04-17T16:27:24+00:00","og_image":[{"url":"http:\/\/live.staticflickr.com\/65535\/51121313576_2bc663231b_c.jpg","type":"","width":"","height":""}],"author":"Arnaldo Botto","twitter_card":"summary_large_image","schema":{"@context":"https:\/\/schema.org","@graph":[{"@type":"WebPage","@id":"https:\/\/www.noticiasradioreflejos.com.ar\/2021\/gabriel-artola-continua-como-presidente-de-automoto\/","url":"https:\/\/www.noticiasradioreflejos.com.ar\/2021\/gabriel-artola-continua-como-presidente-de-automoto\/","name":"Gabriel Artola contin\u00faa como presidente de Automoto - Noticias Radio Reflejos","isPartOf":{"@id":"https:\/\/www.noticiasradioreflejos.com.ar\/2021\/#website"},"primaryImageOfPage":{"@id":"https:\/\/www.noticiasradioreflejos.com.ar\/2021\/gabriel-artola-continua-como-presidente-de-automoto\/#primaryimage"},"image":{"@id":"https:\/\/www.noticiasradioreflejos.com.ar\/2021\/gabriel-artola-continua-como-presidente-de-automoto\/#primaryimage"},"thumbnailUrl":"http:\/\/live.staticflickr.com\/65535\/51121313576_2bc663231b_c.jpg","datePublished":"2021-04-17T16:27:24+00:00","author":{"@id":"https:\/\/www.noticiasradioreflejos.com.ar\/2021\/#\/schema\/person\/ad82545263dcc5ec0996818884fd5fb1"},"breadcrumb":{"@id":"https:\/\/www.noticiasradioreflejos.com.ar\/2021\/gabriel-artola-continua-como-presidente-de-automoto\/#breadcrumb"},"inLanguage":"es","potentialAction":[{"@type":"ReadAction","target":["https:\/\/www.noticiasradioreflejos.com.ar\/2021\/gabriel-artola-continua-como-presidente-de-automoto\/"]}]},{"@type":"ImageObject","inLanguage":"es","@id":"https:\/\/www.noticiasradioreflejos.com.ar\/2021\/gabriel-artola-continua-como-presidente-de-automoto\/#primaryimage","url":"http:\/\/live.staticflickr.com\/65535\/51121313576_2bc663231b_c.jpg","contentUrl":"http:\/\/live.staticflickr.com\/65535\/51121313576_2bc663231b_c.jpg"},{"@type":"BreadcrumbList","@id":"https:\/\/www.noticiasradioreflejos.com.ar\/2021\/gabriel-artola-continua-como-presidente-de-automoto\/#breadcrumb","itemListElement":[{"@type":"ListItem","position":1,"name":"Portada","item":"https:\/\/www.noticiasradioreflejos.com.ar\/2021\/"},{"@type":"ListItem","position":2,"name":"Gabriel Artola contin\u00faa como presidente de Automoto"}]},{"@type":"WebSite","@id":"https:\/\/www.noticiasradioreflejos.com.ar\/2021\/#website","url":"https:\/\/www.noticiasradioreflejos.com.ar\/2021\/","name":"Noticias Radio Reflejos","description":"Las noticias de mi comarca","potentialAction":[{"@type":"SearchAction","target":{"@type":"EntryPoint","urlTemplate":"https:\/\/www.noticiasradioreflejos.com.ar\/2021\/?s={search_term_string}"},"query-input":{"@type":"PropertyValueSpecification","valueRequired":true,"valueName":"search_term_string"}}],"inLanguage":"es"},{"@type":"Person","@id":"https:\/\/www.noticiasradioreflejos.com.ar\/2021\/#\/schema\/person\/ad82545263dcc5ec0996818884fd5fb1","name":"Arnaldo Botto","image":{"@type":"ImageObject","inLanguage":"es","@id":"https:\/\/www.noticiasradioreflejos.com.ar\/2021\/#\/schema\/person\/image\/","url":"https:\/\/secure.gravatar.com\/avatar\/55cb5e37c1efa326397366e6974cb338056df65cb50e7d64d1cf314e87504837?s=96&d=mm&r=g","contentUrl":"https:\/\/secure.gravatar.com\/avatar\/55cb5e37c1efa326397366e6974cb338056df65cb50e7d64d1cf314e87504837?s=96&d=mm&r=g","caption":"Arnaldo Botto"},"url":"https:\/\/www.noticiasradioreflejos.com.ar\/2021\/author\/arnaldo\/"}]}},"_links":{"self":[{"href":"https:\/\/www.noticiasradioreflejos.com.ar\/2021\/wp-json\/wp\/v2\/posts\/55537","targetHints":{"allow":["GET"]}}],"collection":[{"href":"https:\/\/www.noticiasradioreflejos.com.ar\/2021\/wp-json\/wp\/v2\/posts"}],"about":[{"href":"https:\/\/www.noticiasradioreflejos.com.ar\/2021\/wp-json\/wp\/v2\/types\/post"}],"author":[{"embeddable":true,"href":"https:\/\/www.noticiasradioreflejos.com.ar\/2021\/wp-json\/wp\/v2\/users\/3"}],"replies":[{"embeddable":true,"href":"https:\/\/www.noticiasradioreflejos.com.ar\/2021\/wp-json\/wp\/v2\/comments?post=55537"}],"version-history":[{"count":0,"href":"https:\/\/www.noticiasradioreflejos.com.ar\/2021\/wp-json\/wp\/v2\/posts\/55537\/revisions"}],"wp:attachment":[{"href":"https:\/\/www.noticiasradioreflejos.com.ar\/2021\/wp-json\/wp\/v2\/media?parent=55537"}],"wp:term":[{"taxonomy":"category","embeddable":true,"href":"https:\/\/www.noticiasradioreflejos.com.ar\/2021\/wp-json\/wp\/v2\/categories?post=55537"},{"taxonomy":"post_tag","embeddable":true,"href":"https:\/\/www.noticiasradioreflejos.com.ar\/2021\/wp-json\/wp\/v2\/tags?post=55537"}],"curies":[{"name":"wp","href":"https:\/\/api.w.org\/{rel}","templated":true}]}}