{"id":55534,"date":"2021-04-17T10:58:30","date_gmt":"2021-04-17T13:58:30","guid":{"rendered":"http:\/\/www.noticiasradioreflejos.com.ar\/noticias\/?p=55534"},"modified":"2021-04-17T10:58:30","modified_gmt":"2021-04-17T13:58:30","slug":"con-produccion-y-exportaciones-argentinas-en-alza-se-celebra-un-nuevo-dia-mundial-del-malbec","status":"publish","type":"post","link":"https:\/\/www.noticiasradioreflejos.com.ar\/2021\/con-produccion-y-exportaciones-argentinas-en-alza-se-celebra-un-nuevo-dia-mundial-del-malbec\/","title":{"rendered":"Con producci\u00f3n y exportaciones argentinas en alza, se celebra un nuevo D\u00eda Mundial del Malbec"},"content":{"rendered":"<p>Oriundo de la regi\u00f3n de Burdeos (Francia), el Malbec es la variedad emblem\u00e1tica de la producci\u00f3n vitivin\u00edcola argentina, donde el cepaje muestra particularidades distintas a su lugar de origen, por diferencias en clima y suelo, manejo del vi\u00f1edo y m\u00e9todos de elaboraci\u00f3n.<!--more--><\/p>\n<p>La d\u00e9cima primera edici\u00f3n del D\u00eda Mundial del Malbec, la cepa insignia de la vitivinicultura argentina, se celebra este s\u00e1bado en un contexto de crecimiento en la producci\u00f3n y la comercializaci\u00f3n, tanto en el mercado interno como externo.<\/p>\n<p>El ministro de Agricultura, Ganader\u00eda y Pesca de la Naci\u00f3n, Luis Basterra, destac\u00f3 \u00abel logro del sector vitivin\u00edcola, que supo trabajar en conjunto para posicionar las ventas en el mercado interno y externo\u00bb.<\/p>\n<p><strong>\u00abLa cantidad de hect\u00e1reas de Malbec en todo el pa\u00eds aument\u00f3 43,7% en el per\u00edodo 2011-2020; es la variedad que m\u00e1s se comercializa dentro y fuera del pa\u00eds, con casi 55% de participaci\u00f3n en las ventas de vinos varietales totales\u00bb<\/strong>, explic\u00f3 Basterra.<\/p>\n<p>Por su parte, el presidente del Instituto Nacional de Vitivinicultura (INV), Mart\u00edn Hinojosa, afirm\u00f3 que \u00abel Malbec indudablemente fue una apuesta del sector vitivin\u00edcola que super\u00f3 las expectativas y lejos estuvo de ser una moda; el Malbec nos abri\u00f3 las puertas\u00bb.<\/p>\n<p><strong>\u00abEl sostenimiento en el tiempo claramente se logr\u00f3 por un trabajo y esfuerzo mancomunado entre el sector privado y p\u00fablico; toda la cadena vitivin\u00edcola es parte de este logro, desde el productor, bodegas y distribuidores\u00bb, manifest\u00f3 Hinojosa.<\/strong><\/p>\n<p>En ese sentido, el en\u00f3logo Roberto de la Mota consider\u00f3 que \u00abel Malbec tiene atributos que lo hacen muy interesante y que tenga mucho futuro en la Argentina; un futuro promisorio porque estamos haciendo vinos cada vez m\u00e1s interesantes, distintivos y el mercado sigue siendo muy receptivo al cepaje\u00bb.<\/p>\n<div class=\"auth\">Con sello argentino<\/div>\n<p>En una charla organizada por Bodegas de Argentina, de la que particip\u00f3 T\u00e9lam, su par Mart\u00edn Kaiser destac\u00f3 el trabajo que est\u00e1 haciendo la industria para entender la identidad de cada lugar\u00bb y plante\u00f3 la necesidad de \u00ablograr mejorar la competitividad vit\u00edcola\u00bb.<\/p>\n<div id=\"image\" class=\"image\"><img decoding=\"async\" title=\"La superficie plantada con Malbec en la Argentina vari\u00f3 a lo largo de los a\u00f1os.\" src=\"https:\/\/www.telam.com.ar\/advf\/imagenes\/2018\/03\/5aa26129b8297_1004x565.jpg\" alt=\"La superficie plantada con Malbec en la Argentina vari\u00f3 a lo largo de los a\u00f1os.\" \/><\/p>\n<div class=\"epigrafe\">La superficie plantada con Malbec en la Argentina vari\u00f3 a lo largo de los a\u00f1os.<\/div>\n<\/div>\n<p>Por su parte, la en\u00f3loga Julia Halupczok afirm\u00f3 que el futuro sigue siendo el Malbec, nuestra marca\u00bb y consider\u00f3 importante \u00abno perder de vista el mercado y trabajar muy bien en la comunicaci\u00f3n\u00bb.<\/p>\n<p>Por \u00faltimo, Hugo Cabrini, pidi\u00f3 \u00abir reinvent\u00e1ndonos, mantener y ganar m\u00e1s mercados\u00bb ante la aparici\u00f3n de Malbec de otros pa\u00edses, y destac\u00f3 el potencial del varietal que \u00absigue traccionando en exportaciones y mercado interno\u00bb.<\/p>\n<p>Oriundo de la regi\u00f3n de Burdeos (Francia), el Malbec es la variedad emblem\u00e1tica de la producci\u00f3n vitivin\u00edcola argentina, donde el cepaje muestra particularidades distintas a su lugar de origen, por diferencias en clima y suelo, manejo del vi\u00f1edo y m\u00e9todos de elaboraci\u00f3n.<\/p>\n<p><strong>El D\u00eda Mundial del Malbec se estableci\u00f3 el 17 de abril en recuerdo de ese d\u00eda de 1853 en que se present\u00f3 ante la Legislatura Provincial de Mendoza el proyecto para fundar una Quinta Normal y una Escuela de Agricultura, encomendado al ingeniero agr\u00f3nomo franc\u00e9s Michel Aim\u00e9 Pouget quien introdujo varias cepas europeas, entre ellas el Malbec.<\/strong><\/p>\n<p>La superficie plantada con Malbec en la Argentina vari\u00f3 a lo largo de los a\u00f1os; en los 60 lleg\u00f3 a las 58.577 ha, 22,5% del total de vid en el pa\u00eds; luego, comenz\u00f3 una r\u00e1pida disminuci\u00f3n de esta variedad, al ser sustituida por otras m\u00e1s productivas, y se erradic\u00f3 83% de la superficie de Malbec hasta 1995, a\u00f1o en que lleg\u00f3 a su punto m\u00e1s bajo de superficie cultivada con 9.746 ha; posteriormente comenz\u00f3 a resurgir y las plantaciones fueron en aumento recuperando su presencia en el pa\u00eds.<\/p>\n<p>Presente en todas las provincias vitivin\u00edcolas de Argentina, el Malbec registr\u00f3 en 2020 un total de 45.657 ha cultivadas, 21,3% del total de vid del pa\u00eds; tras aumentar 43,7% en el per\u00edodo 2011-2020.<\/p>\n<p>Esta tendencia de aumento de la superficie de Malbec se mantiene desde hace varios a\u00f1os, como la producci\u00f3n, que en 2020 en el pa\u00eds fue de 3.721.290 quintales.<\/p>\n<p>Asimismo, es la variedad que m\u00e1s se comercializa dentro y fuera del pa\u00eds, con una participaci\u00f3n de 48,3% en las ventas de varietales del mercado interno y de 61,4% en las ventas de varietales en el mercado externo.<\/p>\n<p>En el mercado interno, las ventas de vinos Malbec mostraron en 2020 un incremento de 118,5% respecto a 2011 y de 26,4% en el \u00faltimo a\u00f1o.<\/p>\n<div id=\"image\" class=\"image\"><img decoding=\"async\" title=\"Es la variedad que m\u00e1s se comercializa dentro y fuera del pa\u00eds.\" src=\"https:\/\/www.telam.com.ar\/advf\/imagenes\/2013\/04\/516d6dcdaa0cd_1004x669.jpg\" alt=\"Es la variedad que m\u00e1s se comercializa dentro y fuera del pa\u00eds.\" \/><\/p>\n<div class=\"epigrafe\">Es la variedad que m\u00e1s se comercializa dentro y fuera del pa\u00eds.<\/div>\n<\/div>\n<p>Durante 2020 las exportaciones de vinos varietales elaborados con la variedad Malbec alcanzaron un total de 1.582.360 hl, por un valor FOB de US$ 486,6 millones, con un crecimiento de 57,4% en volumen y 19,9% en valor con respecto a 2011; con el Reino Unido como principal destino, seguido por EEUU, Brasil, Canad\u00e1, Alemania y Colombia.<\/p>\n<p>\u00abEl productor argentino entendi\u00f3 al mercado y se reconvirti\u00f3 a nuestra cepa que nos representa en el mundo; debemos seguir aprendiendo del mercado y entender que el Malbec es m\u00e1s que una variedad de uva: es nuestra identidad. A partir de su grandeza podremos reconvertirnos a un pa\u00eds tierra del Malbec, el mejor vino del mundo\u00bb, afirmaron desde la cartera agropecuaria.<\/p>\n<div class=\"btn_externos\"><\/div>\n<\/div>\n<\/div>\n<div class=\"wrapper-tags\">\n<div class=\"tags-bar clearfix\">ETIQUETAS<\/p>\n<ul>\n<li><a href=\"https:\/\/www.telam.com.ar\/tags\/3351-malbec\/noticias\">MALBEC<\/a><\/li>\n<li><a href=\"https:\/\/www.telam.com.ar\/tags\/1162-exportaciones\/noticias\">EXPORTACIONES<\/a><\/li>\n<li><a href=\"https:\/\/www.telam.com.ar\/tags\/1091-produccion\/noticias\">PRODUCCI\u00d3N<\/a><\/li>\n<\/ul>\n<\/div>\n<\/div>\n<\/div>\n<\/div>\n<\/div>\n","protected":false},"excerpt":{"rendered":"<p>Oriundo de la regi\u00f3n de Burdeos (Francia), el Malbec es la variedad emblem\u00e1tica de la producci\u00f3n vitivin\u00edcola argentina, donde el cepaje muestra particularidades distintas a su lugar de origen, por diferencias en clima y suelo, manejo del vi\u00f1edo y m\u00e9todos de elaboraci\u00f3n.<\/p>\n","protected":false},"author":3,"featured_media":0,"comment_status":"closed","ping_status":"open","sticky":false,"template":"","format":"standard","meta":{"footnotes":""},"categories":[36,26],"tags":[],"class_list":["post-55534","post","type-post","status-publish","format-standard","hentry","category-economia","category-sociedad"],"yoast_head":"<!-- This site is optimized with the Yoast SEO plugin v25.9 - https:\/\/yoast.com\/wordpress\/plugins\/seo\/ -->\n<title>Con producci\u00f3n y exportaciones argentinas en alza, se celebra un nuevo D\u00eda Mundial del Malbec - Noticias Radio Reflejos<\/title>\n<meta name=\"robots\" content=\"index, follow, max-snippet:-1, max-image-preview:large, max-video-preview:-1\" \/>\n<link rel=\"canonical\" href=\"https:\/\/www.noticiasradioreflejos.com.ar\/2021\/con-produccion-y-exportaciones-argentinas-en-alza-se-celebra-un-nuevo-dia-mundial-del-malbec\/\" \/>\n<meta property=\"og:locale\" content=\"es_ES\" \/>\n<meta property=\"og:type\" content=\"article\" \/>\n<meta property=\"og:title\" content=\"Con producci\u00f3n y exportaciones argentinas en alza, se celebra un nuevo D\u00eda Mundial del Malbec - Noticias Radio Reflejos\" \/>\n<meta property=\"og:description\" content=\"Oriundo de la regi\u00f3n de Burdeos (Francia), el Malbec es la variedad emblem\u00e1tica de la producci\u00f3n vitivin\u00edcola argentina, donde el cepaje muestra particularidades distintas a su lugar de origen, por diferencias en clima y suelo, manejo del vi\u00f1edo y m\u00e9todos de elaboraci\u00f3n.\" \/>\n<meta property=\"og:url\" content=\"https:\/\/www.noticiasradioreflejos.com.ar\/2021\/con-produccion-y-exportaciones-argentinas-en-alza-se-celebra-un-nuevo-dia-mundial-del-malbec\/\" \/>\n<meta property=\"og:site_name\" content=\"Noticias Radio Reflejos\" \/>\n<meta property=\"article:published_time\" content=\"2021-04-17T13:58:30+00:00\" \/>\n<meta property=\"og:image\" content=\"https:\/\/www.telam.com.ar\/advf\/imagenes\/2018\/03\/5aa26129b8297_1004x565.jpg\" \/>\n<meta name=\"author\" content=\"Arnaldo Botto\" \/>\n<meta name=\"twitter:card\" content=\"summary_large_image\" \/>\n<script type=\"application\/ld+json\" class=\"yoast-schema-graph\">{\"@context\":\"https:\/\/schema.org\",\"@graph\":[{\"@type\":\"WebPage\",\"@id\":\"https:\/\/www.noticiasradioreflejos.com.ar\/2021\/con-produccion-y-exportaciones-argentinas-en-alza-se-celebra-un-nuevo-dia-mundial-del-malbec\/\",\"url\":\"https:\/\/www.noticiasradioreflejos.com.ar\/2021\/con-produccion-y-exportaciones-argentinas-en-alza-se-celebra-un-nuevo-dia-mundial-del-malbec\/\",\"name\":\"Con producci\u00f3n y exportaciones argentinas en alza, se celebra un nuevo D\u00eda Mundial del Malbec - Noticias Radio Reflejos\",\"isPartOf\":{\"@id\":\"https:\/\/www.noticiasradioreflejos.com.ar\/2021\/#website\"},\"primaryImageOfPage\":{\"@id\":\"https:\/\/www.noticiasradioreflejos.com.ar\/2021\/con-produccion-y-exportaciones-argentinas-en-alza-se-celebra-un-nuevo-dia-mundial-del-malbec\/#primaryimage\"},\"image\":{\"@id\":\"https:\/\/www.noticiasradioreflejos.com.ar\/2021\/con-produccion-y-exportaciones-argentinas-en-alza-se-celebra-un-nuevo-dia-mundial-del-malbec\/#primaryimage\"},\"thumbnailUrl\":\"https:\/\/www.telam.com.ar\/advf\/imagenes\/2018\/03\/5aa26129b8297_1004x565.jpg\",\"datePublished\":\"2021-04-17T13:58:30+00:00\",\"author\":{\"@id\":\"https:\/\/www.noticiasradioreflejos.com.ar\/2021\/#\/schema\/person\/ad82545263dcc5ec0996818884fd5fb1\"},\"breadcrumb\":{\"@id\":\"https:\/\/www.noticiasradioreflejos.com.ar\/2021\/con-produccion-y-exportaciones-argentinas-en-alza-se-celebra-un-nuevo-dia-mundial-del-malbec\/#breadcrumb\"},\"inLanguage\":\"es\",\"potentialAction\":[{\"@type\":\"ReadAction\",\"target\":[\"https:\/\/www.noticiasradioreflejos.com.ar\/2021\/con-produccion-y-exportaciones-argentinas-en-alza-se-celebra-un-nuevo-dia-mundial-del-malbec\/\"]}]},{\"@type\":\"ImageObject\",\"inLanguage\":\"es\",\"@id\":\"https:\/\/www.noticiasradioreflejos.com.ar\/2021\/con-produccion-y-exportaciones-argentinas-en-alza-se-celebra-un-nuevo-dia-mundial-del-malbec\/#primaryimage\",\"url\":\"https:\/\/www.telam.com.ar\/advf\/imagenes\/2018\/03\/5aa26129b8297_1004x565.jpg\",\"contentUrl\":\"https:\/\/www.telam.com.ar\/advf\/imagenes\/2018\/03\/5aa26129b8297_1004x565.jpg\"},{\"@type\":\"BreadcrumbList\",\"@id\":\"https:\/\/www.noticiasradioreflejos.com.ar\/2021\/con-produccion-y-exportaciones-argentinas-en-alza-se-celebra-un-nuevo-dia-mundial-del-malbec\/#breadcrumb\",\"itemListElement\":[{\"@type\":\"ListItem\",\"position\":1,\"name\":\"Portada\",\"item\":\"https:\/\/www.noticiasradioreflejos.com.ar\/2021\/\"},{\"@type\":\"ListItem\",\"position\":2,\"name\":\"Con producci\u00f3n y exportaciones argentinas en alza, se celebra un nuevo D\u00eda Mundial del Malbec\"}]},{\"@type\":\"WebSite\",\"@id\":\"https:\/\/www.noticiasradioreflejos.com.ar\/2021\/#website\",\"url\":\"https:\/\/www.noticiasradioreflejos.com.ar\/2021\/\",\"name\":\"Noticias Radio Reflejos\",\"description\":\"Las noticias de mi comarca\",\"potentialAction\":[{\"@type\":\"SearchAction\",\"target\":{\"@type\":\"EntryPoint\",\"urlTemplate\":\"https:\/\/www.noticiasradioreflejos.com.ar\/2021\/?s={search_term_string}\"},\"query-input\":{\"@type\":\"PropertyValueSpecification\",\"valueRequired\":true,\"valueName\":\"search_term_string\"}}],\"inLanguage\":\"es\"},{\"@type\":\"Person\",\"@id\":\"https:\/\/www.noticiasradioreflejos.com.ar\/2021\/#\/schema\/person\/ad82545263dcc5ec0996818884fd5fb1\",\"name\":\"Arnaldo Botto\",\"image\":{\"@type\":\"ImageObject\",\"inLanguage\":\"es\",\"@id\":\"https:\/\/www.noticiasradioreflejos.com.ar\/2021\/#\/schema\/person\/image\/\",\"url\":\"https:\/\/secure.gravatar.com\/avatar\/55cb5e37c1efa326397366e6974cb338056df65cb50e7d64d1cf314e87504837?s=96&d=mm&r=g\",\"contentUrl\":\"https:\/\/secure.gravatar.com\/avatar\/55cb5e37c1efa326397366e6974cb338056df65cb50e7d64d1cf314e87504837?s=96&d=mm&r=g\",\"caption\":\"Arnaldo Botto\"},\"url\":\"https:\/\/www.noticiasradioreflejos.com.ar\/2021\/author\/arnaldo\/\"}]}<\/script>\n<!-- \/ Yoast SEO plugin. -->","yoast_head_json":{"title":"Con producci\u00f3n y exportaciones argentinas en alza, se celebra un nuevo D\u00eda Mundial del Malbec - Noticias Radio Reflejos","robots":{"index":"index","follow":"follow","max-snippet":"max-snippet:-1","max-image-preview":"max-image-preview:large","max-video-preview":"max-video-preview:-1"},"canonical":"https:\/\/www.noticiasradioreflejos.com.ar\/2021\/con-produccion-y-exportaciones-argentinas-en-alza-se-celebra-un-nuevo-dia-mundial-del-malbec\/","og_locale":"es_ES","og_type":"article","og_title":"Con producci\u00f3n y exportaciones argentinas en alza, se celebra un nuevo D\u00eda Mundial del Malbec - Noticias Radio Reflejos","og_description":"Oriundo de la regi\u00f3n de Burdeos (Francia), el Malbec es la variedad emblem\u00e1tica de la producci\u00f3n vitivin\u00edcola argentina, donde el cepaje muestra particularidades distintas a su lugar de origen, por diferencias en clima y suelo, manejo del vi\u00f1edo y m\u00e9todos de elaboraci\u00f3n.","og_url":"https:\/\/www.noticiasradioreflejos.com.ar\/2021\/con-produccion-y-exportaciones-argentinas-en-alza-se-celebra-un-nuevo-dia-mundial-del-malbec\/","og_site_name":"Noticias Radio Reflejos","article_published_time":"2021-04-17T13:58:30+00:00","og_image":[{"url":"https:\/\/www.telam.com.ar\/advf\/imagenes\/2018\/03\/5aa26129b8297_1004x565.jpg","type":"","width":"","height":""}],"author":"Arnaldo Botto","twitter_card":"summary_large_image","schema":{"@context":"https:\/\/schema.org","@graph":[{"@type":"WebPage","@id":"https:\/\/www.noticiasradioreflejos.com.ar\/2021\/con-produccion-y-exportaciones-argentinas-en-alza-se-celebra-un-nuevo-dia-mundial-del-malbec\/","url":"https:\/\/www.noticiasradioreflejos.com.ar\/2021\/con-produccion-y-exportaciones-argentinas-en-alza-se-celebra-un-nuevo-dia-mundial-del-malbec\/","name":"Con producci\u00f3n y exportaciones argentinas en alza, se celebra un nuevo D\u00eda Mundial del Malbec - Noticias Radio Reflejos","isPartOf":{"@id":"https:\/\/www.noticiasradioreflejos.com.ar\/2021\/#website"},"primaryImageOfPage":{"@id":"https:\/\/www.noticiasradioreflejos.com.ar\/2021\/con-produccion-y-exportaciones-argentinas-en-alza-se-celebra-un-nuevo-dia-mundial-del-malbec\/#primaryimage"},"image":{"@id":"https:\/\/www.noticiasradioreflejos.com.ar\/2021\/con-produccion-y-exportaciones-argentinas-en-alza-se-celebra-un-nuevo-dia-mundial-del-malbec\/#primaryimage"},"thumbnailUrl":"https:\/\/www.telam.com.ar\/advf\/imagenes\/2018\/03\/5aa26129b8297_1004x565.jpg","datePublished":"2021-04-17T13:58:30+00:00","author":{"@id":"https:\/\/www.noticiasradioreflejos.com.ar\/2021\/#\/schema\/person\/ad82545263dcc5ec0996818884fd5fb1"},"breadcrumb":{"@id":"https:\/\/www.noticiasradioreflejos.com.ar\/2021\/con-produccion-y-exportaciones-argentinas-en-alza-se-celebra-un-nuevo-dia-mundial-del-malbec\/#breadcrumb"},"inLanguage":"es","potentialAction":[{"@type":"ReadAction","target":["https:\/\/www.noticiasradioreflejos.com.ar\/2021\/con-produccion-y-exportaciones-argentinas-en-alza-se-celebra-un-nuevo-dia-mundial-del-malbec\/"]}]},{"@type":"ImageObject","inLanguage":"es","@id":"https:\/\/www.noticiasradioreflejos.com.ar\/2021\/con-produccion-y-exportaciones-argentinas-en-alza-se-celebra-un-nuevo-dia-mundial-del-malbec\/#primaryimage","url":"https:\/\/www.telam.com.ar\/advf\/imagenes\/2018\/03\/5aa26129b8297_1004x565.jpg","contentUrl":"https:\/\/www.telam.com.ar\/advf\/imagenes\/2018\/03\/5aa26129b8297_1004x565.jpg"},{"@type":"BreadcrumbList","@id":"https:\/\/www.noticiasradioreflejos.com.ar\/2021\/con-produccion-y-exportaciones-argentinas-en-alza-se-celebra-un-nuevo-dia-mundial-del-malbec\/#breadcrumb","itemListElement":[{"@type":"ListItem","position":1,"name":"Portada","item":"https:\/\/www.noticiasradioreflejos.com.ar\/2021\/"},{"@type":"ListItem","position":2,"name":"Con producci\u00f3n y exportaciones argentinas en alza, se celebra un nuevo D\u00eda Mundial del Malbec"}]},{"@type":"WebSite","@id":"https:\/\/www.noticiasradioreflejos.com.ar\/2021\/#website","url":"https:\/\/www.noticiasradioreflejos.com.ar\/2021\/","name":"Noticias Radio Reflejos","description":"Las noticias de mi comarca","potentialAction":[{"@type":"SearchAction","target":{"@type":"EntryPoint","urlTemplate":"https:\/\/www.noticiasradioreflejos.com.ar\/2021\/?s={search_term_string}"},"query-input":{"@type":"PropertyValueSpecification","valueRequired":true,"valueName":"search_term_string"}}],"inLanguage":"es"},{"@type":"Person","@id":"https:\/\/www.noticiasradioreflejos.com.ar\/2021\/#\/schema\/person\/ad82545263dcc5ec0996818884fd5fb1","name":"Arnaldo Botto","image":{"@type":"ImageObject","inLanguage":"es","@id":"https:\/\/www.noticiasradioreflejos.com.ar\/2021\/#\/schema\/person\/image\/","url":"https:\/\/secure.gravatar.com\/avatar\/55cb5e37c1efa326397366e6974cb338056df65cb50e7d64d1cf314e87504837?s=96&d=mm&r=g","contentUrl":"https:\/\/secure.gravatar.com\/avatar\/55cb5e37c1efa326397366e6974cb338056df65cb50e7d64d1cf314e87504837?s=96&d=mm&r=g","caption":"Arnaldo Botto"},"url":"https:\/\/www.noticiasradioreflejos.com.ar\/2021\/author\/arnaldo\/"}]}},"_links":{"self":[{"href":"https:\/\/www.noticiasradioreflejos.com.ar\/2021\/wp-json\/wp\/v2\/posts\/55534","targetHints":{"allow":["GET"]}}],"collection":[{"href":"https:\/\/www.noticiasradioreflejos.com.ar\/2021\/wp-json\/wp\/v2\/posts"}],"about":[{"href":"https:\/\/www.noticiasradioreflejos.com.ar\/2021\/wp-json\/wp\/v2\/types\/post"}],"author":[{"embeddable":true,"href":"https:\/\/www.noticiasradioreflejos.com.ar\/2021\/wp-json\/wp\/v2\/users\/3"}],"replies":[{"embeddable":true,"href":"https:\/\/www.noticiasradioreflejos.com.ar\/2021\/wp-json\/wp\/v2\/comments?post=55534"}],"version-history":[{"count":0,"href":"https:\/\/www.noticiasradioreflejos.com.ar\/2021\/wp-json\/wp\/v2\/posts\/55534\/revisions"}],"wp:attachment":[{"href":"https:\/\/www.noticiasradioreflejos.com.ar\/2021\/wp-json\/wp\/v2\/media?parent=55534"}],"wp:term":[{"taxonomy":"category","embeddable":true,"href":"https:\/\/www.noticiasradioreflejos.com.ar\/2021\/wp-json\/wp\/v2\/categories?post=55534"},{"taxonomy":"post_tag","embeddable":true,"href":"https:\/\/www.noticiasradioreflejos.com.ar\/2021\/wp-json\/wp\/v2\/tags?post=55534"}],"curies":[{"name":"wp","href":"https:\/\/api.w.org\/{rel}","templated":true}]}}