{"id":55526,"date":"2021-04-16T22:10:26","date_gmt":"2021-04-17T01:10:26","guid":{"rendered":"http:\/\/www.noticiasradioreflejos.com.ar\/noticias\/?p=55526"},"modified":"2021-04-16T22:10:26","modified_gmt":"2021-04-17T01:10:26","slug":"desde-este-sabado-aumentan-los-combustibles-en-todo-el-pais","status":"publish","type":"post","link":"https:\/\/www.noticiasradioreflejos.com.ar\/2021\/desde-este-sabado-aumentan-los-combustibles-en-todo-el-pais\/","title":{"rendered":"Desde este s\u00e1bado aumentan los combustibles en todo el pa\u00eds"},"content":{"rendered":"<p>La petrolera estatal inform\u00f3 que comenzar\u00e1n a regir nuevos precios para las naftas y el gasoil. En promedio ser\u00e1 una suba de 6% pero con mayor carga en la regi\u00f3n metropolitana y menor en el interior para ir equiparando los precios en todo el territorio.<!--more--><\/p>\n<div id=\"image\" class=\"image\"><img decoding=\"async\" title=\"El alza promedio ser\u00e1 de 6%.\" src=\"https:\/\/www.telam.com.ar\/advf\/imagenes\/2017\/09\/59c96fe4ece28_1004x565.jpg\" alt=\"El alza promedio ser\u00e1 de 6%.\" \/><\/p>\n<div class=\"epigrafe\">El alza promedio ser\u00e1 de 6%.<\/div>\n<\/div>\n<p>Los precios de los combustibles subir\u00e1n desde este s\u00e1bado un 6% promedio en todo el pa\u00eds, como parte del sendero de recuperaci\u00f3n trazado para el trimestre marzo-mayo por la petrolera de control estatal y que vienen siguiendo el resto de las compa\u00f1\u00edas con sus particularidades regionales.<\/p>\n<p>Distintas fuentes del sector confirmaron a T\u00e9lam que el incremento de nafta y gasoil alcanzar\u00e1 en promedio el 6%, que en el caso de YPF contemplar\u00e1 una diferenciaci\u00f3n entre los aumentos en el \u00c1rea Metropolitana Buenos Aires (AMBA) y el resto del pa\u00eds, en particular las provincias del Noroeste.<\/p>\n<p>YPF, que tiene una participaci\u00f3n de mercado superior al 55% en el segmento minorista de combustibles, marc\u00f3 el ritmo de recuperaci\u00f3n de precios para el sector con una senda de incrementos que totalizar\u00e1n el\u00a0<strong>15% entre marzo y mayo.<\/strong><\/p>\n<p>En marzo, las principales petroleras concretaron un incremento en los surtidores del 7% promedio, una decisi\u00f3n que incluy\u00f3 el componente impositivo y la recuperaci\u00f3n de los m\u00e1rgenes de las compa\u00f1\u00edas.<\/p>\n<p>En consecuencia,\u00a0<strong>este es el segundo de los tres aumentos que implementar\u00e1 YPF para alcanzar el 15% de suba anunciada<\/strong>\u00a0y, se estima que\u00a0<strong>a partir de entonces no volver\u00e1 a actualizar el precio en el resto del a\u00f1o<\/strong>, salvo nuevas condiciones macroecon\u00f3micas imprevistas.<\/p>\n<p>Los aumentos anunciados por YPF a comienzos de marzo permitir\u00e1n financiar su ambicioso plan de inversiones de US$ 2.700 millones para este a\u00f1o, tal como anunciaron el presidente de la compa\u00f1\u00eda Pablo Gonz\u00e1lez, y el CEO, Sergio Affronti.<\/p>\n<p>Hasta hoy los valores de referencia en la Ciudad de Buenos Aires son en el caso de YPF para la nafta s\u00faper de $80,50; nafta premium o Infinia, $92,90; gasoil, $75.70; y gasoil premium o Infinia, $89,30, y en todos los casos se mantendr\u00e1n los descuentos vigentes del 15% para personal sanitario y educativo.<\/p>\n<p>Esos precios, no obstante,\u00a0<strong>en el AMBA sufrir\u00e1n un incremento superior al 6% por la diferenciaci\u00f3n del aumento con el resto del pa\u00eds para reducir la hist\u00f3rica brecha en los surtidores.<\/strong><\/p>\n<p>El resto de las petroleras como Raizen (licenciataria de Shell), Axion o Puma tambi\u00e9n instrumentan sus incrementos con algunas diferenciaciones comerciales para mantener la competitividad de sus precios.<\/p>\n<p>De esta manera, desde el 19 de agosto pasado, cuando se decidi\u00f3 un incremento en los combustibles tras 10 meses de congelamiento por la emergencia econ\u00f3mica y sanitaria, se registr\u00f3 una sucesi\u00f3n de aumentos que acumulan con el de esta medianoche alzas en torno al 50% de acuerdo al producto, la marca y la regi\u00f3n.<\/p>\n<p>El de ma\u00f1ana es el quinto aumento en lo que va del a\u00f1o, luego de los concretados el 5 de enero del 2,9% y el 16 de enero en un 3,5% promedio, como parte del reacomodamiento del componente impositivo de los combustibles, y del nuevo sendero de recuperaci\u00f3n mensual de precios de los biocombustibles.<\/p>\n<p>El tercer aumento se produjo el 1 de febrero cuando se aplic\u00f3 el incremento de biocombustibles con alzas de 1% en naftas y del 1,9% en gasoil, y el cuarto movimiento de precios el 16 de marzo con un alza promedio del 7%, ya contemplando el aumento autorizado de los biocombustibles.<\/p><\/div>\n<\/div>\n<\/div>\n<\/div>\n<\/div>\n","protected":false},"excerpt":{"rendered":"<p>La petrolera estatal inform\u00f3 que comenzar\u00e1n a regir nuevos precios para las naftas y el gasoil. En promedio ser\u00e1 una suba de 6% pero con mayor carga en la regi\u00f3n metropolitana y menor en el interior para ir equiparando los precios en todo el territorio.<\/p>\n","protected":false},"author":3,"featured_media":0,"comment_status":"closed","ping_status":"open","sticky":false,"template":"","format":"standard","meta":{"footnotes":""},"categories":[36],"tags":[],"class_list":["post-55526","post","type-post","status-publish","format-standard","hentry","category-economia"],"yoast_head":"<!-- This site is optimized with the Yoast SEO plugin v25.9 - https:\/\/yoast.com\/wordpress\/plugins\/seo\/ -->\n<title>Desde este s\u00e1bado aumentan los combustibles en todo el pa\u00eds - Noticias Radio Reflejos<\/title>\n<meta name=\"robots\" content=\"index, follow, max-snippet:-1, max-image-preview:large, max-video-preview:-1\" \/>\n<link rel=\"canonical\" href=\"https:\/\/www.noticiasradioreflejos.com.ar\/2021\/desde-este-sabado-aumentan-los-combustibles-en-todo-el-pais\/\" \/>\n<meta property=\"og:locale\" content=\"es_ES\" \/>\n<meta property=\"og:type\" content=\"article\" \/>\n<meta property=\"og:title\" content=\"Desde este s\u00e1bado aumentan los combustibles en todo el pa\u00eds - Noticias Radio Reflejos\" \/>\n<meta property=\"og:description\" content=\"La petrolera estatal inform\u00f3 que comenzar\u00e1n a regir nuevos precios para las naftas y el gasoil. En promedio ser\u00e1 una suba de 6% pero con mayor carga en la regi\u00f3n metropolitana y menor en el interior para ir equiparando los precios en todo el territorio.\" \/>\n<meta property=\"og:url\" content=\"https:\/\/www.noticiasradioreflejos.com.ar\/2021\/desde-este-sabado-aumentan-los-combustibles-en-todo-el-pais\/\" \/>\n<meta property=\"og:site_name\" content=\"Noticias Radio Reflejos\" \/>\n<meta property=\"article:published_time\" content=\"2021-04-17T01:10:26+00:00\" \/>\n<meta property=\"og:image\" content=\"https:\/\/www.telam.com.ar\/advf\/imagenes\/2017\/09\/59c96fe4ece28_1004x565.jpg\" \/>\n<meta name=\"author\" content=\"Arnaldo Botto\" \/>\n<meta name=\"twitter:card\" content=\"summary_large_image\" \/>\n<script type=\"application\/ld+json\" class=\"yoast-schema-graph\">{\"@context\":\"https:\/\/schema.org\",\"@graph\":[{\"@type\":\"WebPage\",\"@id\":\"https:\/\/www.noticiasradioreflejos.com.ar\/2021\/desde-este-sabado-aumentan-los-combustibles-en-todo-el-pais\/\",\"url\":\"https:\/\/www.noticiasradioreflejos.com.ar\/2021\/desde-este-sabado-aumentan-los-combustibles-en-todo-el-pais\/\",\"name\":\"Desde este s\u00e1bado aumentan los combustibles en todo el pa\u00eds - Noticias Radio Reflejos\",\"isPartOf\":{\"@id\":\"https:\/\/www.noticiasradioreflejos.com.ar\/2021\/#website\"},\"primaryImageOfPage\":{\"@id\":\"https:\/\/www.noticiasradioreflejos.com.ar\/2021\/desde-este-sabado-aumentan-los-combustibles-en-todo-el-pais\/#primaryimage\"},\"image\":{\"@id\":\"https:\/\/www.noticiasradioreflejos.com.ar\/2021\/desde-este-sabado-aumentan-los-combustibles-en-todo-el-pais\/#primaryimage\"},\"thumbnailUrl\":\"https:\/\/www.telam.com.ar\/advf\/imagenes\/2017\/09\/59c96fe4ece28_1004x565.jpg\",\"datePublished\":\"2021-04-17T01:10:26+00:00\",\"author\":{\"@id\":\"https:\/\/www.noticiasradioreflejos.com.ar\/2021\/#\/schema\/person\/ad82545263dcc5ec0996818884fd5fb1\"},\"breadcrumb\":{\"@id\":\"https:\/\/www.noticiasradioreflejos.com.ar\/2021\/desde-este-sabado-aumentan-los-combustibles-en-todo-el-pais\/#breadcrumb\"},\"inLanguage\":\"es\",\"potentialAction\":[{\"@type\":\"ReadAction\",\"target\":[\"https:\/\/www.noticiasradioreflejos.com.ar\/2021\/desde-este-sabado-aumentan-los-combustibles-en-todo-el-pais\/\"]}]},{\"@type\":\"ImageObject\",\"inLanguage\":\"es\",\"@id\":\"https:\/\/www.noticiasradioreflejos.com.ar\/2021\/desde-este-sabado-aumentan-los-combustibles-en-todo-el-pais\/#primaryimage\",\"url\":\"https:\/\/www.telam.com.ar\/advf\/imagenes\/2017\/09\/59c96fe4ece28_1004x565.jpg\",\"contentUrl\":\"https:\/\/www.telam.com.ar\/advf\/imagenes\/2017\/09\/59c96fe4ece28_1004x565.jpg\"},{\"@type\":\"BreadcrumbList\",\"@id\":\"https:\/\/www.noticiasradioreflejos.com.ar\/2021\/desde-este-sabado-aumentan-los-combustibles-en-todo-el-pais\/#breadcrumb\",\"itemListElement\":[{\"@type\":\"ListItem\",\"position\":1,\"name\":\"Portada\",\"item\":\"https:\/\/www.noticiasradioreflejos.com.ar\/2021\/\"},{\"@type\":\"ListItem\",\"position\":2,\"name\":\"Desde este s\u00e1bado aumentan los combustibles en todo el pa\u00eds\"}]},{\"@type\":\"WebSite\",\"@id\":\"https:\/\/www.noticiasradioreflejos.com.ar\/2021\/#website\",\"url\":\"https:\/\/www.noticiasradioreflejos.com.ar\/2021\/\",\"name\":\"Noticias Radio Reflejos\",\"description\":\"Las noticias de mi comarca\",\"potentialAction\":[{\"@type\":\"SearchAction\",\"target\":{\"@type\":\"EntryPoint\",\"urlTemplate\":\"https:\/\/www.noticiasradioreflejos.com.ar\/2021\/?s={search_term_string}\"},\"query-input\":{\"@type\":\"PropertyValueSpecification\",\"valueRequired\":true,\"valueName\":\"search_term_string\"}}],\"inLanguage\":\"es\"},{\"@type\":\"Person\",\"@id\":\"https:\/\/www.noticiasradioreflejos.com.ar\/2021\/#\/schema\/person\/ad82545263dcc5ec0996818884fd5fb1\",\"name\":\"Arnaldo Botto\",\"image\":{\"@type\":\"ImageObject\",\"inLanguage\":\"es\",\"@id\":\"https:\/\/www.noticiasradioreflejos.com.ar\/2021\/#\/schema\/person\/image\/\",\"url\":\"https:\/\/secure.gravatar.com\/avatar\/55cb5e37c1efa326397366e6974cb338056df65cb50e7d64d1cf314e87504837?s=96&d=mm&r=g\",\"contentUrl\":\"https:\/\/secure.gravatar.com\/avatar\/55cb5e37c1efa326397366e6974cb338056df65cb50e7d64d1cf314e87504837?s=96&d=mm&r=g\",\"caption\":\"Arnaldo Botto\"},\"url\":\"https:\/\/www.noticiasradioreflejos.com.ar\/2021\/author\/arnaldo\/\"}]}<\/script>\n<!-- \/ Yoast SEO plugin. -->","yoast_head_json":{"title":"Desde este s\u00e1bado aumentan los combustibles en todo el pa\u00eds - Noticias Radio Reflejos","robots":{"index":"index","follow":"follow","max-snippet":"max-snippet:-1","max-image-preview":"max-image-preview:large","max-video-preview":"max-video-preview:-1"},"canonical":"https:\/\/www.noticiasradioreflejos.com.ar\/2021\/desde-este-sabado-aumentan-los-combustibles-en-todo-el-pais\/","og_locale":"es_ES","og_type":"article","og_title":"Desde este s\u00e1bado aumentan los combustibles en todo el pa\u00eds - Noticias Radio Reflejos","og_description":"La petrolera estatal inform\u00f3 que comenzar\u00e1n a regir nuevos precios para las naftas y el gasoil. En promedio ser\u00e1 una suba de 6% pero con mayor carga en la regi\u00f3n metropolitana y menor en el interior para ir equiparando los precios en todo el territorio.","og_url":"https:\/\/www.noticiasradioreflejos.com.ar\/2021\/desde-este-sabado-aumentan-los-combustibles-en-todo-el-pais\/","og_site_name":"Noticias Radio Reflejos","article_published_time":"2021-04-17T01:10:26+00:00","og_image":[{"url":"https:\/\/www.telam.com.ar\/advf\/imagenes\/2017\/09\/59c96fe4ece28_1004x565.jpg","type":"","width":"","height":""}],"author":"Arnaldo Botto","twitter_card":"summary_large_image","schema":{"@context":"https:\/\/schema.org","@graph":[{"@type":"WebPage","@id":"https:\/\/www.noticiasradioreflejos.com.ar\/2021\/desde-este-sabado-aumentan-los-combustibles-en-todo-el-pais\/","url":"https:\/\/www.noticiasradioreflejos.com.ar\/2021\/desde-este-sabado-aumentan-los-combustibles-en-todo-el-pais\/","name":"Desde este s\u00e1bado aumentan los combustibles en todo el pa\u00eds - Noticias Radio Reflejos","isPartOf":{"@id":"https:\/\/www.noticiasradioreflejos.com.ar\/2021\/#website"},"primaryImageOfPage":{"@id":"https:\/\/www.noticiasradioreflejos.com.ar\/2021\/desde-este-sabado-aumentan-los-combustibles-en-todo-el-pais\/#primaryimage"},"image":{"@id":"https:\/\/www.noticiasradioreflejos.com.ar\/2021\/desde-este-sabado-aumentan-los-combustibles-en-todo-el-pais\/#primaryimage"},"thumbnailUrl":"https:\/\/www.telam.com.ar\/advf\/imagenes\/2017\/09\/59c96fe4ece28_1004x565.jpg","datePublished":"2021-04-17T01:10:26+00:00","author":{"@id":"https:\/\/www.noticiasradioreflejos.com.ar\/2021\/#\/schema\/person\/ad82545263dcc5ec0996818884fd5fb1"},"breadcrumb":{"@id":"https:\/\/www.noticiasradioreflejos.com.ar\/2021\/desde-este-sabado-aumentan-los-combustibles-en-todo-el-pais\/#breadcrumb"},"inLanguage":"es","potentialAction":[{"@type":"ReadAction","target":["https:\/\/www.noticiasradioreflejos.com.ar\/2021\/desde-este-sabado-aumentan-los-combustibles-en-todo-el-pais\/"]}]},{"@type":"ImageObject","inLanguage":"es","@id":"https:\/\/www.noticiasradioreflejos.com.ar\/2021\/desde-este-sabado-aumentan-los-combustibles-en-todo-el-pais\/#primaryimage","url":"https:\/\/www.telam.com.ar\/advf\/imagenes\/2017\/09\/59c96fe4ece28_1004x565.jpg","contentUrl":"https:\/\/www.telam.com.ar\/advf\/imagenes\/2017\/09\/59c96fe4ece28_1004x565.jpg"},{"@type":"BreadcrumbList","@id":"https:\/\/www.noticiasradioreflejos.com.ar\/2021\/desde-este-sabado-aumentan-los-combustibles-en-todo-el-pais\/#breadcrumb","itemListElement":[{"@type":"ListItem","position":1,"name":"Portada","item":"https:\/\/www.noticiasradioreflejos.com.ar\/2021\/"},{"@type":"ListItem","position":2,"name":"Desde este s\u00e1bado aumentan los combustibles en todo el pa\u00eds"}]},{"@type":"WebSite","@id":"https:\/\/www.noticiasradioreflejos.com.ar\/2021\/#website","url":"https:\/\/www.noticiasradioreflejos.com.ar\/2021\/","name":"Noticias Radio Reflejos","description":"Las noticias de mi comarca","potentialAction":[{"@type":"SearchAction","target":{"@type":"EntryPoint","urlTemplate":"https:\/\/www.noticiasradioreflejos.com.ar\/2021\/?s={search_term_string}"},"query-input":{"@type":"PropertyValueSpecification","valueRequired":true,"valueName":"search_term_string"}}],"inLanguage":"es"},{"@type":"Person","@id":"https:\/\/www.noticiasradioreflejos.com.ar\/2021\/#\/schema\/person\/ad82545263dcc5ec0996818884fd5fb1","name":"Arnaldo Botto","image":{"@type":"ImageObject","inLanguage":"es","@id":"https:\/\/www.noticiasradioreflejos.com.ar\/2021\/#\/schema\/person\/image\/","url":"https:\/\/secure.gravatar.com\/avatar\/55cb5e37c1efa326397366e6974cb338056df65cb50e7d64d1cf314e87504837?s=96&d=mm&r=g","contentUrl":"https:\/\/secure.gravatar.com\/avatar\/55cb5e37c1efa326397366e6974cb338056df65cb50e7d64d1cf314e87504837?s=96&d=mm&r=g","caption":"Arnaldo Botto"},"url":"https:\/\/www.noticiasradioreflejos.com.ar\/2021\/author\/arnaldo\/"}]}},"_links":{"self":[{"href":"https:\/\/www.noticiasradioreflejos.com.ar\/2021\/wp-json\/wp\/v2\/posts\/55526","targetHints":{"allow":["GET"]}}],"collection":[{"href":"https:\/\/www.noticiasradioreflejos.com.ar\/2021\/wp-json\/wp\/v2\/posts"}],"about":[{"href":"https:\/\/www.noticiasradioreflejos.com.ar\/2021\/wp-json\/wp\/v2\/types\/post"}],"author":[{"embeddable":true,"href":"https:\/\/www.noticiasradioreflejos.com.ar\/2021\/wp-json\/wp\/v2\/users\/3"}],"replies":[{"embeddable":true,"href":"https:\/\/www.noticiasradioreflejos.com.ar\/2021\/wp-json\/wp\/v2\/comments?post=55526"}],"version-history":[{"count":0,"href":"https:\/\/www.noticiasradioreflejos.com.ar\/2021\/wp-json\/wp\/v2\/posts\/55526\/revisions"}],"wp:attachment":[{"href":"https:\/\/www.noticiasradioreflejos.com.ar\/2021\/wp-json\/wp\/v2\/media?parent=55526"}],"wp:term":[{"taxonomy":"category","embeddable":true,"href":"https:\/\/www.noticiasradioreflejos.com.ar\/2021\/wp-json\/wp\/v2\/categories?post=55526"},{"taxonomy":"post_tag","embeddable":true,"href":"https:\/\/www.noticiasradioreflejos.com.ar\/2021\/wp-json\/wp\/v2\/tags?post=55526"}],"curies":[{"name":"wp","href":"https:\/\/api.w.org\/{rel}","templated":true}]}}