{"id":55523,"date":"2021-04-16T22:08:21","date_gmt":"2021-04-17T01:08:21","guid":{"rendered":"http:\/\/www.noticiasradioreflejos.com.ar\/noticias\/?p=55523"},"modified":"2021-04-16T22:08:21","modified_gmt":"2021-04-17T01:08:21","slug":"los-gremios-docentes-respaldaron-al-presidente-y-repudiaron-la-posicion-opositora","status":"publish","type":"post","link":"https:\/\/www.noticiasradioreflejos.com.ar\/2021\/los-gremios-docentes-respaldaron-al-presidente-y-repudiaron-la-posicion-opositora\/","title":{"rendered":"Los gremios docentes respaldaron al Presidente y repudiaron la posici\u00f3n opositora"},"content":{"rendered":"<p>Ctera, Sadop y UTE consideraron que las medidas adoptadas por el Gobierno son para proteger \u00abla vida y la salud\u00bb, y calificaron a las posturas de la oposici\u00f3n como \u00abmezquinas y electoralistas\u00bb.<!--more--><\/p>\n<div id=\"image\" class=\"image\">\n<p><img decoding=\"async\" title=\"Para Cetera y sadop las medidas adoptadas por el Gobierno para proteger &quot;la vida y la salud&quot;.\" src=\"https:\/\/www.telam.com.ar\/advf\/imagenes\/2021\/04\/6076f22da5729_1004x565.jpg\" alt=\"Para Cetera y sadop las medidas adoptadas por el Gobierno para proteger &quot;la vida y la salud&quot;.\" \/><\/p>\n<div class=\"epigrafe\">Para Cetera y sadop las medidas adoptadas por el Gobierno para proteger \u00abla vida y la salud\u00bb.<\/div>\n<\/div>\n<p>La Confederaci\u00f3n de Trabajadores de la Educaci\u00f3n (Ctera) y el Sindicato Argentino de Docentes Privados (Sadop) respaldaron al presidente Alberto Fern\u00e1ndez y las medidas adoptadas por el Gobierno para proteger \u00abla vida y la salud\u00bb, y repudiaron las posturas de la oposici\u00f3n, a las que calificaron como \u00abmezquinas y electoralistas\u00bb.<\/p>\n<p>Los gremios\u00a0<strong>criticaron a aquellos que atacan de manera feroz y desde los medios de comunicaci\u00f3n y las redes sociales sostienen que \u00ablas escuelas deben continuar abiertas\u00bb,<\/strong>\u00a0pero son los mismos que\u00a0<strong>cuando eran gobierno \u00abdesatendieron a la educaci\u00f3n, cerraron escuelas e implementaron medidas en detrimento de los docentes, y reprimieron las protestas<\/strong>\u00a0cada vez que los sindicatos estuvieron en la calle en defensa de los derechos\u00bb.<\/p>\n<p>Las medidas oficiales fueron adoptadas en consulta permanente con especialistas epidemiol\u00f3gicos y sanitaristas y, quienes \u00ablas critican y descalifican, confunden y mienten a la opini\u00f3n p\u00fablica con declaraciones falaces sobre las vacunas y las restricciones decididas ante el avance de la pandemia y de nuevas cepas, y son los mismos que desatendieron las pol\u00edticas p\u00fablicas de salud y eliminaron el Ministerio de Salud\u00bb.<\/p>\n<p>La Ctera y el Sadop repudiaron esas posiciones porque atentan contra la solidaridad y la vida en democracia, y tambi\u00e9n rechazaron \u00ablas medidas que procura impulsar el Gobierno porte\u00f1o, cuyos efectos posibles repercutir\u00e1n en el AMBA y arriesgar\u00e1n a todos\u00bb.<\/p>\n<blockquote class=\"twitter-tweet\" data-width=\"500\" data-dnt=\"true\">\n<p lang=\"es\" dir=\"ltr\">En defensa de la salud y la educaci\u00f3n. CTERA y SADOP <a href=\"https:\/\/t.co\/fhrXqnO5nq\">pic.twitter.com\/fhrXqnO5nq<\/a><\/p>\n<p>&mdash; Sadop Naci\u00f3n (@sadopnacion) <a href=\"https:\/\/twitter.com\/sadopnacion\/status\/1383152571133616129?ref_src=twsrc%5Etfw\">April 16, 2021<\/a><\/p><\/blockquote>\n<p><script async src=\"https:\/\/platform.twitter.com\/widgets.js\" charset=\"utf-8\"><\/script><\/p>\n<div class=\"js-code\"><\/div>\n<p><strong>Un documento firmado por ambos gremios<\/strong>\u00a0reafirm\u00f3 \u00abel compromiso hist\u00f3rico y la lucha inclaudicable en defensa de la educaci\u00f3n p\u00fablica\u00bb, y exigi\u00f3 que el acceso y permanencia en el sistema educativo sea garantizado en igualdad de condiciones y posibilidades.<\/p>\n<p>\u00abDesde el inicio de la Covid-19 los trabajadores garantizaron la continuidad pedag\u00f3gica. Los gremios est\u00e1n convencidos que nada reemplaza a la presencialidad, pero tambi\u00e9n saben que las \u00faltimas resoluciones se basan en cuestiones sanitarias, porque el valor de la vida debe prevalecer sin mezquinos debates pol\u00edticos electoralistas\u00bb, enfatizaron.<\/p>\n<p>La Ctera y el Sadop, que conducen Sonia Alesso y Jorge Kalinger, remarcaron que las medidas del Gobierno son limitadas en el tiempo y en sus alcances territoriales y atienden cuestiones epidemiol\u00f3gicas y sanitarias, y a\u00f1adieron que \u00abla velocidad de los contagios y la ocupaci\u00f3n del sistema de salud son alarmantes en el AMBA y justifican restricciones\u00bb.<\/p>\n<p>\u00abSon justificables y tienen legitimidad las restricciones transitorias, en el contexto de la legalidad y la Constituci\u00f3n. En el mundo se monitorea de manera permanente y se va y viene de situaciones de apertura a cierres secuenciales y acotados seg\u00fan cada realidad sanitaria. En la Argentina la pandemia exige medidas urgentes que prioricen el cuidado de la salud, mientras avanza el plan de vacunaci\u00f3n nacional\u00bb, a\u00f1adieron.<\/p>\n<p>\u00ab<strong>Queremos escuelas abiertas cuando la presencialidad sea segura y cuidada<\/strong>, con efectivo control del cumplimiento de los protocolos en todas las jurisdicciones; cuando las condiciones sanitarias lo permitan y no se arriesgue la salud y la vida de los trabajadores de la educaci\u00f3n, de los estudiantes y de sus familias.\u00a0<strong>La salud es un derecho individual y social y se defiende de manera colectiva y con un Estado presente\u00bb,\u00a0<\/strong>concluyeron.<\/p>\n<div class=\"auth\">Las clases no se suspenden<\/div>\n<p>El secretario general adjunto de UTE, Eduardo L\u00f3pez, resalt\u00f3 este viernes que \u00ablas clases no se suspenden sino que se realizan con la modalidad virtual\u00bb durante las pr\u00f3ximas dos semanas, al tiempo que especific\u00f3 que s\u00f3lo \u00aben el primer mes de presencialidad hubo 1.250 contagios\u00bb de coronavirus.<\/p>\n<p>El sindicalista ratific\u00f3 as\u00ed el apoyo a las medidas dispuestas por el presidente Alberto Fern\u00e1ndez, oficializadas este viernes en el Bolet\u00edn Oficial, donde se estipula que<strong>la presencialidad en las escuelas estar\u00e1 interrumpida en la zona del AMBA por las pr\u00f3ximas dos semanas<\/strong>para evitar la propagaci\u00f3n de la pandemia.<\/p>\n<p>En di\u00e1logo con T\u00e9lam, L\u00f3pez explic\u00f3 que \u00ablas clases no se suspenden, esto hay que aclararlo, lo que va a pasar es que se van a realizar con otra modalidad, que es la virtual\u00bb.<\/p>\n<p>\u00abEl primer mes de clases presenciales hubo 1.250 contagios\u00bb, especific\u00f3; y a\u00f1adi\u00f3 que \u00abson 5.006 docentes, no docentes y estudiantes contagiados en CABA\u00bb los que se registraron hasta el momento.<\/p>\n<p>Por otra parte, dijo que<strong>existen \u00ab313 casos positivos de la comunidad educativa por d\u00eda<\/strong>desde el 17 de marzo al 12 de abril\u201d.<\/p>\n<p>Por \u00faltimo, L\u00f3pez aclar\u00f3 tambi\u00e9n que \u00abel n\u00famero 5.006 de contagios en escuelas de CABA es el 0,71% de 700.518 que es el total de la comunidad educativa porte\u00f1a (docentes no docentes y estudiantes)\u00bb.<\/p>\n","protected":false},"excerpt":{"rendered":"<p>Ctera, Sadop y UTE consideraron que las medidas adoptadas por el Gobierno son para proteger \u00abla vida y la salud\u00bb, y calificaron a las posturas de la oposici\u00f3n como \u00abmezquinas y electoralistas\u00bb.<\/p>\n","protected":false},"author":3,"featured_media":0,"comment_status":"closed","ping_status":"open","sticky":false,"template":"","format":"standard","meta":{"footnotes":""},"categories":[34,30],"tags":[],"class_list":["post-55523","post","type-post","status-publish","format-standard","hentry","category-educacion","category-salud"],"yoast_head":"<!-- This site is optimized with the Yoast SEO plugin v25.9 - https:\/\/yoast.com\/wordpress\/plugins\/seo\/ -->\n<title>Los gremios docentes respaldaron al Presidente y repudiaron la posici\u00f3n opositora - Noticias Radio Reflejos<\/title>\n<meta name=\"robots\" content=\"index, follow, max-snippet:-1, max-image-preview:large, max-video-preview:-1\" \/>\n<link rel=\"canonical\" href=\"https:\/\/www.noticiasradioreflejos.com.ar\/2021\/los-gremios-docentes-respaldaron-al-presidente-y-repudiaron-la-posicion-opositora\/\" \/>\n<meta property=\"og:locale\" content=\"es_ES\" \/>\n<meta property=\"og:type\" content=\"article\" \/>\n<meta property=\"og:title\" content=\"Los gremios docentes respaldaron al Presidente y repudiaron la posici\u00f3n opositora - Noticias Radio Reflejos\" \/>\n<meta property=\"og:description\" content=\"Ctera, Sadop y UTE consideraron que las medidas adoptadas por el Gobierno son para proteger \u00abla vida y la salud\u00bb, y calificaron a las posturas de la oposici\u00f3n como \u00abmezquinas y electoralistas\u00bb.\" \/>\n<meta property=\"og:url\" content=\"https:\/\/www.noticiasradioreflejos.com.ar\/2021\/los-gremios-docentes-respaldaron-al-presidente-y-repudiaron-la-posicion-opositora\/\" \/>\n<meta property=\"og:site_name\" content=\"Noticias Radio Reflejos\" \/>\n<meta property=\"article:published_time\" content=\"2021-04-17T01:08:21+00:00\" \/>\n<meta property=\"og:image\" content=\"https:\/\/www.telam.com.ar\/advf\/imagenes\/2021\/04\/6076f22da5729_1004x565.jpg\" \/>\n<meta name=\"author\" content=\"Arnaldo Botto\" \/>\n<meta name=\"twitter:card\" content=\"summary_large_image\" \/>\n<script type=\"application\/ld+json\" class=\"yoast-schema-graph\">{\"@context\":\"https:\/\/schema.org\",\"@graph\":[{\"@type\":\"WebPage\",\"@id\":\"https:\/\/www.noticiasradioreflejos.com.ar\/2021\/los-gremios-docentes-respaldaron-al-presidente-y-repudiaron-la-posicion-opositora\/\",\"url\":\"https:\/\/www.noticiasradioreflejos.com.ar\/2021\/los-gremios-docentes-respaldaron-al-presidente-y-repudiaron-la-posicion-opositora\/\",\"name\":\"Los gremios docentes respaldaron al Presidente y repudiaron la posici\u00f3n opositora - Noticias Radio Reflejos\",\"isPartOf\":{\"@id\":\"https:\/\/www.noticiasradioreflejos.com.ar\/2021\/#website\"},\"primaryImageOfPage\":{\"@id\":\"https:\/\/www.noticiasradioreflejos.com.ar\/2021\/los-gremios-docentes-respaldaron-al-presidente-y-repudiaron-la-posicion-opositora\/#primaryimage\"},\"image\":{\"@id\":\"https:\/\/www.noticiasradioreflejos.com.ar\/2021\/los-gremios-docentes-respaldaron-al-presidente-y-repudiaron-la-posicion-opositora\/#primaryimage\"},\"thumbnailUrl\":\"https:\/\/www.telam.com.ar\/advf\/imagenes\/2021\/04\/6076f22da5729_1004x565.jpg\",\"datePublished\":\"2021-04-17T01:08:21+00:00\",\"author\":{\"@id\":\"https:\/\/www.noticiasradioreflejos.com.ar\/2021\/#\/schema\/person\/ad82545263dcc5ec0996818884fd5fb1\"},\"breadcrumb\":{\"@id\":\"https:\/\/www.noticiasradioreflejos.com.ar\/2021\/los-gremios-docentes-respaldaron-al-presidente-y-repudiaron-la-posicion-opositora\/#breadcrumb\"},\"inLanguage\":\"es\",\"potentialAction\":[{\"@type\":\"ReadAction\",\"target\":[\"https:\/\/www.noticiasradioreflejos.com.ar\/2021\/los-gremios-docentes-respaldaron-al-presidente-y-repudiaron-la-posicion-opositora\/\"]}]},{\"@type\":\"ImageObject\",\"inLanguage\":\"es\",\"@id\":\"https:\/\/www.noticiasradioreflejos.com.ar\/2021\/los-gremios-docentes-respaldaron-al-presidente-y-repudiaron-la-posicion-opositora\/#primaryimage\",\"url\":\"https:\/\/www.telam.com.ar\/advf\/imagenes\/2021\/04\/6076f22da5729_1004x565.jpg\",\"contentUrl\":\"https:\/\/www.telam.com.ar\/advf\/imagenes\/2021\/04\/6076f22da5729_1004x565.jpg\"},{\"@type\":\"BreadcrumbList\",\"@id\":\"https:\/\/www.noticiasradioreflejos.com.ar\/2021\/los-gremios-docentes-respaldaron-al-presidente-y-repudiaron-la-posicion-opositora\/#breadcrumb\",\"itemListElement\":[{\"@type\":\"ListItem\",\"position\":1,\"name\":\"Portada\",\"item\":\"https:\/\/www.noticiasradioreflejos.com.ar\/2021\/\"},{\"@type\":\"ListItem\",\"position\":2,\"name\":\"Los gremios docentes respaldaron al Presidente y repudiaron la posici\u00f3n opositora\"}]},{\"@type\":\"WebSite\",\"@id\":\"https:\/\/www.noticiasradioreflejos.com.ar\/2021\/#website\",\"url\":\"https:\/\/www.noticiasradioreflejos.com.ar\/2021\/\",\"name\":\"Noticias Radio Reflejos\",\"description\":\"Las noticias de mi comarca\",\"potentialAction\":[{\"@type\":\"SearchAction\",\"target\":{\"@type\":\"EntryPoint\",\"urlTemplate\":\"https:\/\/www.noticiasradioreflejos.com.ar\/2021\/?s={search_term_string}\"},\"query-input\":{\"@type\":\"PropertyValueSpecification\",\"valueRequired\":true,\"valueName\":\"search_term_string\"}}],\"inLanguage\":\"es\"},{\"@type\":\"Person\",\"@id\":\"https:\/\/www.noticiasradioreflejos.com.ar\/2021\/#\/schema\/person\/ad82545263dcc5ec0996818884fd5fb1\",\"name\":\"Arnaldo Botto\",\"image\":{\"@type\":\"ImageObject\",\"inLanguage\":\"es\",\"@id\":\"https:\/\/www.noticiasradioreflejos.com.ar\/2021\/#\/schema\/person\/image\/\",\"url\":\"https:\/\/secure.gravatar.com\/avatar\/55cb5e37c1efa326397366e6974cb338056df65cb50e7d64d1cf314e87504837?s=96&d=mm&r=g\",\"contentUrl\":\"https:\/\/secure.gravatar.com\/avatar\/55cb5e37c1efa326397366e6974cb338056df65cb50e7d64d1cf314e87504837?s=96&d=mm&r=g\",\"caption\":\"Arnaldo Botto\"},\"url\":\"https:\/\/www.noticiasradioreflejos.com.ar\/2021\/author\/arnaldo\/\"}]}<\/script>\n<!-- \/ Yoast SEO plugin. -->","yoast_head_json":{"title":"Los gremios docentes respaldaron al Presidente y repudiaron la posici\u00f3n opositora - Noticias Radio Reflejos","robots":{"index":"index","follow":"follow","max-snippet":"max-snippet:-1","max-image-preview":"max-image-preview:large","max-video-preview":"max-video-preview:-1"},"canonical":"https:\/\/www.noticiasradioreflejos.com.ar\/2021\/los-gremios-docentes-respaldaron-al-presidente-y-repudiaron-la-posicion-opositora\/","og_locale":"es_ES","og_type":"article","og_title":"Los gremios docentes respaldaron al Presidente y repudiaron la posici\u00f3n opositora - Noticias Radio Reflejos","og_description":"Ctera, Sadop y UTE consideraron que las medidas adoptadas por el Gobierno son para proteger \u00abla vida y la salud\u00bb, y calificaron a las posturas de la oposici\u00f3n como \u00abmezquinas y electoralistas\u00bb.","og_url":"https:\/\/www.noticiasradioreflejos.com.ar\/2021\/los-gremios-docentes-respaldaron-al-presidente-y-repudiaron-la-posicion-opositora\/","og_site_name":"Noticias Radio Reflejos","article_published_time":"2021-04-17T01:08:21+00:00","og_image":[{"url":"https:\/\/www.telam.com.ar\/advf\/imagenes\/2021\/04\/6076f22da5729_1004x565.jpg","type":"","width":"","height":""}],"author":"Arnaldo Botto","twitter_card":"summary_large_image","schema":{"@context":"https:\/\/schema.org","@graph":[{"@type":"WebPage","@id":"https:\/\/www.noticiasradioreflejos.com.ar\/2021\/los-gremios-docentes-respaldaron-al-presidente-y-repudiaron-la-posicion-opositora\/","url":"https:\/\/www.noticiasradioreflejos.com.ar\/2021\/los-gremios-docentes-respaldaron-al-presidente-y-repudiaron-la-posicion-opositora\/","name":"Los gremios docentes respaldaron al Presidente y repudiaron la posici\u00f3n opositora - Noticias Radio Reflejos","isPartOf":{"@id":"https:\/\/www.noticiasradioreflejos.com.ar\/2021\/#website"},"primaryImageOfPage":{"@id":"https:\/\/www.noticiasradioreflejos.com.ar\/2021\/los-gremios-docentes-respaldaron-al-presidente-y-repudiaron-la-posicion-opositora\/#primaryimage"},"image":{"@id":"https:\/\/www.noticiasradioreflejos.com.ar\/2021\/los-gremios-docentes-respaldaron-al-presidente-y-repudiaron-la-posicion-opositora\/#primaryimage"},"thumbnailUrl":"https:\/\/www.telam.com.ar\/advf\/imagenes\/2021\/04\/6076f22da5729_1004x565.jpg","datePublished":"2021-04-17T01:08:21+00:00","author":{"@id":"https:\/\/www.noticiasradioreflejos.com.ar\/2021\/#\/schema\/person\/ad82545263dcc5ec0996818884fd5fb1"},"breadcrumb":{"@id":"https:\/\/www.noticiasradioreflejos.com.ar\/2021\/los-gremios-docentes-respaldaron-al-presidente-y-repudiaron-la-posicion-opositora\/#breadcrumb"},"inLanguage":"es","potentialAction":[{"@type":"ReadAction","target":["https:\/\/www.noticiasradioreflejos.com.ar\/2021\/los-gremios-docentes-respaldaron-al-presidente-y-repudiaron-la-posicion-opositora\/"]}]},{"@type":"ImageObject","inLanguage":"es","@id":"https:\/\/www.noticiasradioreflejos.com.ar\/2021\/los-gremios-docentes-respaldaron-al-presidente-y-repudiaron-la-posicion-opositora\/#primaryimage","url":"https:\/\/www.telam.com.ar\/advf\/imagenes\/2021\/04\/6076f22da5729_1004x565.jpg","contentUrl":"https:\/\/www.telam.com.ar\/advf\/imagenes\/2021\/04\/6076f22da5729_1004x565.jpg"},{"@type":"BreadcrumbList","@id":"https:\/\/www.noticiasradioreflejos.com.ar\/2021\/los-gremios-docentes-respaldaron-al-presidente-y-repudiaron-la-posicion-opositora\/#breadcrumb","itemListElement":[{"@type":"ListItem","position":1,"name":"Portada","item":"https:\/\/www.noticiasradioreflejos.com.ar\/2021\/"},{"@type":"ListItem","position":2,"name":"Los gremios docentes respaldaron al Presidente y repudiaron la posici\u00f3n opositora"}]},{"@type":"WebSite","@id":"https:\/\/www.noticiasradioreflejos.com.ar\/2021\/#website","url":"https:\/\/www.noticiasradioreflejos.com.ar\/2021\/","name":"Noticias Radio Reflejos","description":"Las noticias de mi comarca","potentialAction":[{"@type":"SearchAction","target":{"@type":"EntryPoint","urlTemplate":"https:\/\/www.noticiasradioreflejos.com.ar\/2021\/?s={search_term_string}"},"query-input":{"@type":"PropertyValueSpecification","valueRequired":true,"valueName":"search_term_string"}}],"inLanguage":"es"},{"@type":"Person","@id":"https:\/\/www.noticiasradioreflejos.com.ar\/2021\/#\/schema\/person\/ad82545263dcc5ec0996818884fd5fb1","name":"Arnaldo Botto","image":{"@type":"ImageObject","inLanguage":"es","@id":"https:\/\/www.noticiasradioreflejos.com.ar\/2021\/#\/schema\/person\/image\/","url":"https:\/\/secure.gravatar.com\/avatar\/55cb5e37c1efa326397366e6974cb338056df65cb50e7d64d1cf314e87504837?s=96&d=mm&r=g","contentUrl":"https:\/\/secure.gravatar.com\/avatar\/55cb5e37c1efa326397366e6974cb338056df65cb50e7d64d1cf314e87504837?s=96&d=mm&r=g","caption":"Arnaldo Botto"},"url":"https:\/\/www.noticiasradioreflejos.com.ar\/2021\/author\/arnaldo\/"}]}},"_links":{"self":[{"href":"https:\/\/www.noticiasradioreflejos.com.ar\/2021\/wp-json\/wp\/v2\/posts\/55523","targetHints":{"allow":["GET"]}}],"collection":[{"href":"https:\/\/www.noticiasradioreflejos.com.ar\/2021\/wp-json\/wp\/v2\/posts"}],"about":[{"href":"https:\/\/www.noticiasradioreflejos.com.ar\/2021\/wp-json\/wp\/v2\/types\/post"}],"author":[{"embeddable":true,"href":"https:\/\/www.noticiasradioreflejos.com.ar\/2021\/wp-json\/wp\/v2\/users\/3"}],"replies":[{"embeddable":true,"href":"https:\/\/www.noticiasradioreflejos.com.ar\/2021\/wp-json\/wp\/v2\/comments?post=55523"}],"version-history":[{"count":0,"href":"https:\/\/www.noticiasradioreflejos.com.ar\/2021\/wp-json\/wp\/v2\/posts\/55523\/revisions"}],"wp:attachment":[{"href":"https:\/\/www.noticiasradioreflejos.com.ar\/2021\/wp-json\/wp\/v2\/media?parent=55523"}],"wp:term":[{"taxonomy":"category","embeddable":true,"href":"https:\/\/www.noticiasradioreflejos.com.ar\/2021\/wp-json\/wp\/v2\/categories?post=55523"},{"taxonomy":"post_tag","embeddable":true,"href":"https:\/\/www.noticiasradioreflejos.com.ar\/2021\/wp-json\/wp\/v2\/tags?post=55523"}],"curies":[{"name":"wp","href":"https:\/\/api.w.org\/{rel}","templated":true}]}}