{"id":55519,"date":"2021-04-16T21:58:17","date_gmt":"2021-04-17T00:58:17","guid":{"rendered":"http:\/\/www.noticiasradioreflejos.com.ar\/noticias\/?p=55519"},"modified":"2021-04-16T21:58:17","modified_gmt":"2021-04-17T00:58:17","slug":"alerta-por-estafas-telefonicas-con-la-supuesta-asignacion-de-turnos-para-la-vacunacion-contra-el-covid-19","status":"publish","type":"post","link":"https:\/\/www.noticiasradioreflejos.com.ar\/2021\/alerta-por-estafas-telefonicas-con-la-supuesta-asignacion-de-turnos-para-la-vacunacion-contra-el-covid-19\/","title":{"rendered":"Alerta por estafas telef\u00f3nicas con la supuesta asignaci\u00f3n de turnos para la vacunaci\u00f3n contra el Covid-19"},"content":{"rendered":"<p>La Secretar\u00eda de Gobierno y Seguridad de Tornquist Municipio pone en alerta a la poblaci\u00f3n del distrito ante intentos de estafas telef\u00f3nicas registradas en las \u00faltimas horas con respecto a la vacunaci\u00f3n contra el Covid-19.<!--more--><\/p>\n<p>Seg\u00fan se denunci\u00f3, el modus operandi de los estafadores consta en llamar en nombre del Ministerio de Salud de la Provincia de Buenos Aires informando la supuesta asignaci\u00f3n de turnos para recibir la vacuna y, para \u201cconfirmarlo\u201d, solicitan datos de alguna tarjeta de cr\u00e9dito.<br \/>\nAnte estos hechos, se solicita en lo posible registrar el n\u00famero del que se recibi\u00f3 la llamada y dar aviso a la polic\u00eda.<\/p>\n","protected":false},"excerpt":{"rendered":"<p>La Secretar\u00eda de Gobierno y Seguridad de Tornquist Municipio pone en alerta a la poblaci\u00f3n del distrito ante intentos de estafas telef\u00f3nicas registradas en las \u00faltimas horas con respecto a la vacunaci\u00f3n contra el Covid-19.<\/p>\n","protected":false},"author":3,"featured_media":41053,"comment_status":"closed","ping_status":"open","sticky":false,"template":"","format":"standard","meta":{"footnotes":""},"categories":[28,29],"tags":[],"class_list":["post-55519","post","type-post","status-publish","format-standard","has-post-thumbnail","hentry","category-municipales","category-policiales"],"yoast_head":"<!-- This site is optimized with the Yoast SEO plugin v25.9 - https:\/\/yoast.com\/wordpress\/plugins\/seo\/ -->\n<title>Alerta por estafas telef\u00f3nicas con la supuesta asignaci\u00f3n de turnos para la vacunaci\u00f3n contra el Covid-19 - Noticias Radio Reflejos<\/title>\n<meta name=\"robots\" content=\"index, follow, max-snippet:-1, max-image-preview:large, max-video-preview:-1\" \/>\n<link rel=\"canonical\" href=\"https:\/\/www.noticiasradioreflejos.com.ar\/2021\/alerta-por-estafas-telefonicas-con-la-supuesta-asignacion-de-turnos-para-la-vacunacion-contra-el-covid-19\/\" \/>\n<meta property=\"og:locale\" content=\"es_ES\" \/>\n<meta property=\"og:type\" content=\"article\" \/>\n<meta property=\"og:title\" content=\"Alerta por estafas telef\u00f3nicas con la supuesta asignaci\u00f3n de turnos para la vacunaci\u00f3n contra el Covid-19 - Noticias Radio Reflejos\" \/>\n<meta property=\"og:description\" content=\"La Secretar\u00eda de Gobierno y Seguridad de Tornquist Municipio pone en alerta a la poblaci\u00f3n del distrito ante intentos de estafas telef\u00f3nicas registradas en las \u00faltimas horas con respecto a la vacunaci\u00f3n contra el Covid-19.\" \/>\n<meta property=\"og:url\" content=\"https:\/\/www.noticiasradioreflejos.com.ar\/2021\/alerta-por-estafas-telefonicas-con-la-supuesta-asignacion-de-turnos-para-la-vacunacion-contra-el-covid-19\/\" \/>\n<meta property=\"og:site_name\" content=\"Noticias Radio Reflejos\" \/>\n<meta property=\"article:published_time\" content=\"2021-04-17T00:58:17+00:00\" \/>\n<meta property=\"og:image\" content=\"https:\/\/www.noticiasradioreflejos.com.ar\/2021\/wp-content\/uploads\/2020\/04\/hacking-fraude-telefonico.jpg\" \/>\n\t<meta property=\"og:image:width\" content=\"567\" \/>\n\t<meta property=\"og:image:height\" content=\"248\" \/>\n\t<meta property=\"og:image:type\" content=\"image\/jpeg\" \/>\n<meta name=\"author\" content=\"Arnaldo Botto\" \/>\n<meta name=\"twitter:card\" content=\"summary_large_image\" \/>\n<script type=\"application\/ld+json\" class=\"yoast-schema-graph\">{\"@context\":\"https:\/\/schema.org\",\"@graph\":[{\"@type\":\"WebPage\",\"@id\":\"https:\/\/www.noticiasradioreflejos.com.ar\/2021\/alerta-por-estafas-telefonicas-con-la-supuesta-asignacion-de-turnos-para-la-vacunacion-contra-el-covid-19\/\",\"url\":\"https:\/\/www.noticiasradioreflejos.com.ar\/2021\/alerta-por-estafas-telefonicas-con-la-supuesta-asignacion-de-turnos-para-la-vacunacion-contra-el-covid-19\/\",\"name\":\"Alerta por estafas telef\u00f3nicas con la supuesta asignaci\u00f3n de turnos para la vacunaci\u00f3n contra el Covid-19 - Noticias Radio Reflejos\",\"isPartOf\":{\"@id\":\"https:\/\/www.noticiasradioreflejos.com.ar\/2021\/#website\"},\"primaryImageOfPage\":{\"@id\":\"https:\/\/www.noticiasradioreflejos.com.ar\/2021\/alerta-por-estafas-telefonicas-con-la-supuesta-asignacion-de-turnos-para-la-vacunacion-contra-el-covid-19\/#primaryimage\"},\"image\":{\"@id\":\"https:\/\/www.noticiasradioreflejos.com.ar\/2021\/alerta-por-estafas-telefonicas-con-la-supuesta-asignacion-de-turnos-para-la-vacunacion-contra-el-covid-19\/#primaryimage\"},\"thumbnailUrl\":\"https:\/\/www.noticiasradioreflejos.com.ar\/2021\/wp-content\/uploads\/2020\/04\/hacking-fraude-telefonico.jpg\",\"datePublished\":\"2021-04-17T00:58:17+00:00\",\"author\":{\"@id\":\"https:\/\/www.noticiasradioreflejos.com.ar\/2021\/#\/schema\/person\/ad82545263dcc5ec0996818884fd5fb1\"},\"breadcrumb\":{\"@id\":\"https:\/\/www.noticiasradioreflejos.com.ar\/2021\/alerta-por-estafas-telefonicas-con-la-supuesta-asignacion-de-turnos-para-la-vacunacion-contra-el-covid-19\/#breadcrumb\"},\"inLanguage\":\"es\",\"potentialAction\":[{\"@type\":\"ReadAction\",\"target\":[\"https:\/\/www.noticiasradioreflejos.com.ar\/2021\/alerta-por-estafas-telefonicas-con-la-supuesta-asignacion-de-turnos-para-la-vacunacion-contra-el-covid-19\/\"]}]},{\"@type\":\"ImageObject\",\"inLanguage\":\"es\",\"@id\":\"https:\/\/www.noticiasradioreflejos.com.ar\/2021\/alerta-por-estafas-telefonicas-con-la-supuesta-asignacion-de-turnos-para-la-vacunacion-contra-el-covid-19\/#primaryimage\",\"url\":\"https:\/\/www.noticiasradioreflejos.com.ar\/2021\/wp-content\/uploads\/2020\/04\/hacking-fraude-telefonico.jpg\",\"contentUrl\":\"https:\/\/www.noticiasradioreflejos.com.ar\/2021\/wp-content\/uploads\/2020\/04\/hacking-fraude-telefonico.jpg\",\"width\":567,\"height\":248},{\"@type\":\"BreadcrumbList\",\"@id\":\"https:\/\/www.noticiasradioreflejos.com.ar\/2021\/alerta-por-estafas-telefonicas-con-la-supuesta-asignacion-de-turnos-para-la-vacunacion-contra-el-covid-19\/#breadcrumb\",\"itemListElement\":[{\"@type\":\"ListItem\",\"position\":1,\"name\":\"Portada\",\"item\":\"https:\/\/www.noticiasradioreflejos.com.ar\/2021\/\"},{\"@type\":\"ListItem\",\"position\":2,\"name\":\"Alerta por estafas telef\u00f3nicas con la supuesta asignaci\u00f3n de turnos para la vacunaci\u00f3n contra el Covid-19\"}]},{\"@type\":\"WebSite\",\"@id\":\"https:\/\/www.noticiasradioreflejos.com.ar\/2021\/#website\",\"url\":\"https:\/\/www.noticiasradioreflejos.com.ar\/2021\/\",\"name\":\"Noticias Radio Reflejos\",\"description\":\"Las noticias de mi comarca\",\"potentialAction\":[{\"@type\":\"SearchAction\",\"target\":{\"@type\":\"EntryPoint\",\"urlTemplate\":\"https:\/\/www.noticiasradioreflejos.com.ar\/2021\/?s={search_term_string}\"},\"query-input\":{\"@type\":\"PropertyValueSpecification\",\"valueRequired\":true,\"valueName\":\"search_term_string\"}}],\"inLanguage\":\"es\"},{\"@type\":\"Person\",\"@id\":\"https:\/\/www.noticiasradioreflejos.com.ar\/2021\/#\/schema\/person\/ad82545263dcc5ec0996818884fd5fb1\",\"name\":\"Arnaldo Botto\",\"image\":{\"@type\":\"ImageObject\",\"inLanguage\":\"es\",\"@id\":\"https:\/\/www.noticiasradioreflejos.com.ar\/2021\/#\/schema\/person\/image\/\",\"url\":\"https:\/\/secure.gravatar.com\/avatar\/55cb5e37c1efa326397366e6974cb338056df65cb50e7d64d1cf314e87504837?s=96&d=mm&r=g\",\"contentUrl\":\"https:\/\/secure.gravatar.com\/avatar\/55cb5e37c1efa326397366e6974cb338056df65cb50e7d64d1cf314e87504837?s=96&d=mm&r=g\",\"caption\":\"Arnaldo Botto\"},\"url\":\"https:\/\/www.noticiasradioreflejos.com.ar\/2021\/author\/arnaldo\/\"}]}<\/script>\n<!-- \/ Yoast SEO plugin. -->","yoast_head_json":{"title":"Alerta por estafas telef\u00f3nicas con la supuesta asignaci\u00f3n de turnos para la vacunaci\u00f3n contra el Covid-19 - Noticias Radio Reflejos","robots":{"index":"index","follow":"follow","max-snippet":"max-snippet:-1","max-image-preview":"max-image-preview:large","max-video-preview":"max-video-preview:-1"},"canonical":"https:\/\/www.noticiasradioreflejos.com.ar\/2021\/alerta-por-estafas-telefonicas-con-la-supuesta-asignacion-de-turnos-para-la-vacunacion-contra-el-covid-19\/","og_locale":"es_ES","og_type":"article","og_title":"Alerta por estafas telef\u00f3nicas con la supuesta asignaci\u00f3n de turnos para la vacunaci\u00f3n contra el Covid-19 - Noticias Radio Reflejos","og_description":"La Secretar\u00eda de Gobierno y Seguridad de Tornquist Municipio pone en alerta a la poblaci\u00f3n del distrito ante intentos de estafas telef\u00f3nicas registradas en las \u00faltimas horas con respecto a la vacunaci\u00f3n contra el Covid-19.","og_url":"https:\/\/www.noticiasradioreflejos.com.ar\/2021\/alerta-por-estafas-telefonicas-con-la-supuesta-asignacion-de-turnos-para-la-vacunacion-contra-el-covid-19\/","og_site_name":"Noticias Radio Reflejos","article_published_time":"2021-04-17T00:58:17+00:00","og_image":[{"width":567,"height":248,"url":"https:\/\/www.noticiasradioreflejos.com.ar\/2021\/wp-content\/uploads\/2020\/04\/hacking-fraude-telefonico.jpg","type":"image\/jpeg"}],"author":"Arnaldo Botto","twitter_card":"summary_large_image","schema":{"@context":"https:\/\/schema.org","@graph":[{"@type":"WebPage","@id":"https:\/\/www.noticiasradioreflejos.com.ar\/2021\/alerta-por-estafas-telefonicas-con-la-supuesta-asignacion-de-turnos-para-la-vacunacion-contra-el-covid-19\/","url":"https:\/\/www.noticiasradioreflejos.com.ar\/2021\/alerta-por-estafas-telefonicas-con-la-supuesta-asignacion-de-turnos-para-la-vacunacion-contra-el-covid-19\/","name":"Alerta por estafas telef\u00f3nicas con la supuesta asignaci\u00f3n de turnos para la vacunaci\u00f3n contra el Covid-19 - Noticias Radio Reflejos","isPartOf":{"@id":"https:\/\/www.noticiasradioreflejos.com.ar\/2021\/#website"},"primaryImageOfPage":{"@id":"https:\/\/www.noticiasradioreflejos.com.ar\/2021\/alerta-por-estafas-telefonicas-con-la-supuesta-asignacion-de-turnos-para-la-vacunacion-contra-el-covid-19\/#primaryimage"},"image":{"@id":"https:\/\/www.noticiasradioreflejos.com.ar\/2021\/alerta-por-estafas-telefonicas-con-la-supuesta-asignacion-de-turnos-para-la-vacunacion-contra-el-covid-19\/#primaryimage"},"thumbnailUrl":"https:\/\/www.noticiasradioreflejos.com.ar\/2021\/wp-content\/uploads\/2020\/04\/hacking-fraude-telefonico.jpg","datePublished":"2021-04-17T00:58:17+00:00","author":{"@id":"https:\/\/www.noticiasradioreflejos.com.ar\/2021\/#\/schema\/person\/ad82545263dcc5ec0996818884fd5fb1"},"breadcrumb":{"@id":"https:\/\/www.noticiasradioreflejos.com.ar\/2021\/alerta-por-estafas-telefonicas-con-la-supuesta-asignacion-de-turnos-para-la-vacunacion-contra-el-covid-19\/#breadcrumb"},"inLanguage":"es","potentialAction":[{"@type":"ReadAction","target":["https:\/\/www.noticiasradioreflejos.com.ar\/2021\/alerta-por-estafas-telefonicas-con-la-supuesta-asignacion-de-turnos-para-la-vacunacion-contra-el-covid-19\/"]}]},{"@type":"ImageObject","inLanguage":"es","@id":"https:\/\/www.noticiasradioreflejos.com.ar\/2021\/alerta-por-estafas-telefonicas-con-la-supuesta-asignacion-de-turnos-para-la-vacunacion-contra-el-covid-19\/#primaryimage","url":"https:\/\/www.noticiasradioreflejos.com.ar\/2021\/wp-content\/uploads\/2020\/04\/hacking-fraude-telefonico.jpg","contentUrl":"https:\/\/www.noticiasradioreflejos.com.ar\/2021\/wp-content\/uploads\/2020\/04\/hacking-fraude-telefonico.jpg","width":567,"height":248},{"@type":"BreadcrumbList","@id":"https:\/\/www.noticiasradioreflejos.com.ar\/2021\/alerta-por-estafas-telefonicas-con-la-supuesta-asignacion-de-turnos-para-la-vacunacion-contra-el-covid-19\/#breadcrumb","itemListElement":[{"@type":"ListItem","position":1,"name":"Portada","item":"https:\/\/www.noticiasradioreflejos.com.ar\/2021\/"},{"@type":"ListItem","position":2,"name":"Alerta por estafas telef\u00f3nicas con la supuesta asignaci\u00f3n de turnos para la vacunaci\u00f3n contra el Covid-19"}]},{"@type":"WebSite","@id":"https:\/\/www.noticiasradioreflejos.com.ar\/2021\/#website","url":"https:\/\/www.noticiasradioreflejos.com.ar\/2021\/","name":"Noticias Radio Reflejos","description":"Las noticias de mi comarca","potentialAction":[{"@type":"SearchAction","target":{"@type":"EntryPoint","urlTemplate":"https:\/\/www.noticiasradioreflejos.com.ar\/2021\/?s={search_term_string}"},"query-input":{"@type":"PropertyValueSpecification","valueRequired":true,"valueName":"search_term_string"}}],"inLanguage":"es"},{"@type":"Person","@id":"https:\/\/www.noticiasradioreflejos.com.ar\/2021\/#\/schema\/person\/ad82545263dcc5ec0996818884fd5fb1","name":"Arnaldo Botto","image":{"@type":"ImageObject","inLanguage":"es","@id":"https:\/\/www.noticiasradioreflejos.com.ar\/2021\/#\/schema\/person\/image\/","url":"https:\/\/secure.gravatar.com\/avatar\/55cb5e37c1efa326397366e6974cb338056df65cb50e7d64d1cf314e87504837?s=96&d=mm&r=g","contentUrl":"https:\/\/secure.gravatar.com\/avatar\/55cb5e37c1efa326397366e6974cb338056df65cb50e7d64d1cf314e87504837?s=96&d=mm&r=g","caption":"Arnaldo Botto"},"url":"https:\/\/www.noticiasradioreflejos.com.ar\/2021\/author\/arnaldo\/"}]}},"_links":{"self":[{"href":"https:\/\/www.noticiasradioreflejos.com.ar\/2021\/wp-json\/wp\/v2\/posts\/55519","targetHints":{"allow":["GET"]}}],"collection":[{"href":"https:\/\/www.noticiasradioreflejos.com.ar\/2021\/wp-json\/wp\/v2\/posts"}],"about":[{"href":"https:\/\/www.noticiasradioreflejos.com.ar\/2021\/wp-json\/wp\/v2\/types\/post"}],"author":[{"embeddable":true,"href":"https:\/\/www.noticiasradioreflejos.com.ar\/2021\/wp-json\/wp\/v2\/users\/3"}],"replies":[{"embeddable":true,"href":"https:\/\/www.noticiasradioreflejos.com.ar\/2021\/wp-json\/wp\/v2\/comments?post=55519"}],"version-history":[{"count":0,"href":"https:\/\/www.noticiasradioreflejos.com.ar\/2021\/wp-json\/wp\/v2\/posts\/55519\/revisions"}],"wp:featuredmedia":[{"embeddable":true,"href":"https:\/\/www.noticiasradioreflejos.com.ar\/2021\/wp-json\/wp\/v2\/media\/41053"}],"wp:attachment":[{"href":"https:\/\/www.noticiasradioreflejos.com.ar\/2021\/wp-json\/wp\/v2\/media?parent=55519"}],"wp:term":[{"taxonomy":"category","embeddable":true,"href":"https:\/\/www.noticiasradioreflejos.com.ar\/2021\/wp-json\/wp\/v2\/categories?post=55519"},{"taxonomy":"post_tag","embeddable":true,"href":"https:\/\/www.noticiasradioreflejos.com.ar\/2021\/wp-json\/wp\/v2\/tags?post=55519"}],"curies":[{"name":"wp","href":"https:\/\/api.w.org\/{rel}","templated":true}]}}