{"id":55470,"date":"2021-04-16T07:30:08","date_gmt":"2021-04-16T10:30:08","guid":{"rendered":"http:\/\/www.noticiasradioreflejos.com.ar\/noticias\/?p=55470"},"modified":"2021-04-16T07:30:08","modified_gmt":"2021-04-16T10:30:08","slug":"refuerzo-de-la-auh-de-15-000-mil-pesos-para-casi-1-millon-de-familias-en-el-amba","status":"publish","type":"post","link":"https:\/\/www.noticiasradioreflejos.com.ar\/2021\/refuerzo-de-la-auh-de-15-000-mil-pesos-para-casi-1-millon-de-familias-en-el-amba\/","title":{"rendered":"Refuerzo de la AUH de 15.000 mil pesos para casi 1 mill\u00f3n de familias en el AMBA"},"content":{"rendered":"<p>La ANSES, por decisi\u00f3n del Presidente de la Naci\u00f3n, Alberto Fern\u00e1ndez, efectuar\u00e1 el pago de un Refuerzo de la Asignaci\u00f3n Universal por Hijo (AUH) de 15.000 pesos que alcanzar\u00e1\u00a0a casi 1 mill\u00f3n de familias en el \u00c1rea Metropolitana de Buenos Aires (AMBA).\u00a0Lo anunci\u00f3 en Casa Rosada la directora ejecutiva del organismo previsional,\u00a0Fernanda Raverta, junto al ministro de Trabajo,\u00a0Claudio Moroni.<!--more--><\/p>\n<p>En las \u00faltimas semanas hubo un incremento de contagios diarios, por lo que se plantearon restricciones en la circulaci\u00f3n para cuidar la salud de los argentinos. En ese sentido, y atendiendo a los sectores m\u00e1s vulnerables, el Refuerzo se destinar\u00e1 a\u00a0<strong>familias que reciben\u00a0<\/strong><strong>la AUH, madres<\/strong><strong>\u00a0<\/strong><strong>beneficiarias de la Asignaci\u00f3n Universal por Embarazo (AUE) y titulares de Asignaciones Familiares (AAFF) para monotributistas A y B.<\/strong><br \/>\nDurante el anuncio,\u00a0Raverta\u00a0sostuvo: \u201cEsta ayuda econ\u00f3mica refuerza la idea de empezar por los m\u00e1s vulnerables, a los que m\u00e1s ha afectado la pobreza\u201d. Y agreg\u00f3: \u201cEstamos obligados a acompa\u00f1ar a quienes m\u00e1s lo necesiten y no dejar a nadie solo. Cada argentino y argentina cuenta con este Gobierno para acompa\u00f1arlo en este tiempo dif\u00edcil\u00bb.<\/p>\n<p>El calendario de pago del Refuerzo iniciar\u00e1 en el AMBA\u00a0el lunes 26 de abril con beneficiarios cuyo DNI termine en cero. En los pr\u00f3ximos d\u00edas, a medida que los distintos gobiernos provinciales adhieran al decreto presidencial, se ir\u00e1 anunciando las fechas de pago para el resto del pa\u00eds.\u00a0La inversi\u00f3n del Gobierno Nacional prevista para el Refuerzo en esta primera etapa es de casi 15 mil millones de pesos.<\/p>\n<p>Los beneficiaros\u00a0no deber\u00e1n hacer tramites adicionales, recibir\u00e1n el refuerzo en el medio de pago habitual.<\/p>\n<p style=\"font-weight: 400;\"><strong><a href=\"http:\/\/www.anses.gob.ar\/\" data-saferedirecturl=\"https:\/\/www.google.com\/url?q=http:\/\/www.anses.gob.ar&amp;source=gmail&amp;ust=1618654612227000&amp;usg=AFQjCNFaTuoqKc9vHbv8eQTjOgmBGex7yg\">www.anses.gob.ar<\/a><\/strong><\/p>\n","protected":false},"excerpt":{"rendered":"<p>La ANSES, por decisi\u00f3n del Presidente de la Naci\u00f3n, Alberto Fern\u00e1ndez, efectuar\u00e1 el pago de un Refuerzo de la Asignaci\u00f3n Universal por Hijo (AUH) de 15.000 pesos que alcanzar\u00e1\u00a0a casi 1 mill\u00f3n de familias en el \u00c1rea Metropolitana de Buenos Aires (AMBA).\u00a0Lo anunci\u00f3 en Casa Rosada la directora ejecutiva del organismo previsional,\u00a0Fernanda Raverta, junto al [&hellip;]<\/p>\n","protected":false},"author":3,"featured_media":0,"comment_status":"closed","ping_status":"open","sticky":false,"template":"","format":"standard","meta":{"footnotes":""},"categories":[36,24,26],"tags":[],"class_list":["post-55470","post","type-post","status-publish","format-standard","hentry","category-economia","category-politica","category-sociedad"],"yoast_head":"<!-- This site is optimized with the Yoast SEO plugin v25.9 - https:\/\/yoast.com\/wordpress\/plugins\/seo\/ -->\n<title>Refuerzo de la AUH de 15.000 mil pesos para casi 1 mill\u00f3n de familias en el AMBA - Noticias Radio Reflejos<\/title>\n<meta name=\"robots\" content=\"index, follow, max-snippet:-1, max-image-preview:large, max-video-preview:-1\" \/>\n<link rel=\"canonical\" href=\"https:\/\/www.noticiasradioreflejos.com.ar\/2021\/refuerzo-de-la-auh-de-15-000-mil-pesos-para-casi-1-millon-de-familias-en-el-amba\/\" \/>\n<meta property=\"og:locale\" content=\"es_ES\" \/>\n<meta property=\"og:type\" content=\"article\" \/>\n<meta property=\"og:title\" content=\"Refuerzo de la AUH de 15.000 mil pesos para casi 1 mill\u00f3n de familias en el AMBA - Noticias Radio Reflejos\" \/>\n<meta property=\"og:description\" content=\"La ANSES, por decisi\u00f3n del Presidente de la Naci\u00f3n, Alberto Fern\u00e1ndez, efectuar\u00e1 el pago de un Refuerzo de la Asignaci\u00f3n Universal por Hijo (AUH) de 15.000 pesos que alcanzar\u00e1\u00a0a casi 1 mill\u00f3n de familias en el \u00c1rea Metropolitana de Buenos Aires (AMBA).\u00a0Lo anunci\u00f3 en Casa Rosada la directora ejecutiva del organismo previsional,\u00a0Fernanda Raverta, junto al [&hellip;]\" \/>\n<meta property=\"og:url\" content=\"https:\/\/www.noticiasradioreflejos.com.ar\/2021\/refuerzo-de-la-auh-de-15-000-mil-pesos-para-casi-1-millon-de-familias-en-el-amba\/\" \/>\n<meta property=\"og:site_name\" content=\"Noticias Radio Reflejos\" \/>\n<meta property=\"article:published_time\" content=\"2021-04-16T10:30:08+00:00\" \/>\n<meta property=\"og:image\" content=\"https:\/\/www.noticiasradioreflejos.com.ar\/2021\/wp-content\/uploads\/2021\/07\/logosol300x200.png\" \/>\n\t<meta property=\"og:image:width\" content=\"300\" \/>\n\t<meta property=\"og:image:height\" content=\"200\" \/>\n\t<meta property=\"og:image:type\" content=\"image\/png\" \/>\n<meta name=\"author\" content=\"Arnaldo Botto\" \/>\n<meta name=\"twitter:card\" content=\"summary_large_image\" \/>\n<script type=\"application\/ld+json\" class=\"yoast-schema-graph\">{\"@context\":\"https:\/\/schema.org\",\"@graph\":[{\"@type\":\"WebPage\",\"@id\":\"https:\/\/www.noticiasradioreflejos.com.ar\/2021\/refuerzo-de-la-auh-de-15-000-mil-pesos-para-casi-1-millon-de-familias-en-el-amba\/\",\"url\":\"https:\/\/www.noticiasradioreflejos.com.ar\/2021\/refuerzo-de-la-auh-de-15-000-mil-pesos-para-casi-1-millon-de-familias-en-el-amba\/\",\"name\":\"Refuerzo de la AUH de 15.000 mil pesos para casi 1 mill\u00f3n de familias en el AMBA - Noticias Radio Reflejos\",\"isPartOf\":{\"@id\":\"https:\/\/www.noticiasradioreflejos.com.ar\/2021\/#website\"},\"datePublished\":\"2021-04-16T10:30:08+00:00\",\"author\":{\"@id\":\"https:\/\/www.noticiasradioreflejos.com.ar\/2021\/#\/schema\/person\/ad82545263dcc5ec0996818884fd5fb1\"},\"breadcrumb\":{\"@id\":\"https:\/\/www.noticiasradioreflejos.com.ar\/2021\/refuerzo-de-la-auh-de-15-000-mil-pesos-para-casi-1-millon-de-familias-en-el-amba\/#breadcrumb\"},\"inLanguage\":\"es\",\"potentialAction\":[{\"@type\":\"ReadAction\",\"target\":[\"https:\/\/www.noticiasradioreflejos.com.ar\/2021\/refuerzo-de-la-auh-de-15-000-mil-pesos-para-casi-1-millon-de-familias-en-el-amba\/\"]}]},{\"@type\":\"BreadcrumbList\",\"@id\":\"https:\/\/www.noticiasradioreflejos.com.ar\/2021\/refuerzo-de-la-auh-de-15-000-mil-pesos-para-casi-1-millon-de-familias-en-el-amba\/#breadcrumb\",\"itemListElement\":[{\"@type\":\"ListItem\",\"position\":1,\"name\":\"Portada\",\"item\":\"https:\/\/www.noticiasradioreflejos.com.ar\/2021\/\"},{\"@type\":\"ListItem\",\"position\":2,\"name\":\"Refuerzo de la AUH de 15.000 mil pesos para casi 1 mill\u00f3n de familias en el AMBA\"}]},{\"@type\":\"WebSite\",\"@id\":\"https:\/\/www.noticiasradioreflejos.com.ar\/2021\/#website\",\"url\":\"https:\/\/www.noticiasradioreflejos.com.ar\/2021\/\",\"name\":\"Noticias Radio Reflejos\",\"description\":\"Las noticias de mi comarca\",\"potentialAction\":[{\"@type\":\"SearchAction\",\"target\":{\"@type\":\"EntryPoint\",\"urlTemplate\":\"https:\/\/www.noticiasradioreflejos.com.ar\/2021\/?s={search_term_string}\"},\"query-input\":{\"@type\":\"PropertyValueSpecification\",\"valueRequired\":true,\"valueName\":\"search_term_string\"}}],\"inLanguage\":\"es\"},{\"@type\":\"Person\",\"@id\":\"https:\/\/www.noticiasradioreflejos.com.ar\/2021\/#\/schema\/person\/ad82545263dcc5ec0996818884fd5fb1\",\"name\":\"Arnaldo Botto\",\"image\":{\"@type\":\"ImageObject\",\"inLanguage\":\"es\",\"@id\":\"https:\/\/www.noticiasradioreflejos.com.ar\/2021\/#\/schema\/person\/image\/\",\"url\":\"https:\/\/secure.gravatar.com\/avatar\/55cb5e37c1efa326397366e6974cb338056df65cb50e7d64d1cf314e87504837?s=96&d=mm&r=g\",\"contentUrl\":\"https:\/\/secure.gravatar.com\/avatar\/55cb5e37c1efa326397366e6974cb338056df65cb50e7d64d1cf314e87504837?s=96&d=mm&r=g\",\"caption\":\"Arnaldo Botto\"},\"url\":\"https:\/\/www.noticiasradioreflejos.com.ar\/2021\/author\/arnaldo\/\"}]}<\/script>\n<!-- \/ Yoast SEO plugin. -->","yoast_head_json":{"title":"Refuerzo de la AUH de 15.000 mil pesos para casi 1 mill\u00f3n de familias en el AMBA - Noticias Radio Reflejos","robots":{"index":"index","follow":"follow","max-snippet":"max-snippet:-1","max-image-preview":"max-image-preview:large","max-video-preview":"max-video-preview:-1"},"canonical":"https:\/\/www.noticiasradioreflejos.com.ar\/2021\/refuerzo-de-la-auh-de-15-000-mil-pesos-para-casi-1-millon-de-familias-en-el-amba\/","og_locale":"es_ES","og_type":"article","og_title":"Refuerzo de la AUH de 15.000 mil pesos para casi 1 mill\u00f3n de familias en el AMBA - Noticias Radio Reflejos","og_description":"La ANSES, por decisi\u00f3n del Presidente de la Naci\u00f3n, Alberto Fern\u00e1ndez, efectuar\u00e1 el pago de un Refuerzo de la Asignaci\u00f3n Universal por Hijo (AUH) de 15.000 pesos que alcanzar\u00e1\u00a0a casi 1 mill\u00f3n de familias en el \u00c1rea Metropolitana de Buenos Aires (AMBA).\u00a0Lo anunci\u00f3 en Casa Rosada la directora ejecutiva del organismo previsional,\u00a0Fernanda Raverta, junto al [&hellip;]","og_url":"https:\/\/www.noticiasradioreflejos.com.ar\/2021\/refuerzo-de-la-auh-de-15-000-mil-pesos-para-casi-1-millon-de-familias-en-el-amba\/","og_site_name":"Noticias Radio Reflejos","article_published_time":"2021-04-16T10:30:08+00:00","og_image":[{"width":300,"height":200,"url":"https:\/\/www.noticiasradioreflejos.com.ar\/2021\/wp-content\/uploads\/2021\/07\/logosol300x200.png","type":"image\/png"}],"author":"Arnaldo Botto","twitter_card":"summary_large_image","schema":{"@context":"https:\/\/schema.org","@graph":[{"@type":"WebPage","@id":"https:\/\/www.noticiasradioreflejos.com.ar\/2021\/refuerzo-de-la-auh-de-15-000-mil-pesos-para-casi-1-millon-de-familias-en-el-amba\/","url":"https:\/\/www.noticiasradioreflejos.com.ar\/2021\/refuerzo-de-la-auh-de-15-000-mil-pesos-para-casi-1-millon-de-familias-en-el-amba\/","name":"Refuerzo de la AUH de 15.000 mil pesos para casi 1 mill\u00f3n de familias en el AMBA - Noticias Radio Reflejos","isPartOf":{"@id":"https:\/\/www.noticiasradioreflejos.com.ar\/2021\/#website"},"datePublished":"2021-04-16T10:30:08+00:00","author":{"@id":"https:\/\/www.noticiasradioreflejos.com.ar\/2021\/#\/schema\/person\/ad82545263dcc5ec0996818884fd5fb1"},"breadcrumb":{"@id":"https:\/\/www.noticiasradioreflejos.com.ar\/2021\/refuerzo-de-la-auh-de-15-000-mil-pesos-para-casi-1-millon-de-familias-en-el-amba\/#breadcrumb"},"inLanguage":"es","potentialAction":[{"@type":"ReadAction","target":["https:\/\/www.noticiasradioreflejos.com.ar\/2021\/refuerzo-de-la-auh-de-15-000-mil-pesos-para-casi-1-millon-de-familias-en-el-amba\/"]}]},{"@type":"BreadcrumbList","@id":"https:\/\/www.noticiasradioreflejos.com.ar\/2021\/refuerzo-de-la-auh-de-15-000-mil-pesos-para-casi-1-millon-de-familias-en-el-amba\/#breadcrumb","itemListElement":[{"@type":"ListItem","position":1,"name":"Portada","item":"https:\/\/www.noticiasradioreflejos.com.ar\/2021\/"},{"@type":"ListItem","position":2,"name":"Refuerzo de la AUH de 15.000 mil pesos para casi 1 mill\u00f3n de familias en el AMBA"}]},{"@type":"WebSite","@id":"https:\/\/www.noticiasradioreflejos.com.ar\/2021\/#website","url":"https:\/\/www.noticiasradioreflejos.com.ar\/2021\/","name":"Noticias Radio Reflejos","description":"Las noticias de mi comarca","potentialAction":[{"@type":"SearchAction","target":{"@type":"EntryPoint","urlTemplate":"https:\/\/www.noticiasradioreflejos.com.ar\/2021\/?s={search_term_string}"},"query-input":{"@type":"PropertyValueSpecification","valueRequired":true,"valueName":"search_term_string"}}],"inLanguage":"es"},{"@type":"Person","@id":"https:\/\/www.noticiasradioreflejos.com.ar\/2021\/#\/schema\/person\/ad82545263dcc5ec0996818884fd5fb1","name":"Arnaldo Botto","image":{"@type":"ImageObject","inLanguage":"es","@id":"https:\/\/www.noticiasradioreflejos.com.ar\/2021\/#\/schema\/person\/image\/","url":"https:\/\/secure.gravatar.com\/avatar\/55cb5e37c1efa326397366e6974cb338056df65cb50e7d64d1cf314e87504837?s=96&d=mm&r=g","contentUrl":"https:\/\/secure.gravatar.com\/avatar\/55cb5e37c1efa326397366e6974cb338056df65cb50e7d64d1cf314e87504837?s=96&d=mm&r=g","caption":"Arnaldo Botto"},"url":"https:\/\/www.noticiasradioreflejos.com.ar\/2021\/author\/arnaldo\/"}]}},"_links":{"self":[{"href":"https:\/\/www.noticiasradioreflejos.com.ar\/2021\/wp-json\/wp\/v2\/posts\/55470","targetHints":{"allow":["GET"]}}],"collection":[{"href":"https:\/\/www.noticiasradioreflejos.com.ar\/2021\/wp-json\/wp\/v2\/posts"}],"about":[{"href":"https:\/\/www.noticiasradioreflejos.com.ar\/2021\/wp-json\/wp\/v2\/types\/post"}],"author":[{"embeddable":true,"href":"https:\/\/www.noticiasradioreflejos.com.ar\/2021\/wp-json\/wp\/v2\/users\/3"}],"replies":[{"embeddable":true,"href":"https:\/\/www.noticiasradioreflejos.com.ar\/2021\/wp-json\/wp\/v2\/comments?post=55470"}],"version-history":[{"count":0,"href":"https:\/\/www.noticiasradioreflejos.com.ar\/2021\/wp-json\/wp\/v2\/posts\/55470\/revisions"}],"wp:attachment":[{"href":"https:\/\/www.noticiasradioreflejos.com.ar\/2021\/wp-json\/wp\/v2\/media?parent=55470"}],"wp:term":[{"taxonomy":"category","embeddable":true,"href":"https:\/\/www.noticiasradioreflejos.com.ar\/2021\/wp-json\/wp\/v2\/categories?post=55470"},{"taxonomy":"post_tag","embeddable":true,"href":"https:\/\/www.noticiasradioreflejos.com.ar\/2021\/wp-json\/wp\/v2\/tags?post=55470"}],"curies":[{"name":"wp","href":"https:\/\/api.w.org\/{rel}","templated":true}]}}