{"id":5547,"date":"2017-01-05T12:48:46","date_gmt":"2017-01-05T15:48:46","guid":{"rendered":"http:\/\/noticiasradioreflejos.com.ar\/noticias\/?p=5547"},"modified":"2017-01-05T12:48:46","modified_gmt":"2017-01-05T15:48:46","slug":"cuando-salgo-de-coronel-suarez-y-empiezo-a-ver-las-sierras-siento-un-cambio-en-mi","status":"publish","type":"post","link":"https:\/\/www.noticiasradioreflejos.com.ar\/2021\/cuando-salgo-de-coronel-suarez-y-empiezo-a-ver-las-sierras-siento-un-cambio-en-mi\/","title":{"rendered":"&quot;Cuando salgo de Coronel Suarez y empiezo a ver las sierras, siento un cambio en mi&quot;"},"content":{"rendered":"<p>Laura Biurrarena es de Coronel Su\u00e1rez y tiene casa en Villa Ventana debido a conocer este lugar con la familia y guarda un hermoso recuerdo atesorando lo que significa este paisaje para ella y los suyos.<!--more--><br \/>\nLaura viene cada vez que es posible a descansar en Villa Ventana y comenta: \u00abEstoy disfrutando estos d\u00edas en estos lugares. Yo conoc\u00ed este lugar desde chiquita en familia, comiendo asado y acampar. Yo volv\u00ed con mi familia y hoy tengo mi propia casa ac\u00e1\u00bb.<br \/>\nBirrarena recuerda su pasado, parte de su vida y la relaci\u00f3n que tiene este lugar con el significado de su familia: \u00abEste es mi lugar. De chica hace a\u00f1os recuerdo que esto no estaba tan privatizado, \u00edbamos caminando a la fuente del bautismo y en esa \u00e9poca se pod\u00eda hacer el asadito familiar al costado del arroyo y era todo una aventura venir y traer todo.\u00bb Laura.<br \/>\n\u00abPara mi es un lugar de descaso y paseo, cuando me jubile quisiera venir m\u00e1s a menudo\u00bb finaliza Laura.<br \/>\n<iframe loading=\"lazy\" src=\"https:\/\/w.soundcloud.com\/player\/?url=https%3A\/\/api.soundcloud.com\/tracks\/301059423&amp;color=ff5500&amp;auto_play=false&amp;hide_related=false&amp;show_comments=true&amp;show_user=true&amp;show_reposts=false\" width=\"100%\" height=\"166\" frameborder=\"no\" scrolling=\"no\"><\/iframe><\/p>\n","protected":false},"excerpt":{"rendered":"<p>Laura Biurrarena es de Coronel Su\u00e1rez y tiene casa en Villa Ventana debido a conocer este lugar con la familia y guarda un hermoso recuerdo atesorando lo que significa este paisaje para ella y los suyos.<\/p>\n","protected":false},"author":3,"featured_media":0,"comment_status":"closed","ping_status":"open","sticky":false,"template":"","format":"standard","meta":{"footnotes":""},"categories":[26],"tags":[],"class_list":["post-5547","post","type-post","status-publish","format-standard","hentry","category-sociedad"],"yoast_head":"<!-- This site is optimized with the Yoast SEO plugin v25.9 - https:\/\/yoast.com\/wordpress\/plugins\/seo\/ -->\n<title>&quot;Cuando salgo de Coronel Suarez y empiezo a ver las sierras, siento un cambio en mi&quot; - Noticias Radio Reflejos<\/title>\n<meta name=\"robots\" content=\"index, follow, max-snippet:-1, max-image-preview:large, max-video-preview:-1\" \/>\n<link rel=\"canonical\" href=\"https:\/\/www.noticiasradioreflejos.com.ar\/2021\/cuando-salgo-de-coronel-suarez-y-empiezo-a-ver-las-sierras-siento-un-cambio-en-mi\/\" \/>\n<meta property=\"og:locale\" content=\"es_ES\" \/>\n<meta property=\"og:type\" content=\"article\" \/>\n<meta property=\"og:title\" content=\"&quot;Cuando salgo de Coronel Suarez y empiezo a ver las sierras, siento un cambio en mi&quot; - Noticias Radio Reflejos\" \/>\n<meta property=\"og:description\" content=\"Laura Biurrarena es de Coronel Su\u00e1rez y tiene casa en Villa Ventana debido a conocer este lugar con la familia y guarda un hermoso recuerdo atesorando lo que significa este paisaje para ella y los suyos.\" \/>\n<meta property=\"og:url\" content=\"https:\/\/www.noticiasradioreflejos.com.ar\/2021\/cuando-salgo-de-coronel-suarez-y-empiezo-a-ver-las-sierras-siento-un-cambio-en-mi\/\" \/>\n<meta property=\"og:site_name\" content=\"Noticias Radio Reflejos\" \/>\n<meta property=\"article:published_time\" content=\"2017-01-05T15:48:46+00:00\" \/>\n<meta property=\"og:image\" content=\"https:\/\/www.noticiasradioreflejos.com.ar\/2021\/wp-content\/uploads\/2021\/07\/logosol300x200.png\" \/>\n\t<meta property=\"og:image:width\" content=\"300\" \/>\n\t<meta property=\"og:image:height\" content=\"200\" \/>\n\t<meta property=\"og:image:type\" content=\"image\/png\" \/>\n<meta name=\"author\" content=\"Arnaldo Botto\" \/>\n<meta name=\"twitter:card\" content=\"summary_large_image\" \/>\n<script type=\"application\/ld+json\" class=\"yoast-schema-graph\">{\"@context\":\"https:\/\/schema.org\",\"@graph\":[{\"@type\":\"WebPage\",\"@id\":\"https:\/\/www.noticiasradioreflejos.com.ar\/2021\/cuando-salgo-de-coronel-suarez-y-empiezo-a-ver-las-sierras-siento-un-cambio-en-mi\/\",\"url\":\"https:\/\/www.noticiasradioreflejos.com.ar\/2021\/cuando-salgo-de-coronel-suarez-y-empiezo-a-ver-las-sierras-siento-un-cambio-en-mi\/\",\"name\":\"&quot;Cuando salgo de Coronel Suarez y empiezo a ver las sierras, siento un cambio en mi&quot; - Noticias Radio Reflejos\",\"isPartOf\":{\"@id\":\"https:\/\/www.noticiasradioreflejos.com.ar\/2021\/#website\"},\"datePublished\":\"2017-01-05T15:48:46+00:00\",\"author\":{\"@id\":\"https:\/\/www.noticiasradioreflejos.com.ar\/2021\/#\/schema\/person\/ad82545263dcc5ec0996818884fd5fb1\"},\"breadcrumb\":{\"@id\":\"https:\/\/www.noticiasradioreflejos.com.ar\/2021\/cuando-salgo-de-coronel-suarez-y-empiezo-a-ver-las-sierras-siento-un-cambio-en-mi\/#breadcrumb\"},\"inLanguage\":\"es\",\"potentialAction\":[{\"@type\":\"ReadAction\",\"target\":[\"https:\/\/www.noticiasradioreflejos.com.ar\/2021\/cuando-salgo-de-coronel-suarez-y-empiezo-a-ver-las-sierras-siento-un-cambio-en-mi\/\"]}]},{\"@type\":\"BreadcrumbList\",\"@id\":\"https:\/\/www.noticiasradioreflejos.com.ar\/2021\/cuando-salgo-de-coronel-suarez-y-empiezo-a-ver-las-sierras-siento-un-cambio-en-mi\/#breadcrumb\",\"itemListElement\":[{\"@type\":\"ListItem\",\"position\":1,\"name\":\"Portada\",\"item\":\"https:\/\/www.noticiasradioreflejos.com.ar\/2021\/\"},{\"@type\":\"ListItem\",\"position\":2,\"name\":\"&quot;Cuando salgo de Coronel Suarez y empiezo a ver las sierras, siento un cambio en mi&quot;\"}]},{\"@type\":\"WebSite\",\"@id\":\"https:\/\/www.noticiasradioreflejos.com.ar\/2021\/#website\",\"url\":\"https:\/\/www.noticiasradioreflejos.com.ar\/2021\/\",\"name\":\"Noticias Radio Reflejos\",\"description\":\"Las noticias de mi comarca\",\"potentialAction\":[{\"@type\":\"SearchAction\",\"target\":{\"@type\":\"EntryPoint\",\"urlTemplate\":\"https:\/\/www.noticiasradioreflejos.com.ar\/2021\/?s={search_term_string}\"},\"query-input\":{\"@type\":\"PropertyValueSpecification\",\"valueRequired\":true,\"valueName\":\"search_term_string\"}}],\"inLanguage\":\"es\"},{\"@type\":\"Person\",\"@id\":\"https:\/\/www.noticiasradioreflejos.com.ar\/2021\/#\/schema\/person\/ad82545263dcc5ec0996818884fd5fb1\",\"name\":\"Arnaldo Botto\",\"image\":{\"@type\":\"ImageObject\",\"inLanguage\":\"es\",\"@id\":\"https:\/\/www.noticiasradioreflejos.com.ar\/2021\/#\/schema\/person\/image\/\",\"url\":\"https:\/\/secure.gravatar.com\/avatar\/55cb5e37c1efa326397366e6974cb338056df65cb50e7d64d1cf314e87504837?s=96&d=mm&r=g\",\"contentUrl\":\"https:\/\/secure.gravatar.com\/avatar\/55cb5e37c1efa326397366e6974cb338056df65cb50e7d64d1cf314e87504837?s=96&d=mm&r=g\",\"caption\":\"Arnaldo Botto\"},\"url\":\"https:\/\/www.noticiasradioreflejos.com.ar\/2021\/author\/arnaldo\/\"}]}<\/script>\n<!-- \/ Yoast SEO plugin. -->","yoast_head_json":{"title":"&quot;Cuando salgo de Coronel Suarez y empiezo a ver las sierras, siento un cambio en mi&quot; - Noticias Radio Reflejos","robots":{"index":"index","follow":"follow","max-snippet":"max-snippet:-1","max-image-preview":"max-image-preview:large","max-video-preview":"max-video-preview:-1"},"canonical":"https:\/\/www.noticiasradioreflejos.com.ar\/2021\/cuando-salgo-de-coronel-suarez-y-empiezo-a-ver-las-sierras-siento-un-cambio-en-mi\/","og_locale":"es_ES","og_type":"article","og_title":"&quot;Cuando salgo de Coronel Suarez y empiezo a ver las sierras, siento un cambio en mi&quot; - Noticias Radio Reflejos","og_description":"Laura Biurrarena es de Coronel Su\u00e1rez y tiene casa en Villa Ventana debido a conocer este lugar con la familia y guarda un hermoso recuerdo atesorando lo que significa este paisaje para ella y los suyos.","og_url":"https:\/\/www.noticiasradioreflejos.com.ar\/2021\/cuando-salgo-de-coronel-suarez-y-empiezo-a-ver-las-sierras-siento-un-cambio-en-mi\/","og_site_name":"Noticias Radio Reflejos","article_published_time":"2017-01-05T15:48:46+00:00","og_image":[{"width":300,"height":200,"url":"https:\/\/www.noticiasradioreflejos.com.ar\/2021\/wp-content\/uploads\/2021\/07\/logosol300x200.png","type":"image\/png"}],"author":"Arnaldo Botto","twitter_card":"summary_large_image","schema":{"@context":"https:\/\/schema.org","@graph":[{"@type":"WebPage","@id":"https:\/\/www.noticiasradioreflejos.com.ar\/2021\/cuando-salgo-de-coronel-suarez-y-empiezo-a-ver-las-sierras-siento-un-cambio-en-mi\/","url":"https:\/\/www.noticiasradioreflejos.com.ar\/2021\/cuando-salgo-de-coronel-suarez-y-empiezo-a-ver-las-sierras-siento-un-cambio-en-mi\/","name":"&quot;Cuando salgo de Coronel Suarez y empiezo a ver las sierras, siento un cambio en mi&quot; - Noticias Radio Reflejos","isPartOf":{"@id":"https:\/\/www.noticiasradioreflejos.com.ar\/2021\/#website"},"datePublished":"2017-01-05T15:48:46+00:00","author":{"@id":"https:\/\/www.noticiasradioreflejos.com.ar\/2021\/#\/schema\/person\/ad82545263dcc5ec0996818884fd5fb1"},"breadcrumb":{"@id":"https:\/\/www.noticiasradioreflejos.com.ar\/2021\/cuando-salgo-de-coronel-suarez-y-empiezo-a-ver-las-sierras-siento-un-cambio-en-mi\/#breadcrumb"},"inLanguage":"es","potentialAction":[{"@type":"ReadAction","target":["https:\/\/www.noticiasradioreflejos.com.ar\/2021\/cuando-salgo-de-coronel-suarez-y-empiezo-a-ver-las-sierras-siento-un-cambio-en-mi\/"]}]},{"@type":"BreadcrumbList","@id":"https:\/\/www.noticiasradioreflejos.com.ar\/2021\/cuando-salgo-de-coronel-suarez-y-empiezo-a-ver-las-sierras-siento-un-cambio-en-mi\/#breadcrumb","itemListElement":[{"@type":"ListItem","position":1,"name":"Portada","item":"https:\/\/www.noticiasradioreflejos.com.ar\/2021\/"},{"@type":"ListItem","position":2,"name":"&quot;Cuando salgo de Coronel Suarez y empiezo a ver las sierras, siento un cambio en mi&quot;"}]},{"@type":"WebSite","@id":"https:\/\/www.noticiasradioreflejos.com.ar\/2021\/#website","url":"https:\/\/www.noticiasradioreflejos.com.ar\/2021\/","name":"Noticias Radio Reflejos","description":"Las noticias de mi comarca","potentialAction":[{"@type":"SearchAction","target":{"@type":"EntryPoint","urlTemplate":"https:\/\/www.noticiasradioreflejos.com.ar\/2021\/?s={search_term_string}"},"query-input":{"@type":"PropertyValueSpecification","valueRequired":true,"valueName":"search_term_string"}}],"inLanguage":"es"},{"@type":"Person","@id":"https:\/\/www.noticiasradioreflejos.com.ar\/2021\/#\/schema\/person\/ad82545263dcc5ec0996818884fd5fb1","name":"Arnaldo Botto","image":{"@type":"ImageObject","inLanguage":"es","@id":"https:\/\/www.noticiasradioreflejos.com.ar\/2021\/#\/schema\/person\/image\/","url":"https:\/\/secure.gravatar.com\/avatar\/55cb5e37c1efa326397366e6974cb338056df65cb50e7d64d1cf314e87504837?s=96&d=mm&r=g","contentUrl":"https:\/\/secure.gravatar.com\/avatar\/55cb5e37c1efa326397366e6974cb338056df65cb50e7d64d1cf314e87504837?s=96&d=mm&r=g","caption":"Arnaldo Botto"},"url":"https:\/\/www.noticiasradioreflejos.com.ar\/2021\/author\/arnaldo\/"}]}},"_links":{"self":[{"href":"https:\/\/www.noticiasradioreflejos.com.ar\/2021\/wp-json\/wp\/v2\/posts\/5547","targetHints":{"allow":["GET"]}}],"collection":[{"href":"https:\/\/www.noticiasradioreflejos.com.ar\/2021\/wp-json\/wp\/v2\/posts"}],"about":[{"href":"https:\/\/www.noticiasradioreflejos.com.ar\/2021\/wp-json\/wp\/v2\/types\/post"}],"author":[{"embeddable":true,"href":"https:\/\/www.noticiasradioreflejos.com.ar\/2021\/wp-json\/wp\/v2\/users\/3"}],"replies":[{"embeddable":true,"href":"https:\/\/www.noticiasradioreflejos.com.ar\/2021\/wp-json\/wp\/v2\/comments?post=5547"}],"version-history":[{"count":0,"href":"https:\/\/www.noticiasradioreflejos.com.ar\/2021\/wp-json\/wp\/v2\/posts\/5547\/revisions"}],"wp:attachment":[{"href":"https:\/\/www.noticiasradioreflejos.com.ar\/2021\/wp-json\/wp\/v2\/media?parent=5547"}],"wp:term":[{"taxonomy":"category","embeddable":true,"href":"https:\/\/www.noticiasradioreflejos.com.ar\/2021\/wp-json\/wp\/v2\/categories?post=5547"},{"taxonomy":"post_tag","embeddable":true,"href":"https:\/\/www.noticiasradioreflejos.com.ar\/2021\/wp-json\/wp\/v2\/tags?post=5547"}],"curies":[{"name":"wp","href":"https:\/\/api.w.org\/{rel}","templated":true}]}}