{"id":55456,"date":"2021-04-15T17:21:37","date_gmt":"2021-04-15T20:21:37","guid":{"rendered":"http:\/\/www.noticiasradioreflejos.com.ar\/noticias\/?p=55456"},"modified":"2021-04-15T17:21:37","modified_gmt":"2021-04-15T20:21:37","slug":"desvio-de-transito-en-rn-3-por-trabajos-en-la-calzada","status":"publish","type":"post","link":"https:\/\/www.noticiasradioreflejos.com.ar\/2021\/desvio-de-transito-en-rn-3-por-trabajos-en-la-calzada\/","title":{"rendered":"Desv\u00edo de tr\u00e1nsito en RN 3 por trabajos en la calzada."},"content":{"rendered":"<p>Debido a la ejecuci\u00f3n de trabajos sobre la calzada en el<strong> KM 697 <\/strong>se desviar\u00e1 el transito durante la <strong>jornada del viernes<\/strong>. <!--more--><\/p>\n<p>El Ministerio de Obras P\u00fablicas a trav\u00e9s de Vialidad Nacional informa que, se habilitar\u00e1 durante la jornada del viernes 16 de abril, desde las 8 a las 18 hs, un desv\u00edo de tr\u00e1nsito sobre la RN 3 en el KM 697. En el sector, se ejecutar\u00e1n trabajos de paso de ca\u00f1er\u00edas, para la conexi\u00f3n el\u00e9ctrica de l\u00edneas de media tensi\u00f3n.<\/p>\n<p>Estas tareas forman parte de las interferencias que fueron detectadas (infraestructuras de gas, luz, agua, etc.) y provocaron la neutralizaci\u00f3n de la obra, ante la necesidad de resolver t\u00e9cnica y econ\u00f3micamente cada uno de estos cruces. El desv\u00edo contar\u00e1 con se\u00f1alamiento de carteler\u00eda vertical y personal de la empresa asistiendo el corte.<\/p>\n<p>El paso de los veh\u00edculos se derivar\u00e1 por las calles colectoras del tramo. Los trabajos que abarcan 11 km de las rutas 3 y 33, incluida la intersecci\u00f3n conocida como \u201cEl Cholo\u201d, incluyen una calzada de 2 carriles ascendentes y dos carriles descendientes, colectoras, la construcci\u00f3n de 11 puentes, 9 pasarelas peatonales y una nueva rotonda, as\u00ed como la instalaci\u00f3n de 1.500 luminarias y 12.000 \u00e1rboles, que mejorar\u00e1n la inserci\u00f3n de la nueva infraestructura con el medioambiente.<\/p>\n<p>La nueva autopista es una gran deuda que los vecinos del sur de la provincia de Buenos Aires necesitan para mejorar las condiciones de circulaci\u00f3n y seguridad para los m\u00e1s de 20.000 usuarios de la red de accesos bahiense. El turismo, la producci\u00f3n y la industria que circula por nuestras rutas demandan la construcci\u00f3n de proyectos modernos que faciliten el acceso a lo largo y ancho del pa\u00eds<\/p>\n","protected":false},"excerpt":{"rendered":"<p>Debido a la ejecuci\u00f3n de trabajos sobre la calzada en el KM 697 se desviar\u00e1 el transito durante la jornada del viernes.<\/p>\n","protected":false},"author":3,"featured_media":0,"comment_status":"closed","ping_status":"open","sticky":false,"template":"","format":"standard","meta":{"footnotes":""},"categories":[26],"tags":[],"class_list":["post-55456","post","type-post","status-publish","format-standard","hentry","category-sociedad"],"yoast_head":"<!-- This site is optimized with the Yoast SEO plugin v25.9 - https:\/\/yoast.com\/wordpress\/plugins\/seo\/ -->\n<title>Desv\u00edo de tr\u00e1nsito en RN 3 por trabajos en la calzada. - Noticias Radio Reflejos<\/title>\n<meta name=\"robots\" content=\"index, follow, max-snippet:-1, max-image-preview:large, max-video-preview:-1\" \/>\n<link rel=\"canonical\" href=\"https:\/\/www.noticiasradioreflejos.com.ar\/2021\/desvio-de-transito-en-rn-3-por-trabajos-en-la-calzada\/\" \/>\n<meta property=\"og:locale\" content=\"es_ES\" \/>\n<meta property=\"og:type\" content=\"article\" \/>\n<meta property=\"og:title\" content=\"Desv\u00edo de tr\u00e1nsito en RN 3 por trabajos en la calzada. - Noticias Radio Reflejos\" \/>\n<meta property=\"og:description\" content=\"Debido a la ejecuci\u00f3n de trabajos sobre la calzada en el KM 697 se desviar\u00e1 el transito durante la jornada del viernes.\" \/>\n<meta property=\"og:url\" content=\"https:\/\/www.noticiasradioreflejos.com.ar\/2021\/desvio-de-transito-en-rn-3-por-trabajos-en-la-calzada\/\" \/>\n<meta property=\"og:site_name\" content=\"Noticias Radio Reflejos\" \/>\n<meta property=\"article:published_time\" content=\"2021-04-15T20:21:37+00:00\" \/>\n<meta property=\"og:image\" content=\"https:\/\/www.noticiasradioreflejos.com.ar\/2021\/wp-content\/uploads\/2021\/07\/logosol300x200.png\" \/>\n\t<meta property=\"og:image:width\" content=\"300\" \/>\n\t<meta property=\"og:image:height\" content=\"200\" \/>\n\t<meta property=\"og:image:type\" content=\"image\/png\" \/>\n<meta name=\"author\" content=\"Arnaldo Botto\" \/>\n<meta name=\"twitter:card\" content=\"summary_large_image\" \/>\n<script type=\"application\/ld+json\" class=\"yoast-schema-graph\">{\"@context\":\"https:\/\/schema.org\",\"@graph\":[{\"@type\":\"WebPage\",\"@id\":\"https:\/\/www.noticiasradioreflejos.com.ar\/2021\/desvio-de-transito-en-rn-3-por-trabajos-en-la-calzada\/\",\"url\":\"https:\/\/www.noticiasradioreflejos.com.ar\/2021\/desvio-de-transito-en-rn-3-por-trabajos-en-la-calzada\/\",\"name\":\"Desv\u00edo de tr\u00e1nsito en RN 3 por trabajos en la calzada. - Noticias Radio Reflejos\",\"isPartOf\":{\"@id\":\"https:\/\/www.noticiasradioreflejos.com.ar\/2021\/#website\"},\"datePublished\":\"2021-04-15T20:21:37+00:00\",\"author\":{\"@id\":\"https:\/\/www.noticiasradioreflejos.com.ar\/2021\/#\/schema\/person\/ad82545263dcc5ec0996818884fd5fb1\"},\"breadcrumb\":{\"@id\":\"https:\/\/www.noticiasradioreflejos.com.ar\/2021\/desvio-de-transito-en-rn-3-por-trabajos-en-la-calzada\/#breadcrumb\"},\"inLanguage\":\"es\",\"potentialAction\":[{\"@type\":\"ReadAction\",\"target\":[\"https:\/\/www.noticiasradioreflejos.com.ar\/2021\/desvio-de-transito-en-rn-3-por-trabajos-en-la-calzada\/\"]}]},{\"@type\":\"BreadcrumbList\",\"@id\":\"https:\/\/www.noticiasradioreflejos.com.ar\/2021\/desvio-de-transito-en-rn-3-por-trabajos-en-la-calzada\/#breadcrumb\",\"itemListElement\":[{\"@type\":\"ListItem\",\"position\":1,\"name\":\"Portada\",\"item\":\"https:\/\/www.noticiasradioreflejos.com.ar\/2021\/\"},{\"@type\":\"ListItem\",\"position\":2,\"name\":\"Desv\u00edo de tr\u00e1nsito en RN 3 por trabajos en la calzada.\"}]},{\"@type\":\"WebSite\",\"@id\":\"https:\/\/www.noticiasradioreflejos.com.ar\/2021\/#website\",\"url\":\"https:\/\/www.noticiasradioreflejos.com.ar\/2021\/\",\"name\":\"Noticias Radio Reflejos\",\"description\":\"Las noticias de mi comarca\",\"potentialAction\":[{\"@type\":\"SearchAction\",\"target\":{\"@type\":\"EntryPoint\",\"urlTemplate\":\"https:\/\/www.noticiasradioreflejos.com.ar\/2021\/?s={search_term_string}\"},\"query-input\":{\"@type\":\"PropertyValueSpecification\",\"valueRequired\":true,\"valueName\":\"search_term_string\"}}],\"inLanguage\":\"es\"},{\"@type\":\"Person\",\"@id\":\"https:\/\/www.noticiasradioreflejos.com.ar\/2021\/#\/schema\/person\/ad82545263dcc5ec0996818884fd5fb1\",\"name\":\"Arnaldo Botto\",\"image\":{\"@type\":\"ImageObject\",\"inLanguage\":\"es\",\"@id\":\"https:\/\/www.noticiasradioreflejos.com.ar\/2021\/#\/schema\/person\/image\/\",\"url\":\"https:\/\/secure.gravatar.com\/avatar\/55cb5e37c1efa326397366e6974cb338056df65cb50e7d64d1cf314e87504837?s=96&d=mm&r=g\",\"contentUrl\":\"https:\/\/secure.gravatar.com\/avatar\/55cb5e37c1efa326397366e6974cb338056df65cb50e7d64d1cf314e87504837?s=96&d=mm&r=g\",\"caption\":\"Arnaldo Botto\"},\"url\":\"https:\/\/www.noticiasradioreflejos.com.ar\/2021\/author\/arnaldo\/\"}]}<\/script>\n<!-- \/ Yoast SEO plugin. -->","yoast_head_json":{"title":"Desv\u00edo de tr\u00e1nsito en RN 3 por trabajos en la calzada. - Noticias Radio Reflejos","robots":{"index":"index","follow":"follow","max-snippet":"max-snippet:-1","max-image-preview":"max-image-preview:large","max-video-preview":"max-video-preview:-1"},"canonical":"https:\/\/www.noticiasradioreflejos.com.ar\/2021\/desvio-de-transito-en-rn-3-por-trabajos-en-la-calzada\/","og_locale":"es_ES","og_type":"article","og_title":"Desv\u00edo de tr\u00e1nsito en RN 3 por trabajos en la calzada. - Noticias Radio Reflejos","og_description":"Debido a la ejecuci\u00f3n de trabajos sobre la calzada en el KM 697 se desviar\u00e1 el transito durante la jornada del viernes.","og_url":"https:\/\/www.noticiasradioreflejos.com.ar\/2021\/desvio-de-transito-en-rn-3-por-trabajos-en-la-calzada\/","og_site_name":"Noticias Radio Reflejos","article_published_time":"2021-04-15T20:21:37+00:00","og_image":[{"width":300,"height":200,"url":"https:\/\/www.noticiasradioreflejos.com.ar\/2021\/wp-content\/uploads\/2021\/07\/logosol300x200.png","type":"image\/png"}],"author":"Arnaldo Botto","twitter_card":"summary_large_image","schema":{"@context":"https:\/\/schema.org","@graph":[{"@type":"WebPage","@id":"https:\/\/www.noticiasradioreflejos.com.ar\/2021\/desvio-de-transito-en-rn-3-por-trabajos-en-la-calzada\/","url":"https:\/\/www.noticiasradioreflejos.com.ar\/2021\/desvio-de-transito-en-rn-3-por-trabajos-en-la-calzada\/","name":"Desv\u00edo de tr\u00e1nsito en RN 3 por trabajos en la calzada. - Noticias Radio Reflejos","isPartOf":{"@id":"https:\/\/www.noticiasradioreflejos.com.ar\/2021\/#website"},"datePublished":"2021-04-15T20:21:37+00:00","author":{"@id":"https:\/\/www.noticiasradioreflejos.com.ar\/2021\/#\/schema\/person\/ad82545263dcc5ec0996818884fd5fb1"},"breadcrumb":{"@id":"https:\/\/www.noticiasradioreflejos.com.ar\/2021\/desvio-de-transito-en-rn-3-por-trabajos-en-la-calzada\/#breadcrumb"},"inLanguage":"es","potentialAction":[{"@type":"ReadAction","target":["https:\/\/www.noticiasradioreflejos.com.ar\/2021\/desvio-de-transito-en-rn-3-por-trabajos-en-la-calzada\/"]}]},{"@type":"BreadcrumbList","@id":"https:\/\/www.noticiasradioreflejos.com.ar\/2021\/desvio-de-transito-en-rn-3-por-trabajos-en-la-calzada\/#breadcrumb","itemListElement":[{"@type":"ListItem","position":1,"name":"Portada","item":"https:\/\/www.noticiasradioreflejos.com.ar\/2021\/"},{"@type":"ListItem","position":2,"name":"Desv\u00edo de tr\u00e1nsito en RN 3 por trabajos en la calzada."}]},{"@type":"WebSite","@id":"https:\/\/www.noticiasradioreflejos.com.ar\/2021\/#website","url":"https:\/\/www.noticiasradioreflejos.com.ar\/2021\/","name":"Noticias Radio Reflejos","description":"Las noticias de mi comarca","potentialAction":[{"@type":"SearchAction","target":{"@type":"EntryPoint","urlTemplate":"https:\/\/www.noticiasradioreflejos.com.ar\/2021\/?s={search_term_string}"},"query-input":{"@type":"PropertyValueSpecification","valueRequired":true,"valueName":"search_term_string"}}],"inLanguage":"es"},{"@type":"Person","@id":"https:\/\/www.noticiasradioreflejos.com.ar\/2021\/#\/schema\/person\/ad82545263dcc5ec0996818884fd5fb1","name":"Arnaldo Botto","image":{"@type":"ImageObject","inLanguage":"es","@id":"https:\/\/www.noticiasradioreflejos.com.ar\/2021\/#\/schema\/person\/image\/","url":"https:\/\/secure.gravatar.com\/avatar\/55cb5e37c1efa326397366e6974cb338056df65cb50e7d64d1cf314e87504837?s=96&d=mm&r=g","contentUrl":"https:\/\/secure.gravatar.com\/avatar\/55cb5e37c1efa326397366e6974cb338056df65cb50e7d64d1cf314e87504837?s=96&d=mm&r=g","caption":"Arnaldo Botto"},"url":"https:\/\/www.noticiasradioreflejos.com.ar\/2021\/author\/arnaldo\/"}]}},"_links":{"self":[{"href":"https:\/\/www.noticiasradioreflejos.com.ar\/2021\/wp-json\/wp\/v2\/posts\/55456","targetHints":{"allow":["GET"]}}],"collection":[{"href":"https:\/\/www.noticiasradioreflejos.com.ar\/2021\/wp-json\/wp\/v2\/posts"}],"about":[{"href":"https:\/\/www.noticiasradioreflejos.com.ar\/2021\/wp-json\/wp\/v2\/types\/post"}],"author":[{"embeddable":true,"href":"https:\/\/www.noticiasradioreflejos.com.ar\/2021\/wp-json\/wp\/v2\/users\/3"}],"replies":[{"embeddable":true,"href":"https:\/\/www.noticiasradioreflejos.com.ar\/2021\/wp-json\/wp\/v2\/comments?post=55456"}],"version-history":[{"count":0,"href":"https:\/\/www.noticiasradioreflejos.com.ar\/2021\/wp-json\/wp\/v2\/posts\/55456\/revisions"}],"wp:attachment":[{"href":"https:\/\/www.noticiasradioreflejos.com.ar\/2021\/wp-json\/wp\/v2\/media?parent=55456"}],"wp:term":[{"taxonomy":"category","embeddable":true,"href":"https:\/\/www.noticiasradioreflejos.com.ar\/2021\/wp-json\/wp\/v2\/categories?post=55456"},{"taxonomy":"post_tag","embeddable":true,"href":"https:\/\/www.noticiasradioreflejos.com.ar\/2021\/wp-json\/wp\/v2\/tags?post=55456"}],"curies":[{"name":"wp","href":"https:\/\/api.w.org\/{rel}","templated":true}]}}