{"id":55453,"date":"2021-04-15T17:15:41","date_gmt":"2021-04-15T20:15:41","guid":{"rendered":"http:\/\/www.noticiasradioreflejos.com.ar\/noticias\/?p=55453"},"modified":"2021-04-15T17:15:41","modified_gmt":"2021-04-15T20:15:41","slug":"el-indice-de-precios-al-consumidor-subio-48-en-marzo","status":"publish","type":"post","link":"https:\/\/www.noticiasradioreflejos.com.ar\/2021\/el-indice-de-precios-al-consumidor-subio-48-en-marzo\/","title":{"rendered":"El \u00edndice de precios al consumidor subi\u00f3 4,8% en marzo"},"content":{"rendered":"<p>El \u00cdIPC-Costo de vida) se ubic\u00f3 1,2 puntos porcentual por encima del 3,6% de febrero, inform\u00f3 el Instituto Nacional de Estad\u00edstica y Censos.<!--more--><br \/>\nEl \u00cdndice de Precios al Consumidor aument\u00f3 4,8% en marzo, por encima del 3,6% febrero, inform\u00f3 el Instituto Nacional de Estad\u00edstica y Censos (Indec),\u00a0<strong>en particular por la incidencia de los incrementos de los precios regulados y el movimiento que registraron los denominados estacionales.<\/strong><\/p>\n<p>Con esta suba,\u00a0<strong>la inflaci\u00f3n minorista del primer trimestre ascendi\u00f3 al 13%<\/strong>, y en los \u00faltimos doce meses aument\u00f3 42,6%, inform\u00f3 el organismo.<\/p>\n<blockquote class=\"twitter-tweet\" data-width=\"500\" data-dnt=\"true\">\n<p lang=\"es\" dir=\"ltr\"><a href=\"https:\/\/twitter.com\/hashtag\/DatoINDEC?src=hash&amp;ref_src=twsrc%5Etfw\">#DatoINDEC<\/a><br \/>Los precios al consumidor (<a href=\"https:\/\/twitter.com\/hashtag\/IPC?src=hash&amp;ref_src=twsrc%5Etfw\">#IPC<\/a>) subieron 4,8% en marzo de 2021 respecto de febrero y 42,6% interanual. Acumularon un alza de 13% en el 1\u00ba trimestre <a href=\"https:\/\/t.co\/leWHInKeMP\">https:\/\/t.co\/leWHInKeMP<\/a> <a href=\"https:\/\/t.co\/75Rclg8Bzx\">pic.twitter.com\/75Rclg8Bzx<\/a><\/p>\n<p>&mdash; INDEC Argentina (@INDECArgentina) <a href=\"https:\/\/twitter.com\/INDECArgentina\/status\/1382770742870339584?ref_src=twsrc%5Etfw\">April 15, 2021<\/a><\/p><\/blockquote>\n<p><script async src=\"https:\/\/platform.twitter.com\/widgets.js\" charset=\"utf-8\"><\/script><\/p>\n<p>&nbsp;<\/p>\n<div class=\"js-code\"><\/div>\n<p>El mayor aumento durante marzo respondi\u00f3 principalmente a la incidencia de los precios Regulados, que se incrementaron 4,5% mensual, luego de la suba de 2,2% en febrero, debido al aumento de Educaci\u00f3n, adem\u00e1s de subas en combustibles, tabaco, prepagas, y algunos servicios y transporte.<\/p>\n<p>Tambi\u00e9n respondi\u00f3 a una mayor contribuci\u00f3n de los Estacionales, que aumentaron 7,2% mensual por Indumentaria.<\/p>\n<p>Asimismo, la inflaci\u00f3n N\u00facleo aument\u00f3 4,5% mensual, inform\u00f3 el organismo.<\/p>\n","protected":false},"excerpt":{"rendered":"<p>El \u00cdIPC-Costo de vida) se ubic\u00f3 1,2 puntos porcentual por encima del 3,6% de febrero, inform\u00f3 el Instituto Nacional de Estad\u00edstica y Censos.<\/p>\n","protected":false},"author":3,"featured_media":0,"comment_status":"closed","ping_status":"open","sticky":false,"template":"","format":"standard","meta":{"footnotes":""},"categories":[36],"tags":[],"class_list":["post-55453","post","type-post","status-publish","format-standard","hentry","category-economia"],"yoast_head":"<!-- This site is optimized with the Yoast SEO plugin v25.9 - https:\/\/yoast.com\/wordpress\/plugins\/seo\/ -->\n<title>El \u00edndice de precios al consumidor subi\u00f3 4,8% en marzo - Noticias Radio Reflejos<\/title>\n<meta name=\"robots\" content=\"index, follow, max-snippet:-1, max-image-preview:large, max-video-preview:-1\" \/>\n<link rel=\"canonical\" href=\"https:\/\/www.noticiasradioreflejos.com.ar\/2021\/el-indice-de-precios-al-consumidor-subio-48-en-marzo\/\" \/>\n<meta property=\"og:locale\" content=\"es_ES\" \/>\n<meta property=\"og:type\" content=\"article\" \/>\n<meta property=\"og:title\" content=\"El \u00edndice de precios al consumidor subi\u00f3 4,8% en marzo - Noticias Radio Reflejos\" \/>\n<meta property=\"og:description\" content=\"El \u00cdIPC-Costo de vida) se ubic\u00f3 1,2 puntos porcentual por encima del 3,6% de febrero, inform\u00f3 el Instituto Nacional de Estad\u00edstica y Censos.\" \/>\n<meta property=\"og:url\" content=\"https:\/\/www.noticiasradioreflejos.com.ar\/2021\/el-indice-de-precios-al-consumidor-subio-48-en-marzo\/\" \/>\n<meta property=\"og:site_name\" content=\"Noticias Radio Reflejos\" \/>\n<meta property=\"article:published_time\" content=\"2021-04-15T20:15:41+00:00\" \/>\n<meta property=\"og:image\" content=\"https:\/\/www.noticiasradioreflejos.com.ar\/2021\/wp-content\/uploads\/2021\/07\/logosol300x200.png\" \/>\n\t<meta property=\"og:image:width\" content=\"300\" \/>\n\t<meta property=\"og:image:height\" content=\"200\" \/>\n\t<meta property=\"og:image:type\" content=\"image\/png\" \/>\n<meta name=\"author\" content=\"Arnaldo Botto\" \/>\n<meta name=\"twitter:card\" content=\"summary_large_image\" \/>\n<script type=\"application\/ld+json\" class=\"yoast-schema-graph\">{\"@context\":\"https:\/\/schema.org\",\"@graph\":[{\"@type\":\"WebPage\",\"@id\":\"https:\/\/www.noticiasradioreflejos.com.ar\/2021\/el-indice-de-precios-al-consumidor-subio-48-en-marzo\/\",\"url\":\"https:\/\/www.noticiasradioreflejos.com.ar\/2021\/el-indice-de-precios-al-consumidor-subio-48-en-marzo\/\",\"name\":\"El \u00edndice de precios al consumidor subi\u00f3 4,8% en marzo - Noticias Radio Reflejos\",\"isPartOf\":{\"@id\":\"https:\/\/www.noticiasradioreflejos.com.ar\/2021\/#website\"},\"datePublished\":\"2021-04-15T20:15:41+00:00\",\"author\":{\"@id\":\"https:\/\/www.noticiasradioreflejos.com.ar\/2021\/#\/schema\/person\/ad82545263dcc5ec0996818884fd5fb1\"},\"breadcrumb\":{\"@id\":\"https:\/\/www.noticiasradioreflejos.com.ar\/2021\/el-indice-de-precios-al-consumidor-subio-48-en-marzo\/#breadcrumb\"},\"inLanguage\":\"es\",\"potentialAction\":[{\"@type\":\"ReadAction\",\"target\":[\"https:\/\/www.noticiasradioreflejos.com.ar\/2021\/el-indice-de-precios-al-consumidor-subio-48-en-marzo\/\"]}]},{\"@type\":\"BreadcrumbList\",\"@id\":\"https:\/\/www.noticiasradioreflejos.com.ar\/2021\/el-indice-de-precios-al-consumidor-subio-48-en-marzo\/#breadcrumb\",\"itemListElement\":[{\"@type\":\"ListItem\",\"position\":1,\"name\":\"Portada\",\"item\":\"https:\/\/www.noticiasradioreflejos.com.ar\/2021\/\"},{\"@type\":\"ListItem\",\"position\":2,\"name\":\"El \u00edndice de precios al consumidor subi\u00f3 4,8% en marzo\"}]},{\"@type\":\"WebSite\",\"@id\":\"https:\/\/www.noticiasradioreflejos.com.ar\/2021\/#website\",\"url\":\"https:\/\/www.noticiasradioreflejos.com.ar\/2021\/\",\"name\":\"Noticias Radio Reflejos\",\"description\":\"Las noticias de mi comarca\",\"potentialAction\":[{\"@type\":\"SearchAction\",\"target\":{\"@type\":\"EntryPoint\",\"urlTemplate\":\"https:\/\/www.noticiasradioreflejos.com.ar\/2021\/?s={search_term_string}\"},\"query-input\":{\"@type\":\"PropertyValueSpecification\",\"valueRequired\":true,\"valueName\":\"search_term_string\"}}],\"inLanguage\":\"es\"},{\"@type\":\"Person\",\"@id\":\"https:\/\/www.noticiasradioreflejos.com.ar\/2021\/#\/schema\/person\/ad82545263dcc5ec0996818884fd5fb1\",\"name\":\"Arnaldo Botto\",\"image\":{\"@type\":\"ImageObject\",\"inLanguage\":\"es\",\"@id\":\"https:\/\/www.noticiasradioreflejos.com.ar\/2021\/#\/schema\/person\/image\/\",\"url\":\"https:\/\/secure.gravatar.com\/avatar\/55cb5e37c1efa326397366e6974cb338056df65cb50e7d64d1cf314e87504837?s=96&d=mm&r=g\",\"contentUrl\":\"https:\/\/secure.gravatar.com\/avatar\/55cb5e37c1efa326397366e6974cb338056df65cb50e7d64d1cf314e87504837?s=96&d=mm&r=g\",\"caption\":\"Arnaldo Botto\"},\"url\":\"https:\/\/www.noticiasradioreflejos.com.ar\/2021\/author\/arnaldo\/\"}]}<\/script>\n<!-- \/ Yoast SEO plugin. -->","yoast_head_json":{"title":"El \u00edndice de precios al consumidor subi\u00f3 4,8% en marzo - Noticias Radio Reflejos","robots":{"index":"index","follow":"follow","max-snippet":"max-snippet:-1","max-image-preview":"max-image-preview:large","max-video-preview":"max-video-preview:-1"},"canonical":"https:\/\/www.noticiasradioreflejos.com.ar\/2021\/el-indice-de-precios-al-consumidor-subio-48-en-marzo\/","og_locale":"es_ES","og_type":"article","og_title":"El \u00edndice de precios al consumidor subi\u00f3 4,8% en marzo - Noticias Radio Reflejos","og_description":"El \u00cdIPC-Costo de vida) se ubic\u00f3 1,2 puntos porcentual por encima del 3,6% de febrero, inform\u00f3 el Instituto Nacional de Estad\u00edstica y Censos.","og_url":"https:\/\/www.noticiasradioreflejos.com.ar\/2021\/el-indice-de-precios-al-consumidor-subio-48-en-marzo\/","og_site_name":"Noticias Radio Reflejos","article_published_time":"2021-04-15T20:15:41+00:00","og_image":[{"width":300,"height":200,"url":"https:\/\/www.noticiasradioreflejos.com.ar\/2021\/wp-content\/uploads\/2021\/07\/logosol300x200.png","type":"image\/png"}],"author":"Arnaldo Botto","twitter_card":"summary_large_image","schema":{"@context":"https:\/\/schema.org","@graph":[{"@type":"WebPage","@id":"https:\/\/www.noticiasradioreflejos.com.ar\/2021\/el-indice-de-precios-al-consumidor-subio-48-en-marzo\/","url":"https:\/\/www.noticiasradioreflejos.com.ar\/2021\/el-indice-de-precios-al-consumidor-subio-48-en-marzo\/","name":"El \u00edndice de precios al consumidor subi\u00f3 4,8% en marzo - Noticias Radio Reflejos","isPartOf":{"@id":"https:\/\/www.noticiasradioreflejos.com.ar\/2021\/#website"},"datePublished":"2021-04-15T20:15:41+00:00","author":{"@id":"https:\/\/www.noticiasradioreflejos.com.ar\/2021\/#\/schema\/person\/ad82545263dcc5ec0996818884fd5fb1"},"breadcrumb":{"@id":"https:\/\/www.noticiasradioreflejos.com.ar\/2021\/el-indice-de-precios-al-consumidor-subio-48-en-marzo\/#breadcrumb"},"inLanguage":"es","potentialAction":[{"@type":"ReadAction","target":["https:\/\/www.noticiasradioreflejos.com.ar\/2021\/el-indice-de-precios-al-consumidor-subio-48-en-marzo\/"]}]},{"@type":"BreadcrumbList","@id":"https:\/\/www.noticiasradioreflejos.com.ar\/2021\/el-indice-de-precios-al-consumidor-subio-48-en-marzo\/#breadcrumb","itemListElement":[{"@type":"ListItem","position":1,"name":"Portada","item":"https:\/\/www.noticiasradioreflejos.com.ar\/2021\/"},{"@type":"ListItem","position":2,"name":"El \u00edndice de precios al consumidor subi\u00f3 4,8% en marzo"}]},{"@type":"WebSite","@id":"https:\/\/www.noticiasradioreflejos.com.ar\/2021\/#website","url":"https:\/\/www.noticiasradioreflejos.com.ar\/2021\/","name":"Noticias Radio Reflejos","description":"Las noticias de mi comarca","potentialAction":[{"@type":"SearchAction","target":{"@type":"EntryPoint","urlTemplate":"https:\/\/www.noticiasradioreflejos.com.ar\/2021\/?s={search_term_string}"},"query-input":{"@type":"PropertyValueSpecification","valueRequired":true,"valueName":"search_term_string"}}],"inLanguage":"es"},{"@type":"Person","@id":"https:\/\/www.noticiasradioreflejos.com.ar\/2021\/#\/schema\/person\/ad82545263dcc5ec0996818884fd5fb1","name":"Arnaldo Botto","image":{"@type":"ImageObject","inLanguage":"es","@id":"https:\/\/www.noticiasradioreflejos.com.ar\/2021\/#\/schema\/person\/image\/","url":"https:\/\/secure.gravatar.com\/avatar\/55cb5e37c1efa326397366e6974cb338056df65cb50e7d64d1cf314e87504837?s=96&d=mm&r=g","contentUrl":"https:\/\/secure.gravatar.com\/avatar\/55cb5e37c1efa326397366e6974cb338056df65cb50e7d64d1cf314e87504837?s=96&d=mm&r=g","caption":"Arnaldo Botto"},"url":"https:\/\/www.noticiasradioreflejos.com.ar\/2021\/author\/arnaldo\/"}]}},"_links":{"self":[{"href":"https:\/\/www.noticiasradioreflejos.com.ar\/2021\/wp-json\/wp\/v2\/posts\/55453","targetHints":{"allow":["GET"]}}],"collection":[{"href":"https:\/\/www.noticiasradioreflejos.com.ar\/2021\/wp-json\/wp\/v2\/posts"}],"about":[{"href":"https:\/\/www.noticiasradioreflejos.com.ar\/2021\/wp-json\/wp\/v2\/types\/post"}],"author":[{"embeddable":true,"href":"https:\/\/www.noticiasradioreflejos.com.ar\/2021\/wp-json\/wp\/v2\/users\/3"}],"replies":[{"embeddable":true,"href":"https:\/\/www.noticiasradioreflejos.com.ar\/2021\/wp-json\/wp\/v2\/comments?post=55453"}],"version-history":[{"count":0,"href":"https:\/\/www.noticiasradioreflejos.com.ar\/2021\/wp-json\/wp\/v2\/posts\/55453\/revisions"}],"wp:attachment":[{"href":"https:\/\/www.noticiasradioreflejos.com.ar\/2021\/wp-json\/wp\/v2\/media?parent=55453"}],"wp:term":[{"taxonomy":"category","embeddable":true,"href":"https:\/\/www.noticiasradioreflejos.com.ar\/2021\/wp-json\/wp\/v2\/categories?post=55453"},{"taxonomy":"post_tag","embeddable":true,"href":"https:\/\/www.noticiasradioreflejos.com.ar\/2021\/wp-json\/wp\/v2\/tags?post=55453"}],"curies":[{"name":"wp","href":"https:\/\/api.w.org\/{rel}","templated":true}]}}