{"id":55448,"date":"2021-04-15T16:53:18","date_gmt":"2021-04-15T19:53:18","guid":{"rendered":"http:\/\/www.noticiasradioreflejos.com.ar\/noticias\/?p=55448"},"modified":"2021-04-15T16:53:18","modified_gmt":"2021-04-15T19:53:18","slug":"por-accidente-fatal-la-rn-33-se-encuentra-cortada","status":"publish","type":"post","link":"https:\/\/www.noticiasradioreflejos.com.ar\/2021\/por-accidente-fatal-la-rn-33-se-encuentra-cortada\/","title":{"rendered":"Accidente fatal en la RN 33, un hombre result\u00f3 muerto."},"content":{"rendered":"<p>Cerca de la hora 16 se produjo un grave accidente en la ruta nacional 33, entre un cami\u00f3n de cargas generales y un utilitario.<!--more--><\/p>\n<header id=\"mvp-post-head\" class=\"left relative\">La v\u00edctima fue identificada como Guillermo Cocco, de 55 a\u00f1os, quien iba a bordo de una VW Caddy.\u00a0<\/header>\n<div class=\"mvp-post-main-out left relative\">\n<div class=\"mvp-post-main-in\">\n<div id=\"mvp-post-content\" class=\"left relative\">\n<div id=\"mvp-post-feat-img\" class=\"left relative mvp-post-feat-img-wide2\"><img loading=\"lazy\" decoding=\"async\" class=\"attachment- size- wp-post-image\" src=\"https:\/\/www.labrujula24.com\/wp-content\/uploads\/2021\/04\/camioneta.jpg\" sizes=\"auto, (max-width: 1200px) 100vw, 1200px\" srcset=\"https:\/\/www.labrujula24.com\/wp-content\/uploads\/2021\/04\/camioneta.jpg 1200w, https:\/\/www.labrujula24.com\/wp-content\/uploads\/2021\/04\/camioneta-768x461.jpg 768w, https:\/\/www.labrujula24.com\/wp-content\/uploads\/2021\/04\/camioneta-1000x600.jpg 1000w, https:\/\/www.labrujula24.com\/wp-content\/uploads\/2021\/04\/camioneta-590x354.jpg 590w, https:\/\/www.labrujula24.com\/wp-content\/uploads\/2021\/04\/camioneta-400x240.jpg 400w\" alt=\"\" width=\"1200\" height=\"720\" \/><\/div>\n<div id=\"mvp-content-wrap\" class=\"left relative\">\n<div class=\"mvp-post-soc-out right relative\">\n<div class=\"mvp-post-soc-in\">\n<div id=\"mvp-content-body\" class=\"left relative\">\n<div id=\"mvp-content-body-top\" class=\"left relative\">\n<div id=\"mvp-content-main\" class=\"left relative\">\n<div id=\"textbody\">\n<div class=\"code-block code-block-9\"><\/div>\n<div class=\"code-block code-block-2\">\u00a0Un accidente fatal se produjo esta tarde en el kil\u00f3metro 18,5 de la Ruta 33, en inmediaciones del IPES. Fuentes oficiales mencionaron que el incidente se produjo alrededor de las 16, cuando un utilitario marca VW Caddy colision\u00f3 contra un cami\u00f3n Mercedes Benz.<\/div>\n<p>El veh\u00edculo menor era conducido por un hombre de 56 a\u00f1os, quien falleci\u00f3 en el acto producto de las graves heridas. El cami\u00f3n, en tanto, era conducido por un joven de 23 a\u00f1os, quien result\u00f3 ileso.<\/p>\n<div class=\"code-block code-block-11\"><\/div>\n<figure class=\"wp-block-image size-large\"><img loading=\"lazy\" decoding=\"async\" class=\"wp-image-122117\" src=\"https:\/\/www.labrujula24.com\/wp-content\/uploads\/2021\/04\/WhatsApp-Image-2021-04-15-at-4.52.09-PM.jpeg\" sizes=\"auto, (max-width: 1280px) 100vw, 1280px\" srcset=\"https:\/\/www.labrujula24.com\/wp-content\/uploads\/2021\/04\/WhatsApp-Image-2021-04-15-at-4.52.09-PM.jpeg 1280w, https:\/\/www.labrujula24.com\/wp-content\/uploads\/2021\/04\/WhatsApp-Image-2021-04-15-at-4.52.09-PM-768x575.jpeg 768w\" alt=\"\" width=\"1280\" height=\"959\" \/><\/figure>\n<p>Fuentes oficiales mencionaron que el veh\u00edculo de gran porte no transportaba carga y se dirig\u00eda desde Bah\u00eda Blanca hasta Saavedra.<\/p>\n<figure class=\"wp-block-image size-large\"><img loading=\"lazy\" decoding=\"async\" class=\"wp-image-122118\" src=\"https:\/\/www.labrujula24.com\/wp-content\/uploads\/2021\/04\/WhatsApp-Image-2021-04-15-at-4.28.16-PM.jpeg\" sizes=\"auto, (max-width: 1024px) 100vw, 1024px\" srcset=\"https:\/\/www.labrujula24.com\/wp-content\/uploads\/2021\/04\/WhatsApp-Image-2021-04-15-at-4.28.16-PM.jpeg 1024w, https:\/\/www.labrujula24.com\/wp-content\/uploads\/2021\/04\/WhatsApp-Image-2021-04-15-at-4.28.16-PM-768x432.jpeg 768w\" alt=\"\" width=\"1024\" height=\"576\" \/><\/figure>\n<p>La ruta permanece cortada y hay largas filas de autos en el sector. En el lugar trabaj\u00f3 la Guardia de Defensa Civil, personal de Bomberos Central, una ambulancia del servicio de Emergencias Siempre, personal policial y control de tr\u00e1nsito urbano.<\/p>\n<figure class=\"wp-block-image size-large\"><img loading=\"lazy\" decoding=\"async\" class=\"wp-image-122123\" src=\"https:\/\/www.labrujula24.com\/wp-content\/uploads\/2021\/04\/WhatsApp-Image-2021-04-15-at-5.12.54-PM.jpeg\" sizes=\"auto, (max-width: 1280px) 100vw, 1280px\" srcset=\"https:\/\/www.labrujula24.com\/wp-content\/uploads\/2021\/04\/WhatsApp-Image-2021-04-15-at-5.12.54-PM.jpeg 1280w, https:\/\/www.labrujula24.com\/wp-content\/uploads\/2021\/04\/WhatsApp-Image-2021-04-15-at-5.12.54-PM-768x432.jpeg 768w\" alt=\"\" width=\"1280\" height=\"720\" \/><\/figure>\n<p>\u00abAparentemente, la persona del veh\u00edculo menor se habr\u00eda inclinado hacia el carril contrario y as\u00ed se habr\u00eda producido el incidente\u00bb, mencion\u00f3 Claudio Uzidinger, integrante de la guardia de Defensa Civil, dialogando con el m\u00f3vil de\u00a0<strong>LA BR\u00daJULA 24<\/strong>, durante el programa\u00a0<strong>Nunca es tarde<\/strong>.<\/p>\n<figure class=\"wp-block-image size-large\"><img loading=\"lazy\" decoding=\"async\" class=\"wp-image-122124\" src=\"https:\/\/www.labrujula24.com\/wp-content\/uploads\/2021\/04\/WhatsApp-Image-2021-04-15-at-5.12.55-PM.jpeg\" alt=\"\" width=\"720\" height=\"1280\" \/><\/figure>\n<figure class=\"wp-block-image size-large\"><img loading=\"lazy\" decoding=\"async\" class=\"wp-image-122126\" src=\"https:\/\/www.labrujula24.com\/wp-content\/uploads\/2021\/04\/WhatsApp-Image-2021-04-15-at-5.21.43-PM.jpeg\" sizes=\"auto, (max-width: 1280px) 100vw, 1280px\" srcset=\"https:\/\/www.labrujula24.com\/wp-content\/uploads\/2021\/04\/WhatsApp-Image-2021-04-15-at-5.21.43-PM.jpeg 1280w, https:\/\/www.labrujula24.com\/wp-content\/uploads\/2021\/04\/WhatsApp-Image-2021-04-15-at-5.21.43-PM-768x432.jpeg 768w\" alt=\"\" width=\"1280\" height=\"720\" \/><\/figure>\n<p>Uzidinger tambi\u00e9n mencion\u00f3 que podr\u00eda haber involucrado un tercer veh\u00edculo que podr\u00eda haber rozado al utilitario.<\/p>\n<\/div>\n<\/div>\n<\/div>\n<\/div>\n<\/div>\n<\/div>\n<\/div>\n<\/div>\n<\/div>\n<\/div>\n","protected":false},"excerpt":{"rendered":"<p>Cerca de la hora 16 se produjo un grave accidente en la ruta nacional 33, entre un cami\u00f3n de cargas generales y un utilitario.<\/p>\n","protected":false},"author":3,"featured_media":0,"comment_status":"closed","ping_status":"open","sticky":false,"template":"","format":"standard","meta":{"footnotes":""},"categories":[24],"tags":[],"class_list":["post-55448","post","type-post","status-publish","format-standard","hentry","category-politica"],"yoast_head":"<!-- This site is optimized with the Yoast SEO plugin v25.9 - https:\/\/yoast.com\/wordpress\/plugins\/seo\/ -->\n<title>Accidente fatal en la RN 33, un hombre result\u00f3 muerto. - Noticias Radio Reflejos<\/title>\n<meta name=\"robots\" content=\"index, follow, max-snippet:-1, max-image-preview:large, max-video-preview:-1\" \/>\n<link rel=\"canonical\" href=\"https:\/\/www.noticiasradioreflejos.com.ar\/2021\/por-accidente-fatal-la-rn-33-se-encuentra-cortada\/\" \/>\n<meta property=\"og:locale\" content=\"es_ES\" \/>\n<meta property=\"og:type\" content=\"article\" \/>\n<meta property=\"og:title\" content=\"Accidente fatal en la RN 33, un hombre result\u00f3 muerto. - Noticias Radio Reflejos\" \/>\n<meta property=\"og:description\" content=\"Cerca de la hora 16 se produjo un grave accidente en la ruta nacional 33, entre un cami\u00f3n de cargas generales y un utilitario.\" \/>\n<meta property=\"og:url\" content=\"https:\/\/www.noticiasradioreflejos.com.ar\/2021\/por-accidente-fatal-la-rn-33-se-encuentra-cortada\/\" \/>\n<meta property=\"og:site_name\" content=\"Noticias Radio Reflejos\" \/>\n<meta property=\"article:published_time\" content=\"2021-04-15T19:53:18+00:00\" \/>\n<meta property=\"og:image\" content=\"https:\/\/www.labrujula24.com\/wp-content\/uploads\/2021\/04\/camioneta.jpg\" \/>\n<meta name=\"author\" content=\"Arnaldo Botto\" \/>\n<meta name=\"twitter:card\" content=\"summary_large_image\" \/>\n<script type=\"application\/ld+json\" class=\"yoast-schema-graph\">{\"@context\":\"https:\/\/schema.org\",\"@graph\":[{\"@type\":\"WebPage\",\"@id\":\"https:\/\/www.noticiasradioreflejos.com.ar\/2021\/por-accidente-fatal-la-rn-33-se-encuentra-cortada\/\",\"url\":\"https:\/\/www.noticiasradioreflejos.com.ar\/2021\/por-accidente-fatal-la-rn-33-se-encuentra-cortada\/\",\"name\":\"Accidente fatal en la RN 33, un hombre result\u00f3 muerto. - Noticias Radio Reflejos\",\"isPartOf\":{\"@id\":\"https:\/\/www.noticiasradioreflejos.com.ar\/2021\/#website\"},\"primaryImageOfPage\":{\"@id\":\"https:\/\/www.noticiasradioreflejos.com.ar\/2021\/por-accidente-fatal-la-rn-33-se-encuentra-cortada\/#primaryimage\"},\"image\":{\"@id\":\"https:\/\/www.noticiasradioreflejos.com.ar\/2021\/por-accidente-fatal-la-rn-33-se-encuentra-cortada\/#primaryimage\"},\"thumbnailUrl\":\"https:\/\/www.labrujula24.com\/wp-content\/uploads\/2021\/04\/camioneta.jpg\",\"datePublished\":\"2021-04-15T19:53:18+00:00\",\"author\":{\"@id\":\"https:\/\/www.noticiasradioreflejos.com.ar\/2021\/#\/schema\/person\/ad82545263dcc5ec0996818884fd5fb1\"},\"breadcrumb\":{\"@id\":\"https:\/\/www.noticiasradioreflejos.com.ar\/2021\/por-accidente-fatal-la-rn-33-se-encuentra-cortada\/#breadcrumb\"},\"inLanguage\":\"es\",\"potentialAction\":[{\"@type\":\"ReadAction\",\"target\":[\"https:\/\/www.noticiasradioreflejos.com.ar\/2021\/por-accidente-fatal-la-rn-33-se-encuentra-cortada\/\"]}]},{\"@type\":\"ImageObject\",\"inLanguage\":\"es\",\"@id\":\"https:\/\/www.noticiasradioreflejos.com.ar\/2021\/por-accidente-fatal-la-rn-33-se-encuentra-cortada\/#primaryimage\",\"url\":\"https:\/\/www.labrujula24.com\/wp-content\/uploads\/2021\/04\/camioneta.jpg\",\"contentUrl\":\"https:\/\/www.labrujula24.com\/wp-content\/uploads\/2021\/04\/camioneta.jpg\"},{\"@type\":\"BreadcrumbList\",\"@id\":\"https:\/\/www.noticiasradioreflejos.com.ar\/2021\/por-accidente-fatal-la-rn-33-se-encuentra-cortada\/#breadcrumb\",\"itemListElement\":[{\"@type\":\"ListItem\",\"position\":1,\"name\":\"Portada\",\"item\":\"https:\/\/www.noticiasradioreflejos.com.ar\/2021\/\"},{\"@type\":\"ListItem\",\"position\":2,\"name\":\"Accidente fatal en la RN 33, un hombre result\u00f3 muerto.\"}]},{\"@type\":\"WebSite\",\"@id\":\"https:\/\/www.noticiasradioreflejos.com.ar\/2021\/#website\",\"url\":\"https:\/\/www.noticiasradioreflejos.com.ar\/2021\/\",\"name\":\"Noticias Radio Reflejos\",\"description\":\"Las noticias de mi comarca\",\"potentialAction\":[{\"@type\":\"SearchAction\",\"target\":{\"@type\":\"EntryPoint\",\"urlTemplate\":\"https:\/\/www.noticiasradioreflejos.com.ar\/2021\/?s={search_term_string}\"},\"query-input\":{\"@type\":\"PropertyValueSpecification\",\"valueRequired\":true,\"valueName\":\"search_term_string\"}}],\"inLanguage\":\"es\"},{\"@type\":\"Person\",\"@id\":\"https:\/\/www.noticiasradioreflejos.com.ar\/2021\/#\/schema\/person\/ad82545263dcc5ec0996818884fd5fb1\",\"name\":\"Arnaldo Botto\",\"image\":{\"@type\":\"ImageObject\",\"inLanguage\":\"es\",\"@id\":\"https:\/\/www.noticiasradioreflejos.com.ar\/2021\/#\/schema\/person\/image\/\",\"url\":\"https:\/\/secure.gravatar.com\/avatar\/55cb5e37c1efa326397366e6974cb338056df65cb50e7d64d1cf314e87504837?s=96&d=mm&r=g\",\"contentUrl\":\"https:\/\/secure.gravatar.com\/avatar\/55cb5e37c1efa326397366e6974cb338056df65cb50e7d64d1cf314e87504837?s=96&d=mm&r=g\",\"caption\":\"Arnaldo Botto\"},\"url\":\"https:\/\/www.noticiasradioreflejos.com.ar\/2021\/author\/arnaldo\/\"}]}<\/script>\n<!-- \/ Yoast SEO plugin. -->","yoast_head_json":{"title":"Accidente fatal en la RN 33, un hombre result\u00f3 muerto. - Noticias Radio Reflejos","robots":{"index":"index","follow":"follow","max-snippet":"max-snippet:-1","max-image-preview":"max-image-preview:large","max-video-preview":"max-video-preview:-1"},"canonical":"https:\/\/www.noticiasradioreflejos.com.ar\/2021\/por-accidente-fatal-la-rn-33-se-encuentra-cortada\/","og_locale":"es_ES","og_type":"article","og_title":"Accidente fatal en la RN 33, un hombre result\u00f3 muerto. - Noticias Radio Reflejos","og_description":"Cerca de la hora 16 se produjo un grave accidente en la ruta nacional 33, entre un cami\u00f3n de cargas generales y un utilitario.","og_url":"https:\/\/www.noticiasradioreflejos.com.ar\/2021\/por-accidente-fatal-la-rn-33-se-encuentra-cortada\/","og_site_name":"Noticias Radio Reflejos","article_published_time":"2021-04-15T19:53:18+00:00","og_image":[{"url":"https:\/\/www.labrujula24.com\/wp-content\/uploads\/2021\/04\/camioneta.jpg","type":"","width":"","height":""}],"author":"Arnaldo Botto","twitter_card":"summary_large_image","schema":{"@context":"https:\/\/schema.org","@graph":[{"@type":"WebPage","@id":"https:\/\/www.noticiasradioreflejos.com.ar\/2021\/por-accidente-fatal-la-rn-33-se-encuentra-cortada\/","url":"https:\/\/www.noticiasradioreflejos.com.ar\/2021\/por-accidente-fatal-la-rn-33-se-encuentra-cortada\/","name":"Accidente fatal en la RN 33, un hombre result\u00f3 muerto. - Noticias Radio Reflejos","isPartOf":{"@id":"https:\/\/www.noticiasradioreflejos.com.ar\/2021\/#website"},"primaryImageOfPage":{"@id":"https:\/\/www.noticiasradioreflejos.com.ar\/2021\/por-accidente-fatal-la-rn-33-se-encuentra-cortada\/#primaryimage"},"image":{"@id":"https:\/\/www.noticiasradioreflejos.com.ar\/2021\/por-accidente-fatal-la-rn-33-se-encuentra-cortada\/#primaryimage"},"thumbnailUrl":"https:\/\/www.labrujula24.com\/wp-content\/uploads\/2021\/04\/camioneta.jpg","datePublished":"2021-04-15T19:53:18+00:00","author":{"@id":"https:\/\/www.noticiasradioreflejos.com.ar\/2021\/#\/schema\/person\/ad82545263dcc5ec0996818884fd5fb1"},"breadcrumb":{"@id":"https:\/\/www.noticiasradioreflejos.com.ar\/2021\/por-accidente-fatal-la-rn-33-se-encuentra-cortada\/#breadcrumb"},"inLanguage":"es","potentialAction":[{"@type":"ReadAction","target":["https:\/\/www.noticiasradioreflejos.com.ar\/2021\/por-accidente-fatal-la-rn-33-se-encuentra-cortada\/"]}]},{"@type":"ImageObject","inLanguage":"es","@id":"https:\/\/www.noticiasradioreflejos.com.ar\/2021\/por-accidente-fatal-la-rn-33-se-encuentra-cortada\/#primaryimage","url":"https:\/\/www.labrujula24.com\/wp-content\/uploads\/2021\/04\/camioneta.jpg","contentUrl":"https:\/\/www.labrujula24.com\/wp-content\/uploads\/2021\/04\/camioneta.jpg"},{"@type":"BreadcrumbList","@id":"https:\/\/www.noticiasradioreflejos.com.ar\/2021\/por-accidente-fatal-la-rn-33-se-encuentra-cortada\/#breadcrumb","itemListElement":[{"@type":"ListItem","position":1,"name":"Portada","item":"https:\/\/www.noticiasradioreflejos.com.ar\/2021\/"},{"@type":"ListItem","position":2,"name":"Accidente fatal en la RN 33, un hombre result\u00f3 muerto."}]},{"@type":"WebSite","@id":"https:\/\/www.noticiasradioreflejos.com.ar\/2021\/#website","url":"https:\/\/www.noticiasradioreflejos.com.ar\/2021\/","name":"Noticias Radio Reflejos","description":"Las noticias de mi comarca","potentialAction":[{"@type":"SearchAction","target":{"@type":"EntryPoint","urlTemplate":"https:\/\/www.noticiasradioreflejos.com.ar\/2021\/?s={search_term_string}"},"query-input":{"@type":"PropertyValueSpecification","valueRequired":true,"valueName":"search_term_string"}}],"inLanguage":"es"},{"@type":"Person","@id":"https:\/\/www.noticiasradioreflejos.com.ar\/2021\/#\/schema\/person\/ad82545263dcc5ec0996818884fd5fb1","name":"Arnaldo Botto","image":{"@type":"ImageObject","inLanguage":"es","@id":"https:\/\/www.noticiasradioreflejos.com.ar\/2021\/#\/schema\/person\/image\/","url":"https:\/\/secure.gravatar.com\/avatar\/55cb5e37c1efa326397366e6974cb338056df65cb50e7d64d1cf314e87504837?s=96&d=mm&r=g","contentUrl":"https:\/\/secure.gravatar.com\/avatar\/55cb5e37c1efa326397366e6974cb338056df65cb50e7d64d1cf314e87504837?s=96&d=mm&r=g","caption":"Arnaldo Botto"},"url":"https:\/\/www.noticiasradioreflejos.com.ar\/2021\/author\/arnaldo\/"}]}},"_links":{"self":[{"href":"https:\/\/www.noticiasradioreflejos.com.ar\/2021\/wp-json\/wp\/v2\/posts\/55448","targetHints":{"allow":["GET"]}}],"collection":[{"href":"https:\/\/www.noticiasradioreflejos.com.ar\/2021\/wp-json\/wp\/v2\/posts"}],"about":[{"href":"https:\/\/www.noticiasradioreflejos.com.ar\/2021\/wp-json\/wp\/v2\/types\/post"}],"author":[{"embeddable":true,"href":"https:\/\/www.noticiasradioreflejos.com.ar\/2021\/wp-json\/wp\/v2\/users\/3"}],"replies":[{"embeddable":true,"href":"https:\/\/www.noticiasradioreflejos.com.ar\/2021\/wp-json\/wp\/v2\/comments?post=55448"}],"version-history":[{"count":0,"href":"https:\/\/www.noticiasradioreflejos.com.ar\/2021\/wp-json\/wp\/v2\/posts\/55448\/revisions"}],"wp:attachment":[{"href":"https:\/\/www.noticiasradioreflejos.com.ar\/2021\/wp-json\/wp\/v2\/media?parent=55448"}],"wp:term":[{"taxonomy":"category","embeddable":true,"href":"https:\/\/www.noticiasradioreflejos.com.ar\/2021\/wp-json\/wp\/v2\/categories?post=55448"},{"taxonomy":"post_tag","embeddable":true,"href":"https:\/\/www.noticiasradioreflejos.com.ar\/2021\/wp-json\/wp\/v2\/tags?post=55448"}],"curies":[{"name":"wp","href":"https:\/\/api.w.org\/{rel}","templated":true}]}}