{"id":55364,"date":"2021-04-14T12:07:09","date_gmt":"2021-04-14T15:07:09","guid":{"rendered":"http:\/\/www.noticiasradioreflejos.com.ar\/noticias\/?p=55364"},"modified":"2021-04-14T12:07:09","modified_gmt":"2021-04-14T15:07:09","slug":"tornquist-se-vacuna-con-300-dosis-de-sputnik-v-primer-componente","status":"publish","type":"post","link":"https:\/\/www.noticiasradioreflejos.com.ar\/2021\/tornquist-se-vacuna-con-300-dosis-de-sputnik-v-primer-componente\/","title":{"rendered":"Tornquist: Se vacuna con 300 dosis de SPUTNIK V primer componente"},"content":{"rendered":"<p>Se pide a la poblaci\u00f3n que contin\u00fae con los cuidados para prevenir la infecci\u00f3n por Covid-19. Hay 2 pacientes cr\u00edticos en terapia intensiva. <strong>Nota con el Dr. Daniel Barca<\/strong><!--more--><\/p>\n<p>Con cifras que alertan y se superan a s\u00ed mismas d\u00eda a d\u00eda, la segunda ola de Covid-19 golpea m\u00e1s fuerte que en los inicios de la pandemia.<\/p>\n<p>Dentro del Distrito de Tornquist los n\u00fameros se muestran en ascenso semana a semana, motivo por el cual el Doctor Daniel Barca, Secretario de Salud municipal, dialog\u00f3 con este medio sobre la situaci\u00f3n epidemiol\u00f3gica actual.<\/p>\n<p>Luego de un periodo estable respecto a los nuevos contagios, el n\u00famero de positivos asciende d\u00eda a d\u00eda, aunque por suerte \u201cla pendiente aumenta de manera suave y no en pico\u201d, afirma Barca.<\/p>\n<p>\u201cEsperemos que esto se siga dando de manera suave y paulatina\u201d, sostuvo, con un total de m\u00e1s de 30 casos \u201ccuando hace 15 d\u00edas ten\u00edamos tan s\u00f3lo 4\u201d.<\/p>\n<p>En tanto, el \u00e1rea destinada a pacientes Covid dentro del Hospital Municipal encuentra a dos hombres internados en la Unidad de Terapia Intensiva en estado cr\u00edtico y con asistencia respiratoria: \u201cAfortunadamente contamos con la UTI (Unidad de Terapia Intensiva) en nuestra localidad porque la situaci\u00f3n de la ciudad de Bah\u00eda Blanca es angustiante debido al colapso en su sistema de salud\u201d.<\/p>\n<p>Cabe destacar que, horas despu\u00e9s de la inauguraci\u00f3n del \u00e1rea de Terapia Intensiva, \u201cingres\u00f3 un paciente requiriendo un respirador y desde ah\u00ed seguimos con pacientes en estado cr\u00edtico\u201d. Si bien a\u00fan existe disponibilidad de camas, Barca expresa que \u201cesperamos no usarlas porque tambi\u00e9n sabemos que es saturable, por eso pedimos y apelamos a la responsabilidad social\u201d.<\/p>\n<p>Respecto a la Campa\u00f1a de Vacunaci\u00f3n, \u00e9sta posee dos enfoques: \u201cSi pensamos en los 20 mil habitantes que tiene el Distrito, 3 mil son los vacunados, por lo cual podemos pensar que es poco, pero contamos con un 50% de la poblaci\u00f3n objetivo inoculada\u201d.<\/p>\n<p>Y agreg\u00f3: \u201cEl programa tiene como objetivo vacunar a la poblaci\u00f3n mayor y es lo que se est\u00e1 haciendo. Recibimos 300 dosis y tenemos un ritmo de aplicaci\u00f3n de 100 personas por d\u00eda priorizando aquellas que poseen patolog\u00edas preexistentes\u201d.<\/p>\n<p>A la espera de nuevas dosis, las inoculaciones aplicadas se tratan del componente I de la vacuna rusa, Sputnik V:(Centro de Jubilados, sede Vacunatorio), \u201cSe ha demostrado que todas las vacunas son \u00f3ptimas en distintos grados y que, al estar vacunado, el virus que ingresa al organismo ya es reconocido, lo que permite cursar la enfermedad de manera leve\u201d.<\/p>\n<p>Remarcando que \u201cla curva mantiene una pendiente suave\u201d, se pide a la poblaci\u00f3n que contin\u00fae con las medidas de cuidado y prevenci\u00f3n \u201cindependientemente de las autorizaciones de circulaci\u00f3n\u201d.<\/p>\n<p>\u201cLo importante es la conciencia propia del autocuidado, ya que la \u00fanica forma de evitar el contagio es reduciendo los conglomerados, uso del tapabocas y una correcta higiene\u201d, finaliz\u00f3.<\/p>\n<p><iframe loading=\"lazy\" src=\"https:\/\/w.soundcloud.com\/player\/?url=https%3A\/\/api.soundcloud.com\/tracks\/1029388051&amp;color=%23ff5500&amp;auto_play=false&amp;hide_related=false&amp;show_comments=true&amp;show_user=true&amp;show_reposts=false&amp;show_teaser=true\" width=\"100%\" height=\"166\" frameborder=\"no\" scrolling=\"no\"><\/iframe><\/p>\n<div style=\"font-size: 10px; color: #cccccc; line-break: anywhere; word-break: normal; overflow: hidden; white-space: nowrap; text-overflow: ellipsis; font-family: Interstate,Lucida Grande,Lucida Sans Unicode,Lucida Sans,Garuda,Verdana,Tahoma,sans-serif; font-weight: 100;\"><a style=\"color: #cccccc; text-decoration: none;\" title=\"fmreflejos 103.7\" href=\"https:\/\/soundcloud.com\/fmreflejos-103-7\" target=\"_blank\" rel=\"noopener\">fmreflejos 103.7<\/a> \u00b7 <a style=\"color: #cccccc; text-decoration: none;\" title=\"Nota - Daniel - Barca - 5.mp3 Original\" href=\"https:\/\/soundcloud.com\/fmreflejos-103-7\/nota-daniel-barca-5mp3-original\" target=\"_blank\" rel=\"noopener\">Nota &#8211; Daniel &#8211; Barca &#8211; 5.mp3 Original<\/a><\/div>\n","protected":false},"excerpt":{"rendered":"<p>Se pide a la poblaci\u00f3n que contin\u00fae con los cuidados para prevenir la infecci\u00f3n por Covid-19. Hay 2 pacientes cr\u00edticos en terapia intensiva. Nota con el Dr. Daniel Barca<\/p>\n","protected":false},"author":3,"featured_media":0,"comment_status":"closed","ping_status":"open","sticky":false,"template":"","format":"standard","meta":{"footnotes":""},"categories":[28,30],"tags":[],"class_list":["post-55364","post","type-post","status-publish","format-standard","hentry","category-municipales","category-salud"],"yoast_head":"<!-- This site is optimized with the Yoast SEO plugin v25.9 - https:\/\/yoast.com\/wordpress\/plugins\/seo\/ -->\n<title>Tornquist: Se vacuna con 300 dosis de SPUTNIK V primer componente - Noticias Radio Reflejos<\/title>\n<meta name=\"robots\" content=\"index, follow, max-snippet:-1, max-image-preview:large, max-video-preview:-1\" \/>\n<link rel=\"canonical\" href=\"https:\/\/www.noticiasradioreflejos.com.ar\/2021\/tornquist-se-vacuna-con-300-dosis-de-sputnik-v-primer-componente\/\" \/>\n<meta property=\"og:locale\" content=\"es_ES\" \/>\n<meta property=\"og:type\" content=\"article\" \/>\n<meta property=\"og:title\" content=\"Tornquist: Se vacuna con 300 dosis de SPUTNIK V primer componente - Noticias Radio Reflejos\" \/>\n<meta property=\"og:description\" content=\"Se pide a la poblaci\u00f3n que contin\u00fae con los cuidados para prevenir la infecci\u00f3n por Covid-19. Hay 2 pacientes cr\u00edticos en terapia intensiva. Nota con el Dr. Daniel Barca\" \/>\n<meta property=\"og:url\" content=\"https:\/\/www.noticiasradioreflejos.com.ar\/2021\/tornquist-se-vacuna-con-300-dosis-de-sputnik-v-primer-componente\/\" \/>\n<meta property=\"og:site_name\" content=\"Noticias Radio Reflejos\" \/>\n<meta property=\"article:published_time\" content=\"2021-04-14T15:07:09+00:00\" \/>\n<meta property=\"og:image\" content=\"https:\/\/www.noticiasradioreflejos.com.ar\/2021\/wp-content\/uploads\/2021\/07\/logosol300x200.png\" \/>\n\t<meta property=\"og:image:width\" content=\"300\" \/>\n\t<meta property=\"og:image:height\" content=\"200\" \/>\n\t<meta property=\"og:image:type\" content=\"image\/png\" \/>\n<meta name=\"author\" content=\"Arnaldo Botto\" \/>\n<meta name=\"twitter:card\" content=\"summary_large_image\" \/>\n<script type=\"application\/ld+json\" class=\"yoast-schema-graph\">{\"@context\":\"https:\/\/schema.org\",\"@graph\":[{\"@type\":\"WebPage\",\"@id\":\"https:\/\/www.noticiasradioreflejos.com.ar\/2021\/tornquist-se-vacuna-con-300-dosis-de-sputnik-v-primer-componente\/\",\"url\":\"https:\/\/www.noticiasradioreflejos.com.ar\/2021\/tornquist-se-vacuna-con-300-dosis-de-sputnik-v-primer-componente\/\",\"name\":\"Tornquist: Se vacuna con 300 dosis de SPUTNIK V primer componente - Noticias Radio Reflejos\",\"isPartOf\":{\"@id\":\"https:\/\/www.noticiasradioreflejos.com.ar\/2021\/#website\"},\"datePublished\":\"2021-04-14T15:07:09+00:00\",\"author\":{\"@id\":\"https:\/\/www.noticiasradioreflejos.com.ar\/2021\/#\/schema\/person\/ad82545263dcc5ec0996818884fd5fb1\"},\"breadcrumb\":{\"@id\":\"https:\/\/www.noticiasradioreflejos.com.ar\/2021\/tornquist-se-vacuna-con-300-dosis-de-sputnik-v-primer-componente\/#breadcrumb\"},\"inLanguage\":\"es\",\"potentialAction\":[{\"@type\":\"ReadAction\",\"target\":[\"https:\/\/www.noticiasradioreflejos.com.ar\/2021\/tornquist-se-vacuna-con-300-dosis-de-sputnik-v-primer-componente\/\"]}]},{\"@type\":\"BreadcrumbList\",\"@id\":\"https:\/\/www.noticiasradioreflejos.com.ar\/2021\/tornquist-se-vacuna-con-300-dosis-de-sputnik-v-primer-componente\/#breadcrumb\",\"itemListElement\":[{\"@type\":\"ListItem\",\"position\":1,\"name\":\"Portada\",\"item\":\"https:\/\/www.noticiasradioreflejos.com.ar\/2021\/\"},{\"@type\":\"ListItem\",\"position\":2,\"name\":\"Tornquist: Se vacuna con 300 dosis de SPUTNIK V primer componente\"}]},{\"@type\":\"WebSite\",\"@id\":\"https:\/\/www.noticiasradioreflejos.com.ar\/2021\/#website\",\"url\":\"https:\/\/www.noticiasradioreflejos.com.ar\/2021\/\",\"name\":\"Noticias Radio Reflejos\",\"description\":\"Las noticias de mi comarca\",\"potentialAction\":[{\"@type\":\"SearchAction\",\"target\":{\"@type\":\"EntryPoint\",\"urlTemplate\":\"https:\/\/www.noticiasradioreflejos.com.ar\/2021\/?s={search_term_string}\"},\"query-input\":{\"@type\":\"PropertyValueSpecification\",\"valueRequired\":true,\"valueName\":\"search_term_string\"}}],\"inLanguage\":\"es\"},{\"@type\":\"Person\",\"@id\":\"https:\/\/www.noticiasradioreflejos.com.ar\/2021\/#\/schema\/person\/ad82545263dcc5ec0996818884fd5fb1\",\"name\":\"Arnaldo Botto\",\"image\":{\"@type\":\"ImageObject\",\"inLanguage\":\"es\",\"@id\":\"https:\/\/www.noticiasradioreflejos.com.ar\/2021\/#\/schema\/person\/image\/\",\"url\":\"https:\/\/secure.gravatar.com\/avatar\/55cb5e37c1efa326397366e6974cb338056df65cb50e7d64d1cf314e87504837?s=96&d=mm&r=g\",\"contentUrl\":\"https:\/\/secure.gravatar.com\/avatar\/55cb5e37c1efa326397366e6974cb338056df65cb50e7d64d1cf314e87504837?s=96&d=mm&r=g\",\"caption\":\"Arnaldo Botto\"},\"url\":\"https:\/\/www.noticiasradioreflejos.com.ar\/2021\/author\/arnaldo\/\"}]}<\/script>\n<!-- \/ Yoast SEO plugin. -->","yoast_head_json":{"title":"Tornquist: Se vacuna con 300 dosis de SPUTNIK V primer componente - Noticias Radio Reflejos","robots":{"index":"index","follow":"follow","max-snippet":"max-snippet:-1","max-image-preview":"max-image-preview:large","max-video-preview":"max-video-preview:-1"},"canonical":"https:\/\/www.noticiasradioreflejos.com.ar\/2021\/tornquist-se-vacuna-con-300-dosis-de-sputnik-v-primer-componente\/","og_locale":"es_ES","og_type":"article","og_title":"Tornquist: Se vacuna con 300 dosis de SPUTNIK V primer componente - Noticias Radio Reflejos","og_description":"Se pide a la poblaci\u00f3n que contin\u00fae con los cuidados para prevenir la infecci\u00f3n por Covid-19. Hay 2 pacientes cr\u00edticos en terapia intensiva. Nota con el Dr. Daniel Barca","og_url":"https:\/\/www.noticiasradioreflejos.com.ar\/2021\/tornquist-se-vacuna-con-300-dosis-de-sputnik-v-primer-componente\/","og_site_name":"Noticias Radio Reflejos","article_published_time":"2021-04-14T15:07:09+00:00","og_image":[{"width":300,"height":200,"url":"https:\/\/www.noticiasradioreflejos.com.ar\/2021\/wp-content\/uploads\/2021\/07\/logosol300x200.png","type":"image\/png"}],"author":"Arnaldo Botto","twitter_card":"summary_large_image","schema":{"@context":"https:\/\/schema.org","@graph":[{"@type":"WebPage","@id":"https:\/\/www.noticiasradioreflejos.com.ar\/2021\/tornquist-se-vacuna-con-300-dosis-de-sputnik-v-primer-componente\/","url":"https:\/\/www.noticiasradioreflejos.com.ar\/2021\/tornquist-se-vacuna-con-300-dosis-de-sputnik-v-primer-componente\/","name":"Tornquist: Se vacuna con 300 dosis de SPUTNIK V primer componente - Noticias Radio Reflejos","isPartOf":{"@id":"https:\/\/www.noticiasradioreflejos.com.ar\/2021\/#website"},"datePublished":"2021-04-14T15:07:09+00:00","author":{"@id":"https:\/\/www.noticiasradioreflejos.com.ar\/2021\/#\/schema\/person\/ad82545263dcc5ec0996818884fd5fb1"},"breadcrumb":{"@id":"https:\/\/www.noticiasradioreflejos.com.ar\/2021\/tornquist-se-vacuna-con-300-dosis-de-sputnik-v-primer-componente\/#breadcrumb"},"inLanguage":"es","potentialAction":[{"@type":"ReadAction","target":["https:\/\/www.noticiasradioreflejos.com.ar\/2021\/tornquist-se-vacuna-con-300-dosis-de-sputnik-v-primer-componente\/"]}]},{"@type":"BreadcrumbList","@id":"https:\/\/www.noticiasradioreflejos.com.ar\/2021\/tornquist-se-vacuna-con-300-dosis-de-sputnik-v-primer-componente\/#breadcrumb","itemListElement":[{"@type":"ListItem","position":1,"name":"Portada","item":"https:\/\/www.noticiasradioreflejos.com.ar\/2021\/"},{"@type":"ListItem","position":2,"name":"Tornquist: Se vacuna con 300 dosis de SPUTNIK V primer componente"}]},{"@type":"WebSite","@id":"https:\/\/www.noticiasradioreflejos.com.ar\/2021\/#website","url":"https:\/\/www.noticiasradioreflejos.com.ar\/2021\/","name":"Noticias Radio Reflejos","description":"Las noticias de mi comarca","potentialAction":[{"@type":"SearchAction","target":{"@type":"EntryPoint","urlTemplate":"https:\/\/www.noticiasradioreflejos.com.ar\/2021\/?s={search_term_string}"},"query-input":{"@type":"PropertyValueSpecification","valueRequired":true,"valueName":"search_term_string"}}],"inLanguage":"es"},{"@type":"Person","@id":"https:\/\/www.noticiasradioreflejos.com.ar\/2021\/#\/schema\/person\/ad82545263dcc5ec0996818884fd5fb1","name":"Arnaldo Botto","image":{"@type":"ImageObject","inLanguage":"es","@id":"https:\/\/www.noticiasradioreflejos.com.ar\/2021\/#\/schema\/person\/image\/","url":"https:\/\/secure.gravatar.com\/avatar\/55cb5e37c1efa326397366e6974cb338056df65cb50e7d64d1cf314e87504837?s=96&d=mm&r=g","contentUrl":"https:\/\/secure.gravatar.com\/avatar\/55cb5e37c1efa326397366e6974cb338056df65cb50e7d64d1cf314e87504837?s=96&d=mm&r=g","caption":"Arnaldo Botto"},"url":"https:\/\/www.noticiasradioreflejos.com.ar\/2021\/author\/arnaldo\/"}]}},"_links":{"self":[{"href":"https:\/\/www.noticiasradioreflejos.com.ar\/2021\/wp-json\/wp\/v2\/posts\/55364","targetHints":{"allow":["GET"]}}],"collection":[{"href":"https:\/\/www.noticiasradioreflejos.com.ar\/2021\/wp-json\/wp\/v2\/posts"}],"about":[{"href":"https:\/\/www.noticiasradioreflejos.com.ar\/2021\/wp-json\/wp\/v2\/types\/post"}],"author":[{"embeddable":true,"href":"https:\/\/www.noticiasradioreflejos.com.ar\/2021\/wp-json\/wp\/v2\/users\/3"}],"replies":[{"embeddable":true,"href":"https:\/\/www.noticiasradioreflejos.com.ar\/2021\/wp-json\/wp\/v2\/comments?post=55364"}],"version-history":[{"count":0,"href":"https:\/\/www.noticiasradioreflejos.com.ar\/2021\/wp-json\/wp\/v2\/posts\/55364\/revisions"}],"wp:attachment":[{"href":"https:\/\/www.noticiasradioreflejos.com.ar\/2021\/wp-json\/wp\/v2\/media?parent=55364"}],"wp:term":[{"taxonomy":"category","embeddable":true,"href":"https:\/\/www.noticiasradioreflejos.com.ar\/2021\/wp-json\/wp\/v2\/categories?post=55364"},{"taxonomy":"post_tag","embeddable":true,"href":"https:\/\/www.noticiasradioreflejos.com.ar\/2021\/wp-json\/wp\/v2\/tags?post=55364"}],"curies":[{"name":"wp","href":"https:\/\/api.w.org\/{rel}","templated":true}]}}