{"id":5535,"date":"2017-01-05T12:16:51","date_gmt":"2017-01-05T15:16:51","guid":{"rendered":"http:\/\/noticiasradioreflejos.com.ar\/noticias\/?p=5535"},"modified":"2017-01-05T12:16:51","modified_gmt":"2017-01-05T15:16:51","slug":"indignado-por-el-robo-jose-maria-baptista-hizo-duras-criticas-a-bordoni-y-cenizo","status":"publish","type":"post","link":"https:\/\/www.noticiasradioreflejos.com.ar\/2021\/indignado-por-el-robo-jose-maria-baptista-hizo-duras-criticas-a-bordoni-y-cenizo\/","title":{"rendered":"Indignado por el robo, Jose Mar\u00eda Baptista hizo duras cr\u00edticas a Bordoni y Cenizo"},"content":{"rendered":"<p>Indignado por la situaci\u00f3n de un robo este jueves por la ma\u00f1ana, se hizo presente en FM de la Ciudad\u00a0<strong>Jos\u00e9 Mar\u00eda Baptista,\u00a0<\/strong>\u00a0propietario de un establecimiento que el primero de enero sufri\u00f3 el robo de un tractor.<!--more--><br \/>\nBaptista afirm\u00f3 que la c\u00e1mara de ingreso a Balneario Parque Norte capt\u00f3 el momento en que un tractor a la hora 15.12 pasa por el camino, conducido por una persona que se ve a primera vista con una campera o buzo con capucha.<br \/>\nMostr\u00f3 su indignaci\u00f3n con autoridades de seguridad encabezadas por Mart\u00edn Cenizo y responsabiliz\u00f3 a Sergio Bordoni a quien tambi\u00e9n critic\u00f3 como Jefe Comunal.<br \/>\nDestac\u00f3 la buena predisposici\u00f3n de Iv\u00e1n Molina a cargo de la Patrulla Rural y afirm\u00f3 que entregar\u00e1 una recompensa de 20 mil pesos para quien brinde datos fehacientes que desemboquen en la recuperaci\u00f3n del tractor sustra\u00eddo.<br \/>\nRecordemos el hecho:<br \/>\nJos\u00e9 Mar\u00eda Baptista,\u00a0 inform\u00f3 a nuestro medio en las \u00faltimas horas el robo de un tractor marca Poulan Pro de 15 HP color negro con escritura de color naranja y llantas del mismo color que utilizaba para cortar pasto del establecimiento rural \u201cPichi Bu\u201d de unas 60 hect\u00e1reas, que posee frente al parque industrial a la vera de la Ruta 76.<br \/>\nLa herramienta de trabajo hab\u00eda sido adquirida hace aproximadamente dos meses. En el lugar hay una casa no habitable y un galp\u00f3n de 10\u00d720 con una entrada principal con port\u00f3n de doble hoja.<br \/>\nSu propietario hab\u00eda culminado de cortar el pasto del lugar el s\u00e1bado 31 de Diciembre alrededor de la hora 20 y guard\u00f3 el tractor en su lugar. Cuando regres\u00f3 el d\u00eda 2 de enero alrededor de la hora 15 constat\u00f3 que el candado de la tranquera de ingreso al establecimiento estaba roto y la cadena cortada.<br \/>\nAl dirigirse hacia el galp\u00f3n se dio cuenta de que el port\u00f3n del mismo hab\u00eda sido barreteado y no se encontraba el tractor en cuesti\u00f3n que ser\u00eda el \u00fanico faltante. Baptista realiz\u00f3 la denuncia respectiva en el Comando de Prevenci\u00f3n Rural del partido de Tornquist que investiga el hecho ocurrido a \u00a0principios de 2017.<br \/>\n<iframe loading=\"lazy\" src=\"https:\/\/w.soundcloud.com\/player\/?url=https%3A\/\/api.soundcloud.com\/tracks\/301053977&amp;color=ff5500&amp;auto_play=false&amp;hide_related=false&amp;show_comments=true&amp;show_user=true&amp;show_reposts=false\" width=\"100%\" height=\"166\" frameborder=\"no\" scrolling=\"no\"><\/iframe><br \/>\n<iframe loading=\"lazy\" src=\"https:\/\/www.youtube.com\/embed\/q5t9oGXKr70\" width=\"853\" height=\"480\" frameborder=\"0\" allowfullscreen=\"allowfullscreen\"><\/iframe><\/p>\n","protected":false},"excerpt":{"rendered":"<p>Indignado por la situaci\u00f3n de un robo este jueves por la ma\u00f1ana, se hizo presente en FM de la Ciudad\u00a0Jos\u00e9 Mar\u00eda Baptista,\u00a0\u00a0propietario de un establecimiento que el primero de enero sufri\u00f3 el robo de un tractor.<\/p>\n","protected":false},"author":3,"featured_media":0,"comment_status":"closed","ping_status":"open","sticky":false,"template":"","format":"standard","meta":{"footnotes":""},"categories":[29],"tags":[],"class_list":["post-5535","post","type-post","status-publish","format-standard","hentry","category-policiales"],"yoast_head":"<!-- This site is optimized with the Yoast SEO plugin v25.9 - https:\/\/yoast.com\/wordpress\/plugins\/seo\/ -->\n<title>Indignado por el robo, Jose Mar\u00eda Baptista hizo duras cr\u00edticas a Bordoni y Cenizo - Noticias Radio Reflejos<\/title>\n<meta name=\"robots\" content=\"index, follow, max-snippet:-1, max-image-preview:large, max-video-preview:-1\" \/>\n<link rel=\"canonical\" href=\"https:\/\/www.noticiasradioreflejos.com.ar\/2021\/indignado-por-el-robo-jose-maria-baptista-hizo-duras-criticas-a-bordoni-y-cenizo\/\" \/>\n<meta property=\"og:locale\" content=\"es_ES\" \/>\n<meta property=\"og:type\" content=\"article\" \/>\n<meta property=\"og:title\" content=\"Indignado por el robo, Jose Mar\u00eda Baptista hizo duras cr\u00edticas a Bordoni y Cenizo - Noticias Radio Reflejos\" \/>\n<meta property=\"og:description\" content=\"Indignado por la situaci\u00f3n de un robo este jueves por la ma\u00f1ana, se hizo presente en FM de la Ciudad\u00a0Jos\u00e9 Mar\u00eda Baptista,\u00a0\u00a0propietario de un establecimiento que el primero de enero sufri\u00f3 el robo de un tractor.\" \/>\n<meta property=\"og:url\" content=\"https:\/\/www.noticiasradioreflejos.com.ar\/2021\/indignado-por-el-robo-jose-maria-baptista-hizo-duras-criticas-a-bordoni-y-cenizo\/\" \/>\n<meta property=\"og:site_name\" content=\"Noticias Radio Reflejos\" \/>\n<meta property=\"article:published_time\" content=\"2017-01-05T15:16:51+00:00\" \/>\n<meta property=\"og:image\" content=\"https:\/\/www.noticiasradioreflejos.com.ar\/2021\/wp-content\/uploads\/2021\/07\/logosol300x200.png\" \/>\n\t<meta property=\"og:image:width\" content=\"300\" \/>\n\t<meta property=\"og:image:height\" content=\"200\" \/>\n\t<meta property=\"og:image:type\" content=\"image\/png\" \/>\n<meta name=\"author\" content=\"Arnaldo Botto\" \/>\n<meta name=\"twitter:card\" content=\"summary_large_image\" \/>\n<script type=\"application\/ld+json\" class=\"yoast-schema-graph\">{\"@context\":\"https:\/\/schema.org\",\"@graph\":[{\"@type\":\"WebPage\",\"@id\":\"https:\/\/www.noticiasradioreflejos.com.ar\/2021\/indignado-por-el-robo-jose-maria-baptista-hizo-duras-criticas-a-bordoni-y-cenizo\/\",\"url\":\"https:\/\/www.noticiasradioreflejos.com.ar\/2021\/indignado-por-el-robo-jose-maria-baptista-hizo-duras-criticas-a-bordoni-y-cenizo\/\",\"name\":\"Indignado por el robo, Jose Mar\u00eda Baptista hizo duras cr\u00edticas a Bordoni y Cenizo - Noticias Radio Reflejos\",\"isPartOf\":{\"@id\":\"https:\/\/www.noticiasradioreflejos.com.ar\/2021\/#website\"},\"datePublished\":\"2017-01-05T15:16:51+00:00\",\"author\":{\"@id\":\"https:\/\/www.noticiasradioreflejos.com.ar\/2021\/#\/schema\/person\/ad82545263dcc5ec0996818884fd5fb1\"},\"breadcrumb\":{\"@id\":\"https:\/\/www.noticiasradioreflejos.com.ar\/2021\/indignado-por-el-robo-jose-maria-baptista-hizo-duras-criticas-a-bordoni-y-cenizo\/#breadcrumb\"},\"inLanguage\":\"es\",\"potentialAction\":[{\"@type\":\"ReadAction\",\"target\":[\"https:\/\/www.noticiasradioreflejos.com.ar\/2021\/indignado-por-el-robo-jose-maria-baptista-hizo-duras-criticas-a-bordoni-y-cenizo\/\"]}]},{\"@type\":\"BreadcrumbList\",\"@id\":\"https:\/\/www.noticiasradioreflejos.com.ar\/2021\/indignado-por-el-robo-jose-maria-baptista-hizo-duras-criticas-a-bordoni-y-cenizo\/#breadcrumb\",\"itemListElement\":[{\"@type\":\"ListItem\",\"position\":1,\"name\":\"Portada\",\"item\":\"https:\/\/www.noticiasradioreflejos.com.ar\/2021\/\"},{\"@type\":\"ListItem\",\"position\":2,\"name\":\"Indignado por el robo, Jose Mar\u00eda Baptista hizo duras cr\u00edticas a Bordoni y Cenizo\"}]},{\"@type\":\"WebSite\",\"@id\":\"https:\/\/www.noticiasradioreflejos.com.ar\/2021\/#website\",\"url\":\"https:\/\/www.noticiasradioreflejos.com.ar\/2021\/\",\"name\":\"Noticias Radio Reflejos\",\"description\":\"Las noticias de mi comarca\",\"potentialAction\":[{\"@type\":\"SearchAction\",\"target\":{\"@type\":\"EntryPoint\",\"urlTemplate\":\"https:\/\/www.noticiasradioreflejos.com.ar\/2021\/?s={search_term_string}\"},\"query-input\":{\"@type\":\"PropertyValueSpecification\",\"valueRequired\":true,\"valueName\":\"search_term_string\"}}],\"inLanguage\":\"es\"},{\"@type\":\"Person\",\"@id\":\"https:\/\/www.noticiasradioreflejos.com.ar\/2021\/#\/schema\/person\/ad82545263dcc5ec0996818884fd5fb1\",\"name\":\"Arnaldo Botto\",\"image\":{\"@type\":\"ImageObject\",\"inLanguage\":\"es\",\"@id\":\"https:\/\/www.noticiasradioreflejos.com.ar\/2021\/#\/schema\/person\/image\/\",\"url\":\"https:\/\/secure.gravatar.com\/avatar\/55cb5e37c1efa326397366e6974cb338056df65cb50e7d64d1cf314e87504837?s=96&d=mm&r=g\",\"contentUrl\":\"https:\/\/secure.gravatar.com\/avatar\/55cb5e37c1efa326397366e6974cb338056df65cb50e7d64d1cf314e87504837?s=96&d=mm&r=g\",\"caption\":\"Arnaldo Botto\"},\"url\":\"https:\/\/www.noticiasradioreflejos.com.ar\/2021\/author\/arnaldo\/\"}]}<\/script>\n<!-- \/ Yoast SEO plugin. -->","yoast_head_json":{"title":"Indignado por el robo, Jose Mar\u00eda Baptista hizo duras cr\u00edticas a Bordoni y Cenizo - Noticias Radio Reflejos","robots":{"index":"index","follow":"follow","max-snippet":"max-snippet:-1","max-image-preview":"max-image-preview:large","max-video-preview":"max-video-preview:-1"},"canonical":"https:\/\/www.noticiasradioreflejos.com.ar\/2021\/indignado-por-el-robo-jose-maria-baptista-hizo-duras-criticas-a-bordoni-y-cenizo\/","og_locale":"es_ES","og_type":"article","og_title":"Indignado por el robo, Jose Mar\u00eda Baptista hizo duras cr\u00edticas a Bordoni y Cenizo - Noticias Radio Reflejos","og_description":"Indignado por la situaci\u00f3n de un robo este jueves por la ma\u00f1ana, se hizo presente en FM de la Ciudad\u00a0Jos\u00e9 Mar\u00eda Baptista,\u00a0\u00a0propietario de un establecimiento que el primero de enero sufri\u00f3 el robo de un tractor.","og_url":"https:\/\/www.noticiasradioreflejos.com.ar\/2021\/indignado-por-el-robo-jose-maria-baptista-hizo-duras-criticas-a-bordoni-y-cenizo\/","og_site_name":"Noticias Radio Reflejos","article_published_time":"2017-01-05T15:16:51+00:00","og_image":[{"width":300,"height":200,"url":"https:\/\/www.noticiasradioreflejos.com.ar\/2021\/wp-content\/uploads\/2021\/07\/logosol300x200.png","type":"image\/png"}],"author":"Arnaldo Botto","twitter_card":"summary_large_image","schema":{"@context":"https:\/\/schema.org","@graph":[{"@type":"WebPage","@id":"https:\/\/www.noticiasradioreflejos.com.ar\/2021\/indignado-por-el-robo-jose-maria-baptista-hizo-duras-criticas-a-bordoni-y-cenizo\/","url":"https:\/\/www.noticiasradioreflejos.com.ar\/2021\/indignado-por-el-robo-jose-maria-baptista-hizo-duras-criticas-a-bordoni-y-cenizo\/","name":"Indignado por el robo, Jose Mar\u00eda Baptista hizo duras cr\u00edticas a Bordoni y Cenizo - Noticias Radio Reflejos","isPartOf":{"@id":"https:\/\/www.noticiasradioreflejos.com.ar\/2021\/#website"},"datePublished":"2017-01-05T15:16:51+00:00","author":{"@id":"https:\/\/www.noticiasradioreflejos.com.ar\/2021\/#\/schema\/person\/ad82545263dcc5ec0996818884fd5fb1"},"breadcrumb":{"@id":"https:\/\/www.noticiasradioreflejos.com.ar\/2021\/indignado-por-el-robo-jose-maria-baptista-hizo-duras-criticas-a-bordoni-y-cenizo\/#breadcrumb"},"inLanguage":"es","potentialAction":[{"@type":"ReadAction","target":["https:\/\/www.noticiasradioreflejos.com.ar\/2021\/indignado-por-el-robo-jose-maria-baptista-hizo-duras-criticas-a-bordoni-y-cenizo\/"]}]},{"@type":"BreadcrumbList","@id":"https:\/\/www.noticiasradioreflejos.com.ar\/2021\/indignado-por-el-robo-jose-maria-baptista-hizo-duras-criticas-a-bordoni-y-cenizo\/#breadcrumb","itemListElement":[{"@type":"ListItem","position":1,"name":"Portada","item":"https:\/\/www.noticiasradioreflejos.com.ar\/2021\/"},{"@type":"ListItem","position":2,"name":"Indignado por el robo, Jose Mar\u00eda Baptista hizo duras cr\u00edticas a Bordoni y Cenizo"}]},{"@type":"WebSite","@id":"https:\/\/www.noticiasradioreflejos.com.ar\/2021\/#website","url":"https:\/\/www.noticiasradioreflejos.com.ar\/2021\/","name":"Noticias Radio Reflejos","description":"Las noticias de mi comarca","potentialAction":[{"@type":"SearchAction","target":{"@type":"EntryPoint","urlTemplate":"https:\/\/www.noticiasradioreflejos.com.ar\/2021\/?s={search_term_string}"},"query-input":{"@type":"PropertyValueSpecification","valueRequired":true,"valueName":"search_term_string"}}],"inLanguage":"es"},{"@type":"Person","@id":"https:\/\/www.noticiasradioreflejos.com.ar\/2021\/#\/schema\/person\/ad82545263dcc5ec0996818884fd5fb1","name":"Arnaldo Botto","image":{"@type":"ImageObject","inLanguage":"es","@id":"https:\/\/www.noticiasradioreflejos.com.ar\/2021\/#\/schema\/person\/image\/","url":"https:\/\/secure.gravatar.com\/avatar\/55cb5e37c1efa326397366e6974cb338056df65cb50e7d64d1cf314e87504837?s=96&d=mm&r=g","contentUrl":"https:\/\/secure.gravatar.com\/avatar\/55cb5e37c1efa326397366e6974cb338056df65cb50e7d64d1cf314e87504837?s=96&d=mm&r=g","caption":"Arnaldo Botto"},"url":"https:\/\/www.noticiasradioreflejos.com.ar\/2021\/author\/arnaldo\/"}]}},"_links":{"self":[{"href":"https:\/\/www.noticiasradioreflejos.com.ar\/2021\/wp-json\/wp\/v2\/posts\/5535","targetHints":{"allow":["GET"]}}],"collection":[{"href":"https:\/\/www.noticiasradioreflejos.com.ar\/2021\/wp-json\/wp\/v2\/posts"}],"about":[{"href":"https:\/\/www.noticiasradioreflejos.com.ar\/2021\/wp-json\/wp\/v2\/types\/post"}],"author":[{"embeddable":true,"href":"https:\/\/www.noticiasradioreflejos.com.ar\/2021\/wp-json\/wp\/v2\/users\/3"}],"replies":[{"embeddable":true,"href":"https:\/\/www.noticiasradioreflejos.com.ar\/2021\/wp-json\/wp\/v2\/comments?post=5535"}],"version-history":[{"count":0,"href":"https:\/\/www.noticiasradioreflejos.com.ar\/2021\/wp-json\/wp\/v2\/posts\/5535\/revisions"}],"wp:attachment":[{"href":"https:\/\/www.noticiasradioreflejos.com.ar\/2021\/wp-json\/wp\/v2\/media?parent=5535"}],"wp:term":[{"taxonomy":"category","embeddable":true,"href":"https:\/\/www.noticiasradioreflejos.com.ar\/2021\/wp-json\/wp\/v2\/categories?post=5535"},{"taxonomy":"post_tag","embeddable":true,"href":"https:\/\/www.noticiasradioreflejos.com.ar\/2021\/wp-json\/wp\/v2\/tags?post=5535"}],"curies":[{"name":"wp","href":"https:\/\/api.w.org\/{rel}","templated":true}]}}