{"id":55347,"date":"2021-04-14T08:40:19","date_gmt":"2021-04-14T11:40:19","guid":{"rendered":"http:\/\/www.noticiasradioreflejos.com.ar\/noticias\/?p=55347"},"modified":"2021-04-14T08:40:19","modified_gmt":"2021-04-14T11:40:19","slug":"docentes-paran-en-la-ciudad-y-en-la-provincia-en-reclamo-de-la-suspension-de-las-clases-presenciales","status":"publish","type":"post","link":"https:\/\/www.noticiasradioreflejos.com.ar\/2021\/docentes-paran-en-la-ciudad-y-en-la-provincia-en-reclamo-de-la-suspension-de-las-clases-presenciales\/","title":{"rendered":"Docentes paran en la Ciudad y en la Provincia en reclamo de la suspensi\u00f3n de las clases presenciales"},"content":{"rendered":"<div class=\"row\">\n<div class=\"col-12\">\n<section class=\"section-detail-header\">\n<div class=\"detail-header\">\n<div class=\"detail-header-wrapper\">\n<h1 class=\"title\"><\/h1>\n<p class=\"excerpt\">Varios sindicatos porte\u00f1os y bonaerenses llevan cabo la medida este mi\u00e9rcoles. Denuncian colapso del sistema sanitario e incumplimiento de protocolos.<\/p>\n<\/div>\n<\/div>\n<\/section>\n<\/div>\n<\/div>\n<p><!--more--><\/p>\n<div class=\"row\">\u00a0<img decoding=\"async\" title=\"Docentes paran en la Ciudad y en la Provincia en reclamo de la suspensi\u00f3n de las clases presenciales\" src=\"https:\/\/media.minutouno.com\/p\/b00d7d0b13ef853ef746bc9c28b70537\/adjuntos\/150\/imagenes\/038\/739\/0038739956\/clases-presenciales-jujuy.jpg\" alt=\"Docentes paran en la Ciudad y en la Provincia en reclamo de la suspensi\u00f3n de las clases presenciales\" width=\"700\" longdesc=\"https:\/\/media.minutouno.com\/p\/b00d7d0b13ef853ef746bc9c28b70537\/adjuntos\/150\/imagenes\/038\/739\/0038739956\/clases-presenciales-jujuy.jpg\" \/><\/div>\n<div class=\"row\">\n<div class=\"col-12 col-md-12 col-lg-8\">\n<section class=\"detail-body content-protected-false\">\n<div class=\"detail-gallery\">\n<div class=\" gallery-container news-body-media media-expand\">\n<div id=\"detailNoteGallery\" class=\"snapshot-container\" data-ride=\"false\" data-interval=\"false\">\n<div id=\"fotogaleria-Object_45714_31347\" class=\"carousel-inner gallery\">\n<div class=\"carousel-control-next galleryNextThumb2 galright\"><\/div>\n<div class=\"clearfix\"><\/div>\n<\/div>\n<\/div>\n<\/div>\n<\/div>\n<\/section>\n<section class=\"detail-body first-paragraph\">\n<section id=\"note-body\" class=\"body-content note-body content-protected-false\" data-twitter-link=\"https:\/\/twitter.com\/intent\/tweet?url=https:\/\/www.minutouno.com\/c5184295&amp;v\u00eda=Ambitocom&amp;related=MinutoUno&amp;text=\">La\u00a0<strong>Uni\u00f3n de Trabajadores de la Educaci\u00f3n (UTE)\u00a0<\/strong>y La\u00a0<strong>Uni\u00f3n de Docentes de la\u00a0<a class=\"agrupador\" href=\"https:\/\/www.minutouno.com\/provincia-a107\" rel=\"107\">provincia<\/a>\u00a0de Buenos Aires (Udocba)<\/strong>\u00a0realizar\u00e1n un\u00a0<strong>paro de 24 horas este mi\u00e9rcoles<\/strong>\u00a0para reclamar la suspensi\u00f3n de las clases en la\u00a0<a class=\"agrupador\" href=\"https:\/\/www.minutouno.com\/ciudad-a461\" rel=\"461\">Ciudad<\/a>\u00a0de Buenos Aires y la Provincia por el aumento de los contagios de coronavirus.<\/p>\n<\/section>\n<\/section>\n<section class=\"detail-body second-paragraph\">\n<section class=\"body-content note-body content-protected-false\">Los sindicatos vinculan la suba de los casos a la apertura de las escuelas, y sostienen que aunque se cuiden los protocolos , la presencialidad genera que un mill\u00f3n m\u00e1s de personas est\u00e9n en la calle, usando el transporte p\u00fablico.<\/p>\n<\/section>\n<\/section>\n<section class=\"related-note-in-body\">\n<article class=\"related-note-in-body-article row align-items-stretch no-gutters with-video no-media\" data-type=\"article\">\n<div class=\"col\">\n<div class=\"info-wrapper\">\n<h2 class=\"title\"><a title=\"El Gobierno descart\u00f3 la suspensi\u00f3n de las clases presenciales en el AMBA\" href=\"https:\/\/www.minutouno.com\/politica\/clases-presenciales\/el-gobierno-descarto-la-suspension-las-el-amba-n5184003\" target=\"\" rel=\"noopener\">El Gobierno descart\u00f3 la suspensi\u00f3n de las clases presenciales en el AMBA<\/a><\/h2>\n<\/div>\n<\/div>\n<\/article>\n<\/section>\n<section class=\"detail-body\">\n<section class=\"body-content note-body content-protected-false\"><strong>Eduardo L\u00f3pez<\/strong>, dirigente de Ctera y de UTE pidi\u00f3, en declaraciones radiales,\u00a0<span id=\"saysCMSEmphasishqyeb9najdu\" class=\"saysCMSEmphasis\">\u00abla suspensi\u00f3n temporal de las\u00a0<a class=\"agrupador\" href=\"https:\/\/www.minutouno.com\/clases-presenciales-a5131273\" rel=\"5131273\">clases presenciales<\/a>\u00a0en la Ciudad hasta que deje de crecer esta locura de contagios y haya camas (de terapia intensiva) en la Ciudad\u00bb. \u00abLo mejor es la presencialidad, pero en pandemia fue mejor la experiencia a distancia del a\u00f1o pasado, los chicos estudian m\u00e1s, se contagian menos y hay m\u00e1s camas\u00bb<\/span>, dijo.<\/p>\n<p>Desde Ademys describen la situaci\u00f3n como de \u201cbrutal incremento de casos, colapso del sistema de salud, suba de contagios en ni\u00f1os de 0 a 10 a\u00f1os, colapso del transporte p\u00fablico\u201d. Y piden<span id=\"saysCMSEmphasist5ctd4g39d\" class=\"saysCMSEmphasis\">\u00a0\u201csuspensi\u00f3n de clases presenciales y otras actividades no esenciales y plan de vacunaci\u00f3n masivo\u201d<\/span>, entre otros reclamos.<\/p>\n<p>Por su parte, Udocba, el gremio liderado por Miguel D\u00edaz juzg\u00f3 necesario\u00a0<span id=\"saysCMSEmphasisbun1zlhrlph\" class=\"saysCMSEmphasis\">\u00abregresar de inmediato a la virtualidad para detener la transmisi\u00f3n del virus\u00bb en el marco de la segunda ola de la enfermedad.<\/span><\/p>\n<p>En este punto, entendi\u00f3 que \u00abno existe la voluntad pol\u00edtica de tomar la decisi\u00f3n fundamental que esta realidad requiere\u00bb, en referencia a una suspensi\u00f3n de la presencialidad.<\/p>\n<p>En declaraciones a\u00a0<em>Radio Delta<\/em>, D\u00edaz manifest\u00f3 que en 2020 se \u201csuspendieron las clases con 100 infectados por d\u00eda y hoy las mantienen con 10.000 solo en la provincia\u201d.<\/p>\n<h3>Qu\u00e9 dicen las autoridades<\/h3>\n<p>El Ministerio de Educaci\u00f3n de la Ciudad present\u00f3 este martes un informe con\u00a0<strong>los nuevos datos sobre los contagios dentro de las aulas<\/strong>.<\/p>\n<p>Seg\u00fan las autoridades del distrito, esas estad\u00edsticas \u201c<strong>confirman que la escuela no produce contagios<\/strong>\u201d y por eso no se analiza en el distrito la interrupci\u00f3n del actual esquema de clases con presencialidad y protocolos.<\/p>\n<p>Los datos duros del distrito marcan que, desde el 17 de marzo hasta el 12 de abril\u00a0<strong>las escuelas reportaron 5.006 contagios de Covid<\/strong>. Representan s\u00f3lo\u00a0<strong>el 0,71% del total de personas que asisten a los colegios<\/strong>, entre estudiantes, docentes y auxiliares (700.518 personas en total). Esto es 7,1 casos cada mil.<\/p>\n<p>De 45.056 burbujas que funcionan en las escuelas porte\u00f1as, durante este segundo mes de actividades se tuvieron que aislar 2.045 grupos y en estos momentos hay 945 en sus casas por prevenci\u00f3n. Son apenas\u00a0<strong>el 2,1% de las burbujas totales<\/strong>.<\/p>\n<p>Desde el gobierno porte\u00f1o destacan que, de las personas aisladas,\u00a0<strong>resultaron Covid positivo el 0,012%:\u00a0<\/strong>menos que los que se hab\u00edan \u201cpositivizado\u201d en la anterior medici\u00f3n (del 17 de febrero al 17 de marzo) cuando ese indicador hab\u00eda dado 0,017%. Esto ser\u00eda un indicador de que los contagios no se producen dentro de los colegios.<\/p>\n<p>Durante el primer mes de clases, los casos positivos en las aulas porte\u00f1as hab\u00edan sido 1.215, ahora son 5.006. \u201cTuvieron\u00a0<strong>un aumento en l\u00ednea con la curva ascendente de confirmados en la Ciudad<\/strong>. Sin embargo, el porcentaje que marca el\u00a0<strong>\u00edndice de la reproducci\u00f3n del contagio\u00a0<\/strong>dentro de los establecimientos educativos se mantuvo estable respecto del primer mes de clases\u201d, explican desde la Ciudad.<\/p>\n<p>Por su parte,\u00a0<strong>el Gobierno bonaerense anunci\u00f3 que un comit\u00e9 de crisis integrado por autoridades sanitarias, educativas y gremios docentes evaluar\u00e1 desde el pr\u00f3ximo jueves si en los distritos m\u00e1s afectados por el coronavirus se suspenden o restringen las clases presenciales<\/strong>.<\/p>\n<p>En un encuentro que mantuvieron la directora general de Cultura y Educaci\u00f3n, Agustina Vila, junto al viceministro de Salud, Nicol\u00e1s Kreplak, con los gremios docentes de la provincia de Buenos Aires, los representantes sindicales reclamaron la adopci\u00f3n de medidas de \u00abresguardo\u00bb para los maestros y alumnos ante el aumento de casos de positivos de Covid-19 en escuelas.<\/p>\n<\/section>\n<\/section>\n<\/div>\n<\/div>\n","protected":false},"excerpt":{"rendered":"<p>Varios sindicatos porte\u00f1os y bonaerenses llevan cabo la medida este mi\u00e9rcoles. Denuncian colapso del sistema sanitario e incumplimiento de protocolos.<\/p>\n","protected":false},"author":3,"featured_media":0,"comment_status":"closed","ping_status":"open","sticky":false,"template":"","format":"standard","meta":{"footnotes":""},"categories":[34,24],"tags":[],"class_list":["post-55347","post","type-post","status-publish","format-standard","hentry","category-educacion","category-politica"],"yoast_head":"<!-- This site is optimized with the Yoast SEO plugin v25.9 - https:\/\/yoast.com\/wordpress\/plugins\/seo\/ -->\n<title>Docentes paran en la Ciudad y en la Provincia en reclamo de la suspensi\u00f3n de las clases presenciales - Noticias Radio Reflejos<\/title>\n<meta name=\"robots\" content=\"index, follow, max-snippet:-1, max-image-preview:large, max-video-preview:-1\" \/>\n<link rel=\"canonical\" href=\"https:\/\/www.noticiasradioreflejos.com.ar\/2021\/docentes-paran-en-la-ciudad-y-en-la-provincia-en-reclamo-de-la-suspension-de-las-clases-presenciales\/\" \/>\n<meta property=\"og:locale\" content=\"es_ES\" \/>\n<meta property=\"og:type\" content=\"article\" \/>\n<meta property=\"og:title\" content=\"Docentes paran en la Ciudad y en la Provincia en reclamo de la suspensi\u00f3n de las clases presenciales - Noticias Radio Reflejos\" \/>\n<meta property=\"og:description\" content=\"Varios sindicatos porte\u00f1os y bonaerenses llevan cabo la medida este mi\u00e9rcoles. Denuncian colapso del sistema sanitario e incumplimiento de protocolos.\" \/>\n<meta property=\"og:url\" content=\"https:\/\/www.noticiasradioreflejos.com.ar\/2021\/docentes-paran-en-la-ciudad-y-en-la-provincia-en-reclamo-de-la-suspension-de-las-clases-presenciales\/\" \/>\n<meta property=\"og:site_name\" content=\"Noticias Radio Reflejos\" \/>\n<meta property=\"article:published_time\" content=\"2021-04-14T11:40:19+00:00\" \/>\n<meta property=\"og:image\" content=\"https:\/\/media.minutouno.com\/p\/b00d7d0b13ef853ef746bc9c28b70537\/adjuntos\/150\/imagenes\/038\/739\/0038739956\/clases-presenciales-jujuy.jpg\" \/>\n<meta name=\"author\" content=\"Arnaldo Botto\" \/>\n<meta name=\"twitter:card\" content=\"summary_large_image\" \/>\n<script type=\"application\/ld+json\" class=\"yoast-schema-graph\">{\"@context\":\"https:\/\/schema.org\",\"@graph\":[{\"@type\":\"WebPage\",\"@id\":\"https:\/\/www.noticiasradioreflejos.com.ar\/2021\/docentes-paran-en-la-ciudad-y-en-la-provincia-en-reclamo-de-la-suspension-de-las-clases-presenciales\/\",\"url\":\"https:\/\/www.noticiasradioreflejos.com.ar\/2021\/docentes-paran-en-la-ciudad-y-en-la-provincia-en-reclamo-de-la-suspension-de-las-clases-presenciales\/\",\"name\":\"Docentes paran en la Ciudad y en la Provincia en reclamo de la suspensi\u00f3n de las clases presenciales - Noticias Radio Reflejos\",\"isPartOf\":{\"@id\":\"https:\/\/www.noticiasradioreflejos.com.ar\/2021\/#website\"},\"primaryImageOfPage\":{\"@id\":\"https:\/\/www.noticiasradioreflejos.com.ar\/2021\/docentes-paran-en-la-ciudad-y-en-la-provincia-en-reclamo-de-la-suspension-de-las-clases-presenciales\/#primaryimage\"},\"image\":{\"@id\":\"https:\/\/www.noticiasradioreflejos.com.ar\/2021\/docentes-paran-en-la-ciudad-y-en-la-provincia-en-reclamo-de-la-suspension-de-las-clases-presenciales\/#primaryimage\"},\"thumbnailUrl\":\"https:\/\/media.minutouno.com\/p\/b00d7d0b13ef853ef746bc9c28b70537\/adjuntos\/150\/imagenes\/038\/739\/0038739956\/clases-presenciales-jujuy.jpg\",\"datePublished\":\"2021-04-14T11:40:19+00:00\",\"author\":{\"@id\":\"https:\/\/www.noticiasradioreflejos.com.ar\/2021\/#\/schema\/person\/ad82545263dcc5ec0996818884fd5fb1\"},\"breadcrumb\":{\"@id\":\"https:\/\/www.noticiasradioreflejos.com.ar\/2021\/docentes-paran-en-la-ciudad-y-en-la-provincia-en-reclamo-de-la-suspension-de-las-clases-presenciales\/#breadcrumb\"},\"inLanguage\":\"es\",\"potentialAction\":[{\"@type\":\"ReadAction\",\"target\":[\"https:\/\/www.noticiasradioreflejos.com.ar\/2021\/docentes-paran-en-la-ciudad-y-en-la-provincia-en-reclamo-de-la-suspension-de-las-clases-presenciales\/\"]}]},{\"@type\":\"ImageObject\",\"inLanguage\":\"es\",\"@id\":\"https:\/\/www.noticiasradioreflejos.com.ar\/2021\/docentes-paran-en-la-ciudad-y-en-la-provincia-en-reclamo-de-la-suspension-de-las-clases-presenciales\/#primaryimage\",\"url\":\"https:\/\/media.minutouno.com\/p\/b00d7d0b13ef853ef746bc9c28b70537\/adjuntos\/150\/imagenes\/038\/739\/0038739956\/clases-presenciales-jujuy.jpg\",\"contentUrl\":\"https:\/\/media.minutouno.com\/p\/b00d7d0b13ef853ef746bc9c28b70537\/adjuntos\/150\/imagenes\/038\/739\/0038739956\/clases-presenciales-jujuy.jpg\"},{\"@type\":\"BreadcrumbList\",\"@id\":\"https:\/\/www.noticiasradioreflejos.com.ar\/2021\/docentes-paran-en-la-ciudad-y-en-la-provincia-en-reclamo-de-la-suspension-de-las-clases-presenciales\/#breadcrumb\",\"itemListElement\":[{\"@type\":\"ListItem\",\"position\":1,\"name\":\"Portada\",\"item\":\"https:\/\/www.noticiasradioreflejos.com.ar\/2021\/\"},{\"@type\":\"ListItem\",\"position\":2,\"name\":\"Docentes paran en la Ciudad y en la Provincia en reclamo de la suspensi\u00f3n de las clases presenciales\"}]},{\"@type\":\"WebSite\",\"@id\":\"https:\/\/www.noticiasradioreflejos.com.ar\/2021\/#website\",\"url\":\"https:\/\/www.noticiasradioreflejos.com.ar\/2021\/\",\"name\":\"Noticias Radio Reflejos\",\"description\":\"Las noticias de mi comarca\",\"potentialAction\":[{\"@type\":\"SearchAction\",\"target\":{\"@type\":\"EntryPoint\",\"urlTemplate\":\"https:\/\/www.noticiasradioreflejos.com.ar\/2021\/?s={search_term_string}\"},\"query-input\":{\"@type\":\"PropertyValueSpecification\",\"valueRequired\":true,\"valueName\":\"search_term_string\"}}],\"inLanguage\":\"es\"},{\"@type\":\"Person\",\"@id\":\"https:\/\/www.noticiasradioreflejos.com.ar\/2021\/#\/schema\/person\/ad82545263dcc5ec0996818884fd5fb1\",\"name\":\"Arnaldo Botto\",\"image\":{\"@type\":\"ImageObject\",\"inLanguage\":\"es\",\"@id\":\"https:\/\/www.noticiasradioreflejos.com.ar\/2021\/#\/schema\/person\/image\/\",\"url\":\"https:\/\/secure.gravatar.com\/avatar\/55cb5e37c1efa326397366e6974cb338056df65cb50e7d64d1cf314e87504837?s=96&d=mm&r=g\",\"contentUrl\":\"https:\/\/secure.gravatar.com\/avatar\/55cb5e37c1efa326397366e6974cb338056df65cb50e7d64d1cf314e87504837?s=96&d=mm&r=g\",\"caption\":\"Arnaldo Botto\"},\"url\":\"https:\/\/www.noticiasradioreflejos.com.ar\/2021\/author\/arnaldo\/\"}]}<\/script>\n<!-- \/ Yoast SEO plugin. -->","yoast_head_json":{"title":"Docentes paran en la Ciudad y en la Provincia en reclamo de la suspensi\u00f3n de las clases presenciales - Noticias Radio Reflejos","robots":{"index":"index","follow":"follow","max-snippet":"max-snippet:-1","max-image-preview":"max-image-preview:large","max-video-preview":"max-video-preview:-1"},"canonical":"https:\/\/www.noticiasradioreflejos.com.ar\/2021\/docentes-paran-en-la-ciudad-y-en-la-provincia-en-reclamo-de-la-suspension-de-las-clases-presenciales\/","og_locale":"es_ES","og_type":"article","og_title":"Docentes paran en la Ciudad y en la Provincia en reclamo de la suspensi\u00f3n de las clases presenciales - Noticias Radio Reflejos","og_description":"Varios sindicatos porte\u00f1os y bonaerenses llevan cabo la medida este mi\u00e9rcoles. Denuncian colapso del sistema sanitario e incumplimiento de protocolos.","og_url":"https:\/\/www.noticiasradioreflejos.com.ar\/2021\/docentes-paran-en-la-ciudad-y-en-la-provincia-en-reclamo-de-la-suspension-de-las-clases-presenciales\/","og_site_name":"Noticias Radio Reflejos","article_published_time":"2021-04-14T11:40:19+00:00","og_image":[{"url":"https:\/\/media.minutouno.com\/p\/b00d7d0b13ef853ef746bc9c28b70537\/adjuntos\/150\/imagenes\/038\/739\/0038739956\/clases-presenciales-jujuy.jpg","type":"","width":"","height":""}],"author":"Arnaldo Botto","twitter_card":"summary_large_image","schema":{"@context":"https:\/\/schema.org","@graph":[{"@type":"WebPage","@id":"https:\/\/www.noticiasradioreflejos.com.ar\/2021\/docentes-paran-en-la-ciudad-y-en-la-provincia-en-reclamo-de-la-suspension-de-las-clases-presenciales\/","url":"https:\/\/www.noticiasradioreflejos.com.ar\/2021\/docentes-paran-en-la-ciudad-y-en-la-provincia-en-reclamo-de-la-suspension-de-las-clases-presenciales\/","name":"Docentes paran en la Ciudad y en la Provincia en reclamo de la suspensi\u00f3n de las clases presenciales - Noticias Radio Reflejos","isPartOf":{"@id":"https:\/\/www.noticiasradioreflejos.com.ar\/2021\/#website"},"primaryImageOfPage":{"@id":"https:\/\/www.noticiasradioreflejos.com.ar\/2021\/docentes-paran-en-la-ciudad-y-en-la-provincia-en-reclamo-de-la-suspension-de-las-clases-presenciales\/#primaryimage"},"image":{"@id":"https:\/\/www.noticiasradioreflejos.com.ar\/2021\/docentes-paran-en-la-ciudad-y-en-la-provincia-en-reclamo-de-la-suspension-de-las-clases-presenciales\/#primaryimage"},"thumbnailUrl":"https:\/\/media.minutouno.com\/p\/b00d7d0b13ef853ef746bc9c28b70537\/adjuntos\/150\/imagenes\/038\/739\/0038739956\/clases-presenciales-jujuy.jpg","datePublished":"2021-04-14T11:40:19+00:00","author":{"@id":"https:\/\/www.noticiasradioreflejos.com.ar\/2021\/#\/schema\/person\/ad82545263dcc5ec0996818884fd5fb1"},"breadcrumb":{"@id":"https:\/\/www.noticiasradioreflejos.com.ar\/2021\/docentes-paran-en-la-ciudad-y-en-la-provincia-en-reclamo-de-la-suspension-de-las-clases-presenciales\/#breadcrumb"},"inLanguage":"es","potentialAction":[{"@type":"ReadAction","target":["https:\/\/www.noticiasradioreflejos.com.ar\/2021\/docentes-paran-en-la-ciudad-y-en-la-provincia-en-reclamo-de-la-suspension-de-las-clases-presenciales\/"]}]},{"@type":"ImageObject","inLanguage":"es","@id":"https:\/\/www.noticiasradioreflejos.com.ar\/2021\/docentes-paran-en-la-ciudad-y-en-la-provincia-en-reclamo-de-la-suspension-de-las-clases-presenciales\/#primaryimage","url":"https:\/\/media.minutouno.com\/p\/b00d7d0b13ef853ef746bc9c28b70537\/adjuntos\/150\/imagenes\/038\/739\/0038739956\/clases-presenciales-jujuy.jpg","contentUrl":"https:\/\/media.minutouno.com\/p\/b00d7d0b13ef853ef746bc9c28b70537\/adjuntos\/150\/imagenes\/038\/739\/0038739956\/clases-presenciales-jujuy.jpg"},{"@type":"BreadcrumbList","@id":"https:\/\/www.noticiasradioreflejos.com.ar\/2021\/docentes-paran-en-la-ciudad-y-en-la-provincia-en-reclamo-de-la-suspension-de-las-clases-presenciales\/#breadcrumb","itemListElement":[{"@type":"ListItem","position":1,"name":"Portada","item":"https:\/\/www.noticiasradioreflejos.com.ar\/2021\/"},{"@type":"ListItem","position":2,"name":"Docentes paran en la Ciudad y en la Provincia en reclamo de la suspensi\u00f3n de las clases presenciales"}]},{"@type":"WebSite","@id":"https:\/\/www.noticiasradioreflejos.com.ar\/2021\/#website","url":"https:\/\/www.noticiasradioreflejos.com.ar\/2021\/","name":"Noticias Radio Reflejos","description":"Las noticias de mi comarca","potentialAction":[{"@type":"SearchAction","target":{"@type":"EntryPoint","urlTemplate":"https:\/\/www.noticiasradioreflejos.com.ar\/2021\/?s={search_term_string}"},"query-input":{"@type":"PropertyValueSpecification","valueRequired":true,"valueName":"search_term_string"}}],"inLanguage":"es"},{"@type":"Person","@id":"https:\/\/www.noticiasradioreflejos.com.ar\/2021\/#\/schema\/person\/ad82545263dcc5ec0996818884fd5fb1","name":"Arnaldo Botto","image":{"@type":"ImageObject","inLanguage":"es","@id":"https:\/\/www.noticiasradioreflejos.com.ar\/2021\/#\/schema\/person\/image\/","url":"https:\/\/secure.gravatar.com\/avatar\/55cb5e37c1efa326397366e6974cb338056df65cb50e7d64d1cf314e87504837?s=96&d=mm&r=g","contentUrl":"https:\/\/secure.gravatar.com\/avatar\/55cb5e37c1efa326397366e6974cb338056df65cb50e7d64d1cf314e87504837?s=96&d=mm&r=g","caption":"Arnaldo Botto"},"url":"https:\/\/www.noticiasradioreflejos.com.ar\/2021\/author\/arnaldo\/"}]}},"_links":{"self":[{"href":"https:\/\/www.noticiasradioreflejos.com.ar\/2021\/wp-json\/wp\/v2\/posts\/55347","targetHints":{"allow":["GET"]}}],"collection":[{"href":"https:\/\/www.noticiasradioreflejos.com.ar\/2021\/wp-json\/wp\/v2\/posts"}],"about":[{"href":"https:\/\/www.noticiasradioreflejos.com.ar\/2021\/wp-json\/wp\/v2\/types\/post"}],"author":[{"embeddable":true,"href":"https:\/\/www.noticiasradioreflejos.com.ar\/2021\/wp-json\/wp\/v2\/users\/3"}],"replies":[{"embeddable":true,"href":"https:\/\/www.noticiasradioreflejos.com.ar\/2021\/wp-json\/wp\/v2\/comments?post=55347"}],"version-history":[{"count":0,"href":"https:\/\/www.noticiasradioreflejos.com.ar\/2021\/wp-json\/wp\/v2\/posts\/55347\/revisions"}],"wp:attachment":[{"href":"https:\/\/www.noticiasradioreflejos.com.ar\/2021\/wp-json\/wp\/v2\/media?parent=55347"}],"wp:term":[{"taxonomy":"category","embeddable":true,"href":"https:\/\/www.noticiasradioreflejos.com.ar\/2021\/wp-json\/wp\/v2\/categories?post=55347"},{"taxonomy":"post_tag","embeddable":true,"href":"https:\/\/www.noticiasradioreflejos.com.ar\/2021\/wp-json\/wp\/v2\/tags?post=55347"}],"curies":[{"name":"wp","href":"https:\/\/api.w.org\/{rel}","templated":true}]}}