{"id":55340,"date":"2021-04-14T08:33:24","date_gmt":"2021-04-14T11:33:24","guid":{"rendered":"http:\/\/www.noticiasradioreflejos.com.ar\/noticias\/?p=55340"},"modified":"2021-04-14T08:33:24","modified_gmt":"2021-04-14T11:33:24","slug":"sobreseyeron-a-cristina-kirchner-y-axel-kicillof-en-la-causa-dolar-futuro","status":"publish","type":"post","link":"https:\/\/www.noticiasradioreflejos.com.ar\/2021\/sobreseyeron-a-cristina-kirchner-y-axel-kicillof-en-la-causa-dolar-futuro\/","title":{"rendered":"Sobreseyeron a Cristina Kirchner y Axel Kicillof en la causa \u00abd\u00f3lar futuro\u00bb"},"content":{"rendered":"<div class=\"article-titles\">\n<p class=\"article-prefix\">El fallo fue por unanimidad y asegura que no existi\u00f3 delito.<\/p>\n<p><!--more--><\/p>\n<div class=\"article-main-media-image\">\n<div class=\"article-main-media-image__container object-fit-block--contain intrinsic-container intrinsic-container-3x2\"><img decoding=\"async\" class=\"show-for-xlarge lazyloaded\" src=\"https:\/\/images.pagina12.com.ar\/styles\/focal_3_2_960x640\/public\/2021-04\/154853-whatsapp-20image-202021-04-13-20at-2014-07-22.jpeg?itok=vOPFdg6L\" data-src=\"https:\/\/images.pagina12.com.ar\/styles\/focal_3_2_960x640\/public\/2021-04\/154853-whatsapp-20image-202021-04-13-20at-2014-07-22.jpeg?itok=vOPFdg6L\" \/><\/div>\n<div class=\"article-main-media-image__container object-fit-block--contain intrinsic-container intrinsic-container-3x2\"><\/div>\n<\/div>\n<\/div>\n<div class=\"article-body diario\">\n<div class=\"article-text\">\n<p>La Sala I de la C\u00e1mara de Casaci\u00f3n demoli\u00f3 este martes la causa d\u00f3lar-futuro, una de las que instruy\u00f3 el juez Claudio Bonadio y que sucesivamente convalidaron la C\u00e1mara Federal y la C\u00e1mara de Casaci\u00f3n, incluyendo a los visitadores de la Casa Rosada y Olivos, Gustavo Hornos y Mariano Borinsky. Por unanimidad, los tres magistrados &#8211;Ana Mar\u00eda Figueroa, Daniel Petrone y Diego Barroetave\u00f1a&#8211;\u00a0<b>consideraron que la pericia realizada con casi cinco a\u00f1os de atraso demostr\u00f3 que no hubo perjuicio para el Estado por lo que no es necesaria la realizaci\u00f3n de ning\u00fan juicio y se decret\u00f3 el sobreseimiento de Cristina Fern\u00e1ndez de Kirchner, Axel Kicillof, Alejandro Vanoli, Miguel Pesce y los dem\u00e1s imputados.<\/b>\u00a0El voto m\u00e1s duro fue el emitido por la jueza Figueroa que detall\u00f3, paso por paso, c\u00f3mo Bonadio impidi\u00f3 la defensa de los imputados, les neg\u00f3 hasta copia del expediente, no hizo la pericia elemental para determinar si hubo o no perjuicio para el Estado, protegi\u00f3 a los funcionarios del PRO y tuvo la cobertura de las instancias superiores de Comodoro Py. Figueroa describi\u00f3 adem\u00e1s la arbitrariedad de que d\u00f3lar-futuro fue una operatoria del Banco Central, entidad aut\u00f3noma, y sin embargo se utiliz\u00f3 el expediente para acusar, sin que tuvieran responsabilidad alguna en el BCRA, a la expresidenta y al exministro de Econom\u00eda. Todo el objetivo era tener las fotos de ambos en el banquillo de los acusados.<\/p>\n<p><b>La causa d\u00f3lar-futuro fue una instancia m\u00e1s en el uso de la justicia para la persecuci\u00f3n pol\u00edtica.\u00a0<\/b>En la misma categor\u00eda entran, como m\u00ednimo, la del Memor\u00e1ndum de Entendimiento con Ir\u00e1n, el expediente por la muerte de Alberto Nisman, la causa Hotesur-Los Sauces, la obra p\u00fablica de Santa Cruz, Oil Combustibles y un largo listado adicional.<\/p>\n<div id=\"talkFireEvent\"><\/div>\n<p>Casi todos esos expedientes fueron instruidos por Bonad\u00edo, al punto que el fallecido juez le dict\u00f3 11 de los 13 procesamientos a CFK, mientras que los otros dos corresponden a Juli\u00e1n Ercolini, igualmente alineado con el macrismo. Como el objetivo era acusar cuanto antes a CFK y sumar causas y tapas de los diarios contra los dirigentes del peronismo, en especial antes de las elecciones de 2015 y 2019, las investigaciones judiciales fueron torpes, ca\u00f3ticas, no se hicieron pericias ni las pruebas m\u00e1s simples. Hoy en d\u00eda la acusaci\u00f3n en esos expedientes naufraga en buena parte de los tribunales orales.<\/p>\n<p>Por de pronto, los tres jueces -Figueroa, Petrone y Barroetave\u00f1a- coincidieron en sobreseer a todos los imputados, aunque los votos fueron distintos y el de Figueroa mucho m\u00e1s contundente y detallado. Desde que dirigentes del PRO iniciaron el expediente, pasaron 5 a\u00f1os y seis meses en que todos los imputados estuvieron embargados en cientos de millones de pesos y no pudieron, como en el caso de Kicillof, vender su auto vetusto. Abogados como Carlos Beraldi (defensor de CFK) y Alejandro R\u00faa (abogado de Pedro Biscay) recusaron a Bonad\u00edo por ser parcial e impedir la realizaci\u00f3n de cualquier prueba propuesta por las defensas. Sin embargo, la C\u00e1mara Federal y despu\u00e9s los visitadores de la Casa Rosada y Olivos sostuvieron a Bonad\u00edo. Luego, como es obvio, Bonad\u00edo proces\u00f3 a todos sin permitirles ninguna defensa -como lo detalla Figueroa en su voto- y el procesamiento fue convalidado por Mart\u00edn Ir\u00farzun y Eduardo Farah, primero, y despu\u00e9s en la Casaci\u00f3n por Eduardo Riggi y Liliana Catucci, aprovechando que Figueroa estaba de licencia.<\/p>\n<p>En la hip\u00f3tesis delictiva entraba la idea de que el que invirti\u00f3 en d\u00f3lar-futuro hac\u00eda un gran negocio aprovech\u00e1ndose del perjuicio para el estado. Sin embargo, qued\u00f3 probado que todo se tramit\u00f3 en los mercados regulados, que los funcionarios kirchneristas no se beneficiaron y los que s\u00ed hicieron dinero fueron funcionarios de Cambiemos: Mario Quintana, Gustavo Lopetegui, Jos\u00e9 Mar\u00eda Torello, Mart\u00edn Lousteau. Todos ellos fueron r\u00e1pidamente sobrese\u00eddos por Bonad\u00edo.<\/p>\n<p>El delito en cuesti\u00f3n era \u201cadministraci\u00f3n fraudulenta en perjuicio del Estado\u201d, con pena de dos a seis a\u00f1os de prisi\u00f3n. La imputaci\u00f3n fue que el BCRA, al final del mandato de Cristina, recurri\u00f3 a la operatoria de d\u00f3lar-futuro para evitar una corrida cambiaria. Se le aseguraba al inversor un valor en pesos del d\u00f3lar y si se ubicaba por encima de ese valor, el BCRA pagaba la diferencia, en pesos. Por supuesto que esa operatoria tuvo un costo\u00a0<b>en pesos<\/b>, pero peor era una corrida cambiaria, una devaluaci\u00f3n, aumento general de precios y desastre para el bolsillo de los argentinos. Con la operatoria -seg\u00fan la pericia-, el Central evit\u00f3 una fuerte p\u00e9rdida de reservas. Meses despu\u00e9s, -devaluaci\u00f3n, aumento de precios, desastre para el bolsillo- fueron obra de Mauricio Macri, ya en la Casa Rosada.<\/p>\n<a href=\"https:\/\/www.noticiasradioreflejos.com.ar\/noticias\/wp-content\/uploads\/2021\/04\/dolarfuturo.pdf\" class=\"pdfemb-viewer\" style=\"\" data-width=\"max\" data-height=\"max\" data-toolbar=\"bottom\" data-toolbar-fixed=\"off\">dolarfuturo<\/a>\n<p>Como resulta obvio, para determinar si hubo\u00a0<i>un perjuicio para el estado\u00a0<\/i>se requer\u00eda una pericia, tal como lo pidieron los defensores de los acusados en abril de 2016. Sin embargo, Bonad\u00edo se neg\u00f3 a hacer esa pericia elemental. Proces\u00f3, mand\u00f3 a juicio y reci\u00e9n dos a\u00f1os despu\u00e9s el tribunal oral orden\u00f3 la pericia hecha por contadores de la Corte Suprema. Fueron 80 preguntas que se terminaron en agosto de 2020, transcurridos cuatro a\u00f1os de que fuera pedida.\u00a0<b>Y la conclusi\u00f3n fue que no hubo perjuicio para el estado,<\/b>\u00a0que la operatoria fue legal, estaba dentro de las facultades del Banco Central y, como citan Petrone y Barroetave\u00f1a,\u00a0<b>\u201cel Central gan\u00f3 m\u00e1s reteniendo los d\u00f3lares que perdiendo los pesos\u201d.<\/b>\u00a0De hecho, el BCRA gan\u00f3 m\u00e1s dinero en 2015 que con Macri en 2016.<\/p>\n<p>Con la pericia terminada, tuvo que decidir el tribunal oral. En ese marco, dos jueces alineados con el macrismo, Jos\u00e9 Michilini y Ricardo Bas\u00edlico, trasladado de forma irregular- votaron que el juicio se deb\u00eda hacer igual, lo que implicaba tener a la vicepresidenta y al gobernador bonaerense sentados en el banquillo de los acusados y audiencias que se extender\u00edan m\u00e1s de un a\u00f1o. En minor\u00eda, el tercer juez del tribunal oral, Adri\u00e1n Gr\u00fcnberg, sostuvo que la pericia era contundente, establec\u00eda la inexistencia de delito, por lo cual deb\u00eda dictarse el sobreseimiento. Michilini y Bas\u00edlico utilizaron un argumento que no ten\u00eda la menor l\u00f3gica y que fue desbaratado ayer: dijeron que hubo imputados que no pidieron el sobreseimiento y por lo tanto tal vez quer\u00edan ir a juicio. Esos imputados le aclararon a la Casaci\u00f3n que ni siquiera hab\u00edan sido notificados y en el fallo de este martes los magistrados afirman que Michilini y Basilico usaron el silencio de aquellos acusados en su contra. Est\u00e1 claro que si se resolv\u00eda que no hab\u00eda delito respecto de algunos, eso reg\u00eda para todos.<\/p>\n<p>Ahora la Casaci\u00f3n termin\u00f3 con el disparate. D\u00f3lar-futuro ya ni siquiera era sostenido por los dirigentes de Cambiemos que hicieron la denuncia, Mario Negri y Federico Pinedo. Con el fallo de este martes, naufragan decenas de tapas de diario y se desnuda lo que fue -y sigue siendo- la actuaci\u00f3n del poder judicial como instrumento de persecuci\u00f3n.<\/p>\n<p>Esta historia, en teor\u00eda, tiene todav\u00eda un posible cap\u00edtulo adicional. Se podr\u00eda recurrir el fallo de Casaci\u00f3n ante la Corte Suprema. \u00bfQui\u00e9n debe presentar el recurso? Otro visitador de Olivos, el fiscal Ra\u00fal Plee. Todo el expediente es tan burdo que son casi inexistentes las chances de que un planteo semejante prospere en el m\u00e1ximo tribunal.<\/p>\n<blockquote class=\"twitter-tweet\" data-width=\"500\" data-dnt=\"true\">\n<p lang=\"es\" dir=\"ltr\">Gracias por tanto amor \u2764\ufe0f\u270c\ufe0f <a href=\"https:\/\/t.co\/f2dPorKlWI\">https:\/\/t.co\/f2dPorKlWI<\/a><\/p>\n<p>&mdash; Cristina Kirchner (@CFKArgentina) <a href=\"https:\/\/twitter.com\/CFKArgentina\/status\/1381958946362060803?ref_src=twsrc%5Etfw\">April 13, 2021<\/a><\/p><\/blockquote>\n<p><script async src=\"https:\/\/platform.twitter.com\/widgets.js\" charset=\"utf-8\"><\/script><\/p>\n<p><strong><span style=\"color: #0000ff;\">Por Ra\u00fal Kollmann para P\u00e1gina 12<\/span><\/strong><\/p>\n<\/div>\n<\/div>\n","protected":false},"excerpt":{"rendered":"<p>El fallo fue por unanimidad y asegura que no existi\u00f3 delito.<\/p>\n","protected":false},"author":3,"featured_media":0,"comment_status":"closed","ping_status":"open","sticky":false,"template":"","format":"standard","meta":{"footnotes":""},"categories":[24,26],"tags":[],"class_list":["post-55340","post","type-post","status-publish","format-standard","hentry","category-politica","category-sociedad"],"yoast_head":"<!-- This site is optimized with the Yoast SEO plugin v25.9 - https:\/\/yoast.com\/wordpress\/plugins\/seo\/ -->\n<title>Sobreseyeron a Cristina Kirchner y Axel Kicillof en la causa &quot;d\u00f3lar futuro&quot; - Noticias Radio Reflejos<\/title>\n<meta name=\"robots\" content=\"index, follow, max-snippet:-1, max-image-preview:large, max-video-preview:-1\" \/>\n<link rel=\"canonical\" href=\"https:\/\/www.noticiasradioreflejos.com.ar\/2021\/sobreseyeron-a-cristina-kirchner-y-axel-kicillof-en-la-causa-dolar-futuro\/\" \/>\n<meta property=\"og:locale\" content=\"es_ES\" \/>\n<meta property=\"og:type\" content=\"article\" \/>\n<meta property=\"og:title\" content=\"Sobreseyeron a Cristina Kirchner y Axel Kicillof en la causa &quot;d\u00f3lar futuro&quot; - Noticias Radio Reflejos\" \/>\n<meta property=\"og:description\" content=\"El fallo fue por unanimidad y asegura que no existi\u00f3 delito.\" \/>\n<meta property=\"og:url\" content=\"https:\/\/www.noticiasradioreflejos.com.ar\/2021\/sobreseyeron-a-cristina-kirchner-y-axel-kicillof-en-la-causa-dolar-futuro\/\" \/>\n<meta property=\"og:site_name\" content=\"Noticias Radio Reflejos\" \/>\n<meta property=\"article:published_time\" content=\"2021-04-14T11:33:24+00:00\" \/>\n<meta property=\"og:image\" content=\"https:\/\/images.pagina12.com.ar\/styles\/focal_3_2_960x640\/public\/2021-04\/154853-whatsapp-20image-202021-04-13-20at-2014-07-22.jpeg?itok=vOPFdg6L\" \/>\n<meta name=\"author\" content=\"Arnaldo Botto\" \/>\n<meta name=\"twitter:card\" content=\"summary_large_image\" \/>\n<script type=\"application\/ld+json\" class=\"yoast-schema-graph\">{\"@context\":\"https:\/\/schema.org\",\"@graph\":[{\"@type\":\"WebPage\",\"@id\":\"https:\/\/www.noticiasradioreflejos.com.ar\/2021\/sobreseyeron-a-cristina-kirchner-y-axel-kicillof-en-la-causa-dolar-futuro\/\",\"url\":\"https:\/\/www.noticiasradioreflejos.com.ar\/2021\/sobreseyeron-a-cristina-kirchner-y-axel-kicillof-en-la-causa-dolar-futuro\/\",\"name\":\"Sobreseyeron a Cristina Kirchner y Axel Kicillof en la causa \\\"d\u00f3lar futuro\\\" - Noticias Radio Reflejos\",\"isPartOf\":{\"@id\":\"https:\/\/www.noticiasradioreflejos.com.ar\/2021\/#website\"},\"primaryImageOfPage\":{\"@id\":\"https:\/\/www.noticiasradioreflejos.com.ar\/2021\/sobreseyeron-a-cristina-kirchner-y-axel-kicillof-en-la-causa-dolar-futuro\/#primaryimage\"},\"image\":{\"@id\":\"https:\/\/www.noticiasradioreflejos.com.ar\/2021\/sobreseyeron-a-cristina-kirchner-y-axel-kicillof-en-la-causa-dolar-futuro\/#primaryimage\"},\"thumbnailUrl\":\"https:\/\/images.pagina12.com.ar\/styles\/focal_3_2_960x640\/public\/2021-04\/154853-whatsapp-20image-202021-04-13-20at-2014-07-22.jpeg?itok=vOPFdg6L\",\"datePublished\":\"2021-04-14T11:33:24+00:00\",\"author\":{\"@id\":\"https:\/\/www.noticiasradioreflejos.com.ar\/2021\/#\/schema\/person\/ad82545263dcc5ec0996818884fd5fb1\"},\"breadcrumb\":{\"@id\":\"https:\/\/www.noticiasradioreflejos.com.ar\/2021\/sobreseyeron-a-cristina-kirchner-y-axel-kicillof-en-la-causa-dolar-futuro\/#breadcrumb\"},\"inLanguage\":\"es\",\"potentialAction\":[{\"@type\":\"ReadAction\",\"target\":[\"https:\/\/www.noticiasradioreflejos.com.ar\/2021\/sobreseyeron-a-cristina-kirchner-y-axel-kicillof-en-la-causa-dolar-futuro\/\"]}]},{\"@type\":\"ImageObject\",\"inLanguage\":\"es\",\"@id\":\"https:\/\/www.noticiasradioreflejos.com.ar\/2021\/sobreseyeron-a-cristina-kirchner-y-axel-kicillof-en-la-causa-dolar-futuro\/#primaryimage\",\"url\":\"https:\/\/images.pagina12.com.ar\/styles\/focal_3_2_960x640\/public\/2021-04\/154853-whatsapp-20image-202021-04-13-20at-2014-07-22.jpeg?itok=vOPFdg6L\",\"contentUrl\":\"https:\/\/images.pagina12.com.ar\/styles\/focal_3_2_960x640\/public\/2021-04\/154853-whatsapp-20image-202021-04-13-20at-2014-07-22.jpeg?itok=vOPFdg6L\"},{\"@type\":\"BreadcrumbList\",\"@id\":\"https:\/\/www.noticiasradioreflejos.com.ar\/2021\/sobreseyeron-a-cristina-kirchner-y-axel-kicillof-en-la-causa-dolar-futuro\/#breadcrumb\",\"itemListElement\":[{\"@type\":\"ListItem\",\"position\":1,\"name\":\"Portada\",\"item\":\"https:\/\/www.noticiasradioreflejos.com.ar\/2021\/\"},{\"@type\":\"ListItem\",\"position\":2,\"name\":\"Sobreseyeron a Cristina Kirchner y Axel Kicillof en la causa \u00abd\u00f3lar futuro\u00bb\"}]},{\"@type\":\"WebSite\",\"@id\":\"https:\/\/www.noticiasradioreflejos.com.ar\/2021\/#website\",\"url\":\"https:\/\/www.noticiasradioreflejos.com.ar\/2021\/\",\"name\":\"Noticias Radio Reflejos\",\"description\":\"Las noticias de mi comarca\",\"potentialAction\":[{\"@type\":\"SearchAction\",\"target\":{\"@type\":\"EntryPoint\",\"urlTemplate\":\"https:\/\/www.noticiasradioreflejos.com.ar\/2021\/?s={search_term_string}\"},\"query-input\":{\"@type\":\"PropertyValueSpecification\",\"valueRequired\":true,\"valueName\":\"search_term_string\"}}],\"inLanguage\":\"es\"},{\"@type\":\"Person\",\"@id\":\"https:\/\/www.noticiasradioreflejos.com.ar\/2021\/#\/schema\/person\/ad82545263dcc5ec0996818884fd5fb1\",\"name\":\"Arnaldo Botto\",\"image\":{\"@type\":\"ImageObject\",\"inLanguage\":\"es\",\"@id\":\"https:\/\/www.noticiasradioreflejos.com.ar\/2021\/#\/schema\/person\/image\/\",\"url\":\"https:\/\/secure.gravatar.com\/avatar\/55cb5e37c1efa326397366e6974cb338056df65cb50e7d64d1cf314e87504837?s=96&d=mm&r=g\",\"contentUrl\":\"https:\/\/secure.gravatar.com\/avatar\/55cb5e37c1efa326397366e6974cb338056df65cb50e7d64d1cf314e87504837?s=96&d=mm&r=g\",\"caption\":\"Arnaldo Botto\"},\"url\":\"https:\/\/www.noticiasradioreflejos.com.ar\/2021\/author\/arnaldo\/\"}]}<\/script>\n<!-- \/ Yoast SEO plugin. -->","yoast_head_json":{"title":"Sobreseyeron a Cristina Kirchner y Axel Kicillof en la causa \"d\u00f3lar futuro\" - Noticias Radio Reflejos","robots":{"index":"index","follow":"follow","max-snippet":"max-snippet:-1","max-image-preview":"max-image-preview:large","max-video-preview":"max-video-preview:-1"},"canonical":"https:\/\/www.noticiasradioreflejos.com.ar\/2021\/sobreseyeron-a-cristina-kirchner-y-axel-kicillof-en-la-causa-dolar-futuro\/","og_locale":"es_ES","og_type":"article","og_title":"Sobreseyeron a Cristina Kirchner y Axel Kicillof en la causa \"d\u00f3lar futuro\" - Noticias Radio Reflejos","og_description":"El fallo fue por unanimidad y asegura que no existi\u00f3 delito.","og_url":"https:\/\/www.noticiasradioreflejos.com.ar\/2021\/sobreseyeron-a-cristina-kirchner-y-axel-kicillof-en-la-causa-dolar-futuro\/","og_site_name":"Noticias Radio Reflejos","article_published_time":"2021-04-14T11:33:24+00:00","og_image":[{"url":"https:\/\/images.pagina12.com.ar\/styles\/focal_3_2_960x640\/public\/2021-04\/154853-whatsapp-20image-202021-04-13-20at-2014-07-22.jpeg?itok=vOPFdg6L","type":"","width":"","height":""}],"author":"Arnaldo Botto","twitter_card":"summary_large_image","schema":{"@context":"https:\/\/schema.org","@graph":[{"@type":"WebPage","@id":"https:\/\/www.noticiasradioreflejos.com.ar\/2021\/sobreseyeron-a-cristina-kirchner-y-axel-kicillof-en-la-causa-dolar-futuro\/","url":"https:\/\/www.noticiasradioreflejos.com.ar\/2021\/sobreseyeron-a-cristina-kirchner-y-axel-kicillof-en-la-causa-dolar-futuro\/","name":"Sobreseyeron a Cristina Kirchner y Axel Kicillof en la causa \"d\u00f3lar futuro\" - Noticias Radio Reflejos","isPartOf":{"@id":"https:\/\/www.noticiasradioreflejos.com.ar\/2021\/#website"},"primaryImageOfPage":{"@id":"https:\/\/www.noticiasradioreflejos.com.ar\/2021\/sobreseyeron-a-cristina-kirchner-y-axel-kicillof-en-la-causa-dolar-futuro\/#primaryimage"},"image":{"@id":"https:\/\/www.noticiasradioreflejos.com.ar\/2021\/sobreseyeron-a-cristina-kirchner-y-axel-kicillof-en-la-causa-dolar-futuro\/#primaryimage"},"thumbnailUrl":"https:\/\/images.pagina12.com.ar\/styles\/focal_3_2_960x640\/public\/2021-04\/154853-whatsapp-20image-202021-04-13-20at-2014-07-22.jpeg?itok=vOPFdg6L","datePublished":"2021-04-14T11:33:24+00:00","author":{"@id":"https:\/\/www.noticiasradioreflejos.com.ar\/2021\/#\/schema\/person\/ad82545263dcc5ec0996818884fd5fb1"},"breadcrumb":{"@id":"https:\/\/www.noticiasradioreflejos.com.ar\/2021\/sobreseyeron-a-cristina-kirchner-y-axel-kicillof-en-la-causa-dolar-futuro\/#breadcrumb"},"inLanguage":"es","potentialAction":[{"@type":"ReadAction","target":["https:\/\/www.noticiasradioreflejos.com.ar\/2021\/sobreseyeron-a-cristina-kirchner-y-axel-kicillof-en-la-causa-dolar-futuro\/"]}]},{"@type":"ImageObject","inLanguage":"es","@id":"https:\/\/www.noticiasradioreflejos.com.ar\/2021\/sobreseyeron-a-cristina-kirchner-y-axel-kicillof-en-la-causa-dolar-futuro\/#primaryimage","url":"https:\/\/images.pagina12.com.ar\/styles\/focal_3_2_960x640\/public\/2021-04\/154853-whatsapp-20image-202021-04-13-20at-2014-07-22.jpeg?itok=vOPFdg6L","contentUrl":"https:\/\/images.pagina12.com.ar\/styles\/focal_3_2_960x640\/public\/2021-04\/154853-whatsapp-20image-202021-04-13-20at-2014-07-22.jpeg?itok=vOPFdg6L"},{"@type":"BreadcrumbList","@id":"https:\/\/www.noticiasradioreflejos.com.ar\/2021\/sobreseyeron-a-cristina-kirchner-y-axel-kicillof-en-la-causa-dolar-futuro\/#breadcrumb","itemListElement":[{"@type":"ListItem","position":1,"name":"Portada","item":"https:\/\/www.noticiasradioreflejos.com.ar\/2021\/"},{"@type":"ListItem","position":2,"name":"Sobreseyeron a Cristina Kirchner y Axel Kicillof en la causa \u00abd\u00f3lar futuro\u00bb"}]},{"@type":"WebSite","@id":"https:\/\/www.noticiasradioreflejos.com.ar\/2021\/#website","url":"https:\/\/www.noticiasradioreflejos.com.ar\/2021\/","name":"Noticias Radio Reflejos","description":"Las noticias de mi comarca","potentialAction":[{"@type":"SearchAction","target":{"@type":"EntryPoint","urlTemplate":"https:\/\/www.noticiasradioreflejos.com.ar\/2021\/?s={search_term_string}"},"query-input":{"@type":"PropertyValueSpecification","valueRequired":true,"valueName":"search_term_string"}}],"inLanguage":"es"},{"@type":"Person","@id":"https:\/\/www.noticiasradioreflejos.com.ar\/2021\/#\/schema\/person\/ad82545263dcc5ec0996818884fd5fb1","name":"Arnaldo Botto","image":{"@type":"ImageObject","inLanguage":"es","@id":"https:\/\/www.noticiasradioreflejos.com.ar\/2021\/#\/schema\/person\/image\/","url":"https:\/\/secure.gravatar.com\/avatar\/55cb5e37c1efa326397366e6974cb338056df65cb50e7d64d1cf314e87504837?s=96&d=mm&r=g","contentUrl":"https:\/\/secure.gravatar.com\/avatar\/55cb5e37c1efa326397366e6974cb338056df65cb50e7d64d1cf314e87504837?s=96&d=mm&r=g","caption":"Arnaldo Botto"},"url":"https:\/\/www.noticiasradioreflejos.com.ar\/2021\/author\/arnaldo\/"}]}},"_links":{"self":[{"href":"https:\/\/www.noticiasradioreflejos.com.ar\/2021\/wp-json\/wp\/v2\/posts\/55340","targetHints":{"allow":["GET"]}}],"collection":[{"href":"https:\/\/www.noticiasradioreflejos.com.ar\/2021\/wp-json\/wp\/v2\/posts"}],"about":[{"href":"https:\/\/www.noticiasradioreflejos.com.ar\/2021\/wp-json\/wp\/v2\/types\/post"}],"author":[{"embeddable":true,"href":"https:\/\/www.noticiasradioreflejos.com.ar\/2021\/wp-json\/wp\/v2\/users\/3"}],"replies":[{"embeddable":true,"href":"https:\/\/www.noticiasradioreflejos.com.ar\/2021\/wp-json\/wp\/v2\/comments?post=55340"}],"version-history":[{"count":0,"href":"https:\/\/www.noticiasradioreflejos.com.ar\/2021\/wp-json\/wp\/v2\/posts\/55340\/revisions"}],"wp:attachment":[{"href":"https:\/\/www.noticiasradioreflejos.com.ar\/2021\/wp-json\/wp\/v2\/media?parent=55340"}],"wp:term":[{"taxonomy":"category","embeddable":true,"href":"https:\/\/www.noticiasradioreflejos.com.ar\/2021\/wp-json\/wp\/v2\/categories?post=55340"},{"taxonomy":"post_tag","embeddable":true,"href":"https:\/\/www.noticiasradioreflejos.com.ar\/2021\/wp-json\/wp\/v2\/tags?post=55340"}],"curies":[{"name":"wp","href":"https:\/\/api.w.org\/{rel}","templated":true}]}}