{"id":55322,"date":"2021-04-13T19:07:46","date_gmt":"2021-04-13T22:07:46","guid":{"rendered":"http:\/\/www.noticiasradioreflejos.com.ar\/noticias\/?p=55322"},"modified":"2021-04-13T19:07:46","modified_gmt":"2021-04-13T22:07:46","slug":"aseguran-que-la-depredacion-humana-causo-la-extincion-de-la-megafauna-sudamericana-del-pleistoceno","status":"publish","type":"post","link":"https:\/\/www.noticiasradioreflejos.com.ar\/2021\/aseguran-que-la-depredacion-humana-causo-la-extincion-de-la-megafauna-sudamericana-del-pleistoceno\/","title":{"rendered":"Aseguran que la depredaci\u00f3n humana caus\u00f3 la extinci\u00f3n de la megafauna sudamericana del Pleistoceno"},"content":{"rendered":"<p>El trabajo de investigaci\u00f3n asocia la actividad de caza de los primeros grupos de personas con la ca\u00edda demogr\u00e1fica y posterior desaparici\u00f3n de todas las especies de grandes mam\u00edferos sucedida a finales del Pleistoceno, entre 13 y 11 mil a\u00f1os atr\u00e1s.<!--more--><\/p>\n<div class=\"author clearfix\">\n<h4>Por Juliana Ricaldoni<\/h4>\n<\/div>\n<div class=\"addthis_custom_sharing\"><\/div>\n<\/div>\n<div class=\"main-content-block\">\n<div class=\"main-box clearfix\">\n<div class=\"wrapper-main-section clearfix\">\n<div class=\"wrapper-editable-content\">\n<div class=\"editable-content clearfix\">\n<div id=\"image\" class=\"image\"><img decoding=\"async\" title=\"Seg\u00fan los autores, la depredaci\u00f3n humana caus\u00f3 la extinci\u00f3n de la megafauna sudamericana \" src=\"https:\/\/www.telam.com.ar\/advf\/imagenes\/2021\/04\/6074898c3c32c_1004x687.jpg\" alt=\"Seg\u00fan los autores, la depredaci\u00f3n humana caus\u00f3 la extinci\u00f3n de la megafauna sudamericana \" \/><\/p>\n<div class=\"epigrafe\">Seg\u00fan los autores, la depredaci\u00f3n humana caus\u00f3 la extinci\u00f3n de la megafauna sudamericana<\/div>\n<\/div>\n<p><strong>Investigadores del Conicet en la Facultad de Ciencias Naturales y Museo de la Universidad Nacional de La Plata<\/strong>\u00a0lograron determinar que el efecto directo de la depredaci\u00f3n humana fue probablemente el principal factor que impuls\u00f3 el declive y posterior extinci\u00f3n de la megafauna en Sudam\u00e9rica a finales del Pleistoceno.<\/p>\n<p><strong>\u00abCreemos que los seres humanos son los principales responsables de la extinci\u00f3n de la megafauna en Sudam\u00e9rica\u00bb, afirmaron Luciano Prates e Iv\u00e1n P\u00e9rez,<\/strong>\u00a0<strong>los autores de un estudio cient\u00edfico al respecto que se public\u00f3<\/strong>el lunes en la revista Nature Communications.<\/p>\n<p>En base a una amplia cantidad de datos de registros f\u00f3siles y arqueol\u00f3gicos de todo el subcontinente,\u00a0<strong>el trabajo asocia la actividad de caza de los primeros grupos de personas con la ca\u00edda demogr\u00e1fica y posterior desaparici\u00f3n de todas las especies de grandes mam\u00edferos sucedida a finales del Pleistoceno, entre 13 y 11 mil a\u00f1os atr\u00e1s.<\/strong><\/p>\n<p>El estudio contradice la hip\u00f3tesis m\u00e1s aceptada hasta el momento para la arqueolog\u00eda sudamericana, seg\u00fan la cual estos animales de gran porte desaparecieron como consecuencia de los cambios ambientales como el aumento de la temperatura y las alteraciones en la vegetaci\u00f3n ocurridos luego de la \u00faltima glaciaci\u00f3n hace unos 18 mil a\u00f1os, que generaron las condiciones para una extinci\u00f3n masiva.<\/p>\n<p>En cambio,<strong>\u00a0la nueva investigaci\u00f3n pone el foco en las coincidencias temporales y geogr\u00e1ficas existentes entre las evidencias de megafauna y las de una punta de lanza muy particular conocida como \u00abcola de pescado\u00bb,\u00a0<\/strong>similar a otra denominada \u00abClovis\u00bb que existi\u00f3 solamente en Am\u00e9rica del Norte y est\u00e1 muy asociada a la caza de mamuts.<\/p>\n<p><strong>\u00abEn ambos casos se trata de herramientas grandes y anchas con una tecnolog\u00eda muy sofisticada\u00bb, describi\u00f3 Prates, y detall\u00f3 que \u00absu per\u00edodo de existencia es muy breve: aparecen con una antig\u00fcedad de entre 13 y 11 mil a\u00f1os y posteriormente no se las vuelve a encontrar nunca m\u00e1s\u00bb.<\/strong><\/p>\n<p>Sumado a esto, los cient\u00edficos observaron que, en el mismo lapso, la curva demogr\u00e1fica de los seres humanos comenzaba a decrecer, momento que a su vez tambi\u00e9n coincid\u00eda con la \u00faltima etapa de extinci\u00f3n de la megafauna.<\/p>\n<div id=\"image\" class=\"image\"><img decoding=\"async\" title=\"El investigador Iv\u00e1n P\u00e9rez del Coniicet\" src=\"https:\/\/www.telam.com.ar\/advf\/imagenes\/2021\/04\/6074898c44d0f_1004x565.jpg\" alt=\"El investigador Iv\u00e1n P\u00e9rez del Coniicet\" \/><\/p>\n<div class=\"epigrafe\">El investigador Iv\u00e1n P\u00e9rez del Coniicet<\/div>\n<\/div>\n<p>Estas<strong>\u00a0evidencias fueron producto del cruce de 51 registros temporales de punta de cola de pescado y 269 f\u00f3siles de diez especies de la megafauna -entre ellas el caballo americano y el megaterio o perezoso gigante-<\/strong>, todos fechados por la t\u00e9cnica de radiocarbono que determina la edad de materiales que contienen carbono.<\/p>\n<p><strong>\u00abLo que encontramos primero es que la megafauna crec\u00eda a tasa alta hasta que en un momento, hace 12.900 a\u00f1os, empez\u00f3 a decrecer bruscamente. Esto coincide exactamente con el momento de aparici\u00f3n de las puntas cola de pescado, entonces suponemos que cuando los seres humanos obtuvieron esa nueva tecnolog\u00eda comenzaron a cazar a estos mam\u00edferos, y de ah\u00ed el descenso de esas poblaciones\u00bb, explic\u00f3 P\u00e9rez.<\/strong><\/p>\n<p>\u00abEsa situaci\u00f3n se extiende durante 2 mil a\u00f1os y finaliza con la desaparici\u00f3n simult\u00e1nea de los animales y las puntas de lanzas, lo cual nos demuestra que estaban \u00edntimamente ligados\u00bb, a\u00f1adi\u00f3 Prates.<\/p>\n<p>En este escenario, la baja en la curva demogr\u00e1fica humana se explica porque la misma depredaci\u00f3n de la fauna que provoc\u00f3 su paulatina mengua tuvo un efecto sobre los grupos humanos, cuyas poblaciones tambi\u00e9n fueron disminuyendo debido a la desaparici\u00f3n de uno de sus principales recursos de subsistencia.<\/p>\n<p>En paralelo, la investigaci\u00f3n publicada incluye un an\u00e1lisis geogr\u00e1fico que comprende 156 registros espaciales de puntas cola de pescado y otros 204 correspondientes a ejemplares de la megafauna, junto con 1.660 sitios arqueol\u00f3gicos de entre 15 y 7 mil a\u00f1os de antig\u00fcedad a lo largo de todo el territorio sudamericano.<\/p>\n<p>Los resultados tambi\u00e9n abonan la idea de los autores:\u00a0<strong>la megafauna se distribuye en los mismos lugares en los que aparecen las armas, \u00ablo que significa que la gente que cazaba con esta tecnolog\u00eda se ubicaba en las regiones donde viv\u00edan esos animales, que principalmente eran las estepas abiertas de las pampas de Uruguay, sur de Brasil y Argentina, y de la Patagonia\u00bb, se\u00f1al\u00f3 Prates.<\/strong><\/p>\n<p>\u00abSobre toda esta base de informaci\u00f3n, producto de la combinaci\u00f3n de evidencia paleontol\u00f3gica y arqueol\u00f3gica,\u00a0<strong>nuestro trabajo postula que el ser humano fue el principal responsable de la extinci\u00f3n de la megafauna pero no por haber arremetido compulsivamente contra todas las especies como asegura una hip\u00f3tesis cl\u00e1sica planteada hace m\u00e1s de 40 a\u00f1os por el paleont\u00f3logo norteamericano Paul Martin\u00bb, expres\u00f3 P\u00e9rez.<\/strong><\/p>\n<p>\u00abEn este caso suponemos que las personas solo se dedicaron a cazar a unas pocas especies, pero que de todos modos se gener\u00f3 un desequilibrio en la red ecol\u00f3gica tan profundo que eventualmente, y sumado a los cambios clim\u00e1ticos, desencaden\u00f3 un colapso general de toda la comunidad de grandes mam\u00edferos\u00bb, finaliz\u00f3.<\/p><\/div>\n<\/div>\n<\/div>\n<\/div>\n<\/div>\n","protected":false},"excerpt":{"rendered":"<p>El trabajo de investigaci\u00f3n asocia la actividad de caza de los primeros grupos de personas con la ca\u00edda demogr\u00e1fica y posterior desaparici\u00f3n de todas las especies de grandes mam\u00edferos sucedida a finales del Pleistoceno, entre 13 y 11 mil a\u00f1os atr\u00e1s.<\/p>\n","protected":false},"author":3,"featured_media":0,"comment_status":"closed","ping_status":"open","sticky":false,"template":"","format":"standard","meta":{"footnotes":""},"categories":[46,35],"tags":[],"class_list":["post-55322","post","type-post","status-publish","format-standard","hentry","category-ciencia-y-tecnologia","category-cultura"],"yoast_head":"<!-- This site is optimized with the Yoast SEO plugin v25.9 - https:\/\/yoast.com\/wordpress\/plugins\/seo\/ -->\n<title>Aseguran que la depredaci\u00f3n humana caus\u00f3 la extinci\u00f3n de la megafauna sudamericana del Pleistoceno - Noticias Radio Reflejos<\/title>\n<meta name=\"robots\" content=\"index, follow, max-snippet:-1, max-image-preview:large, max-video-preview:-1\" \/>\n<link rel=\"canonical\" href=\"https:\/\/www.noticiasradioreflejos.com.ar\/2021\/aseguran-que-la-depredacion-humana-causo-la-extincion-de-la-megafauna-sudamericana-del-pleistoceno\/\" \/>\n<meta property=\"og:locale\" content=\"es_ES\" \/>\n<meta property=\"og:type\" content=\"article\" \/>\n<meta property=\"og:title\" content=\"Aseguran que la depredaci\u00f3n humana caus\u00f3 la extinci\u00f3n de la megafauna sudamericana del Pleistoceno - Noticias Radio Reflejos\" \/>\n<meta property=\"og:description\" content=\"El trabajo de investigaci\u00f3n asocia la actividad de caza de los primeros grupos de personas con la ca\u00edda demogr\u00e1fica y posterior desaparici\u00f3n de todas las especies de grandes mam\u00edferos sucedida a finales del Pleistoceno, entre 13 y 11 mil a\u00f1os atr\u00e1s.\" \/>\n<meta property=\"og:url\" content=\"https:\/\/www.noticiasradioreflejos.com.ar\/2021\/aseguran-que-la-depredacion-humana-causo-la-extincion-de-la-megafauna-sudamericana-del-pleistoceno\/\" \/>\n<meta property=\"og:site_name\" content=\"Noticias Radio Reflejos\" \/>\n<meta property=\"article:published_time\" content=\"2021-04-13T22:07:46+00:00\" \/>\n<meta property=\"og:image\" content=\"https:\/\/www.telam.com.ar\/advf\/imagenes\/2021\/04\/6074898c3c32c_1004x687.jpg\" \/>\n<meta name=\"author\" content=\"Arnaldo Botto\" \/>\n<meta name=\"twitter:card\" content=\"summary_large_image\" \/>\n<script type=\"application\/ld+json\" class=\"yoast-schema-graph\">{\"@context\":\"https:\/\/schema.org\",\"@graph\":[{\"@type\":\"WebPage\",\"@id\":\"https:\/\/www.noticiasradioreflejos.com.ar\/2021\/aseguran-que-la-depredacion-humana-causo-la-extincion-de-la-megafauna-sudamericana-del-pleistoceno\/\",\"url\":\"https:\/\/www.noticiasradioreflejos.com.ar\/2021\/aseguran-que-la-depredacion-humana-causo-la-extincion-de-la-megafauna-sudamericana-del-pleistoceno\/\",\"name\":\"Aseguran que la depredaci\u00f3n humana caus\u00f3 la extinci\u00f3n de la megafauna sudamericana del Pleistoceno - Noticias Radio Reflejos\",\"isPartOf\":{\"@id\":\"https:\/\/www.noticiasradioreflejos.com.ar\/2021\/#website\"},\"primaryImageOfPage\":{\"@id\":\"https:\/\/www.noticiasradioreflejos.com.ar\/2021\/aseguran-que-la-depredacion-humana-causo-la-extincion-de-la-megafauna-sudamericana-del-pleistoceno\/#primaryimage\"},\"image\":{\"@id\":\"https:\/\/www.noticiasradioreflejos.com.ar\/2021\/aseguran-que-la-depredacion-humana-causo-la-extincion-de-la-megafauna-sudamericana-del-pleistoceno\/#primaryimage\"},\"thumbnailUrl\":\"https:\/\/www.telam.com.ar\/advf\/imagenes\/2021\/04\/6074898c3c32c_1004x687.jpg\",\"datePublished\":\"2021-04-13T22:07:46+00:00\",\"author\":{\"@id\":\"https:\/\/www.noticiasradioreflejos.com.ar\/2021\/#\/schema\/person\/ad82545263dcc5ec0996818884fd5fb1\"},\"breadcrumb\":{\"@id\":\"https:\/\/www.noticiasradioreflejos.com.ar\/2021\/aseguran-que-la-depredacion-humana-causo-la-extincion-de-la-megafauna-sudamericana-del-pleistoceno\/#breadcrumb\"},\"inLanguage\":\"es\",\"potentialAction\":[{\"@type\":\"ReadAction\",\"target\":[\"https:\/\/www.noticiasradioreflejos.com.ar\/2021\/aseguran-que-la-depredacion-humana-causo-la-extincion-de-la-megafauna-sudamericana-del-pleistoceno\/\"]}]},{\"@type\":\"ImageObject\",\"inLanguage\":\"es\",\"@id\":\"https:\/\/www.noticiasradioreflejos.com.ar\/2021\/aseguran-que-la-depredacion-humana-causo-la-extincion-de-la-megafauna-sudamericana-del-pleistoceno\/#primaryimage\",\"url\":\"https:\/\/www.telam.com.ar\/advf\/imagenes\/2021\/04\/6074898c3c32c_1004x687.jpg\",\"contentUrl\":\"https:\/\/www.telam.com.ar\/advf\/imagenes\/2021\/04\/6074898c3c32c_1004x687.jpg\"},{\"@type\":\"BreadcrumbList\",\"@id\":\"https:\/\/www.noticiasradioreflejos.com.ar\/2021\/aseguran-que-la-depredacion-humana-causo-la-extincion-de-la-megafauna-sudamericana-del-pleistoceno\/#breadcrumb\",\"itemListElement\":[{\"@type\":\"ListItem\",\"position\":1,\"name\":\"Portada\",\"item\":\"https:\/\/www.noticiasradioreflejos.com.ar\/2021\/\"},{\"@type\":\"ListItem\",\"position\":2,\"name\":\"Aseguran que la depredaci\u00f3n humana caus\u00f3 la extinci\u00f3n de la megafauna sudamericana del Pleistoceno\"}]},{\"@type\":\"WebSite\",\"@id\":\"https:\/\/www.noticiasradioreflejos.com.ar\/2021\/#website\",\"url\":\"https:\/\/www.noticiasradioreflejos.com.ar\/2021\/\",\"name\":\"Noticias Radio Reflejos\",\"description\":\"Las noticias de mi comarca\",\"potentialAction\":[{\"@type\":\"SearchAction\",\"target\":{\"@type\":\"EntryPoint\",\"urlTemplate\":\"https:\/\/www.noticiasradioreflejos.com.ar\/2021\/?s={search_term_string}\"},\"query-input\":{\"@type\":\"PropertyValueSpecification\",\"valueRequired\":true,\"valueName\":\"search_term_string\"}}],\"inLanguage\":\"es\"},{\"@type\":\"Person\",\"@id\":\"https:\/\/www.noticiasradioreflejos.com.ar\/2021\/#\/schema\/person\/ad82545263dcc5ec0996818884fd5fb1\",\"name\":\"Arnaldo Botto\",\"image\":{\"@type\":\"ImageObject\",\"inLanguage\":\"es\",\"@id\":\"https:\/\/www.noticiasradioreflejos.com.ar\/2021\/#\/schema\/person\/image\/\",\"url\":\"https:\/\/secure.gravatar.com\/avatar\/55cb5e37c1efa326397366e6974cb338056df65cb50e7d64d1cf314e87504837?s=96&d=mm&r=g\",\"contentUrl\":\"https:\/\/secure.gravatar.com\/avatar\/55cb5e37c1efa326397366e6974cb338056df65cb50e7d64d1cf314e87504837?s=96&d=mm&r=g\",\"caption\":\"Arnaldo Botto\"},\"url\":\"https:\/\/www.noticiasradioreflejos.com.ar\/2021\/author\/arnaldo\/\"}]}<\/script>\n<!-- \/ Yoast SEO plugin. -->","yoast_head_json":{"title":"Aseguran que la depredaci\u00f3n humana caus\u00f3 la extinci\u00f3n de la megafauna sudamericana del Pleistoceno - Noticias Radio Reflejos","robots":{"index":"index","follow":"follow","max-snippet":"max-snippet:-1","max-image-preview":"max-image-preview:large","max-video-preview":"max-video-preview:-1"},"canonical":"https:\/\/www.noticiasradioreflejos.com.ar\/2021\/aseguran-que-la-depredacion-humana-causo-la-extincion-de-la-megafauna-sudamericana-del-pleistoceno\/","og_locale":"es_ES","og_type":"article","og_title":"Aseguran que la depredaci\u00f3n humana caus\u00f3 la extinci\u00f3n de la megafauna sudamericana del Pleistoceno - Noticias Radio Reflejos","og_description":"El trabajo de investigaci\u00f3n asocia la actividad de caza de los primeros grupos de personas con la ca\u00edda demogr\u00e1fica y posterior desaparici\u00f3n de todas las especies de grandes mam\u00edferos sucedida a finales del Pleistoceno, entre 13 y 11 mil a\u00f1os atr\u00e1s.","og_url":"https:\/\/www.noticiasradioreflejos.com.ar\/2021\/aseguran-que-la-depredacion-humana-causo-la-extincion-de-la-megafauna-sudamericana-del-pleistoceno\/","og_site_name":"Noticias Radio Reflejos","article_published_time":"2021-04-13T22:07:46+00:00","og_image":[{"url":"https:\/\/www.telam.com.ar\/advf\/imagenes\/2021\/04\/6074898c3c32c_1004x687.jpg","type":"","width":"","height":""}],"author":"Arnaldo Botto","twitter_card":"summary_large_image","schema":{"@context":"https:\/\/schema.org","@graph":[{"@type":"WebPage","@id":"https:\/\/www.noticiasradioreflejos.com.ar\/2021\/aseguran-que-la-depredacion-humana-causo-la-extincion-de-la-megafauna-sudamericana-del-pleistoceno\/","url":"https:\/\/www.noticiasradioreflejos.com.ar\/2021\/aseguran-que-la-depredacion-humana-causo-la-extincion-de-la-megafauna-sudamericana-del-pleistoceno\/","name":"Aseguran que la depredaci\u00f3n humana caus\u00f3 la extinci\u00f3n de la megafauna sudamericana del Pleistoceno - Noticias Radio Reflejos","isPartOf":{"@id":"https:\/\/www.noticiasradioreflejos.com.ar\/2021\/#website"},"primaryImageOfPage":{"@id":"https:\/\/www.noticiasradioreflejos.com.ar\/2021\/aseguran-que-la-depredacion-humana-causo-la-extincion-de-la-megafauna-sudamericana-del-pleistoceno\/#primaryimage"},"image":{"@id":"https:\/\/www.noticiasradioreflejos.com.ar\/2021\/aseguran-que-la-depredacion-humana-causo-la-extincion-de-la-megafauna-sudamericana-del-pleistoceno\/#primaryimage"},"thumbnailUrl":"https:\/\/www.telam.com.ar\/advf\/imagenes\/2021\/04\/6074898c3c32c_1004x687.jpg","datePublished":"2021-04-13T22:07:46+00:00","author":{"@id":"https:\/\/www.noticiasradioreflejos.com.ar\/2021\/#\/schema\/person\/ad82545263dcc5ec0996818884fd5fb1"},"breadcrumb":{"@id":"https:\/\/www.noticiasradioreflejos.com.ar\/2021\/aseguran-que-la-depredacion-humana-causo-la-extincion-de-la-megafauna-sudamericana-del-pleistoceno\/#breadcrumb"},"inLanguage":"es","potentialAction":[{"@type":"ReadAction","target":["https:\/\/www.noticiasradioreflejos.com.ar\/2021\/aseguran-que-la-depredacion-humana-causo-la-extincion-de-la-megafauna-sudamericana-del-pleistoceno\/"]}]},{"@type":"ImageObject","inLanguage":"es","@id":"https:\/\/www.noticiasradioreflejos.com.ar\/2021\/aseguran-que-la-depredacion-humana-causo-la-extincion-de-la-megafauna-sudamericana-del-pleistoceno\/#primaryimage","url":"https:\/\/www.telam.com.ar\/advf\/imagenes\/2021\/04\/6074898c3c32c_1004x687.jpg","contentUrl":"https:\/\/www.telam.com.ar\/advf\/imagenes\/2021\/04\/6074898c3c32c_1004x687.jpg"},{"@type":"BreadcrumbList","@id":"https:\/\/www.noticiasradioreflejos.com.ar\/2021\/aseguran-que-la-depredacion-humana-causo-la-extincion-de-la-megafauna-sudamericana-del-pleistoceno\/#breadcrumb","itemListElement":[{"@type":"ListItem","position":1,"name":"Portada","item":"https:\/\/www.noticiasradioreflejos.com.ar\/2021\/"},{"@type":"ListItem","position":2,"name":"Aseguran que la depredaci\u00f3n humana caus\u00f3 la extinci\u00f3n de la megafauna sudamericana del Pleistoceno"}]},{"@type":"WebSite","@id":"https:\/\/www.noticiasradioreflejos.com.ar\/2021\/#website","url":"https:\/\/www.noticiasradioreflejos.com.ar\/2021\/","name":"Noticias Radio Reflejos","description":"Las noticias de mi comarca","potentialAction":[{"@type":"SearchAction","target":{"@type":"EntryPoint","urlTemplate":"https:\/\/www.noticiasradioreflejos.com.ar\/2021\/?s={search_term_string}"},"query-input":{"@type":"PropertyValueSpecification","valueRequired":true,"valueName":"search_term_string"}}],"inLanguage":"es"},{"@type":"Person","@id":"https:\/\/www.noticiasradioreflejos.com.ar\/2021\/#\/schema\/person\/ad82545263dcc5ec0996818884fd5fb1","name":"Arnaldo Botto","image":{"@type":"ImageObject","inLanguage":"es","@id":"https:\/\/www.noticiasradioreflejos.com.ar\/2021\/#\/schema\/person\/image\/","url":"https:\/\/secure.gravatar.com\/avatar\/55cb5e37c1efa326397366e6974cb338056df65cb50e7d64d1cf314e87504837?s=96&d=mm&r=g","contentUrl":"https:\/\/secure.gravatar.com\/avatar\/55cb5e37c1efa326397366e6974cb338056df65cb50e7d64d1cf314e87504837?s=96&d=mm&r=g","caption":"Arnaldo Botto"},"url":"https:\/\/www.noticiasradioreflejos.com.ar\/2021\/author\/arnaldo\/"}]}},"_links":{"self":[{"href":"https:\/\/www.noticiasradioreflejos.com.ar\/2021\/wp-json\/wp\/v2\/posts\/55322","targetHints":{"allow":["GET"]}}],"collection":[{"href":"https:\/\/www.noticiasradioreflejos.com.ar\/2021\/wp-json\/wp\/v2\/posts"}],"about":[{"href":"https:\/\/www.noticiasradioreflejos.com.ar\/2021\/wp-json\/wp\/v2\/types\/post"}],"author":[{"embeddable":true,"href":"https:\/\/www.noticiasradioreflejos.com.ar\/2021\/wp-json\/wp\/v2\/users\/3"}],"replies":[{"embeddable":true,"href":"https:\/\/www.noticiasradioreflejos.com.ar\/2021\/wp-json\/wp\/v2\/comments?post=55322"}],"version-history":[{"count":0,"href":"https:\/\/www.noticiasradioreflejos.com.ar\/2021\/wp-json\/wp\/v2\/posts\/55322\/revisions"}],"wp:attachment":[{"href":"https:\/\/www.noticiasradioreflejos.com.ar\/2021\/wp-json\/wp\/v2\/media?parent=55322"}],"wp:term":[{"taxonomy":"category","embeddable":true,"href":"https:\/\/www.noticiasradioreflejos.com.ar\/2021\/wp-json\/wp\/v2\/categories?post=55322"},{"taxonomy":"post_tag","embeddable":true,"href":"https:\/\/www.noticiasradioreflejos.com.ar\/2021\/wp-json\/wp\/v2\/tags?post=55322"}],"curies":[{"name":"wp","href":"https:\/\/api.w.org\/{rel}","templated":true}]}}