{"id":5532,"date":"2017-01-05T12:04:21","date_gmt":"2017-01-05T15:04:21","guid":{"rendered":"http:\/\/noticiasradioreflejos.com.ar\/noticias\/?p=5532"},"modified":"2017-01-05T12:04:21","modified_gmt":"2017-01-05T15:04:21","slug":"esta-tarde-dara-comienzo-la-53-fiesta-provincial-de-reyes-magos-en-sierra-de-la-ventana","status":"publish","type":"post","link":"https:\/\/www.noticiasradioreflejos.com.ar\/2021\/esta-tarde-dara-comienzo-la-53-fiesta-provincial-de-reyes-magos-en-sierra-de-la-ventana\/","title":{"rendered":"Esta tarde dar\u00e1 comienzo la 53\u00b0 Fiesta Provincial de Reyes Magos en Sierra de la Ventana."},"content":{"rendered":"<p><a href=\"http:\/\/noticiasradioreflejos.com.ar\/noticias\/wp-content\/uploads\/2016\/12\/Reyes-Magos-Sierra-de-la-Ventana.jpg\"><img loading=\"lazy\" decoding=\"async\" class=\" wp-image-4974 alignleft\" src=\"http:\/\/noticiasradioreflejos.com.ar\/noticias\/wp-content\/uploads\/2016\/12\/Reyes-Magos-Sierra-de-la-Ventana.jpg\" alt=\"Reyes Magos Sierra de la Ventana\" width=\"504\" height=\"334\" \/><\/a>Para conocer detalles de la organizaci\u00f3n de la fiesta m\u00e1s importante de la comarca y una de las m\u00e1s visitadas de la regi\u00f3n, la que se realizar\u00e1 este a\u00f1o por primera vez en el Centro Cultural de la localidad, nos comunicamos con el Sr. Walter M\u00e9ndez.<br \/>\nEl Subsecretario de Eventos Culturales de la Municipalidad de Tornquist dio a conocer los fundamentos por los cuales se decidi\u00f3 el traslado de la fiesta de la Av. Roca al Centro Cultural, y describi\u00f3 c\u00f3mo ser\u00e1 la circulaci\u00f3n dentro del predio, y describi\u00f3 la disposici\u00f3n de los 3 escenarios armados para los espect\u00e1culos de esta noche.<br \/>\n\u00abSi no tuvi\u00e9ramos la colaboraci\u00f3n de los Bomberos, la fiesta no se realizar\u00eda\u00bb, puntualiz\u00f3 M\u00e9ndez en el principio de la charla, cuando destacamos que este a\u00f1o el Municipio tuvo una participaci\u00f3n preponderante dentro de la organizaci\u00f3n.<br \/>\nEl funcionario nos describi\u00f3 que \u00abEl escenario principal este a\u00f1o es m\u00e1s grande que de costumbre\u00bb, con una boca de 15 m. de ancho y un alto de 10 m., pero tambi\u00e9n destaca que son 3 los escenarios; porque el tradicional pesebre se construy\u00f3 a un lado del escenario principal y otro a la altura del piso permitir\u00e1 que los chicos se saquen fotos con los Reyes.<br \/>\nEn cuanto a la decisi\u00f3n de sacar la fiesta de la calle Roca, M\u00e9ndez dijo:\u00bbLa decisi\u00f3n fue del Intendente Bordoni, porque en la Avenida Roca pasan dos l\u00edneas de alta tensi\u00f3n, y por otro lado el predio del Centro Cultural es un lugar hermoso. Si se dan todas las condiciones, nos van a agradecer\u00bb.<br \/>\nTambi\u00e9n asegur\u00f3 que habr\u00e1 fuegos artificiales este a\u00f1o; aunque nos coment\u00f3 que para reemplazarlos se busc\u00f3 presupuesto para realizar un show lum\u00ednico, pero los costos del mismo oscilan entre 100 y 150 mil pesos, por eso se desisti\u00f3, ya que los fuegos artificiales desde esta noche tuvieron un costo de aproximadamente 45 mil pesos.<br \/>\nLa fiesta se desarrollar\u00e1 de la siguiente manera:<br \/>\n19:00 hs.: Zumba Kids.<br \/>\n19.30 hs.: D\u00fao Gui\u00f1os: Espect\u00e1culos para la familia (clowns, malabares)<br \/>\n20:30 hs.: Actuaci\u00f3n de Cantando con Adriana.<br \/>\n21:00 hs.: Tradicional bajada de Reyes Magos<br \/>\n&nbsp;<br \/>\n<iframe loading=\"lazy\" src=\"https:\/\/w.soundcloud.com\/player\/?url=https%3A\/\/api.soundcloud.com\/tracks\/301053869&amp;color=ff5500&amp;auto_play=false&amp;hide_related=false&amp;show_comments=true&amp;show_user=true&amp;show_reposts=false\" width=\"100%\" height=\"166\" frameborder=\"no\" scrolling=\"no\"><\/iframe><\/p>\n","protected":false},"excerpt":{"rendered":"<p>Para conocer detalles de la organizaci\u00f3n de la fiesta m\u00e1s importante de la comarca y una de las m\u00e1s visitadas de la regi\u00f3n, la que se realizar\u00e1 este a\u00f1o por primera vez en el Centro Cultural de la localidad, nos comunicamos con el Sr. Walter M\u00e9ndez. El Subsecretario de Eventos Culturales de la Municipalidad de [&hellip;]<\/p>\n","protected":false},"author":3,"featured_media":0,"comment_status":"closed","ping_status":"open","sticky":false,"template":"","format":"standard","meta":{"footnotes":""},"categories":[35],"tags":[],"class_list":["post-5532","post","type-post","status-publish","format-standard","hentry","category-cultura"],"yoast_head":"<!-- This site is optimized with the Yoast SEO plugin v25.9 - https:\/\/yoast.com\/wordpress\/plugins\/seo\/ -->\n<title>Esta tarde dar\u00e1 comienzo la 53\u00b0 Fiesta Provincial de Reyes Magos en Sierra de la Ventana. - Noticias Radio Reflejos<\/title>\n<meta name=\"robots\" content=\"index, follow, max-snippet:-1, max-image-preview:large, max-video-preview:-1\" \/>\n<link rel=\"canonical\" href=\"https:\/\/www.noticiasradioreflejos.com.ar\/2021\/esta-tarde-dara-comienzo-la-53-fiesta-provincial-de-reyes-magos-en-sierra-de-la-ventana\/\" \/>\n<meta property=\"og:locale\" content=\"es_ES\" \/>\n<meta property=\"og:type\" content=\"article\" \/>\n<meta property=\"og:title\" content=\"Esta tarde dar\u00e1 comienzo la 53\u00b0 Fiesta Provincial de Reyes Magos en Sierra de la Ventana. - Noticias Radio Reflejos\" \/>\n<meta property=\"og:description\" content=\"Para conocer detalles de la organizaci\u00f3n de la fiesta m\u00e1s importante de la comarca y una de las m\u00e1s visitadas de la regi\u00f3n, la que se realizar\u00e1 este a\u00f1o por primera vez en el Centro Cultural de la localidad, nos comunicamos con el Sr. Walter M\u00e9ndez. El Subsecretario de Eventos Culturales de la Municipalidad de [&hellip;]\" \/>\n<meta property=\"og:url\" content=\"https:\/\/www.noticiasradioreflejos.com.ar\/2021\/esta-tarde-dara-comienzo-la-53-fiesta-provincial-de-reyes-magos-en-sierra-de-la-ventana\/\" \/>\n<meta property=\"og:site_name\" content=\"Noticias Radio Reflejos\" \/>\n<meta property=\"article:published_time\" content=\"2017-01-05T15:04:21+00:00\" \/>\n<meta property=\"og:image\" content=\"https:\/\/www.noticiasradioreflejos.com.ar\/2021\/wp-content\/uploads\/2021\/07\/logosol300x200.png\" \/>\n\t<meta property=\"og:image:width\" content=\"300\" \/>\n\t<meta property=\"og:image:height\" content=\"200\" \/>\n\t<meta property=\"og:image:type\" content=\"image\/png\" \/>\n<meta name=\"author\" content=\"Arnaldo Botto\" \/>\n<meta name=\"twitter:card\" content=\"summary_large_image\" \/>\n<script type=\"application\/ld+json\" class=\"yoast-schema-graph\">{\"@context\":\"https:\/\/schema.org\",\"@graph\":[{\"@type\":\"WebPage\",\"@id\":\"https:\/\/www.noticiasradioreflejos.com.ar\/2021\/esta-tarde-dara-comienzo-la-53-fiesta-provincial-de-reyes-magos-en-sierra-de-la-ventana\/\",\"url\":\"https:\/\/www.noticiasradioreflejos.com.ar\/2021\/esta-tarde-dara-comienzo-la-53-fiesta-provincial-de-reyes-magos-en-sierra-de-la-ventana\/\",\"name\":\"Esta tarde dar\u00e1 comienzo la 53\u00b0 Fiesta Provincial de Reyes Magos en Sierra de la Ventana. - Noticias Radio Reflejos\",\"isPartOf\":{\"@id\":\"https:\/\/www.noticiasradioreflejos.com.ar\/2021\/#website\"},\"primaryImageOfPage\":{\"@id\":\"https:\/\/www.noticiasradioreflejos.com.ar\/2021\/esta-tarde-dara-comienzo-la-53-fiesta-provincial-de-reyes-magos-en-sierra-de-la-ventana\/#primaryimage\"},\"image\":{\"@id\":\"https:\/\/www.noticiasradioreflejos.com.ar\/2021\/esta-tarde-dara-comienzo-la-53-fiesta-provincial-de-reyes-magos-en-sierra-de-la-ventana\/#primaryimage\"},\"thumbnailUrl\":\"http:\/\/noticiasradioreflejos.com.ar\/noticias\/wp-content\/uploads\/2016\/12\/Reyes-Magos-Sierra-de-la-Ventana.jpg\",\"datePublished\":\"2017-01-05T15:04:21+00:00\",\"author\":{\"@id\":\"https:\/\/www.noticiasradioreflejos.com.ar\/2021\/#\/schema\/person\/ad82545263dcc5ec0996818884fd5fb1\"},\"breadcrumb\":{\"@id\":\"https:\/\/www.noticiasradioreflejos.com.ar\/2021\/esta-tarde-dara-comienzo-la-53-fiesta-provincial-de-reyes-magos-en-sierra-de-la-ventana\/#breadcrumb\"},\"inLanguage\":\"es\",\"potentialAction\":[{\"@type\":\"ReadAction\",\"target\":[\"https:\/\/www.noticiasradioreflejos.com.ar\/2021\/esta-tarde-dara-comienzo-la-53-fiesta-provincial-de-reyes-magos-en-sierra-de-la-ventana\/\"]}]},{\"@type\":\"ImageObject\",\"inLanguage\":\"es\",\"@id\":\"https:\/\/www.noticiasradioreflejos.com.ar\/2021\/esta-tarde-dara-comienzo-la-53-fiesta-provincial-de-reyes-magos-en-sierra-de-la-ventana\/#primaryimage\",\"url\":\"http:\/\/noticiasradioreflejos.com.ar\/noticias\/wp-content\/uploads\/2016\/12\/Reyes-Magos-Sierra-de-la-Ventana.jpg\",\"contentUrl\":\"http:\/\/noticiasradioreflejos.com.ar\/noticias\/wp-content\/uploads\/2016\/12\/Reyes-Magos-Sierra-de-la-Ventana.jpg\"},{\"@type\":\"BreadcrumbList\",\"@id\":\"https:\/\/www.noticiasradioreflejos.com.ar\/2021\/esta-tarde-dara-comienzo-la-53-fiesta-provincial-de-reyes-magos-en-sierra-de-la-ventana\/#breadcrumb\",\"itemListElement\":[{\"@type\":\"ListItem\",\"position\":1,\"name\":\"Portada\",\"item\":\"https:\/\/www.noticiasradioreflejos.com.ar\/2021\/\"},{\"@type\":\"ListItem\",\"position\":2,\"name\":\"Esta tarde dar\u00e1 comienzo la 53\u00b0 Fiesta Provincial de Reyes Magos en Sierra de la Ventana.\"}]},{\"@type\":\"WebSite\",\"@id\":\"https:\/\/www.noticiasradioreflejos.com.ar\/2021\/#website\",\"url\":\"https:\/\/www.noticiasradioreflejos.com.ar\/2021\/\",\"name\":\"Noticias Radio Reflejos\",\"description\":\"Las noticias de mi comarca\",\"potentialAction\":[{\"@type\":\"SearchAction\",\"target\":{\"@type\":\"EntryPoint\",\"urlTemplate\":\"https:\/\/www.noticiasradioreflejos.com.ar\/2021\/?s={search_term_string}\"},\"query-input\":{\"@type\":\"PropertyValueSpecification\",\"valueRequired\":true,\"valueName\":\"search_term_string\"}}],\"inLanguage\":\"es\"},{\"@type\":\"Person\",\"@id\":\"https:\/\/www.noticiasradioreflejos.com.ar\/2021\/#\/schema\/person\/ad82545263dcc5ec0996818884fd5fb1\",\"name\":\"Arnaldo Botto\",\"image\":{\"@type\":\"ImageObject\",\"inLanguage\":\"es\",\"@id\":\"https:\/\/www.noticiasradioreflejos.com.ar\/2021\/#\/schema\/person\/image\/\",\"url\":\"https:\/\/secure.gravatar.com\/avatar\/55cb5e37c1efa326397366e6974cb338056df65cb50e7d64d1cf314e87504837?s=96&d=mm&r=g\",\"contentUrl\":\"https:\/\/secure.gravatar.com\/avatar\/55cb5e37c1efa326397366e6974cb338056df65cb50e7d64d1cf314e87504837?s=96&d=mm&r=g\",\"caption\":\"Arnaldo Botto\"},\"url\":\"https:\/\/www.noticiasradioreflejos.com.ar\/2021\/author\/arnaldo\/\"}]}<\/script>\n<!-- \/ Yoast SEO plugin. -->","yoast_head_json":{"title":"Esta tarde dar\u00e1 comienzo la 53\u00b0 Fiesta Provincial de Reyes Magos en Sierra de la Ventana. - Noticias Radio Reflejos","robots":{"index":"index","follow":"follow","max-snippet":"max-snippet:-1","max-image-preview":"max-image-preview:large","max-video-preview":"max-video-preview:-1"},"canonical":"https:\/\/www.noticiasradioreflejos.com.ar\/2021\/esta-tarde-dara-comienzo-la-53-fiesta-provincial-de-reyes-magos-en-sierra-de-la-ventana\/","og_locale":"es_ES","og_type":"article","og_title":"Esta tarde dar\u00e1 comienzo la 53\u00b0 Fiesta Provincial de Reyes Magos en Sierra de la Ventana. - Noticias Radio Reflejos","og_description":"Para conocer detalles de la organizaci\u00f3n de la fiesta m\u00e1s importante de la comarca y una de las m\u00e1s visitadas de la regi\u00f3n, la que se realizar\u00e1 este a\u00f1o por primera vez en el Centro Cultural de la localidad, nos comunicamos con el Sr. Walter M\u00e9ndez. El Subsecretario de Eventos Culturales de la Municipalidad de [&hellip;]","og_url":"https:\/\/www.noticiasradioreflejos.com.ar\/2021\/esta-tarde-dara-comienzo-la-53-fiesta-provincial-de-reyes-magos-en-sierra-de-la-ventana\/","og_site_name":"Noticias Radio Reflejos","article_published_time":"2017-01-05T15:04:21+00:00","og_image":[{"width":300,"height":200,"url":"https:\/\/www.noticiasradioreflejos.com.ar\/2021\/wp-content\/uploads\/2021\/07\/logosol300x200.png","type":"image\/png"}],"author":"Arnaldo Botto","twitter_card":"summary_large_image","schema":{"@context":"https:\/\/schema.org","@graph":[{"@type":"WebPage","@id":"https:\/\/www.noticiasradioreflejos.com.ar\/2021\/esta-tarde-dara-comienzo-la-53-fiesta-provincial-de-reyes-magos-en-sierra-de-la-ventana\/","url":"https:\/\/www.noticiasradioreflejos.com.ar\/2021\/esta-tarde-dara-comienzo-la-53-fiesta-provincial-de-reyes-magos-en-sierra-de-la-ventana\/","name":"Esta tarde dar\u00e1 comienzo la 53\u00b0 Fiesta Provincial de Reyes Magos en Sierra de la Ventana. - Noticias Radio Reflejos","isPartOf":{"@id":"https:\/\/www.noticiasradioreflejos.com.ar\/2021\/#website"},"primaryImageOfPage":{"@id":"https:\/\/www.noticiasradioreflejos.com.ar\/2021\/esta-tarde-dara-comienzo-la-53-fiesta-provincial-de-reyes-magos-en-sierra-de-la-ventana\/#primaryimage"},"image":{"@id":"https:\/\/www.noticiasradioreflejos.com.ar\/2021\/esta-tarde-dara-comienzo-la-53-fiesta-provincial-de-reyes-magos-en-sierra-de-la-ventana\/#primaryimage"},"thumbnailUrl":"http:\/\/noticiasradioreflejos.com.ar\/noticias\/wp-content\/uploads\/2016\/12\/Reyes-Magos-Sierra-de-la-Ventana.jpg","datePublished":"2017-01-05T15:04:21+00:00","author":{"@id":"https:\/\/www.noticiasradioreflejos.com.ar\/2021\/#\/schema\/person\/ad82545263dcc5ec0996818884fd5fb1"},"breadcrumb":{"@id":"https:\/\/www.noticiasradioreflejos.com.ar\/2021\/esta-tarde-dara-comienzo-la-53-fiesta-provincial-de-reyes-magos-en-sierra-de-la-ventana\/#breadcrumb"},"inLanguage":"es","potentialAction":[{"@type":"ReadAction","target":["https:\/\/www.noticiasradioreflejos.com.ar\/2021\/esta-tarde-dara-comienzo-la-53-fiesta-provincial-de-reyes-magos-en-sierra-de-la-ventana\/"]}]},{"@type":"ImageObject","inLanguage":"es","@id":"https:\/\/www.noticiasradioreflejos.com.ar\/2021\/esta-tarde-dara-comienzo-la-53-fiesta-provincial-de-reyes-magos-en-sierra-de-la-ventana\/#primaryimage","url":"http:\/\/noticiasradioreflejos.com.ar\/noticias\/wp-content\/uploads\/2016\/12\/Reyes-Magos-Sierra-de-la-Ventana.jpg","contentUrl":"http:\/\/noticiasradioreflejos.com.ar\/noticias\/wp-content\/uploads\/2016\/12\/Reyes-Magos-Sierra-de-la-Ventana.jpg"},{"@type":"BreadcrumbList","@id":"https:\/\/www.noticiasradioreflejos.com.ar\/2021\/esta-tarde-dara-comienzo-la-53-fiesta-provincial-de-reyes-magos-en-sierra-de-la-ventana\/#breadcrumb","itemListElement":[{"@type":"ListItem","position":1,"name":"Portada","item":"https:\/\/www.noticiasradioreflejos.com.ar\/2021\/"},{"@type":"ListItem","position":2,"name":"Esta tarde dar\u00e1 comienzo la 53\u00b0 Fiesta Provincial de Reyes Magos en Sierra de la Ventana."}]},{"@type":"WebSite","@id":"https:\/\/www.noticiasradioreflejos.com.ar\/2021\/#website","url":"https:\/\/www.noticiasradioreflejos.com.ar\/2021\/","name":"Noticias Radio Reflejos","description":"Las noticias de mi comarca","potentialAction":[{"@type":"SearchAction","target":{"@type":"EntryPoint","urlTemplate":"https:\/\/www.noticiasradioreflejos.com.ar\/2021\/?s={search_term_string}"},"query-input":{"@type":"PropertyValueSpecification","valueRequired":true,"valueName":"search_term_string"}}],"inLanguage":"es"},{"@type":"Person","@id":"https:\/\/www.noticiasradioreflejos.com.ar\/2021\/#\/schema\/person\/ad82545263dcc5ec0996818884fd5fb1","name":"Arnaldo Botto","image":{"@type":"ImageObject","inLanguage":"es","@id":"https:\/\/www.noticiasradioreflejos.com.ar\/2021\/#\/schema\/person\/image\/","url":"https:\/\/secure.gravatar.com\/avatar\/55cb5e37c1efa326397366e6974cb338056df65cb50e7d64d1cf314e87504837?s=96&d=mm&r=g","contentUrl":"https:\/\/secure.gravatar.com\/avatar\/55cb5e37c1efa326397366e6974cb338056df65cb50e7d64d1cf314e87504837?s=96&d=mm&r=g","caption":"Arnaldo Botto"},"url":"https:\/\/www.noticiasradioreflejos.com.ar\/2021\/author\/arnaldo\/"}]}},"_links":{"self":[{"href":"https:\/\/www.noticiasradioreflejos.com.ar\/2021\/wp-json\/wp\/v2\/posts\/5532","targetHints":{"allow":["GET"]}}],"collection":[{"href":"https:\/\/www.noticiasradioreflejos.com.ar\/2021\/wp-json\/wp\/v2\/posts"}],"about":[{"href":"https:\/\/www.noticiasradioreflejos.com.ar\/2021\/wp-json\/wp\/v2\/types\/post"}],"author":[{"embeddable":true,"href":"https:\/\/www.noticiasradioreflejos.com.ar\/2021\/wp-json\/wp\/v2\/users\/3"}],"replies":[{"embeddable":true,"href":"https:\/\/www.noticiasradioreflejos.com.ar\/2021\/wp-json\/wp\/v2\/comments?post=5532"}],"version-history":[{"count":0,"href":"https:\/\/www.noticiasradioreflejos.com.ar\/2021\/wp-json\/wp\/v2\/posts\/5532\/revisions"}],"wp:attachment":[{"href":"https:\/\/www.noticiasradioreflejos.com.ar\/2021\/wp-json\/wp\/v2\/media?parent=5532"}],"wp:term":[{"taxonomy":"category","embeddable":true,"href":"https:\/\/www.noticiasradioreflejos.com.ar\/2021\/wp-json\/wp\/v2\/categories?post=5532"},{"taxonomy":"post_tag","embeddable":true,"href":"https:\/\/www.noticiasradioreflejos.com.ar\/2021\/wp-json\/wp\/v2\/tags?post=5532"}],"curies":[{"name":"wp","href":"https:\/\/api.w.org\/{rel}","templated":true}]}}