{"id":55318,"date":"2021-04-13T18:59:51","date_gmt":"2021-04-13T21:59:51","guid":{"rendered":"http:\/\/www.noticiasradioreflejos.com.ar\/noticias\/?p=55318"},"modified":"2021-04-13T18:59:51","modified_gmt":"2021-04-13T21:59:51","slug":"municipios-bonaerenses-detectan-que-crece-el-contagio-entre-los-mas-jovenes","status":"publish","type":"post","link":"https:\/\/www.noticiasradioreflejos.com.ar\/2021\/municipios-bonaerenses-detectan-que-crece-el-contagio-entre-los-mas-jovenes\/","title":{"rendered":"Municipios bonaerenses detectan que crece el contagio entre los m\u00e1s j\u00f3venes."},"content":{"rendered":"<p>Registraron una expansi\u00f3n notable en la franja etaria que va de los 18 a los 30 a\u00f1os y, en algunos casos, entre ni\u00f1os y ni\u00f1as. Se intenta ampliar la cantidad de camas para dar respuesta a la demanda.<br \/>\n<!--more--><\/p>\n<div class=\"main-content-block\">\n<div class=\"main-box clearfix\">\n<div class=\"wrapper-main-section clearfix\">\n<div class=\"wrapper-editable-content\">\n<div class=\"editable-content clearfix\">\n<div id=\"image\" class=\"image\">\n<p><img decoding=\"async\" title=\"Fiestas clandestinas y un relajamiento social ser\u00edan la causa del crecimiento de contagio entre los j\u00f3venes, combinado esto con las nuevas cepas del covid.\" src=\"https:\/\/www.telam.com.ar\/advf\/imagenes\/2021\/04\/606b3bd3e6c5a_1004x565.jpg\" alt=\"Fiestas clandestinas y un relajamiento social ser\u00edan la causa del crecimiento de contagio entre los j\u00f3venes, combinado esto con las nuevas cepas del covid.\" \/><\/p>\n<div class=\"epigrafe\">Fiestas clandestinas y un relajamiento social ser\u00edan la causa del crecimiento de contagio entre los j\u00f3venes, combinado esto con las nuevas cepas del covid.<\/div>\n<\/div>\n<p><a href=\"https:\/\/www.telam.com.ar\/notas\/202104\/550567-provincia-buenos-aires-nuevas-medidas-restrictivas-abril.html\" target=\"_blank\" rel=\"noopener\">Los intendentes de Escobar, Chivilcoy y Chascom\u00fas contaron en di\u00e1logo con T\u00e9lam Radio que en esas comunas est\u00e1n creciendo los contagios de coronavirus, en especial entre \u00ablos muy j\u00f3venes\u00bb, de 18 a 30 a\u00f1os, y dieron cuenta de un aumento en el nivel de ocupaci\u00f3n de camas hospitalarias , aunque con realidades dis\u00edmiles.<\/a><\/p>\n<p>En el caso de Escobar, el intendente Ariel Sujarchuk (Frente de Todos) asegur\u00f3 a esta agencia que ese municipio del norte del Gran Buenos Aires est\u00e1 atravesando \u00abuna curva empinada de contagios, junto al resto de los distritos bonaerenses\u00bb.<\/p>\n<div class=\"auth\">Ampliaci\u00f3n de capacidad de camas<\/div>\n<p>\u00abEsta situaci\u00f3n -advirti\u00f3 Sujarchuk- pone en el punto m\u00e1s cr\u00edtico la ausencia de camas tanto de terapia intensiva como comunes\u00bb.<\/p>\n<p>Frente a la multiplicaci\u00f3n de contagios, el intendente dijo que el municipio pretende ampliar la cantidad de camas en \u00abalrededor de 50\u00bb, para lo cual ya iniciaron \u00abel proceso de construcci\u00f3n\u00bb de las obras en hospitales y centros de salud.<\/p>\n<div class=\"js-code\">\n<p><iframe loading=\"lazy\" src=\"https:\/\/w.soundcloud.com\/player\/?url=https%3A\/\/api.soundcloud.com\/tracks\/1028618524&amp;color=%23343342&amp;auto_play=false&amp;hide_related=false&amp;show_comments=true&amp;show_user=true&amp;show_reposts=false&amp;show_teaser=true\" width=\"100%\" height=\"166\" frameborder=\"no\" scrolling=\"no\"><\/iframe><\/p>\n<div><a title=\"PODCAST\" href=\"https:\/\/soundcloud.com\/user-961456406\" target=\"_blank\" rel=\"noopener\">PODCAST<\/a>\u00a0\u00b7\u00a0<a title=\"INTENDENTE SUJARCHUK ADVIERTE POR AUSENCIA DE CAMAS \" href=\"https:\/\/soundcloud.com\/user-961456406\/intendente-sujarchuk-advierte-por-ausencia-de-camas-tanto-de-terapia-intensiva-como-de-comunes\" target=\"_blank\" rel=\"noopener\">INTENDENTE SUJARCHUK ADVIERTE POR AUSENCIA DE CAMAS \u00abTANTO DE TERAPIA INTENSIVA COMO DE COMUNES\u00bb<\/a><\/div>\n<div><\/div>\n<\/div>\n<h4 class=\"auth\"><strong>La situaci\u00f3n en Chivilcoy<\/strong><\/h4>\n<p>Desde Chivilcoy, el jefe comunal Guillermo Britos (Uni\u00f3n Celeste y Blanco-Consenso Federal) se\u00f1al\u00f3 que en esa ciudad del centro-norte de la provincia de Buenos Aires \u00abse ha notado un incremento de casos, afortunadamente con j\u00f3venes\u00bb, en referencia a la poblaci\u00f3n de hasta 60 a\u00f1os, pero con especial incidencia de \u00abedades entre 18 y 30 a\u00f1os, o sea muy j\u00f3venes\u00bb.<\/p>\n<div class=\"js-code\">\n<p><iframe loading=\"lazy\" src=\"https:\/\/w.soundcloud.com\/player\/?url=https%3A\/\/api.soundcloud.com\/tracks\/1028633482&amp;color=%23343342&amp;auto_play=false&amp;hide_related=false&amp;show_comments=true&amp;show_user=true&amp;show_reposts=false&amp;show_teaser=true\" width=\"100%\" height=\"166\" frameborder=\"no\" scrolling=\"no\"><\/iframe><\/p>\n<div><a title=\"PODCAST\" href=\"https:\/\/soundcloud.com\/user-961456406\" target=\"_blank\" rel=\"noopener\">PODCAST<\/a>\u00a0\u00b7\u00a0<a title=\"PREOCUPA EN CHASCOM\u00daS UN AUMENTO DE CASOS EN NI\u00d1OS Y J\u00d3VENES\" href=\"https:\/\/soundcloud.com\/user-961456406\/preocupa-en-chascomus-un-aumento-de-casos-en-ninos-y-jovenes\" target=\"_blank\" rel=\"noopener\">PREOCUPA EN CHASCOM\u00daS UN AUMENTO DE CASOS EN NI\u00d1OS Y J\u00d3VENES<\/a><\/div>\n<div><\/div>\n<\/div>\n<p>Ese crecimiento de los contagios, focalizado por ahora entre menores de 60, \u00abtodav\u00eda no ha generado sobrecarga en el sistema de salud\u00bb, subray\u00f3 Britos.<\/p>\n<p>\u00abHoy nuestra terapia intensiva est\u00e1 vac\u00eda, nuestra sala Covid, que hemos construido al efecto, est\u00e1 al 50 por ciento. La Cl\u00ednica del Carmen, que es una cl\u00ednica que adquiri\u00f3 el municipio para contagiados de Covid, tiene 4 internados sobre 30 camas\u00bb, detall\u00f3.<\/p>\n<div class=\"auth\"><strong>Chascom\u00fas: tambi\u00e9n crece el contagio entre ni\u00f1os y ni\u00f1as<\/strong><\/div>\n<p>En Chascom\u00fas, el intendente Javier Gast\u00f3n (Frente de Todos) revel\u00f3 que el distrito, ubicado en la quinta secci\u00f3n electoral de la provincia de Buenos Aires, registra \u00abun aumento de casos sostenido y en ascenso, previo al inicio de la Semana Santa\u00bb y evalu\u00f3 que en los pr\u00f3ximos d\u00edas se empezar\u00e1n a ver \u00ablos coletazos de los 4 d\u00edas de mayor circulaci\u00f3n de gente en todo el pa\u00eds\u00bb, en alusi\u00f3n al fin de semana largo del jueves 1 de abril al domingo 4.<\/p>\n<p>En relaci\u00f3n a la curva de contagios, el jefe comunal asegur\u00f3 que en la ciudad de Chascom\u00fas se percibe, como rasgo fundamental, un incremento de los casos entre la poblaci\u00f3n juvenil, aunque tambi\u00e9n advierten una suba entre ni\u00f1os y ni\u00f1as.<\/p>\n<div class=\"js-code\">\n<p><iframe loading=\"lazy\" src=\"https:\/\/w.soundcloud.com\/player\/?url=https%3A\/\/api.soundcloud.com\/tracks\/1028612338&amp;color=%23343342&amp;auto_play=false&amp;hide_related=false&amp;show_comments=true&amp;show_user=true&amp;show_reposts=false&amp;show_teaser=true\" width=\"100%\" height=\"166\" frameborder=\"no\" scrolling=\"no\"><\/iframe><\/p>\n<div><a title=\"PODCAST\" href=\"https:\/\/soundcloud.com\/user-961456406\" target=\"_blank\" rel=\"noopener\">PODCAST<\/a>\u00a0\u00b7\u00a0<a title=\"EN CHIVILCOY CRECEN LOS CONTAGIOS PERO MAYORMENTE \" href=\"https:\/\/soundcloud.com\/user-961456406\/en-chivilcoy-crecen-los-contagios-pero-mayormente-entre-los-de-18-a-30-anos-de-edad\" target=\"_blank\" rel=\"noopener\">EN CHIVILCOY CRECEN LOS CONTAGIOS PERO MAYORMENTE \u00abENTRE LOS DE 18 A 30 A\u00d1OS DE EDAD\u00bb<\/a><\/div>\n<\/div>\n<div class=\"auth\">Se pas\u00f3 de 15 casos a 200<\/div>\n<p>\u00abHoy nosotros estamos en torno a los 200 casos activos, cuando hace 20 o 25 d\u00edas est\u00e1bamos en 15\u00bb, se\u00f1al\u00f3 el intendente, y luego reafirm\u00f3: \u00abLo que estamos viendo en Chascom\u00fas en primer lugar es un aumento de j\u00f3venes con Covid, y en estos d\u00edas tambi\u00e9n de ni\u00f1os\u00bb.<\/p>\n<p>Adem\u00e1s, el jefe comunal dijo que por el crecimiento de contagios obligaron a aislar \u00abvarias burbujas del \u00e1mbito educativo\u00bb y lo atribuy\u00f3 a \u00abla mayor circulaci\u00f3n que se est\u00e1 evidenciando por la actividad econ\u00f3mica, por las actividades educativas y dem\u00e1s\u00bb.<\/p>\n<div class=\"auth\"><strong>Se\u00f1alan un \u201crelajamiento social\u201d<\/strong><\/div>\n<p>Por \u00faltimo, tanto Sujarchuk como Britos y Gast\u00f3n contaron que desde los municipios se est\u00e1 apelando a la responsabilidad social aunque en algunos casos, como Chascom\u00fas, percibieron que entre los vecinos \u00abun relajamiento social\u00bb y \u00abun mayor no apego a las indicaciones que se promueven desde el \u00e1mbito sanitario\u00bb.<\/p>\n<p>Sujarchuk, a modo de balance , advirti\u00f3: \u00abEsta segunda ola viene con nuevas cepas, que tienen una carga viral mucho m\u00e1s alta, o sea que contagian mucho m\u00e1s r\u00e1pido y con consecuencias a\u00fan m\u00e1s duras\u00bb.<\/p>\n<\/div>\n<\/div>\n<\/div>\n<\/div>\n<\/div>\n","protected":false},"excerpt":{"rendered":"<p>Registraron una expansi\u00f3n notable en la franja etaria que va de los 18 a los 30 a\u00f1os y, en algunos casos, entre ni\u00f1os y ni\u00f1as. Se intenta ampliar la cantidad de camas para dar respuesta a la demanda.<\/p>\n","protected":false},"author":3,"featured_media":0,"comment_status":"closed","ping_status":"open","sticky":false,"template":"","format":"standard","meta":{"footnotes":""},"categories":[24,30],"tags":[],"class_list":["post-55318","post","type-post","status-publish","format-standard","hentry","category-politica","category-salud"],"yoast_head":"<!-- This site is optimized with the Yoast SEO plugin v25.9 - https:\/\/yoast.com\/wordpress\/plugins\/seo\/ -->\n<title>Municipios bonaerenses detectan que crece el contagio entre los m\u00e1s j\u00f3venes. - Noticias Radio Reflejos<\/title>\n<meta name=\"robots\" content=\"index, follow, max-snippet:-1, max-image-preview:large, max-video-preview:-1\" \/>\n<link rel=\"canonical\" href=\"https:\/\/www.noticiasradioreflejos.com.ar\/2021\/municipios-bonaerenses-detectan-que-crece-el-contagio-entre-los-mas-jovenes\/\" \/>\n<meta property=\"og:locale\" content=\"es_ES\" \/>\n<meta property=\"og:type\" content=\"article\" \/>\n<meta property=\"og:title\" content=\"Municipios bonaerenses detectan que crece el contagio entre los m\u00e1s j\u00f3venes. - Noticias Radio Reflejos\" \/>\n<meta property=\"og:description\" content=\"Registraron una expansi\u00f3n notable en la franja etaria que va de los 18 a los 30 a\u00f1os y, en algunos casos, entre ni\u00f1os y ni\u00f1as. Se intenta ampliar la cantidad de camas para dar respuesta a la demanda.\" \/>\n<meta property=\"og:url\" content=\"https:\/\/www.noticiasradioreflejos.com.ar\/2021\/municipios-bonaerenses-detectan-que-crece-el-contagio-entre-los-mas-jovenes\/\" \/>\n<meta property=\"og:site_name\" content=\"Noticias Radio Reflejos\" \/>\n<meta property=\"article:published_time\" content=\"2021-04-13T21:59:51+00:00\" \/>\n<meta property=\"og:image\" content=\"https:\/\/www.telam.com.ar\/advf\/imagenes\/2021\/04\/606b3bd3e6c5a_1004x565.jpg\" \/>\n<meta name=\"author\" content=\"Arnaldo Botto\" \/>\n<meta name=\"twitter:card\" content=\"summary_large_image\" \/>\n<script type=\"application\/ld+json\" class=\"yoast-schema-graph\">{\"@context\":\"https:\/\/schema.org\",\"@graph\":[{\"@type\":\"WebPage\",\"@id\":\"https:\/\/www.noticiasradioreflejos.com.ar\/2021\/municipios-bonaerenses-detectan-que-crece-el-contagio-entre-los-mas-jovenes\/\",\"url\":\"https:\/\/www.noticiasradioreflejos.com.ar\/2021\/municipios-bonaerenses-detectan-que-crece-el-contagio-entre-los-mas-jovenes\/\",\"name\":\"Municipios bonaerenses detectan que crece el contagio entre los m\u00e1s j\u00f3venes. - Noticias Radio Reflejos\",\"isPartOf\":{\"@id\":\"https:\/\/www.noticiasradioreflejos.com.ar\/2021\/#website\"},\"primaryImageOfPage\":{\"@id\":\"https:\/\/www.noticiasradioreflejos.com.ar\/2021\/municipios-bonaerenses-detectan-que-crece-el-contagio-entre-los-mas-jovenes\/#primaryimage\"},\"image\":{\"@id\":\"https:\/\/www.noticiasradioreflejos.com.ar\/2021\/municipios-bonaerenses-detectan-que-crece-el-contagio-entre-los-mas-jovenes\/#primaryimage\"},\"thumbnailUrl\":\"https:\/\/www.telam.com.ar\/advf\/imagenes\/2021\/04\/606b3bd3e6c5a_1004x565.jpg\",\"datePublished\":\"2021-04-13T21:59:51+00:00\",\"author\":{\"@id\":\"https:\/\/www.noticiasradioreflejos.com.ar\/2021\/#\/schema\/person\/ad82545263dcc5ec0996818884fd5fb1\"},\"breadcrumb\":{\"@id\":\"https:\/\/www.noticiasradioreflejos.com.ar\/2021\/municipios-bonaerenses-detectan-que-crece-el-contagio-entre-los-mas-jovenes\/#breadcrumb\"},\"inLanguage\":\"es\",\"potentialAction\":[{\"@type\":\"ReadAction\",\"target\":[\"https:\/\/www.noticiasradioreflejos.com.ar\/2021\/municipios-bonaerenses-detectan-que-crece-el-contagio-entre-los-mas-jovenes\/\"]}]},{\"@type\":\"ImageObject\",\"inLanguage\":\"es\",\"@id\":\"https:\/\/www.noticiasradioreflejos.com.ar\/2021\/municipios-bonaerenses-detectan-que-crece-el-contagio-entre-los-mas-jovenes\/#primaryimage\",\"url\":\"https:\/\/www.telam.com.ar\/advf\/imagenes\/2021\/04\/606b3bd3e6c5a_1004x565.jpg\",\"contentUrl\":\"https:\/\/www.telam.com.ar\/advf\/imagenes\/2021\/04\/606b3bd3e6c5a_1004x565.jpg\"},{\"@type\":\"BreadcrumbList\",\"@id\":\"https:\/\/www.noticiasradioreflejos.com.ar\/2021\/municipios-bonaerenses-detectan-que-crece-el-contagio-entre-los-mas-jovenes\/#breadcrumb\",\"itemListElement\":[{\"@type\":\"ListItem\",\"position\":1,\"name\":\"Portada\",\"item\":\"https:\/\/www.noticiasradioreflejos.com.ar\/2021\/\"},{\"@type\":\"ListItem\",\"position\":2,\"name\":\"Municipios bonaerenses detectan que crece el contagio entre los m\u00e1s j\u00f3venes.\"}]},{\"@type\":\"WebSite\",\"@id\":\"https:\/\/www.noticiasradioreflejos.com.ar\/2021\/#website\",\"url\":\"https:\/\/www.noticiasradioreflejos.com.ar\/2021\/\",\"name\":\"Noticias Radio Reflejos\",\"description\":\"Las noticias de mi comarca\",\"potentialAction\":[{\"@type\":\"SearchAction\",\"target\":{\"@type\":\"EntryPoint\",\"urlTemplate\":\"https:\/\/www.noticiasradioreflejos.com.ar\/2021\/?s={search_term_string}\"},\"query-input\":{\"@type\":\"PropertyValueSpecification\",\"valueRequired\":true,\"valueName\":\"search_term_string\"}}],\"inLanguage\":\"es\"},{\"@type\":\"Person\",\"@id\":\"https:\/\/www.noticiasradioreflejos.com.ar\/2021\/#\/schema\/person\/ad82545263dcc5ec0996818884fd5fb1\",\"name\":\"Arnaldo Botto\",\"image\":{\"@type\":\"ImageObject\",\"inLanguage\":\"es\",\"@id\":\"https:\/\/www.noticiasradioreflejos.com.ar\/2021\/#\/schema\/person\/image\/\",\"url\":\"https:\/\/secure.gravatar.com\/avatar\/55cb5e37c1efa326397366e6974cb338056df65cb50e7d64d1cf314e87504837?s=96&d=mm&r=g\",\"contentUrl\":\"https:\/\/secure.gravatar.com\/avatar\/55cb5e37c1efa326397366e6974cb338056df65cb50e7d64d1cf314e87504837?s=96&d=mm&r=g\",\"caption\":\"Arnaldo Botto\"},\"url\":\"https:\/\/www.noticiasradioreflejos.com.ar\/2021\/author\/arnaldo\/\"}]}<\/script>\n<!-- \/ Yoast SEO plugin. -->","yoast_head_json":{"title":"Municipios bonaerenses detectan que crece el contagio entre los m\u00e1s j\u00f3venes. - Noticias Radio Reflejos","robots":{"index":"index","follow":"follow","max-snippet":"max-snippet:-1","max-image-preview":"max-image-preview:large","max-video-preview":"max-video-preview:-1"},"canonical":"https:\/\/www.noticiasradioreflejos.com.ar\/2021\/municipios-bonaerenses-detectan-que-crece-el-contagio-entre-los-mas-jovenes\/","og_locale":"es_ES","og_type":"article","og_title":"Municipios bonaerenses detectan que crece el contagio entre los m\u00e1s j\u00f3venes. - Noticias Radio Reflejos","og_description":"Registraron una expansi\u00f3n notable en la franja etaria que va de los 18 a los 30 a\u00f1os y, en algunos casos, entre ni\u00f1os y ni\u00f1as. Se intenta ampliar la cantidad de camas para dar respuesta a la demanda.","og_url":"https:\/\/www.noticiasradioreflejos.com.ar\/2021\/municipios-bonaerenses-detectan-que-crece-el-contagio-entre-los-mas-jovenes\/","og_site_name":"Noticias Radio Reflejos","article_published_time":"2021-04-13T21:59:51+00:00","og_image":[{"url":"https:\/\/www.telam.com.ar\/advf\/imagenes\/2021\/04\/606b3bd3e6c5a_1004x565.jpg","type":"","width":"","height":""}],"author":"Arnaldo Botto","twitter_card":"summary_large_image","schema":{"@context":"https:\/\/schema.org","@graph":[{"@type":"WebPage","@id":"https:\/\/www.noticiasradioreflejos.com.ar\/2021\/municipios-bonaerenses-detectan-que-crece-el-contagio-entre-los-mas-jovenes\/","url":"https:\/\/www.noticiasradioreflejos.com.ar\/2021\/municipios-bonaerenses-detectan-que-crece-el-contagio-entre-los-mas-jovenes\/","name":"Municipios bonaerenses detectan que crece el contagio entre los m\u00e1s j\u00f3venes. - Noticias Radio Reflejos","isPartOf":{"@id":"https:\/\/www.noticiasradioreflejos.com.ar\/2021\/#website"},"primaryImageOfPage":{"@id":"https:\/\/www.noticiasradioreflejos.com.ar\/2021\/municipios-bonaerenses-detectan-que-crece-el-contagio-entre-los-mas-jovenes\/#primaryimage"},"image":{"@id":"https:\/\/www.noticiasradioreflejos.com.ar\/2021\/municipios-bonaerenses-detectan-que-crece-el-contagio-entre-los-mas-jovenes\/#primaryimage"},"thumbnailUrl":"https:\/\/www.telam.com.ar\/advf\/imagenes\/2021\/04\/606b3bd3e6c5a_1004x565.jpg","datePublished":"2021-04-13T21:59:51+00:00","author":{"@id":"https:\/\/www.noticiasradioreflejos.com.ar\/2021\/#\/schema\/person\/ad82545263dcc5ec0996818884fd5fb1"},"breadcrumb":{"@id":"https:\/\/www.noticiasradioreflejos.com.ar\/2021\/municipios-bonaerenses-detectan-que-crece-el-contagio-entre-los-mas-jovenes\/#breadcrumb"},"inLanguage":"es","potentialAction":[{"@type":"ReadAction","target":["https:\/\/www.noticiasradioreflejos.com.ar\/2021\/municipios-bonaerenses-detectan-que-crece-el-contagio-entre-los-mas-jovenes\/"]}]},{"@type":"ImageObject","inLanguage":"es","@id":"https:\/\/www.noticiasradioreflejos.com.ar\/2021\/municipios-bonaerenses-detectan-que-crece-el-contagio-entre-los-mas-jovenes\/#primaryimage","url":"https:\/\/www.telam.com.ar\/advf\/imagenes\/2021\/04\/606b3bd3e6c5a_1004x565.jpg","contentUrl":"https:\/\/www.telam.com.ar\/advf\/imagenes\/2021\/04\/606b3bd3e6c5a_1004x565.jpg"},{"@type":"BreadcrumbList","@id":"https:\/\/www.noticiasradioreflejos.com.ar\/2021\/municipios-bonaerenses-detectan-que-crece-el-contagio-entre-los-mas-jovenes\/#breadcrumb","itemListElement":[{"@type":"ListItem","position":1,"name":"Portada","item":"https:\/\/www.noticiasradioreflejos.com.ar\/2021\/"},{"@type":"ListItem","position":2,"name":"Municipios bonaerenses detectan que crece el contagio entre los m\u00e1s j\u00f3venes."}]},{"@type":"WebSite","@id":"https:\/\/www.noticiasradioreflejos.com.ar\/2021\/#website","url":"https:\/\/www.noticiasradioreflejos.com.ar\/2021\/","name":"Noticias Radio Reflejos","description":"Las noticias de mi comarca","potentialAction":[{"@type":"SearchAction","target":{"@type":"EntryPoint","urlTemplate":"https:\/\/www.noticiasradioreflejos.com.ar\/2021\/?s={search_term_string}"},"query-input":{"@type":"PropertyValueSpecification","valueRequired":true,"valueName":"search_term_string"}}],"inLanguage":"es"},{"@type":"Person","@id":"https:\/\/www.noticiasradioreflejos.com.ar\/2021\/#\/schema\/person\/ad82545263dcc5ec0996818884fd5fb1","name":"Arnaldo Botto","image":{"@type":"ImageObject","inLanguage":"es","@id":"https:\/\/www.noticiasradioreflejos.com.ar\/2021\/#\/schema\/person\/image\/","url":"https:\/\/secure.gravatar.com\/avatar\/55cb5e37c1efa326397366e6974cb338056df65cb50e7d64d1cf314e87504837?s=96&d=mm&r=g","contentUrl":"https:\/\/secure.gravatar.com\/avatar\/55cb5e37c1efa326397366e6974cb338056df65cb50e7d64d1cf314e87504837?s=96&d=mm&r=g","caption":"Arnaldo Botto"},"url":"https:\/\/www.noticiasradioreflejos.com.ar\/2021\/author\/arnaldo\/"}]}},"_links":{"self":[{"href":"https:\/\/www.noticiasradioreflejos.com.ar\/2021\/wp-json\/wp\/v2\/posts\/55318","targetHints":{"allow":["GET"]}}],"collection":[{"href":"https:\/\/www.noticiasradioreflejos.com.ar\/2021\/wp-json\/wp\/v2\/posts"}],"about":[{"href":"https:\/\/www.noticiasradioreflejos.com.ar\/2021\/wp-json\/wp\/v2\/types\/post"}],"author":[{"embeddable":true,"href":"https:\/\/www.noticiasradioreflejos.com.ar\/2021\/wp-json\/wp\/v2\/users\/3"}],"replies":[{"embeddable":true,"href":"https:\/\/www.noticiasradioreflejos.com.ar\/2021\/wp-json\/wp\/v2\/comments?post=55318"}],"version-history":[{"count":0,"href":"https:\/\/www.noticiasradioreflejos.com.ar\/2021\/wp-json\/wp\/v2\/posts\/55318\/revisions"}],"wp:attachment":[{"href":"https:\/\/www.noticiasradioreflejos.com.ar\/2021\/wp-json\/wp\/v2\/media?parent=55318"}],"wp:term":[{"taxonomy":"category","embeddable":true,"href":"https:\/\/www.noticiasradioreflejos.com.ar\/2021\/wp-json\/wp\/v2\/categories?post=55318"},{"taxonomy":"post_tag","embeddable":true,"href":"https:\/\/www.noticiasradioreflejos.com.ar\/2021\/wp-json\/wp\/v2\/tags?post=55318"}],"curies":[{"name":"wp","href":"https:\/\/api.w.org\/{rel}","templated":true}]}}