{"id":55315,"date":"2021-04-13T18:55:07","date_gmt":"2021-04-13T21:55:07","guid":{"rendered":"http:\/\/www.noticiasradioreflejos.com.ar\/noticias\/?p=55315"},"modified":"2021-04-13T18:55:07","modified_gmt":"2021-04-13T21:55:07","slug":"la-afa-y-un-spot-de-entrenadores-argentinos-para-reafirmar-los-cuidados","status":"publish","type":"post","link":"https:\/\/www.noticiasradioreflejos.com.ar\/2021\/la-afa-y-un-spot-de-entrenadores-argentinos-para-reafirmar-los-cuidados\/","title":{"rendered":"La AFA y un spot de entrenadores argentinos para reafirmar los cuidados"},"content":{"rendered":"<div class=\"head-content\">\n<p>Diego Maradona, C\u00e9sar Luis Menotti, Carlos Bilardo,Carlos Bianchi, Alejandro Sabella, Marcelo Bielsa, Jos\u00e9 Pekerman, Alfio Basile, Marcelo Gallardo\u00a0 son algunos de los t\u00e9cnicos que junto a frases bucan concientizar a la sociedad por el aumento de casos de Covid.<\/p>\n<\/div>\n<p><!--more--><\/p>\n<div class=\"main-content-block\">\n<div class=\"main-box clearfix\">\n<div class=\"wrapper-main-section clearfix\">\n<div class=\"wrapper-editable-content\">\n<div class=\"editable-content clearfix\">\n<div id=\"image\" class=\"image\">\n<p><img decoding=\"async\" title=\"Carlos Salvador Bilardo, uno de los entrenadores argentinos que forman parte del spot de la AFA (foto archivo)\" src=\"https:\/\/www.telam.com.ar\/advf\/imagenes\/2020\/12\/5fdc88561c7e7_1004x565.jpg\" alt=\"Carlos Salvador Bilardo, uno de los entrenadores argentinos que forman parte del spot de la AFA (foto archivo)\" \/><\/p>\n<div class=\"epigrafe\">Carlos Salvador Bilardo, uno de los entrenadores argentinos que forman parte del spot de la AFA (foto archivo)<\/div>\n<\/div>\n<p>La Asociaci\u00f3n del F\u00fatbol Argentino (AFA) public\u00f3 este martes un spot para reforzar los cuidados contra el coronavirus en el que se vieron los m\u00e1ximos referentes de la direcci\u00f3n t\u00e9cnica como Carlos Bilardo y C\u00e9sar Luis Menotti en diferentes momentos de su carrera.<\/p>\n<p>\u201cEste es el momento de la uni\u00f3n, este grupo quiere que el argentino se una\u201d, dice Carlos Salvador Bilardo en una de las im\u00e1genes de M\u00e9xico 1986, mientras al mismo tiempo se ven a los trabajadores de la Salud peleando contra la pandemia.<\/p>\n<p>El spot surgi\u00f3 en pleno crecimiento de la segunda ola de coronavirus, que afect\u00f3 tambi\u00e9n al f\u00fatbol nacional con al menos 130 casos detectados en las \u00faltimas tres semanas.<\/p>\n<p>Adem\u00e1s de Bilardo aparecen el recordado Alejandro Sabella, C\u00e9sar Luis Menotti, Marcelo Bielsa, Jos\u00e9 N\u00e9stor Pekerman, Alfio Basile, Carlos Bianchi, Ram\u00f3n D\u00edaz, \u00c1ngel Cappa, Marcelo Gallardo, Miguel \u00c1ngel Russo, N\u00e9stor Gorosito, entre otros.<\/p>\n<p>\u00abTenemos que tener mucha tranquilidad, m\u00e1s que nunca, y poner todos el hombro\u00bb, se lo escucha decir a un joven Pekerman, al tiempo que se observa a una adulta mayor siendo vacunada contra el coronavirus.<\/p>\n<p>El video comienza con una leyenda: \u00abEn el segundo tiempo, hac\u00e9le caso a los que saben\u00bb. Desde ah\u00ed aparecen las voces de cada entrenador apelando al trabajo en equipo y con pasajes de la vacunaci\u00f3n contra la covid-19, los cuidados del uso de barbijo, el distanciamiento sanitario, la ventilaci\u00f3n de los lugares y el lavado de manos.<\/p>\n<\/div>\n<div class=\"editable-content clearfix\"><\/div>\n<p>https:\/\/twitter.com\/afa\/status\/1382012978569084929?ref_src=twsrc%5Etfw%7Ctwcamp%5Etweetembed%7Ctwterm%5E1382012978569084929%7Ctwgr%5E%7Ctwcon%5Es1_c10&#038;ref_url=https%3A%2F%2Fwww.telam.com.ar%2Fnotas%2F202104%2F550607-afa-video-spot-entrenadores-coronavirus-argentina-futbol.html<\/p>\n<\/div>\n<\/div>\n<\/div>\n<\/div>\n","protected":false},"excerpt":{"rendered":"<p>Diego Maradona, C\u00e9sar Luis Menotti, Carlos Bilardo,Carlos Bianchi, Alejandro Sabella, Marcelo Bielsa, Jos\u00e9 Pekerman, Alfio Basile, Marcelo Gallardo\u00a0 son algunos de los t\u00e9cnicos que junto a frases bucan concientizar a la sociedad por el aumento de casos de Covid.<\/p>\n","protected":false},"author":3,"featured_media":0,"comment_status":"closed","ping_status":"open","sticky":false,"template":"","format":"standard","meta":{"footnotes":""},"categories":[27,30],"tags":[],"class_list":["post-55315","post","type-post","status-publish","format-standard","hentry","category-deportes","category-salud"],"yoast_head":"<!-- This site is optimized with the Yoast SEO plugin v25.9 - https:\/\/yoast.com\/wordpress\/plugins\/seo\/ -->\n<title>La AFA y un spot de entrenadores argentinos para reafirmar los cuidados - Noticias Radio Reflejos<\/title>\n<meta name=\"robots\" content=\"index, follow, max-snippet:-1, max-image-preview:large, max-video-preview:-1\" \/>\n<link rel=\"canonical\" href=\"https:\/\/www.noticiasradioreflejos.com.ar\/2021\/la-afa-y-un-spot-de-entrenadores-argentinos-para-reafirmar-los-cuidados\/\" \/>\n<meta property=\"og:locale\" content=\"es_ES\" \/>\n<meta property=\"og:type\" content=\"article\" \/>\n<meta property=\"og:title\" content=\"La AFA y un spot de entrenadores argentinos para reafirmar los cuidados - Noticias Radio Reflejos\" \/>\n<meta property=\"og:description\" content=\"Diego Maradona, C\u00e9sar Luis Menotti, Carlos Bilardo,Carlos Bianchi, Alejandro Sabella, Marcelo Bielsa, Jos\u00e9 Pekerman, Alfio Basile, Marcelo Gallardo\u00a0 son algunos de los t\u00e9cnicos que junto a frases bucan concientizar a la sociedad por el aumento de casos de Covid.\" \/>\n<meta property=\"og:url\" content=\"https:\/\/www.noticiasradioreflejos.com.ar\/2021\/la-afa-y-un-spot-de-entrenadores-argentinos-para-reafirmar-los-cuidados\/\" \/>\n<meta property=\"og:site_name\" content=\"Noticias Radio Reflejos\" \/>\n<meta property=\"article:published_time\" content=\"2021-04-13T21:55:07+00:00\" \/>\n<meta property=\"og:image\" content=\"https:\/\/www.telam.com.ar\/advf\/imagenes\/2020\/12\/5fdc88561c7e7_1004x565.jpg\" \/>\n<meta name=\"author\" content=\"Arnaldo Botto\" \/>\n<meta name=\"twitter:card\" content=\"summary_large_image\" \/>\n<script type=\"application\/ld+json\" class=\"yoast-schema-graph\">{\"@context\":\"https:\/\/schema.org\",\"@graph\":[{\"@type\":\"WebPage\",\"@id\":\"https:\/\/www.noticiasradioreflejos.com.ar\/2021\/la-afa-y-un-spot-de-entrenadores-argentinos-para-reafirmar-los-cuidados\/\",\"url\":\"https:\/\/www.noticiasradioreflejos.com.ar\/2021\/la-afa-y-un-spot-de-entrenadores-argentinos-para-reafirmar-los-cuidados\/\",\"name\":\"La AFA y un spot de entrenadores argentinos para reafirmar los cuidados - Noticias Radio Reflejos\",\"isPartOf\":{\"@id\":\"https:\/\/www.noticiasradioreflejos.com.ar\/2021\/#website\"},\"primaryImageOfPage\":{\"@id\":\"https:\/\/www.noticiasradioreflejos.com.ar\/2021\/la-afa-y-un-spot-de-entrenadores-argentinos-para-reafirmar-los-cuidados\/#primaryimage\"},\"image\":{\"@id\":\"https:\/\/www.noticiasradioreflejos.com.ar\/2021\/la-afa-y-un-spot-de-entrenadores-argentinos-para-reafirmar-los-cuidados\/#primaryimage\"},\"thumbnailUrl\":\"https:\/\/www.telam.com.ar\/advf\/imagenes\/2020\/12\/5fdc88561c7e7_1004x565.jpg\",\"datePublished\":\"2021-04-13T21:55:07+00:00\",\"author\":{\"@id\":\"https:\/\/www.noticiasradioreflejos.com.ar\/2021\/#\/schema\/person\/ad82545263dcc5ec0996818884fd5fb1\"},\"breadcrumb\":{\"@id\":\"https:\/\/www.noticiasradioreflejos.com.ar\/2021\/la-afa-y-un-spot-de-entrenadores-argentinos-para-reafirmar-los-cuidados\/#breadcrumb\"},\"inLanguage\":\"es\",\"potentialAction\":[{\"@type\":\"ReadAction\",\"target\":[\"https:\/\/www.noticiasradioreflejos.com.ar\/2021\/la-afa-y-un-spot-de-entrenadores-argentinos-para-reafirmar-los-cuidados\/\"]}]},{\"@type\":\"ImageObject\",\"inLanguage\":\"es\",\"@id\":\"https:\/\/www.noticiasradioreflejos.com.ar\/2021\/la-afa-y-un-spot-de-entrenadores-argentinos-para-reafirmar-los-cuidados\/#primaryimage\",\"url\":\"https:\/\/www.telam.com.ar\/advf\/imagenes\/2020\/12\/5fdc88561c7e7_1004x565.jpg\",\"contentUrl\":\"https:\/\/www.telam.com.ar\/advf\/imagenes\/2020\/12\/5fdc88561c7e7_1004x565.jpg\"},{\"@type\":\"BreadcrumbList\",\"@id\":\"https:\/\/www.noticiasradioreflejos.com.ar\/2021\/la-afa-y-un-spot-de-entrenadores-argentinos-para-reafirmar-los-cuidados\/#breadcrumb\",\"itemListElement\":[{\"@type\":\"ListItem\",\"position\":1,\"name\":\"Portada\",\"item\":\"https:\/\/www.noticiasradioreflejos.com.ar\/2021\/\"},{\"@type\":\"ListItem\",\"position\":2,\"name\":\"La AFA y un spot de entrenadores argentinos para reafirmar los cuidados\"}]},{\"@type\":\"WebSite\",\"@id\":\"https:\/\/www.noticiasradioreflejos.com.ar\/2021\/#website\",\"url\":\"https:\/\/www.noticiasradioreflejos.com.ar\/2021\/\",\"name\":\"Noticias Radio Reflejos\",\"description\":\"Las noticias de mi comarca\",\"potentialAction\":[{\"@type\":\"SearchAction\",\"target\":{\"@type\":\"EntryPoint\",\"urlTemplate\":\"https:\/\/www.noticiasradioreflejos.com.ar\/2021\/?s={search_term_string}\"},\"query-input\":{\"@type\":\"PropertyValueSpecification\",\"valueRequired\":true,\"valueName\":\"search_term_string\"}}],\"inLanguage\":\"es\"},{\"@type\":\"Person\",\"@id\":\"https:\/\/www.noticiasradioreflejos.com.ar\/2021\/#\/schema\/person\/ad82545263dcc5ec0996818884fd5fb1\",\"name\":\"Arnaldo Botto\",\"image\":{\"@type\":\"ImageObject\",\"inLanguage\":\"es\",\"@id\":\"https:\/\/www.noticiasradioreflejos.com.ar\/2021\/#\/schema\/person\/image\/\",\"url\":\"https:\/\/secure.gravatar.com\/avatar\/55cb5e37c1efa326397366e6974cb338056df65cb50e7d64d1cf314e87504837?s=96&d=mm&r=g\",\"contentUrl\":\"https:\/\/secure.gravatar.com\/avatar\/55cb5e37c1efa326397366e6974cb338056df65cb50e7d64d1cf314e87504837?s=96&d=mm&r=g\",\"caption\":\"Arnaldo Botto\"},\"url\":\"https:\/\/www.noticiasradioreflejos.com.ar\/2021\/author\/arnaldo\/\"}]}<\/script>\n<!-- \/ Yoast SEO plugin. -->","yoast_head_json":{"title":"La AFA y un spot de entrenadores argentinos para reafirmar los cuidados - Noticias Radio Reflejos","robots":{"index":"index","follow":"follow","max-snippet":"max-snippet:-1","max-image-preview":"max-image-preview:large","max-video-preview":"max-video-preview:-1"},"canonical":"https:\/\/www.noticiasradioreflejos.com.ar\/2021\/la-afa-y-un-spot-de-entrenadores-argentinos-para-reafirmar-los-cuidados\/","og_locale":"es_ES","og_type":"article","og_title":"La AFA y un spot de entrenadores argentinos para reafirmar los cuidados - Noticias Radio Reflejos","og_description":"Diego Maradona, C\u00e9sar Luis Menotti, Carlos Bilardo,Carlos Bianchi, Alejandro Sabella, Marcelo Bielsa, Jos\u00e9 Pekerman, Alfio Basile, Marcelo Gallardo\u00a0 son algunos de los t\u00e9cnicos que junto a frases bucan concientizar a la sociedad por el aumento de casos de Covid.","og_url":"https:\/\/www.noticiasradioreflejos.com.ar\/2021\/la-afa-y-un-spot-de-entrenadores-argentinos-para-reafirmar-los-cuidados\/","og_site_name":"Noticias Radio Reflejos","article_published_time":"2021-04-13T21:55:07+00:00","og_image":[{"url":"https:\/\/www.telam.com.ar\/advf\/imagenes\/2020\/12\/5fdc88561c7e7_1004x565.jpg","type":"","width":"","height":""}],"author":"Arnaldo Botto","twitter_card":"summary_large_image","schema":{"@context":"https:\/\/schema.org","@graph":[{"@type":"WebPage","@id":"https:\/\/www.noticiasradioreflejos.com.ar\/2021\/la-afa-y-un-spot-de-entrenadores-argentinos-para-reafirmar-los-cuidados\/","url":"https:\/\/www.noticiasradioreflejos.com.ar\/2021\/la-afa-y-un-spot-de-entrenadores-argentinos-para-reafirmar-los-cuidados\/","name":"La AFA y un spot de entrenadores argentinos para reafirmar los cuidados - Noticias Radio Reflejos","isPartOf":{"@id":"https:\/\/www.noticiasradioreflejos.com.ar\/2021\/#website"},"primaryImageOfPage":{"@id":"https:\/\/www.noticiasradioreflejos.com.ar\/2021\/la-afa-y-un-spot-de-entrenadores-argentinos-para-reafirmar-los-cuidados\/#primaryimage"},"image":{"@id":"https:\/\/www.noticiasradioreflejos.com.ar\/2021\/la-afa-y-un-spot-de-entrenadores-argentinos-para-reafirmar-los-cuidados\/#primaryimage"},"thumbnailUrl":"https:\/\/www.telam.com.ar\/advf\/imagenes\/2020\/12\/5fdc88561c7e7_1004x565.jpg","datePublished":"2021-04-13T21:55:07+00:00","author":{"@id":"https:\/\/www.noticiasradioreflejos.com.ar\/2021\/#\/schema\/person\/ad82545263dcc5ec0996818884fd5fb1"},"breadcrumb":{"@id":"https:\/\/www.noticiasradioreflejos.com.ar\/2021\/la-afa-y-un-spot-de-entrenadores-argentinos-para-reafirmar-los-cuidados\/#breadcrumb"},"inLanguage":"es","potentialAction":[{"@type":"ReadAction","target":["https:\/\/www.noticiasradioreflejos.com.ar\/2021\/la-afa-y-un-spot-de-entrenadores-argentinos-para-reafirmar-los-cuidados\/"]}]},{"@type":"ImageObject","inLanguage":"es","@id":"https:\/\/www.noticiasradioreflejos.com.ar\/2021\/la-afa-y-un-spot-de-entrenadores-argentinos-para-reafirmar-los-cuidados\/#primaryimage","url":"https:\/\/www.telam.com.ar\/advf\/imagenes\/2020\/12\/5fdc88561c7e7_1004x565.jpg","contentUrl":"https:\/\/www.telam.com.ar\/advf\/imagenes\/2020\/12\/5fdc88561c7e7_1004x565.jpg"},{"@type":"BreadcrumbList","@id":"https:\/\/www.noticiasradioreflejos.com.ar\/2021\/la-afa-y-un-spot-de-entrenadores-argentinos-para-reafirmar-los-cuidados\/#breadcrumb","itemListElement":[{"@type":"ListItem","position":1,"name":"Portada","item":"https:\/\/www.noticiasradioreflejos.com.ar\/2021\/"},{"@type":"ListItem","position":2,"name":"La AFA y un spot de entrenadores argentinos para reafirmar los cuidados"}]},{"@type":"WebSite","@id":"https:\/\/www.noticiasradioreflejos.com.ar\/2021\/#website","url":"https:\/\/www.noticiasradioreflejos.com.ar\/2021\/","name":"Noticias Radio Reflejos","description":"Las noticias de mi comarca","potentialAction":[{"@type":"SearchAction","target":{"@type":"EntryPoint","urlTemplate":"https:\/\/www.noticiasradioreflejos.com.ar\/2021\/?s={search_term_string}"},"query-input":{"@type":"PropertyValueSpecification","valueRequired":true,"valueName":"search_term_string"}}],"inLanguage":"es"},{"@type":"Person","@id":"https:\/\/www.noticiasradioreflejos.com.ar\/2021\/#\/schema\/person\/ad82545263dcc5ec0996818884fd5fb1","name":"Arnaldo Botto","image":{"@type":"ImageObject","inLanguage":"es","@id":"https:\/\/www.noticiasradioreflejos.com.ar\/2021\/#\/schema\/person\/image\/","url":"https:\/\/secure.gravatar.com\/avatar\/55cb5e37c1efa326397366e6974cb338056df65cb50e7d64d1cf314e87504837?s=96&d=mm&r=g","contentUrl":"https:\/\/secure.gravatar.com\/avatar\/55cb5e37c1efa326397366e6974cb338056df65cb50e7d64d1cf314e87504837?s=96&d=mm&r=g","caption":"Arnaldo Botto"},"url":"https:\/\/www.noticiasradioreflejos.com.ar\/2021\/author\/arnaldo\/"}]}},"_links":{"self":[{"href":"https:\/\/www.noticiasradioreflejos.com.ar\/2021\/wp-json\/wp\/v2\/posts\/55315","targetHints":{"allow":["GET"]}}],"collection":[{"href":"https:\/\/www.noticiasradioreflejos.com.ar\/2021\/wp-json\/wp\/v2\/posts"}],"about":[{"href":"https:\/\/www.noticiasradioreflejos.com.ar\/2021\/wp-json\/wp\/v2\/types\/post"}],"author":[{"embeddable":true,"href":"https:\/\/www.noticiasradioreflejos.com.ar\/2021\/wp-json\/wp\/v2\/users\/3"}],"replies":[{"embeddable":true,"href":"https:\/\/www.noticiasradioreflejos.com.ar\/2021\/wp-json\/wp\/v2\/comments?post=55315"}],"version-history":[{"count":0,"href":"https:\/\/www.noticiasradioreflejos.com.ar\/2021\/wp-json\/wp\/v2\/posts\/55315\/revisions"}],"wp:attachment":[{"href":"https:\/\/www.noticiasradioreflejos.com.ar\/2021\/wp-json\/wp\/v2\/media?parent=55315"}],"wp:term":[{"taxonomy":"category","embeddable":true,"href":"https:\/\/www.noticiasradioreflejos.com.ar\/2021\/wp-json\/wp\/v2\/categories?post=55315"},{"taxonomy":"post_tag","embeddable":true,"href":"https:\/\/www.noticiasradioreflejos.com.ar\/2021\/wp-json\/wp\/v2\/tags?post=55315"}],"curies":[{"name":"wp","href":"https:\/\/api.w.org\/{rel}","templated":true}]}}