{"id":55313,"date":"2021-04-13T18:49:29","date_gmt":"2021-04-13T21:49:29","guid":{"rendered":"http:\/\/www.noticiasradioreflejos.com.ar\/noticias\/?p=55313"},"modified":"2021-04-13T18:49:29","modified_gmt":"2021-04-13T21:49:29","slug":"nueva-marca-de-casos-27-001-personas-fueron-reportadas-con-coronavirus","status":"publish","type":"post","link":"https:\/\/www.noticiasradioreflejos.com.ar\/2021\/nueva-marca-de-casos-27-001-personas-fueron-reportadas-con-coronavirus\/","title":{"rendered":"Nueva marca de casos: 27.001 personas fueron reportadas con coronavirus"},"content":{"rendered":"<p>Con las cifras de este martes ascienden a 2.579.000 los contagiados desde el inicio de la pandemia.<!--more--><\/p>\n<div id=\"image\" class=\"image\">\n<p><img decoding=\"async\" title=\"Son 3.834 los internados en unidades de terapia, intensiva, con un porcentaje de ocupaci\u00f3n de camas de adultos de 62,4% en el pa\u00eds. \" src=\"https:\/\/www.telam.com.ar\/advf\/imagenes\/2021\/01\/5ffec5649398b_1004x565.jpg\" alt=\"Son 3.834 los internados en unidades de terapia, intensiva, con un porcentaje de ocupaci\u00f3n de camas de adultos de 62,4% en el pa\u00eds. \" \/><\/p>\n<div class=\"epigrafe\">Son 3.834 los internados en unidades de terapia, intensiva, con un porcentaje de ocupaci\u00f3n de camas de adultos de 62,4% en el pa\u00eds.<\/div>\n<\/div>\n<p>Otras 217 personas murieron y 27.001 fueron reportadas con coronavirus en las \u00faltimas 24 horas en la Argentina, con lo que suman 58.174 los fallecidos y 2.579.000 los contagiados desde el inicio de la pandemia en el pa\u00eds, inform\u00f3 el Ministerio de Salud.<\/p>\n<p>La cartera sanitaria indic\u00f3 que son 3.834 los internados en unidades de terapia, intensiva, con un porcentaje de ocupaci\u00f3n de camas de adultos de 62,4% en el pa\u00eds y del 70,8% en la \u00c1rea Metropolitana Buenos Aires.<\/p>\n<p>De acuerdo con el Monitor P\u00fablico de Vacunaci\u00f3n actualizado a las 18, el total de inoculados asciende a 5.696.664, de los cuales 4.946.226 recibieron una dosis y 750.438 las dos, mientras que las vacunas distribuidas a las jurisdicciones llegan a 7.085.796.<\/p>\n<p><strong>Un 62,73% (16.938 personas) de los infectados de este martes (27.001) corresponden a la Ciudad y a la provincia de Buenos Aires.<\/strong><\/p>\n<p>De los 2.579.000 contagiados, el 87,74% (2.262.875) recibi\u00f3 el alta y 257.951 son casos confirmados activos.<\/p>\n<p>El reporte consign\u00f3 que murieron 116 hombres y 100 mujeres, mientras que una persona de la provincia de Buenos Aires fue registrada sin dato de sexo.<\/p>\n<div class=\"title-big clearfix\">Fallecidos por provincia<\/div>\n<p>El parte precis\u00f3 que murieron 58 hombres en la provincia de Buenos Aires; 14 en la Ciudad de Buenos Aires; 1 en Chaco; 5 en Corrientes; 6 en C\u00f3rdoba; 8 en Entre R\u00edos; 2 en Formosa; 1 en Jujuy; 2 en Misiones; 1 en R\u00edo Negro; 2 en Salta; 1 en San Juan; 1 en San Luis; 1 en Santa Cruz; 11 en Santa Fe; 1 en Santiago del Estero; y 1 en Tucum\u00e1n.<\/p>\n<p>Tambi\u00e9n fallecieron 53 mujeres en Buenos Aires; 13 en Ciudad de Buenos Aires; 3 en Chaco; 4 en Corrientes; 4 en C\u00f3rdoba; 3 en Entre R\u00edos; 2 en Formosa; 1 en Jujuy; 2 en Mendoza; 1 en Salta; 1 en San Luis; 3 en Santa Cruz; 7 en Santa Fe; 1 en Santiago del Estero; y 2 en Tucum\u00e1n.<\/p>\n<div class=\"title-big clearfix\">Contagios por provincia<\/div>\n<p>Hoy se registraron en la provincia de Buenos Aires 14.004 casos; en la Ciudad de Buenos Aires, 2.934; en Catamarca, 155; en Chaco, 250; en Chubut, 220; en Corrientes, 441; en C\u00f3rdoba, 2.268; en Entre R\u00edos, 635; en Formosa, 131; en Jujuy, 93; en La Pampa, 110; en La Rioja, 59; en Mendoza, 953; en Misiones, 170; en Neuqu\u00e9n, 241; en R\u00edo Negro, 249; en Salta, 232; en San Juan, 332; en San Luis, 516; en Santa Cruz, 242; en Santa Fe, 1.762; en Santiago del Estero, 137; Tierra del Fuego, 104; y en Tucum\u00e1n 763.<\/p>\n<p><strong>El Ministerio indic\u00f3 adem\u00e1s que se realizaron en las \u00faltimas 24 horas 87.661 testeos\u00a0<\/strong>y desde el inicio del brote ascienden a 9.743.345 pruebas diagn\u00f3sticas para esta enfermedad.<\/p>\n<p>El total de acumulados por distrito indica que la provincia de Buenos Aires suma 1.104.016 casos; la Ciudad de Buenos Aires, 292.068; Catamarca, 12.018; Chaco, 40.831; Chubut, 51.727; Corrientes, 33.742; C\u00f3rdoba 198.795; Entre R\u00edos, 53.938; Formosa, 3.133.; Jujuy, 23.202; La Pampa, 22.913; La Rioja, 12.100.; Mendoza, 81.648; Misiones, 13.650; Neuqu\u00e9n, 66.899; R\u00edo Negro, 57.191; Salta, 31.342; San Juan, 19.289; San Luis, 27.430; Santa Cruz, 41.352; Santa Fe, 244.944; Santiago del Estero, 27.083; Tierra del Fuego, 25.057; y Tucum\u00e1n, 94.632.<\/p>\n<p>Se incluyen 17 casos existentes en las Islas Malvinas seg\u00fan informaci\u00f3n de prensa (debido a la ocupaci\u00f3n ilegal del Reino Unido, Gran Breta\u00f1a e Irlanda del Norte no es posible contar con informaci\u00f3n propia sobre el impacto de la Covid-19 en esa parte del territorio argentino).<\/p>\n","protected":false},"excerpt":{"rendered":"<p>Con las cifras de este martes ascienden a 2.579.000 los contagiados desde el inicio de la pandemia.<\/p>\n","protected":false},"author":3,"featured_media":0,"comment_status":"closed","ping_status":"open","sticky":false,"template":"","format":"standard","meta":{"footnotes":""},"categories":[30],"tags":[],"class_list":["post-55313","post","type-post","status-publish","format-standard","hentry","category-salud"],"yoast_head":"<!-- This site is optimized with the Yoast SEO plugin v25.9 - https:\/\/yoast.com\/wordpress\/plugins\/seo\/ -->\n<title>Nueva marca de casos: 27.001 personas fueron reportadas con coronavirus - Noticias Radio Reflejos<\/title>\n<meta name=\"robots\" content=\"index, follow, max-snippet:-1, max-image-preview:large, max-video-preview:-1\" \/>\n<link rel=\"canonical\" href=\"https:\/\/www.noticiasradioreflejos.com.ar\/2021\/nueva-marca-de-casos-27-001-personas-fueron-reportadas-con-coronavirus\/\" \/>\n<meta property=\"og:locale\" content=\"es_ES\" \/>\n<meta property=\"og:type\" content=\"article\" \/>\n<meta property=\"og:title\" content=\"Nueva marca de casos: 27.001 personas fueron reportadas con coronavirus - Noticias Radio Reflejos\" \/>\n<meta property=\"og:description\" content=\"Con las cifras de este martes ascienden a 2.579.000 los contagiados desde el inicio de la pandemia.\" \/>\n<meta property=\"og:url\" content=\"https:\/\/www.noticiasradioreflejos.com.ar\/2021\/nueva-marca-de-casos-27-001-personas-fueron-reportadas-con-coronavirus\/\" \/>\n<meta property=\"og:site_name\" content=\"Noticias Radio Reflejos\" \/>\n<meta property=\"article:published_time\" content=\"2021-04-13T21:49:29+00:00\" \/>\n<meta property=\"og:image\" content=\"https:\/\/www.telam.com.ar\/advf\/imagenes\/2021\/01\/5ffec5649398b_1004x565.jpg\" \/>\n<meta name=\"author\" content=\"Arnaldo Botto\" \/>\n<meta name=\"twitter:card\" content=\"summary_large_image\" \/>\n<script type=\"application\/ld+json\" class=\"yoast-schema-graph\">{\"@context\":\"https:\/\/schema.org\",\"@graph\":[{\"@type\":\"WebPage\",\"@id\":\"https:\/\/www.noticiasradioreflejos.com.ar\/2021\/nueva-marca-de-casos-27-001-personas-fueron-reportadas-con-coronavirus\/\",\"url\":\"https:\/\/www.noticiasradioreflejos.com.ar\/2021\/nueva-marca-de-casos-27-001-personas-fueron-reportadas-con-coronavirus\/\",\"name\":\"Nueva marca de casos: 27.001 personas fueron reportadas con coronavirus - Noticias Radio Reflejos\",\"isPartOf\":{\"@id\":\"https:\/\/www.noticiasradioreflejos.com.ar\/2021\/#website\"},\"primaryImageOfPage\":{\"@id\":\"https:\/\/www.noticiasradioreflejos.com.ar\/2021\/nueva-marca-de-casos-27-001-personas-fueron-reportadas-con-coronavirus\/#primaryimage\"},\"image\":{\"@id\":\"https:\/\/www.noticiasradioreflejos.com.ar\/2021\/nueva-marca-de-casos-27-001-personas-fueron-reportadas-con-coronavirus\/#primaryimage\"},\"thumbnailUrl\":\"https:\/\/www.telam.com.ar\/advf\/imagenes\/2021\/01\/5ffec5649398b_1004x565.jpg\",\"datePublished\":\"2021-04-13T21:49:29+00:00\",\"author\":{\"@id\":\"https:\/\/www.noticiasradioreflejos.com.ar\/2021\/#\/schema\/person\/ad82545263dcc5ec0996818884fd5fb1\"},\"breadcrumb\":{\"@id\":\"https:\/\/www.noticiasradioreflejos.com.ar\/2021\/nueva-marca-de-casos-27-001-personas-fueron-reportadas-con-coronavirus\/#breadcrumb\"},\"inLanguage\":\"es\",\"potentialAction\":[{\"@type\":\"ReadAction\",\"target\":[\"https:\/\/www.noticiasradioreflejos.com.ar\/2021\/nueva-marca-de-casos-27-001-personas-fueron-reportadas-con-coronavirus\/\"]}]},{\"@type\":\"ImageObject\",\"inLanguage\":\"es\",\"@id\":\"https:\/\/www.noticiasradioreflejos.com.ar\/2021\/nueva-marca-de-casos-27-001-personas-fueron-reportadas-con-coronavirus\/#primaryimage\",\"url\":\"https:\/\/www.telam.com.ar\/advf\/imagenes\/2021\/01\/5ffec5649398b_1004x565.jpg\",\"contentUrl\":\"https:\/\/www.telam.com.ar\/advf\/imagenes\/2021\/01\/5ffec5649398b_1004x565.jpg\"},{\"@type\":\"BreadcrumbList\",\"@id\":\"https:\/\/www.noticiasradioreflejos.com.ar\/2021\/nueva-marca-de-casos-27-001-personas-fueron-reportadas-con-coronavirus\/#breadcrumb\",\"itemListElement\":[{\"@type\":\"ListItem\",\"position\":1,\"name\":\"Portada\",\"item\":\"https:\/\/www.noticiasradioreflejos.com.ar\/2021\/\"},{\"@type\":\"ListItem\",\"position\":2,\"name\":\"Nueva marca de casos: 27.001 personas fueron reportadas con coronavirus\"}]},{\"@type\":\"WebSite\",\"@id\":\"https:\/\/www.noticiasradioreflejos.com.ar\/2021\/#website\",\"url\":\"https:\/\/www.noticiasradioreflejos.com.ar\/2021\/\",\"name\":\"Noticias Radio Reflejos\",\"description\":\"Las noticias de mi comarca\",\"potentialAction\":[{\"@type\":\"SearchAction\",\"target\":{\"@type\":\"EntryPoint\",\"urlTemplate\":\"https:\/\/www.noticiasradioreflejos.com.ar\/2021\/?s={search_term_string}\"},\"query-input\":{\"@type\":\"PropertyValueSpecification\",\"valueRequired\":true,\"valueName\":\"search_term_string\"}}],\"inLanguage\":\"es\"},{\"@type\":\"Person\",\"@id\":\"https:\/\/www.noticiasradioreflejos.com.ar\/2021\/#\/schema\/person\/ad82545263dcc5ec0996818884fd5fb1\",\"name\":\"Arnaldo Botto\",\"image\":{\"@type\":\"ImageObject\",\"inLanguage\":\"es\",\"@id\":\"https:\/\/www.noticiasradioreflejos.com.ar\/2021\/#\/schema\/person\/image\/\",\"url\":\"https:\/\/secure.gravatar.com\/avatar\/55cb5e37c1efa326397366e6974cb338056df65cb50e7d64d1cf314e87504837?s=96&d=mm&r=g\",\"contentUrl\":\"https:\/\/secure.gravatar.com\/avatar\/55cb5e37c1efa326397366e6974cb338056df65cb50e7d64d1cf314e87504837?s=96&d=mm&r=g\",\"caption\":\"Arnaldo Botto\"},\"url\":\"https:\/\/www.noticiasradioreflejos.com.ar\/2021\/author\/arnaldo\/\"}]}<\/script>\n<!-- \/ Yoast SEO plugin. -->","yoast_head_json":{"title":"Nueva marca de casos: 27.001 personas fueron reportadas con coronavirus - Noticias Radio Reflejos","robots":{"index":"index","follow":"follow","max-snippet":"max-snippet:-1","max-image-preview":"max-image-preview:large","max-video-preview":"max-video-preview:-1"},"canonical":"https:\/\/www.noticiasradioreflejos.com.ar\/2021\/nueva-marca-de-casos-27-001-personas-fueron-reportadas-con-coronavirus\/","og_locale":"es_ES","og_type":"article","og_title":"Nueva marca de casos: 27.001 personas fueron reportadas con coronavirus - Noticias Radio Reflejos","og_description":"Con las cifras de este martes ascienden a 2.579.000 los contagiados desde el inicio de la pandemia.","og_url":"https:\/\/www.noticiasradioreflejos.com.ar\/2021\/nueva-marca-de-casos-27-001-personas-fueron-reportadas-con-coronavirus\/","og_site_name":"Noticias Radio Reflejos","article_published_time":"2021-04-13T21:49:29+00:00","og_image":[{"url":"https:\/\/www.telam.com.ar\/advf\/imagenes\/2021\/01\/5ffec5649398b_1004x565.jpg","type":"","width":"","height":""}],"author":"Arnaldo Botto","twitter_card":"summary_large_image","schema":{"@context":"https:\/\/schema.org","@graph":[{"@type":"WebPage","@id":"https:\/\/www.noticiasradioreflejos.com.ar\/2021\/nueva-marca-de-casos-27-001-personas-fueron-reportadas-con-coronavirus\/","url":"https:\/\/www.noticiasradioreflejos.com.ar\/2021\/nueva-marca-de-casos-27-001-personas-fueron-reportadas-con-coronavirus\/","name":"Nueva marca de casos: 27.001 personas fueron reportadas con coronavirus - Noticias Radio Reflejos","isPartOf":{"@id":"https:\/\/www.noticiasradioreflejos.com.ar\/2021\/#website"},"primaryImageOfPage":{"@id":"https:\/\/www.noticiasradioreflejos.com.ar\/2021\/nueva-marca-de-casos-27-001-personas-fueron-reportadas-con-coronavirus\/#primaryimage"},"image":{"@id":"https:\/\/www.noticiasradioreflejos.com.ar\/2021\/nueva-marca-de-casos-27-001-personas-fueron-reportadas-con-coronavirus\/#primaryimage"},"thumbnailUrl":"https:\/\/www.telam.com.ar\/advf\/imagenes\/2021\/01\/5ffec5649398b_1004x565.jpg","datePublished":"2021-04-13T21:49:29+00:00","author":{"@id":"https:\/\/www.noticiasradioreflejos.com.ar\/2021\/#\/schema\/person\/ad82545263dcc5ec0996818884fd5fb1"},"breadcrumb":{"@id":"https:\/\/www.noticiasradioreflejos.com.ar\/2021\/nueva-marca-de-casos-27-001-personas-fueron-reportadas-con-coronavirus\/#breadcrumb"},"inLanguage":"es","potentialAction":[{"@type":"ReadAction","target":["https:\/\/www.noticiasradioreflejos.com.ar\/2021\/nueva-marca-de-casos-27-001-personas-fueron-reportadas-con-coronavirus\/"]}]},{"@type":"ImageObject","inLanguage":"es","@id":"https:\/\/www.noticiasradioreflejos.com.ar\/2021\/nueva-marca-de-casos-27-001-personas-fueron-reportadas-con-coronavirus\/#primaryimage","url":"https:\/\/www.telam.com.ar\/advf\/imagenes\/2021\/01\/5ffec5649398b_1004x565.jpg","contentUrl":"https:\/\/www.telam.com.ar\/advf\/imagenes\/2021\/01\/5ffec5649398b_1004x565.jpg"},{"@type":"BreadcrumbList","@id":"https:\/\/www.noticiasradioreflejos.com.ar\/2021\/nueva-marca-de-casos-27-001-personas-fueron-reportadas-con-coronavirus\/#breadcrumb","itemListElement":[{"@type":"ListItem","position":1,"name":"Portada","item":"https:\/\/www.noticiasradioreflejos.com.ar\/2021\/"},{"@type":"ListItem","position":2,"name":"Nueva marca de casos: 27.001 personas fueron reportadas con coronavirus"}]},{"@type":"WebSite","@id":"https:\/\/www.noticiasradioreflejos.com.ar\/2021\/#website","url":"https:\/\/www.noticiasradioreflejos.com.ar\/2021\/","name":"Noticias Radio Reflejos","description":"Las noticias de mi comarca","potentialAction":[{"@type":"SearchAction","target":{"@type":"EntryPoint","urlTemplate":"https:\/\/www.noticiasradioreflejos.com.ar\/2021\/?s={search_term_string}"},"query-input":{"@type":"PropertyValueSpecification","valueRequired":true,"valueName":"search_term_string"}}],"inLanguage":"es"},{"@type":"Person","@id":"https:\/\/www.noticiasradioreflejos.com.ar\/2021\/#\/schema\/person\/ad82545263dcc5ec0996818884fd5fb1","name":"Arnaldo Botto","image":{"@type":"ImageObject","inLanguage":"es","@id":"https:\/\/www.noticiasradioreflejos.com.ar\/2021\/#\/schema\/person\/image\/","url":"https:\/\/secure.gravatar.com\/avatar\/55cb5e37c1efa326397366e6974cb338056df65cb50e7d64d1cf314e87504837?s=96&d=mm&r=g","contentUrl":"https:\/\/secure.gravatar.com\/avatar\/55cb5e37c1efa326397366e6974cb338056df65cb50e7d64d1cf314e87504837?s=96&d=mm&r=g","caption":"Arnaldo Botto"},"url":"https:\/\/www.noticiasradioreflejos.com.ar\/2021\/author\/arnaldo\/"}]}},"_links":{"self":[{"href":"https:\/\/www.noticiasradioreflejos.com.ar\/2021\/wp-json\/wp\/v2\/posts\/55313","targetHints":{"allow":["GET"]}}],"collection":[{"href":"https:\/\/www.noticiasradioreflejos.com.ar\/2021\/wp-json\/wp\/v2\/posts"}],"about":[{"href":"https:\/\/www.noticiasradioreflejos.com.ar\/2021\/wp-json\/wp\/v2\/types\/post"}],"author":[{"embeddable":true,"href":"https:\/\/www.noticiasradioreflejos.com.ar\/2021\/wp-json\/wp\/v2\/users\/3"}],"replies":[{"embeddable":true,"href":"https:\/\/www.noticiasradioreflejos.com.ar\/2021\/wp-json\/wp\/v2\/comments?post=55313"}],"version-history":[{"count":0,"href":"https:\/\/www.noticiasradioreflejos.com.ar\/2021\/wp-json\/wp\/v2\/posts\/55313\/revisions"}],"wp:attachment":[{"href":"https:\/\/www.noticiasradioreflejos.com.ar\/2021\/wp-json\/wp\/v2\/media?parent=55313"}],"wp:term":[{"taxonomy":"category","embeddable":true,"href":"https:\/\/www.noticiasradioreflejos.com.ar\/2021\/wp-json\/wp\/v2\/categories?post=55313"},{"taxonomy":"post_tag","embeddable":true,"href":"https:\/\/www.noticiasradioreflejos.com.ar\/2021\/wp-json\/wp\/v2\/tags?post=55313"}],"curies":[{"name":"wp","href":"https:\/\/api.w.org\/{rel}","templated":true}]}}