{"id":55311,"date":"2021-04-13T18:44:27","date_gmt":"2021-04-13T21:44:27","guid":{"rendered":"http:\/\/www.noticiasradioreflejos.com.ar\/noticias\/?p=55311"},"modified":"2021-04-13T18:44:27","modified_gmt":"2021-04-13T21:44:27","slug":"venta-de-pollos-a-la-parrilla-en-el-club-union-19","status":"publish","type":"post","link":"https:\/\/www.noticiasradioreflejos.com.ar\/2021\/venta-de-pollos-a-la-parrilla-en-el-club-union-19\/","title":{"rendered":"Venta de pollos a la parrilla en el Club Uni\u00f3n"},"content":{"rendered":"<p>Con la organizaci\u00f3n de la subcomisi\u00f3n de hockey, el venidero domingo 18 al mediod\u00eda en su predio deportivo, el Club Uni\u00f3n realizar\u00e1 una venta de pollos a la parrilla.<!--more-->Cada pollo tendr\u00e1 un valor de $750 y se retirar\u00e1n a partir de las 12.30 hs. Recordar llevar fuente.<\/p>\n<p>Las ventas son por encargue y se pueden realizar en la Secretar\u00eda del Club, de 17 a 21 hs, o comunic\u00e1ndose a los n\u00fameros 2914239803 o 2914141634.<\/p>\n<p>\u00a1Contamos con tu encargue!<\/p>\n<p><em>\u00a0<a title=\"Pollos club union 18-4\" href=\"http:\/\/live.staticflickr.com\/65535\/51115082075_53926631a9_s.jpg\" rel=\"\"><img loading=\"lazy\" decoding=\"async\" class=\"aligncenter\" title=\"Pollos club union 18-4\" src=\"http:\/\/live.staticflickr.com\/65535\/51115082075_53926631a9_z.jpg\" alt=\"Pollos club union 18-4\" width=\"640\" height=\"499\" \/><\/a><\/em><\/p>\n<p><em>Prensa Club Uni\u00f3n<\/em><\/p>\n<p><a href=\"http:\/\/www.uniondetornquist.com\">www.uniondetornquist.com<\/a> &#8211;<a href=\"mailto:clubuniondetornquist@gmail.com\">clubuniondetornquist@gmail.com<\/a> &#8211; <a href=\"http:\/\/www.facebook.com\/ClubUnionDeTornquist\">\/ClubUnionDeTornquist<\/a>&#8211;<a href=\"http:\/\/twitter.com\/UnionTornquist\">@UnionTornquist<\/a><\/p>\n<p><strong>\u00a0<\/strong><\/p>\n","protected":false},"excerpt":{"rendered":"<p>Con la organizaci\u00f3n de la subcomisi\u00f3n de hockey, el venidero domingo 18 al mediod\u00eda en su predio deportivo, el Club Uni\u00f3n realizar\u00e1 una venta de pollos a la parrilla.<\/p>\n","protected":false},"author":3,"featured_media":0,"comment_status":"closed","ping_status":"open","sticky":false,"template":"","format":"standard","meta":{"footnotes":""},"categories":[26],"tags":[],"class_list":["post-55311","post","type-post","status-publish","format-standard","hentry","category-sociedad"],"yoast_head":"<!-- This site is optimized with the Yoast SEO plugin v25.9 - https:\/\/yoast.com\/wordpress\/plugins\/seo\/ -->\n<title>Venta de pollos a la parrilla en el Club Uni\u00f3n - Noticias Radio Reflejos<\/title>\n<meta name=\"robots\" content=\"index, follow, max-snippet:-1, max-image-preview:large, max-video-preview:-1\" \/>\n<link rel=\"canonical\" href=\"https:\/\/www.noticiasradioreflejos.com.ar\/2021\/venta-de-pollos-a-la-parrilla-en-el-club-union-19\/\" \/>\n<meta property=\"og:locale\" content=\"es_ES\" \/>\n<meta property=\"og:type\" content=\"article\" \/>\n<meta property=\"og:title\" content=\"Venta de pollos a la parrilla en el Club Uni\u00f3n - Noticias Radio Reflejos\" \/>\n<meta property=\"og:description\" content=\"Con la organizaci\u00f3n de la subcomisi\u00f3n de hockey, el venidero domingo 18 al mediod\u00eda en su predio deportivo, el Club Uni\u00f3n realizar\u00e1 una venta de pollos a la parrilla.\" \/>\n<meta property=\"og:url\" content=\"https:\/\/www.noticiasradioreflejos.com.ar\/2021\/venta-de-pollos-a-la-parrilla-en-el-club-union-19\/\" \/>\n<meta property=\"og:site_name\" content=\"Noticias Radio Reflejos\" \/>\n<meta property=\"article:published_time\" content=\"2021-04-13T21:44:27+00:00\" \/>\n<meta property=\"og:image\" content=\"http:\/\/live.staticflickr.com\/65535\/51115082075_53926631a9_z.jpg\" \/>\n<meta name=\"author\" content=\"Arnaldo Botto\" \/>\n<meta name=\"twitter:card\" content=\"summary_large_image\" \/>\n<script type=\"application\/ld+json\" class=\"yoast-schema-graph\">{\"@context\":\"https:\/\/schema.org\",\"@graph\":[{\"@type\":\"WebPage\",\"@id\":\"https:\/\/www.noticiasradioreflejos.com.ar\/2021\/venta-de-pollos-a-la-parrilla-en-el-club-union-19\/\",\"url\":\"https:\/\/www.noticiasradioreflejos.com.ar\/2021\/venta-de-pollos-a-la-parrilla-en-el-club-union-19\/\",\"name\":\"Venta de pollos a la parrilla en el Club Uni\u00f3n - Noticias Radio Reflejos\",\"isPartOf\":{\"@id\":\"https:\/\/www.noticiasradioreflejos.com.ar\/2021\/#website\"},\"primaryImageOfPage\":{\"@id\":\"https:\/\/www.noticiasradioreflejos.com.ar\/2021\/venta-de-pollos-a-la-parrilla-en-el-club-union-19\/#primaryimage\"},\"image\":{\"@id\":\"https:\/\/www.noticiasradioreflejos.com.ar\/2021\/venta-de-pollos-a-la-parrilla-en-el-club-union-19\/#primaryimage\"},\"thumbnailUrl\":\"http:\/\/live.staticflickr.com\/65535\/51115082075_53926631a9_z.jpg\",\"datePublished\":\"2021-04-13T21:44:27+00:00\",\"author\":{\"@id\":\"https:\/\/www.noticiasradioreflejos.com.ar\/2021\/#\/schema\/person\/ad82545263dcc5ec0996818884fd5fb1\"},\"breadcrumb\":{\"@id\":\"https:\/\/www.noticiasradioreflejos.com.ar\/2021\/venta-de-pollos-a-la-parrilla-en-el-club-union-19\/#breadcrumb\"},\"inLanguage\":\"es\",\"potentialAction\":[{\"@type\":\"ReadAction\",\"target\":[\"https:\/\/www.noticiasradioreflejos.com.ar\/2021\/venta-de-pollos-a-la-parrilla-en-el-club-union-19\/\"]}]},{\"@type\":\"ImageObject\",\"inLanguage\":\"es\",\"@id\":\"https:\/\/www.noticiasradioreflejos.com.ar\/2021\/venta-de-pollos-a-la-parrilla-en-el-club-union-19\/#primaryimage\",\"url\":\"http:\/\/live.staticflickr.com\/65535\/51115082075_53926631a9_z.jpg\",\"contentUrl\":\"http:\/\/live.staticflickr.com\/65535\/51115082075_53926631a9_z.jpg\"},{\"@type\":\"BreadcrumbList\",\"@id\":\"https:\/\/www.noticiasradioreflejos.com.ar\/2021\/venta-de-pollos-a-la-parrilla-en-el-club-union-19\/#breadcrumb\",\"itemListElement\":[{\"@type\":\"ListItem\",\"position\":1,\"name\":\"Portada\",\"item\":\"https:\/\/www.noticiasradioreflejos.com.ar\/2021\/\"},{\"@type\":\"ListItem\",\"position\":2,\"name\":\"Venta de pollos a la parrilla en el Club Uni\u00f3n\"}]},{\"@type\":\"WebSite\",\"@id\":\"https:\/\/www.noticiasradioreflejos.com.ar\/2021\/#website\",\"url\":\"https:\/\/www.noticiasradioreflejos.com.ar\/2021\/\",\"name\":\"Noticias Radio Reflejos\",\"description\":\"Las noticias de mi comarca\",\"potentialAction\":[{\"@type\":\"SearchAction\",\"target\":{\"@type\":\"EntryPoint\",\"urlTemplate\":\"https:\/\/www.noticiasradioreflejos.com.ar\/2021\/?s={search_term_string}\"},\"query-input\":{\"@type\":\"PropertyValueSpecification\",\"valueRequired\":true,\"valueName\":\"search_term_string\"}}],\"inLanguage\":\"es\"},{\"@type\":\"Person\",\"@id\":\"https:\/\/www.noticiasradioreflejos.com.ar\/2021\/#\/schema\/person\/ad82545263dcc5ec0996818884fd5fb1\",\"name\":\"Arnaldo Botto\",\"image\":{\"@type\":\"ImageObject\",\"inLanguage\":\"es\",\"@id\":\"https:\/\/www.noticiasradioreflejos.com.ar\/2021\/#\/schema\/person\/image\/\",\"url\":\"https:\/\/secure.gravatar.com\/avatar\/55cb5e37c1efa326397366e6974cb338056df65cb50e7d64d1cf314e87504837?s=96&d=mm&r=g\",\"contentUrl\":\"https:\/\/secure.gravatar.com\/avatar\/55cb5e37c1efa326397366e6974cb338056df65cb50e7d64d1cf314e87504837?s=96&d=mm&r=g\",\"caption\":\"Arnaldo Botto\"},\"url\":\"https:\/\/www.noticiasradioreflejos.com.ar\/2021\/author\/arnaldo\/\"}]}<\/script>\n<!-- \/ Yoast SEO plugin. -->","yoast_head_json":{"title":"Venta de pollos a la parrilla en el Club Uni\u00f3n - Noticias Radio Reflejos","robots":{"index":"index","follow":"follow","max-snippet":"max-snippet:-1","max-image-preview":"max-image-preview:large","max-video-preview":"max-video-preview:-1"},"canonical":"https:\/\/www.noticiasradioreflejos.com.ar\/2021\/venta-de-pollos-a-la-parrilla-en-el-club-union-19\/","og_locale":"es_ES","og_type":"article","og_title":"Venta de pollos a la parrilla en el Club Uni\u00f3n - Noticias Radio Reflejos","og_description":"Con la organizaci\u00f3n de la subcomisi\u00f3n de hockey, el venidero domingo 18 al mediod\u00eda en su predio deportivo, el Club Uni\u00f3n realizar\u00e1 una venta de pollos a la parrilla.","og_url":"https:\/\/www.noticiasradioreflejos.com.ar\/2021\/venta-de-pollos-a-la-parrilla-en-el-club-union-19\/","og_site_name":"Noticias Radio Reflejos","article_published_time":"2021-04-13T21:44:27+00:00","og_image":[{"url":"http:\/\/live.staticflickr.com\/65535\/51115082075_53926631a9_z.jpg","type":"","width":"","height":""}],"author":"Arnaldo Botto","twitter_card":"summary_large_image","schema":{"@context":"https:\/\/schema.org","@graph":[{"@type":"WebPage","@id":"https:\/\/www.noticiasradioreflejos.com.ar\/2021\/venta-de-pollos-a-la-parrilla-en-el-club-union-19\/","url":"https:\/\/www.noticiasradioreflejos.com.ar\/2021\/venta-de-pollos-a-la-parrilla-en-el-club-union-19\/","name":"Venta de pollos a la parrilla en el Club Uni\u00f3n - Noticias Radio Reflejos","isPartOf":{"@id":"https:\/\/www.noticiasradioreflejos.com.ar\/2021\/#website"},"primaryImageOfPage":{"@id":"https:\/\/www.noticiasradioreflejos.com.ar\/2021\/venta-de-pollos-a-la-parrilla-en-el-club-union-19\/#primaryimage"},"image":{"@id":"https:\/\/www.noticiasradioreflejos.com.ar\/2021\/venta-de-pollos-a-la-parrilla-en-el-club-union-19\/#primaryimage"},"thumbnailUrl":"http:\/\/live.staticflickr.com\/65535\/51115082075_53926631a9_z.jpg","datePublished":"2021-04-13T21:44:27+00:00","author":{"@id":"https:\/\/www.noticiasradioreflejos.com.ar\/2021\/#\/schema\/person\/ad82545263dcc5ec0996818884fd5fb1"},"breadcrumb":{"@id":"https:\/\/www.noticiasradioreflejos.com.ar\/2021\/venta-de-pollos-a-la-parrilla-en-el-club-union-19\/#breadcrumb"},"inLanguage":"es","potentialAction":[{"@type":"ReadAction","target":["https:\/\/www.noticiasradioreflejos.com.ar\/2021\/venta-de-pollos-a-la-parrilla-en-el-club-union-19\/"]}]},{"@type":"ImageObject","inLanguage":"es","@id":"https:\/\/www.noticiasradioreflejos.com.ar\/2021\/venta-de-pollos-a-la-parrilla-en-el-club-union-19\/#primaryimage","url":"http:\/\/live.staticflickr.com\/65535\/51115082075_53926631a9_z.jpg","contentUrl":"http:\/\/live.staticflickr.com\/65535\/51115082075_53926631a9_z.jpg"},{"@type":"BreadcrumbList","@id":"https:\/\/www.noticiasradioreflejos.com.ar\/2021\/venta-de-pollos-a-la-parrilla-en-el-club-union-19\/#breadcrumb","itemListElement":[{"@type":"ListItem","position":1,"name":"Portada","item":"https:\/\/www.noticiasradioreflejos.com.ar\/2021\/"},{"@type":"ListItem","position":2,"name":"Venta de pollos a la parrilla en el Club Uni\u00f3n"}]},{"@type":"WebSite","@id":"https:\/\/www.noticiasradioreflejos.com.ar\/2021\/#website","url":"https:\/\/www.noticiasradioreflejos.com.ar\/2021\/","name":"Noticias Radio Reflejos","description":"Las noticias de mi comarca","potentialAction":[{"@type":"SearchAction","target":{"@type":"EntryPoint","urlTemplate":"https:\/\/www.noticiasradioreflejos.com.ar\/2021\/?s={search_term_string}"},"query-input":{"@type":"PropertyValueSpecification","valueRequired":true,"valueName":"search_term_string"}}],"inLanguage":"es"},{"@type":"Person","@id":"https:\/\/www.noticiasradioreflejos.com.ar\/2021\/#\/schema\/person\/ad82545263dcc5ec0996818884fd5fb1","name":"Arnaldo Botto","image":{"@type":"ImageObject","inLanguage":"es","@id":"https:\/\/www.noticiasradioreflejos.com.ar\/2021\/#\/schema\/person\/image\/","url":"https:\/\/secure.gravatar.com\/avatar\/55cb5e37c1efa326397366e6974cb338056df65cb50e7d64d1cf314e87504837?s=96&d=mm&r=g","contentUrl":"https:\/\/secure.gravatar.com\/avatar\/55cb5e37c1efa326397366e6974cb338056df65cb50e7d64d1cf314e87504837?s=96&d=mm&r=g","caption":"Arnaldo Botto"},"url":"https:\/\/www.noticiasradioreflejos.com.ar\/2021\/author\/arnaldo\/"}]}},"_links":{"self":[{"href":"https:\/\/www.noticiasradioreflejos.com.ar\/2021\/wp-json\/wp\/v2\/posts\/55311","targetHints":{"allow":["GET"]}}],"collection":[{"href":"https:\/\/www.noticiasradioreflejos.com.ar\/2021\/wp-json\/wp\/v2\/posts"}],"about":[{"href":"https:\/\/www.noticiasradioreflejos.com.ar\/2021\/wp-json\/wp\/v2\/types\/post"}],"author":[{"embeddable":true,"href":"https:\/\/www.noticiasradioreflejos.com.ar\/2021\/wp-json\/wp\/v2\/users\/3"}],"replies":[{"embeddable":true,"href":"https:\/\/www.noticiasradioreflejos.com.ar\/2021\/wp-json\/wp\/v2\/comments?post=55311"}],"version-history":[{"count":0,"href":"https:\/\/www.noticiasradioreflejos.com.ar\/2021\/wp-json\/wp\/v2\/posts\/55311\/revisions"}],"wp:attachment":[{"href":"https:\/\/www.noticiasradioreflejos.com.ar\/2021\/wp-json\/wp\/v2\/media?parent=55311"}],"wp:term":[{"taxonomy":"category","embeddable":true,"href":"https:\/\/www.noticiasradioreflejos.com.ar\/2021\/wp-json\/wp\/v2\/categories?post=55311"},{"taxonomy":"post_tag","embeddable":true,"href":"https:\/\/www.noticiasradioreflejos.com.ar\/2021\/wp-json\/wp\/v2\/tags?post=55311"}],"curies":[{"name":"wp","href":"https:\/\/api.w.org\/{rel}","templated":true}]}}