{"id":55174,"date":"2021-04-10T10:54:44","date_gmt":"2021-04-10T13:54:44","guid":{"rendered":"http:\/\/www.noticiasradioreflejos.com.ar\/noticias\/?p=55174"},"modified":"2021-04-10T10:54:44","modified_gmt":"2021-04-10T13:54:44","slug":"segunda-ola-cierre-de-fronteras-vuelos-suspendidos-y-medidas-sanitarias-para-viajeros","status":"publish","type":"post","link":"https:\/\/www.noticiasradioreflejos.com.ar\/2021\/segunda-ola-cierre-de-fronteras-vuelos-suspendidos-y-medidas-sanitarias-para-viajeros\/","title":{"rendered":"Segunda ola: cierre de fronteras, vuelos suspendidos y medidas sanitarias para viajeros"},"content":{"rendered":"<p>El Gobierno nacional estableci\u00f3 las condiciones para el egreso e ingreso a pa\u00eds en el marco de la nueva ola de coronavirus y ratific\u00f3 la suspensi\u00f3n de los vuelos provenientes del Reino Unido, Chile, Brasil y M\u00e9xico.<!--more--><\/p>\n<p><strong>El Gobierno nacional oficializ\u00f3 la pr\u00f3rroga del cierre de las fronteras del pa\u00eds hasta el 30 de abril<\/strong>, en el marco de las medidas adoptadas para contener la segunda ola de coronavirus. Tambi\u00e9n ratific\u00f3 la suspensi\u00f3n de los vuelos provenientes del Reino Unido, Chile, Brasil y M\u00e9xico, y ampli\u00f3 los requisitos para el ingreso al pa\u00eds.<\/p>\n<p>As\u00ed lo estableci\u00f3 mediante la\u00a0<strong>Decisi\u00f3n Administrativa 342\/2021<\/strong>, publicada este s\u00e1bado en el Bolet\u00edn Oficial, con la firma del jefe de Gabinete, Santiago Cafiero, el ministro del Interior, Eduardo de Pedro, y su par de Salud, Carla Vizzotti.<\/p>\n<p>Adem\u00e1s de prorrogar el cierre de las fronteras, la norma indica que la Administraci\u00f3n Nacional de Aviaci\u00f3n Civil \u00abmantendr\u00e1 la suspensi\u00f3n de las autorizaciones que se hubieran dispuesto relativas a las operaciones de transporte a\u00e9reo de pasajeros en vuelos directos que tengan como origen o destino el Reino Unido, y como origen Brasil, Chile, M\u00e9xico\u00bb.<\/p>\n<p>Se establece que el ministerio de Transporte podr\u00e1 \u00abampliar o reducir la n\u00f3mina de pa\u00edses, o establecer excepciones al presente art\u00edculo, con el fin de atender circunstancias de necesidad\u00bb.<\/p>\n<div class=\"auth\">Requisitos para el ingreso<\/div>\n<p>En la misma norma,\u00a0<strong>se dispone una ampliaci\u00f3n de los requisitos para el ingreso al territorio argentino<\/strong>\u00a0de los operadores de transporte, transportistas y tripulantes.<\/p>\n<p>Para los transportistas extranjeros que ingresen por v\u00eda terrestre, se indica que deber\u00e1n adjuntar a la declaraci\u00f3n jurada, el resultado negativo de la prueba para SARS-CoV-2 realizada dentro de las 72 horas que antecedan al ingreso al pa\u00eds.<\/p>\n<p>En tanto, para los transportistas y tripulantes nacionales se establece que deben realizar un testeo de ant\u00edgenos dentro de las 72 horas desde su ingreso al pa\u00eds.<\/p>\n<p>\u00abQuienes resulten positivo en la prueba mencionada deber\u00e1n realizar a continuaci\u00f3n el test de PCR para su secuenciaci\u00f3n gen\u00f3mica, seg\u00fan indicaci\u00f3n del Laboratorio Nacional de Referencia\u00bb, se se\u00f1ala.<\/p>\n<p>Las tripulaciones de buques internacionales compuestas por personas extranjeras, deber\u00e1n cumplir con los protocolos que defina la autoridad sanitaria nacional, para asegurar su trazabilidad y \u00abtienen prohibido su relevo en territorio argentino, debiendo permanecer embarcadas\u00bb, dice al decisi\u00f3n administrativa.<\/p>\n<blockquote><p>\u00abLa salida y el reingreso implicar\u00e1 la aceptaci\u00f3n de las condiciones sanitarias y migratorias del pa\u00eds de destino y de la Argentina al regreso, asumiendo las consecuencias sanitarias, legales y econ\u00f3micas derivadas de la misma\u00bb<\/p><\/blockquote>\n<p>Por su parte, las tripulaciones de buques internacionales compuestas por personas nacionales o residentes en el pa\u00eds deben someterse a testeos con ant\u00edgenos dentro de las 72 horas de su regreso al pa\u00eds.<\/p>\n<p>En el mismo sentido, las tripulaciones a\u00e9reas internacionales compuestas por personas extranjeras deben cumplir con los protocolos que defina la autoridad sanitaria nacional, para asegurar su trazabilidad y movilizarse dentro del pa\u00eds bajo la modalidad burbuja, con estricta supervisi\u00f3n de los operadores de transporte respectivos.<\/p>\n<p>Las tripulaciones a\u00e9reas internacionales compuestas por personas nacionales o residentes en el pa\u00eds deben someterse a testeos con ant\u00edgenos al menos cada 15 d\u00edas o plazo menor que podr\u00e1 estipular la l\u00ednea a\u00e9rea.<\/p>\n<div class=\"auth\">Mantener el flujo con precauciones<\/div>\n<p>En su art\u00edculo 4, la norma indica que la Administraci\u00f3n Nacional de Aviaci\u00f3n Civil adoptar\u00e1 \u00ablos recaudos pertinentes a efectos de mantener un flujo diario de vuelos de ingreso\u00bb as\u00ed como las dem\u00e1s medidas sanitarias exigidas para prevenir y mitigar la propagaci\u00f3n de la COVID-19.<\/p>\n<p>Asimismo, el Gobierno nacional reitera en la norma publicada este s\u00e1bado la recomendaci\u00f3n de que quienes ingresen en el pa\u00eds -sobre todo los mayores de 60 a\u00f1os o personas pertenecientes a los grupos de riesgo- difieran sus viajes al exterior, cuando no respondan al desarrollo de actividades esenciales.<\/p>\n<p>\u00abLa salida y el reingreso desde y hacia el pa\u00eds implicar\u00e1 la aceptaci\u00f3n de las condiciones sanitarias y migratorias del pa\u00eds de destino y de la Argentina al regreso, asumiendo las consecuencias sanitarias, legales y econ\u00f3micas derivadas de la misma\u00bb, aclara el texto.<\/p>\n<p>Ratifica adem\u00e1s que los viajes grupales de egresados, de jubilados, de estudio, para competencias deportivas no oficiales, de grupos tur\u00edsticos y de actividades recreativas y sociales se encuentran suspendidos.<\/p>\n<p>En los considerandos de la medida, se indica que \u00abmuchos pa\u00edses se encuentran en situaci\u00f3n cr\u00edtica en su sistema de salud, destac\u00e1ndose Brasil con ocupaci\u00f3n cr\u00edtica de unidades de terapia intensiva en la mayor\u00eda de sus estados\u00bb y se refiere a las \u00abnuevas variantes del SARS-CoV-2, con m\u00e1s transmisibilidad y, potencialmente, m\u00e1s gravedad\u00bb.<\/p>\n<a href=\"https:\/\/www.noticiasradioreflejos.com.ar\/noticias\/wp-content\/uploads\/2021\/04\/502307427-Decision-Administrativa-342-2021.pdf\" class=\"pdfemb-viewer\" style=\"\" data-width=\"max\" data-height=\"max\" data-toolbar=\"bottom\" data-toolbar-fixed=\"off\">502307427-Decision-Administrativa-342-2021<\/a>\n","protected":false},"excerpt":{"rendered":"<p>El Gobierno nacional estableci\u00f3 las condiciones para el egreso e ingreso a pa\u00eds en el marco de la nueva ola de coronavirus y ratific\u00f3 la suspensi\u00f3n de los vuelos provenientes del Reino Unido, Chile, Brasil y M\u00e9xico.<\/p>\n","protected":false},"author":3,"featured_media":0,"comment_status":"closed","ping_status":"open","sticky":false,"template":"","format":"standard","meta":{"footnotes":""},"categories":[24,26],"tags":[],"class_list":["post-55174","post","type-post","status-publish","format-standard","hentry","category-politica","category-sociedad"],"yoast_head":"<!-- This site is optimized with the Yoast SEO plugin v25.9 - https:\/\/yoast.com\/wordpress\/plugins\/seo\/ -->\n<title>Segunda ola: cierre de fronteras, vuelos suspendidos y medidas sanitarias para viajeros - Noticias Radio Reflejos<\/title>\n<meta name=\"robots\" content=\"index, follow, max-snippet:-1, max-image-preview:large, max-video-preview:-1\" \/>\n<link rel=\"canonical\" href=\"https:\/\/www.noticiasradioreflejos.com.ar\/2021\/segunda-ola-cierre-de-fronteras-vuelos-suspendidos-y-medidas-sanitarias-para-viajeros\/\" \/>\n<meta property=\"og:locale\" content=\"es_ES\" \/>\n<meta property=\"og:type\" content=\"article\" \/>\n<meta property=\"og:title\" content=\"Segunda ola: cierre de fronteras, vuelos suspendidos y medidas sanitarias para viajeros - Noticias Radio Reflejos\" \/>\n<meta property=\"og:description\" content=\"El Gobierno nacional estableci\u00f3 las condiciones para el egreso e ingreso a pa\u00eds en el marco de la nueva ola de coronavirus y ratific\u00f3 la suspensi\u00f3n de los vuelos provenientes del Reino Unido, Chile, Brasil y M\u00e9xico.\" \/>\n<meta property=\"og:url\" content=\"https:\/\/www.noticiasradioreflejos.com.ar\/2021\/segunda-ola-cierre-de-fronteras-vuelos-suspendidos-y-medidas-sanitarias-para-viajeros\/\" \/>\n<meta property=\"og:site_name\" content=\"Noticias Radio Reflejos\" \/>\n<meta property=\"article:published_time\" content=\"2021-04-10T13:54:44+00:00\" \/>\n<meta property=\"og:image\" content=\"https:\/\/www.noticiasradioreflejos.com.ar\/2021\/wp-content\/uploads\/2021\/07\/logosol300x200.png\" \/>\n\t<meta property=\"og:image:width\" content=\"300\" \/>\n\t<meta property=\"og:image:height\" content=\"200\" \/>\n\t<meta property=\"og:image:type\" content=\"image\/png\" \/>\n<meta name=\"author\" content=\"Arnaldo Botto\" \/>\n<meta name=\"twitter:card\" content=\"summary_large_image\" \/>\n<script type=\"application\/ld+json\" class=\"yoast-schema-graph\">{\"@context\":\"https:\/\/schema.org\",\"@graph\":[{\"@type\":\"WebPage\",\"@id\":\"https:\/\/www.noticiasradioreflejos.com.ar\/2021\/segunda-ola-cierre-de-fronteras-vuelos-suspendidos-y-medidas-sanitarias-para-viajeros\/\",\"url\":\"https:\/\/www.noticiasradioreflejos.com.ar\/2021\/segunda-ola-cierre-de-fronteras-vuelos-suspendidos-y-medidas-sanitarias-para-viajeros\/\",\"name\":\"Segunda ola: cierre de fronteras, vuelos suspendidos y medidas sanitarias para viajeros - Noticias Radio Reflejos\",\"isPartOf\":{\"@id\":\"https:\/\/www.noticiasradioreflejos.com.ar\/2021\/#website\"},\"datePublished\":\"2021-04-10T13:54:44+00:00\",\"author\":{\"@id\":\"https:\/\/www.noticiasradioreflejos.com.ar\/2021\/#\/schema\/person\/ad82545263dcc5ec0996818884fd5fb1\"},\"breadcrumb\":{\"@id\":\"https:\/\/www.noticiasradioreflejos.com.ar\/2021\/segunda-ola-cierre-de-fronteras-vuelos-suspendidos-y-medidas-sanitarias-para-viajeros\/#breadcrumb\"},\"inLanguage\":\"es\",\"potentialAction\":[{\"@type\":\"ReadAction\",\"target\":[\"https:\/\/www.noticiasradioreflejos.com.ar\/2021\/segunda-ola-cierre-de-fronteras-vuelos-suspendidos-y-medidas-sanitarias-para-viajeros\/\"]}]},{\"@type\":\"BreadcrumbList\",\"@id\":\"https:\/\/www.noticiasradioreflejos.com.ar\/2021\/segunda-ola-cierre-de-fronteras-vuelos-suspendidos-y-medidas-sanitarias-para-viajeros\/#breadcrumb\",\"itemListElement\":[{\"@type\":\"ListItem\",\"position\":1,\"name\":\"Portada\",\"item\":\"https:\/\/www.noticiasradioreflejos.com.ar\/2021\/\"},{\"@type\":\"ListItem\",\"position\":2,\"name\":\"Segunda ola: cierre de fronteras, vuelos suspendidos y medidas sanitarias para viajeros\"}]},{\"@type\":\"WebSite\",\"@id\":\"https:\/\/www.noticiasradioreflejos.com.ar\/2021\/#website\",\"url\":\"https:\/\/www.noticiasradioreflejos.com.ar\/2021\/\",\"name\":\"Noticias Radio Reflejos\",\"description\":\"Las noticias de mi comarca\",\"potentialAction\":[{\"@type\":\"SearchAction\",\"target\":{\"@type\":\"EntryPoint\",\"urlTemplate\":\"https:\/\/www.noticiasradioreflejos.com.ar\/2021\/?s={search_term_string}\"},\"query-input\":{\"@type\":\"PropertyValueSpecification\",\"valueRequired\":true,\"valueName\":\"search_term_string\"}}],\"inLanguage\":\"es\"},{\"@type\":\"Person\",\"@id\":\"https:\/\/www.noticiasradioreflejos.com.ar\/2021\/#\/schema\/person\/ad82545263dcc5ec0996818884fd5fb1\",\"name\":\"Arnaldo Botto\",\"image\":{\"@type\":\"ImageObject\",\"inLanguage\":\"es\",\"@id\":\"https:\/\/www.noticiasradioreflejos.com.ar\/2021\/#\/schema\/person\/image\/\",\"url\":\"https:\/\/secure.gravatar.com\/avatar\/55cb5e37c1efa326397366e6974cb338056df65cb50e7d64d1cf314e87504837?s=96&d=mm&r=g\",\"contentUrl\":\"https:\/\/secure.gravatar.com\/avatar\/55cb5e37c1efa326397366e6974cb338056df65cb50e7d64d1cf314e87504837?s=96&d=mm&r=g\",\"caption\":\"Arnaldo Botto\"},\"url\":\"https:\/\/www.noticiasradioreflejos.com.ar\/2021\/author\/arnaldo\/\"}]}<\/script>\n<!-- \/ Yoast SEO plugin. -->","yoast_head_json":{"title":"Segunda ola: cierre de fronteras, vuelos suspendidos y medidas sanitarias para viajeros - Noticias Radio Reflejos","robots":{"index":"index","follow":"follow","max-snippet":"max-snippet:-1","max-image-preview":"max-image-preview:large","max-video-preview":"max-video-preview:-1"},"canonical":"https:\/\/www.noticiasradioreflejos.com.ar\/2021\/segunda-ola-cierre-de-fronteras-vuelos-suspendidos-y-medidas-sanitarias-para-viajeros\/","og_locale":"es_ES","og_type":"article","og_title":"Segunda ola: cierre de fronteras, vuelos suspendidos y medidas sanitarias para viajeros - Noticias Radio Reflejos","og_description":"El Gobierno nacional estableci\u00f3 las condiciones para el egreso e ingreso a pa\u00eds en el marco de la nueva ola de coronavirus y ratific\u00f3 la suspensi\u00f3n de los vuelos provenientes del Reino Unido, Chile, Brasil y M\u00e9xico.","og_url":"https:\/\/www.noticiasradioreflejos.com.ar\/2021\/segunda-ola-cierre-de-fronteras-vuelos-suspendidos-y-medidas-sanitarias-para-viajeros\/","og_site_name":"Noticias Radio Reflejos","article_published_time":"2021-04-10T13:54:44+00:00","og_image":[{"width":300,"height":200,"url":"https:\/\/www.noticiasradioreflejos.com.ar\/2021\/wp-content\/uploads\/2021\/07\/logosol300x200.png","type":"image\/png"}],"author":"Arnaldo Botto","twitter_card":"summary_large_image","schema":{"@context":"https:\/\/schema.org","@graph":[{"@type":"WebPage","@id":"https:\/\/www.noticiasradioreflejos.com.ar\/2021\/segunda-ola-cierre-de-fronteras-vuelos-suspendidos-y-medidas-sanitarias-para-viajeros\/","url":"https:\/\/www.noticiasradioreflejos.com.ar\/2021\/segunda-ola-cierre-de-fronteras-vuelos-suspendidos-y-medidas-sanitarias-para-viajeros\/","name":"Segunda ola: cierre de fronteras, vuelos suspendidos y medidas sanitarias para viajeros - Noticias Radio Reflejos","isPartOf":{"@id":"https:\/\/www.noticiasradioreflejos.com.ar\/2021\/#website"},"datePublished":"2021-04-10T13:54:44+00:00","author":{"@id":"https:\/\/www.noticiasradioreflejos.com.ar\/2021\/#\/schema\/person\/ad82545263dcc5ec0996818884fd5fb1"},"breadcrumb":{"@id":"https:\/\/www.noticiasradioreflejos.com.ar\/2021\/segunda-ola-cierre-de-fronteras-vuelos-suspendidos-y-medidas-sanitarias-para-viajeros\/#breadcrumb"},"inLanguage":"es","potentialAction":[{"@type":"ReadAction","target":["https:\/\/www.noticiasradioreflejos.com.ar\/2021\/segunda-ola-cierre-de-fronteras-vuelos-suspendidos-y-medidas-sanitarias-para-viajeros\/"]}]},{"@type":"BreadcrumbList","@id":"https:\/\/www.noticiasradioreflejos.com.ar\/2021\/segunda-ola-cierre-de-fronteras-vuelos-suspendidos-y-medidas-sanitarias-para-viajeros\/#breadcrumb","itemListElement":[{"@type":"ListItem","position":1,"name":"Portada","item":"https:\/\/www.noticiasradioreflejos.com.ar\/2021\/"},{"@type":"ListItem","position":2,"name":"Segunda ola: cierre de fronteras, vuelos suspendidos y medidas sanitarias para viajeros"}]},{"@type":"WebSite","@id":"https:\/\/www.noticiasradioreflejos.com.ar\/2021\/#website","url":"https:\/\/www.noticiasradioreflejos.com.ar\/2021\/","name":"Noticias Radio Reflejos","description":"Las noticias de mi comarca","potentialAction":[{"@type":"SearchAction","target":{"@type":"EntryPoint","urlTemplate":"https:\/\/www.noticiasradioreflejos.com.ar\/2021\/?s={search_term_string}"},"query-input":{"@type":"PropertyValueSpecification","valueRequired":true,"valueName":"search_term_string"}}],"inLanguage":"es"},{"@type":"Person","@id":"https:\/\/www.noticiasradioreflejos.com.ar\/2021\/#\/schema\/person\/ad82545263dcc5ec0996818884fd5fb1","name":"Arnaldo Botto","image":{"@type":"ImageObject","inLanguage":"es","@id":"https:\/\/www.noticiasradioreflejos.com.ar\/2021\/#\/schema\/person\/image\/","url":"https:\/\/secure.gravatar.com\/avatar\/55cb5e37c1efa326397366e6974cb338056df65cb50e7d64d1cf314e87504837?s=96&d=mm&r=g","contentUrl":"https:\/\/secure.gravatar.com\/avatar\/55cb5e37c1efa326397366e6974cb338056df65cb50e7d64d1cf314e87504837?s=96&d=mm&r=g","caption":"Arnaldo Botto"},"url":"https:\/\/www.noticiasradioreflejos.com.ar\/2021\/author\/arnaldo\/"}]}},"_links":{"self":[{"href":"https:\/\/www.noticiasradioreflejos.com.ar\/2021\/wp-json\/wp\/v2\/posts\/55174","targetHints":{"allow":["GET"]}}],"collection":[{"href":"https:\/\/www.noticiasradioreflejos.com.ar\/2021\/wp-json\/wp\/v2\/posts"}],"about":[{"href":"https:\/\/www.noticiasradioreflejos.com.ar\/2021\/wp-json\/wp\/v2\/types\/post"}],"author":[{"embeddable":true,"href":"https:\/\/www.noticiasradioreflejos.com.ar\/2021\/wp-json\/wp\/v2\/users\/3"}],"replies":[{"embeddable":true,"href":"https:\/\/www.noticiasradioreflejos.com.ar\/2021\/wp-json\/wp\/v2\/comments?post=55174"}],"version-history":[{"count":0,"href":"https:\/\/www.noticiasradioreflejos.com.ar\/2021\/wp-json\/wp\/v2\/posts\/55174\/revisions"}],"wp:attachment":[{"href":"https:\/\/www.noticiasradioreflejos.com.ar\/2021\/wp-json\/wp\/v2\/media?parent=55174"}],"wp:term":[{"taxonomy":"category","embeddable":true,"href":"https:\/\/www.noticiasradioreflejos.com.ar\/2021\/wp-json\/wp\/v2\/categories?post=55174"},{"taxonomy":"post_tag","embeddable":true,"href":"https:\/\/www.noticiasradioreflejos.com.ar\/2021\/wp-json\/wp\/v2\/tags?post=55174"}],"curies":[{"name":"wp","href":"https:\/\/api.w.org\/{rel}","templated":true}]}}