{"id":55171,"date":"2021-04-10T10:41:09","date_gmt":"2021-04-10T13:41:09","guid":{"rendered":"http:\/\/www.noticiasradioreflejos.com.ar\/noticias\/?p=55171"},"modified":"2021-04-10T10:41:09","modified_gmt":"2021-04-10T13:41:09","slug":"accidente-con-heridos-en-ruta-provincial-76","status":"publish","type":"post","link":"https:\/\/www.noticiasradioreflejos.com.ar\/2021\/accidente-con-heridos-en-ruta-provincial-76\/","title":{"rendered":"Accidente con heridos en ruta provincial 76"},"content":{"rendered":"<p>Alrededor de las seis de la ma\u00f1ana de este s\u00e1bado 10 de abril, Bomberos Voluntarios de Tornquist junto a personal policial y de salud fueron alertados por un accidente ocurrido en el kil\u00f3metro 228(Cercano al Mirador) de la ruta provincial 76.<!--more--><\/p>\n<p>En ese lugar un veh\u00edculo utilitario Renault Express(CAZ 064), impact\u00f3 contra postes de contenci\u00f3n de un puente sentido Sierra de la Ventana- Tornquist quedando el rodado con serios da\u00f1os  sobre la ruta, entre los postes.<\/p>\n<p>A ra\u00edz del accidente resultaron con lesiones NOEL NORMANDO CHOQUE(20) , oriundo de Jujuy y domiciliado en San Andr\u00e9s de la Sierra y su acompa\u00f1ante JUAN FRANCISCO CACERES(21), domiciliado en Espa\u00f1a 867, de Tornquist. Ambos fueron derivados al hospital municipal, sin riesgo de vida.<\/p>\n<p>Trabajaron Bomberos Voluntarios de Tornquist, ambulancias de hospital municipal, personal policial de Villa Ventana y Villa Serrana La Gruta.<\/p>\n<p>En el hecho intervino la Ayudant\u00eda Fiscal de Tornquist y el Juzgado de garant\u00edas N\u00ba 2 del departamento judicial de Bah\u00eda Blanca. Caratula: Lesiones culposas.<\/p>\n","protected":false},"excerpt":{"rendered":"<p>Alrededor de las seis de la ma\u00f1ana de este s\u00e1bado 10 de abril, Bomberos Voluntarios de Tornquist junto a personal policial y de salud fueron alertados por un accidente ocurrido en el kil\u00f3metro 228(Cercano al Mirador) de la ruta provincial 76.<\/p>\n","protected":false},"author":3,"featured_media":0,"comment_status":"closed","ping_status":"open","sticky":false,"template":"","format":"standard","meta":{"footnotes":""},"categories":[29],"tags":[],"class_list":["post-55171","post","type-post","status-publish","format-standard","hentry","category-policiales"],"yoast_head":"<!-- This site is optimized with the Yoast SEO plugin v25.9 - https:\/\/yoast.com\/wordpress\/plugins\/seo\/ -->\n<title>Accidente con heridos en ruta provincial 76 - Noticias Radio Reflejos<\/title>\n<meta name=\"robots\" content=\"index, follow, max-snippet:-1, max-image-preview:large, max-video-preview:-1\" \/>\n<link rel=\"canonical\" href=\"https:\/\/www.noticiasradioreflejos.com.ar\/2021\/accidente-con-heridos-en-ruta-provincial-76\/\" \/>\n<meta property=\"og:locale\" content=\"es_ES\" \/>\n<meta property=\"og:type\" content=\"article\" \/>\n<meta property=\"og:title\" content=\"Accidente con heridos en ruta provincial 76 - Noticias Radio Reflejos\" \/>\n<meta property=\"og:description\" content=\"Alrededor de las seis de la ma\u00f1ana de este s\u00e1bado 10 de abril, Bomberos Voluntarios de Tornquist junto a personal policial y de salud fueron alertados por un accidente ocurrido en el kil\u00f3metro 228(Cercano al Mirador) de la ruta provincial 76.\" \/>\n<meta property=\"og:url\" content=\"https:\/\/www.noticiasradioreflejos.com.ar\/2021\/accidente-con-heridos-en-ruta-provincial-76\/\" \/>\n<meta property=\"og:site_name\" content=\"Noticias Radio Reflejos\" \/>\n<meta property=\"article:published_time\" content=\"2021-04-10T13:41:09+00:00\" \/>\n<meta property=\"og:image\" content=\"https:\/\/www.noticiasradioreflejos.com.ar\/2021\/wp-content\/uploads\/2021\/07\/logosol300x200.png\" \/>\n\t<meta property=\"og:image:width\" content=\"300\" \/>\n\t<meta property=\"og:image:height\" content=\"200\" \/>\n\t<meta property=\"og:image:type\" content=\"image\/png\" \/>\n<meta name=\"author\" content=\"Arnaldo Botto\" \/>\n<meta name=\"twitter:card\" content=\"summary_large_image\" \/>\n<script type=\"application\/ld+json\" class=\"yoast-schema-graph\">{\"@context\":\"https:\/\/schema.org\",\"@graph\":[{\"@type\":\"WebPage\",\"@id\":\"https:\/\/www.noticiasradioreflejos.com.ar\/2021\/accidente-con-heridos-en-ruta-provincial-76\/\",\"url\":\"https:\/\/www.noticiasradioreflejos.com.ar\/2021\/accidente-con-heridos-en-ruta-provincial-76\/\",\"name\":\"Accidente con heridos en ruta provincial 76 - Noticias Radio Reflejos\",\"isPartOf\":{\"@id\":\"https:\/\/www.noticiasradioreflejos.com.ar\/2021\/#website\"},\"datePublished\":\"2021-04-10T13:41:09+00:00\",\"author\":{\"@id\":\"https:\/\/www.noticiasradioreflejos.com.ar\/2021\/#\/schema\/person\/ad82545263dcc5ec0996818884fd5fb1\"},\"breadcrumb\":{\"@id\":\"https:\/\/www.noticiasradioreflejos.com.ar\/2021\/accidente-con-heridos-en-ruta-provincial-76\/#breadcrumb\"},\"inLanguage\":\"es\",\"potentialAction\":[{\"@type\":\"ReadAction\",\"target\":[\"https:\/\/www.noticiasradioreflejos.com.ar\/2021\/accidente-con-heridos-en-ruta-provincial-76\/\"]}]},{\"@type\":\"BreadcrumbList\",\"@id\":\"https:\/\/www.noticiasradioreflejos.com.ar\/2021\/accidente-con-heridos-en-ruta-provincial-76\/#breadcrumb\",\"itemListElement\":[{\"@type\":\"ListItem\",\"position\":1,\"name\":\"Portada\",\"item\":\"https:\/\/www.noticiasradioreflejos.com.ar\/2021\/\"},{\"@type\":\"ListItem\",\"position\":2,\"name\":\"Accidente con heridos en ruta provincial 76\"}]},{\"@type\":\"WebSite\",\"@id\":\"https:\/\/www.noticiasradioreflejos.com.ar\/2021\/#website\",\"url\":\"https:\/\/www.noticiasradioreflejos.com.ar\/2021\/\",\"name\":\"Noticias Radio Reflejos\",\"description\":\"Las noticias de mi comarca\",\"potentialAction\":[{\"@type\":\"SearchAction\",\"target\":{\"@type\":\"EntryPoint\",\"urlTemplate\":\"https:\/\/www.noticiasradioreflejos.com.ar\/2021\/?s={search_term_string}\"},\"query-input\":{\"@type\":\"PropertyValueSpecification\",\"valueRequired\":true,\"valueName\":\"search_term_string\"}}],\"inLanguage\":\"es\"},{\"@type\":\"Person\",\"@id\":\"https:\/\/www.noticiasradioreflejos.com.ar\/2021\/#\/schema\/person\/ad82545263dcc5ec0996818884fd5fb1\",\"name\":\"Arnaldo Botto\",\"image\":{\"@type\":\"ImageObject\",\"inLanguage\":\"es\",\"@id\":\"https:\/\/www.noticiasradioreflejos.com.ar\/2021\/#\/schema\/person\/image\/\",\"url\":\"https:\/\/secure.gravatar.com\/avatar\/55cb5e37c1efa326397366e6974cb338056df65cb50e7d64d1cf314e87504837?s=96&d=mm&r=g\",\"contentUrl\":\"https:\/\/secure.gravatar.com\/avatar\/55cb5e37c1efa326397366e6974cb338056df65cb50e7d64d1cf314e87504837?s=96&d=mm&r=g\",\"caption\":\"Arnaldo Botto\"},\"url\":\"https:\/\/www.noticiasradioreflejos.com.ar\/2021\/author\/arnaldo\/\"}]}<\/script>\n<!-- \/ Yoast SEO plugin. -->","yoast_head_json":{"title":"Accidente con heridos en ruta provincial 76 - Noticias Radio Reflejos","robots":{"index":"index","follow":"follow","max-snippet":"max-snippet:-1","max-image-preview":"max-image-preview:large","max-video-preview":"max-video-preview:-1"},"canonical":"https:\/\/www.noticiasradioreflejos.com.ar\/2021\/accidente-con-heridos-en-ruta-provincial-76\/","og_locale":"es_ES","og_type":"article","og_title":"Accidente con heridos en ruta provincial 76 - Noticias Radio Reflejos","og_description":"Alrededor de las seis de la ma\u00f1ana de este s\u00e1bado 10 de abril, Bomberos Voluntarios de Tornquist junto a personal policial y de salud fueron alertados por un accidente ocurrido en el kil\u00f3metro 228(Cercano al Mirador) de la ruta provincial 76.","og_url":"https:\/\/www.noticiasradioreflejos.com.ar\/2021\/accidente-con-heridos-en-ruta-provincial-76\/","og_site_name":"Noticias Radio Reflejos","article_published_time":"2021-04-10T13:41:09+00:00","og_image":[{"width":300,"height":200,"url":"https:\/\/www.noticiasradioreflejos.com.ar\/2021\/wp-content\/uploads\/2021\/07\/logosol300x200.png","type":"image\/png"}],"author":"Arnaldo Botto","twitter_card":"summary_large_image","schema":{"@context":"https:\/\/schema.org","@graph":[{"@type":"WebPage","@id":"https:\/\/www.noticiasradioreflejos.com.ar\/2021\/accidente-con-heridos-en-ruta-provincial-76\/","url":"https:\/\/www.noticiasradioreflejos.com.ar\/2021\/accidente-con-heridos-en-ruta-provincial-76\/","name":"Accidente con heridos en ruta provincial 76 - Noticias Radio Reflejos","isPartOf":{"@id":"https:\/\/www.noticiasradioreflejos.com.ar\/2021\/#website"},"datePublished":"2021-04-10T13:41:09+00:00","author":{"@id":"https:\/\/www.noticiasradioreflejos.com.ar\/2021\/#\/schema\/person\/ad82545263dcc5ec0996818884fd5fb1"},"breadcrumb":{"@id":"https:\/\/www.noticiasradioreflejos.com.ar\/2021\/accidente-con-heridos-en-ruta-provincial-76\/#breadcrumb"},"inLanguage":"es","potentialAction":[{"@type":"ReadAction","target":["https:\/\/www.noticiasradioreflejos.com.ar\/2021\/accidente-con-heridos-en-ruta-provincial-76\/"]}]},{"@type":"BreadcrumbList","@id":"https:\/\/www.noticiasradioreflejos.com.ar\/2021\/accidente-con-heridos-en-ruta-provincial-76\/#breadcrumb","itemListElement":[{"@type":"ListItem","position":1,"name":"Portada","item":"https:\/\/www.noticiasradioreflejos.com.ar\/2021\/"},{"@type":"ListItem","position":2,"name":"Accidente con heridos en ruta provincial 76"}]},{"@type":"WebSite","@id":"https:\/\/www.noticiasradioreflejos.com.ar\/2021\/#website","url":"https:\/\/www.noticiasradioreflejos.com.ar\/2021\/","name":"Noticias Radio Reflejos","description":"Las noticias de mi comarca","potentialAction":[{"@type":"SearchAction","target":{"@type":"EntryPoint","urlTemplate":"https:\/\/www.noticiasradioreflejos.com.ar\/2021\/?s={search_term_string}"},"query-input":{"@type":"PropertyValueSpecification","valueRequired":true,"valueName":"search_term_string"}}],"inLanguage":"es"},{"@type":"Person","@id":"https:\/\/www.noticiasradioreflejos.com.ar\/2021\/#\/schema\/person\/ad82545263dcc5ec0996818884fd5fb1","name":"Arnaldo Botto","image":{"@type":"ImageObject","inLanguage":"es","@id":"https:\/\/www.noticiasradioreflejos.com.ar\/2021\/#\/schema\/person\/image\/","url":"https:\/\/secure.gravatar.com\/avatar\/55cb5e37c1efa326397366e6974cb338056df65cb50e7d64d1cf314e87504837?s=96&d=mm&r=g","contentUrl":"https:\/\/secure.gravatar.com\/avatar\/55cb5e37c1efa326397366e6974cb338056df65cb50e7d64d1cf314e87504837?s=96&d=mm&r=g","caption":"Arnaldo Botto"},"url":"https:\/\/www.noticiasradioreflejos.com.ar\/2021\/author\/arnaldo\/"}]}},"_links":{"self":[{"href":"https:\/\/www.noticiasradioreflejos.com.ar\/2021\/wp-json\/wp\/v2\/posts\/55171","targetHints":{"allow":["GET"]}}],"collection":[{"href":"https:\/\/www.noticiasradioreflejos.com.ar\/2021\/wp-json\/wp\/v2\/posts"}],"about":[{"href":"https:\/\/www.noticiasradioreflejos.com.ar\/2021\/wp-json\/wp\/v2\/types\/post"}],"author":[{"embeddable":true,"href":"https:\/\/www.noticiasradioreflejos.com.ar\/2021\/wp-json\/wp\/v2\/users\/3"}],"replies":[{"embeddable":true,"href":"https:\/\/www.noticiasradioreflejos.com.ar\/2021\/wp-json\/wp\/v2\/comments?post=55171"}],"version-history":[{"count":0,"href":"https:\/\/www.noticiasradioreflejos.com.ar\/2021\/wp-json\/wp\/v2\/posts\/55171\/revisions"}],"wp:attachment":[{"href":"https:\/\/www.noticiasradioreflejos.com.ar\/2021\/wp-json\/wp\/v2\/media?parent=55171"}],"wp:term":[{"taxonomy":"category","embeddable":true,"href":"https:\/\/www.noticiasradioreflejos.com.ar\/2021\/wp-json\/wp\/v2\/categories?post=55171"},{"taxonomy":"post_tag","embeddable":true,"href":"https:\/\/www.noticiasradioreflejos.com.ar\/2021\/wp-json\/wp\/v2\/tags?post=55171"}],"curies":[{"name":"wp","href":"https:\/\/api.w.org\/{rel}","templated":true}]}}