{"id":55126,"date":"2021-04-09T08:22:30","date_gmt":"2021-04-09T11:22:30","guid":{"rendered":"http:\/\/www.noticiasradioreflejos.com.ar\/noticias\/?p=55126"},"modified":"2021-04-09T08:22:30","modified_gmt":"2021-04-09T11:22:30","slug":"continuan-a-buen-ritmo-los-trabajos-en-la-autopista-rn-33-entre-bahia-blanca-y-tornquist","status":"publish","type":"post","link":"https:\/\/www.noticiasradioreflejos.com.ar\/2021\/continuan-a-buen-ritmo-los-trabajos-en-la-autopista-rn-33-entre-bahia-blanca-y-tornquist\/","title":{"rendered":"Contin\u00faan a buen ritmo los trabajos en la autopista RN 33 entre Bah\u00eda Blanca y Tornquist"},"content":{"rendered":"<p>El Ministerio de Obras P\u00fablicas a trav\u00e9s de Vialidad Nacional informa que, <strong>contin\u00faan los trabajos en la autopista sobre la Ruta Nacional N\u00b0 33 <\/strong><strong>entre las ciudades de Bah\u00eda Blanca y Tornquist<\/strong>.<!--more--><\/p>\n<p><a title=\"WhatsApp Image 2021-04-09 at 08.10.42 (1)\" href=\"http:\/\/live.staticflickr.com\/65535\/51105651310_de67a05db6_s.jpg\" rel=\"\"><img loading=\"lazy\" decoding=\"async\" class=\"aligncenter\" title=\"WhatsApp Image 2021-04-09 at 08.10.42 (1)\" src=\"http:\/\/live.staticflickr.com\/65535\/51105651310_de67a05db6_c.jpg\" alt=\"WhatsApp Image 2021-04-09 at 08.10.42 (1)\" width=\"800\" height=\"593\" \/><\/a><\/p>\n<p>Los trabajos de esta semana corresponden a la ejecuci\u00f3n de la <strong>carpeta asf\u00e1ltica de la calzada principal, desde el km 22 al 27<\/strong>. Por otro lado, se realizan tareas de construcci\u00f3n de terrapl\u00e9n en el intercambiador 2 del km 18. En ese mismo sector finaliz\u00f3 el <strong>montaje de las vigas de los puentes<\/strong>.<\/p>\n<p>\u201cEstamos muy contentos porque la obra avanza sin pausa en todos sus frentes de trabajo, y esto es gracias al esfuerzo que hace el equipo de trabajo del 19 Distrito de Vialidad Nacional junto a nuestra casa central. Tambi\u00e9n contamos con el apoyo del administrador Gustavo Arrieta y la decisi\u00f3n pol\u00edtica del ministro de Obras P\u00fablicas, Gabriel Katopodis y del presidente Alberto Fern\u00e1ndez, que est\u00e1n haciendo posible la materializaci\u00f3n del sue\u00f1o de varias generaciones de hombres y mujeres de nuestra regi\u00f3n\u201d, <strong>afirm\u00f3 el jefe del distrito local, Lic. Gustavo Trankels<\/strong>.<\/p>\n<p><a title=\"WhatsApp Image 2021-04-09 at 08.10.42 (2)\" href=\"http:\/\/live.staticflickr.com\/65535\/51104541616_09b0dafeaf_s.jpg\" rel=\"\"><img loading=\"lazy\" decoding=\"async\" class=\"aligncenter\" title=\"WhatsApp Image 2021-04-09 at 08.10.42 (2)\" src=\"http:\/\/live.staticflickr.com\/65535\/51104541616_09b0dafeaf_c.jpg\" alt=\"WhatsApp Image 2021-04-09 at 08.10.42 (2)\" width=\"800\" height=\"571\" \/><\/a><\/p>\n<p><strong>La esperada y necesaria obra entre Bah\u00eda Blanca y Tornquist <\/strong><strong>potenciara el tr\u00e1nsito y la seguridad vial en una de las v\u00edas de comunicaci\u00f3n m\u00e1s importantes del sur de la provincia de Buenos Aires<\/strong> hacia el puerto de Rosario, pasando por las localidades del corredor productivo agr\u00edcola y ganadero, uni\u00e9ndolo con el puerto de Ingeniero White. \u00a0El proyecto abarca un tramo de 33 km y mejorar\u00e1 las condiciones de circulaci\u00f3n de m\u00e1s de 4.500 usuarios por d\u00eda.<\/p>\n<p><iframe loading=\"lazy\" width=\"560\" height=\"315\" src=\"https:\/\/www.youtube.com\/embed\/L3L7VUeXRKM\" title=\"YouTube video player\" frameborder=\"0\" allow=\"accelerometer; autoplay; clipboard-write; encrypted-media; gyroscope; picture-in-picture\" allowfullscreen><\/iframe><\/p>\n<p>Recordamos que el proyecto contempla la ejecuci\u00f3n de <strong>103 alcantarillas transversales y 28 laterales, as\u00ed como la construcci\u00f3n de 5 intercambiadores<\/strong> (a distinto nivel) tipo diamante para el acceso a las calles vecinales y retornos.<\/p>\n<p><a title=\"WhatsApp Image 2021-04-09 at 08.10.42\" href=\"http:\/\/live.staticflickr.com\/65535\/51105651220_0e0483a289_s.jpg\" rel=\"\"><img loading=\"lazy\" decoding=\"async\" class=\"aligncenter\" title=\"WhatsApp Image 2021-04-09 at 08.10.42\" src=\"http:\/\/live.staticflickr.com\/65535\/51105651220_0e0483a289_z.jpg\" alt=\"WhatsApp Image 2021-04-09 at 08.10.42\" width=\"431\" height=\"640\" \/><\/a><\/p>\n","protected":false},"excerpt":{"rendered":"<p>El Ministerio de Obras P\u00fablicas a trav\u00e9s de Vialidad Nacional informa que, contin\u00faan los trabajos en la autopista sobre la Ruta Nacional N\u00b0 33 entre las ciudades de Bah\u00eda Blanca y Tornquist.<\/p>\n","protected":false},"author":3,"featured_media":0,"comment_status":"closed","ping_status":"open","sticky":false,"template":"","format":"standard","meta":{"footnotes":""},"categories":[25],"tags":[],"class_list":["post-55126","post","type-post","status-publish","format-standard","hentry","category-uncategorized"],"yoast_head":"<!-- This site is optimized with the Yoast SEO plugin v25.9 - https:\/\/yoast.com\/wordpress\/plugins\/seo\/ -->\n<title>Contin\u00faan a buen ritmo los trabajos en la autopista RN 33 entre Bah\u00eda Blanca y Tornquist - Noticias Radio Reflejos<\/title>\n<meta name=\"robots\" content=\"index, follow, max-snippet:-1, max-image-preview:large, max-video-preview:-1\" \/>\n<link rel=\"canonical\" href=\"https:\/\/www.noticiasradioreflejos.com.ar\/2021\/continuan-a-buen-ritmo-los-trabajos-en-la-autopista-rn-33-entre-bahia-blanca-y-tornquist\/\" \/>\n<meta property=\"og:locale\" content=\"es_ES\" \/>\n<meta property=\"og:type\" content=\"article\" \/>\n<meta property=\"og:title\" content=\"Contin\u00faan a buen ritmo los trabajos en la autopista RN 33 entre Bah\u00eda Blanca y Tornquist - Noticias Radio Reflejos\" \/>\n<meta property=\"og:description\" content=\"El Ministerio de Obras P\u00fablicas a trav\u00e9s de Vialidad Nacional informa que, contin\u00faan los trabajos en la autopista sobre la Ruta Nacional N\u00b0 33 entre las ciudades de Bah\u00eda Blanca y Tornquist.\" \/>\n<meta property=\"og:url\" content=\"https:\/\/www.noticiasradioreflejos.com.ar\/2021\/continuan-a-buen-ritmo-los-trabajos-en-la-autopista-rn-33-entre-bahia-blanca-y-tornquist\/\" \/>\n<meta property=\"og:site_name\" content=\"Noticias Radio Reflejos\" \/>\n<meta property=\"article:published_time\" content=\"2021-04-09T11:22:30+00:00\" \/>\n<meta property=\"og:image\" content=\"http:\/\/live.staticflickr.com\/65535\/51105651310_de67a05db6_c.jpg\" \/>\n<meta name=\"author\" content=\"Arnaldo Botto\" \/>\n<meta name=\"twitter:card\" content=\"summary_large_image\" \/>\n<script type=\"application\/ld+json\" class=\"yoast-schema-graph\">{\"@context\":\"https:\/\/schema.org\",\"@graph\":[{\"@type\":\"WebPage\",\"@id\":\"https:\/\/www.noticiasradioreflejos.com.ar\/2021\/continuan-a-buen-ritmo-los-trabajos-en-la-autopista-rn-33-entre-bahia-blanca-y-tornquist\/\",\"url\":\"https:\/\/www.noticiasradioreflejos.com.ar\/2021\/continuan-a-buen-ritmo-los-trabajos-en-la-autopista-rn-33-entre-bahia-blanca-y-tornquist\/\",\"name\":\"Contin\u00faan a buen ritmo los trabajos en la autopista RN 33 entre Bah\u00eda Blanca y Tornquist - Noticias Radio Reflejos\",\"isPartOf\":{\"@id\":\"https:\/\/www.noticiasradioreflejos.com.ar\/2021\/#website\"},\"primaryImageOfPage\":{\"@id\":\"https:\/\/www.noticiasradioreflejos.com.ar\/2021\/continuan-a-buen-ritmo-los-trabajos-en-la-autopista-rn-33-entre-bahia-blanca-y-tornquist\/#primaryimage\"},\"image\":{\"@id\":\"https:\/\/www.noticiasradioreflejos.com.ar\/2021\/continuan-a-buen-ritmo-los-trabajos-en-la-autopista-rn-33-entre-bahia-blanca-y-tornquist\/#primaryimage\"},\"thumbnailUrl\":\"http:\/\/live.staticflickr.com\/65535\/51105651310_de67a05db6_c.jpg\",\"datePublished\":\"2021-04-09T11:22:30+00:00\",\"author\":{\"@id\":\"https:\/\/www.noticiasradioreflejos.com.ar\/2021\/#\/schema\/person\/ad82545263dcc5ec0996818884fd5fb1\"},\"breadcrumb\":{\"@id\":\"https:\/\/www.noticiasradioreflejos.com.ar\/2021\/continuan-a-buen-ritmo-los-trabajos-en-la-autopista-rn-33-entre-bahia-blanca-y-tornquist\/#breadcrumb\"},\"inLanguage\":\"es\",\"potentialAction\":[{\"@type\":\"ReadAction\",\"target\":[\"https:\/\/www.noticiasradioreflejos.com.ar\/2021\/continuan-a-buen-ritmo-los-trabajos-en-la-autopista-rn-33-entre-bahia-blanca-y-tornquist\/\"]}]},{\"@type\":\"ImageObject\",\"inLanguage\":\"es\",\"@id\":\"https:\/\/www.noticiasradioreflejos.com.ar\/2021\/continuan-a-buen-ritmo-los-trabajos-en-la-autopista-rn-33-entre-bahia-blanca-y-tornquist\/#primaryimage\",\"url\":\"http:\/\/live.staticflickr.com\/65535\/51105651310_de67a05db6_c.jpg\",\"contentUrl\":\"http:\/\/live.staticflickr.com\/65535\/51105651310_de67a05db6_c.jpg\"},{\"@type\":\"BreadcrumbList\",\"@id\":\"https:\/\/www.noticiasradioreflejos.com.ar\/2021\/continuan-a-buen-ritmo-los-trabajos-en-la-autopista-rn-33-entre-bahia-blanca-y-tornquist\/#breadcrumb\",\"itemListElement\":[{\"@type\":\"ListItem\",\"position\":1,\"name\":\"Portada\",\"item\":\"https:\/\/www.noticiasradioreflejos.com.ar\/2021\/\"},{\"@type\":\"ListItem\",\"position\":2,\"name\":\"Contin\u00faan a buen ritmo los trabajos en la autopista RN 33 entre Bah\u00eda Blanca y Tornquist\"}]},{\"@type\":\"WebSite\",\"@id\":\"https:\/\/www.noticiasradioreflejos.com.ar\/2021\/#website\",\"url\":\"https:\/\/www.noticiasradioreflejos.com.ar\/2021\/\",\"name\":\"Noticias Radio Reflejos\",\"description\":\"Las noticias de mi comarca\",\"potentialAction\":[{\"@type\":\"SearchAction\",\"target\":{\"@type\":\"EntryPoint\",\"urlTemplate\":\"https:\/\/www.noticiasradioreflejos.com.ar\/2021\/?s={search_term_string}\"},\"query-input\":{\"@type\":\"PropertyValueSpecification\",\"valueRequired\":true,\"valueName\":\"search_term_string\"}}],\"inLanguage\":\"es\"},{\"@type\":\"Person\",\"@id\":\"https:\/\/www.noticiasradioreflejos.com.ar\/2021\/#\/schema\/person\/ad82545263dcc5ec0996818884fd5fb1\",\"name\":\"Arnaldo Botto\",\"image\":{\"@type\":\"ImageObject\",\"inLanguage\":\"es\",\"@id\":\"https:\/\/www.noticiasradioreflejos.com.ar\/2021\/#\/schema\/person\/image\/\",\"url\":\"https:\/\/secure.gravatar.com\/avatar\/55cb5e37c1efa326397366e6974cb338056df65cb50e7d64d1cf314e87504837?s=96&d=mm&r=g\",\"contentUrl\":\"https:\/\/secure.gravatar.com\/avatar\/55cb5e37c1efa326397366e6974cb338056df65cb50e7d64d1cf314e87504837?s=96&d=mm&r=g\",\"caption\":\"Arnaldo Botto\"},\"url\":\"https:\/\/www.noticiasradioreflejos.com.ar\/2021\/author\/arnaldo\/\"}]}<\/script>\n<!-- \/ Yoast SEO plugin. -->","yoast_head_json":{"title":"Contin\u00faan a buen ritmo los trabajos en la autopista RN 33 entre Bah\u00eda Blanca y Tornquist - Noticias Radio Reflejos","robots":{"index":"index","follow":"follow","max-snippet":"max-snippet:-1","max-image-preview":"max-image-preview:large","max-video-preview":"max-video-preview:-1"},"canonical":"https:\/\/www.noticiasradioreflejos.com.ar\/2021\/continuan-a-buen-ritmo-los-trabajos-en-la-autopista-rn-33-entre-bahia-blanca-y-tornquist\/","og_locale":"es_ES","og_type":"article","og_title":"Contin\u00faan a buen ritmo los trabajos en la autopista RN 33 entre Bah\u00eda Blanca y Tornquist - Noticias Radio Reflejos","og_description":"El Ministerio de Obras P\u00fablicas a trav\u00e9s de Vialidad Nacional informa que, contin\u00faan los trabajos en la autopista sobre la Ruta Nacional N\u00b0 33 entre las ciudades de Bah\u00eda Blanca y Tornquist.","og_url":"https:\/\/www.noticiasradioreflejos.com.ar\/2021\/continuan-a-buen-ritmo-los-trabajos-en-la-autopista-rn-33-entre-bahia-blanca-y-tornquist\/","og_site_name":"Noticias Radio Reflejos","article_published_time":"2021-04-09T11:22:30+00:00","og_image":[{"url":"http:\/\/live.staticflickr.com\/65535\/51105651310_de67a05db6_c.jpg","type":"","width":"","height":""}],"author":"Arnaldo Botto","twitter_card":"summary_large_image","schema":{"@context":"https:\/\/schema.org","@graph":[{"@type":"WebPage","@id":"https:\/\/www.noticiasradioreflejos.com.ar\/2021\/continuan-a-buen-ritmo-los-trabajos-en-la-autopista-rn-33-entre-bahia-blanca-y-tornquist\/","url":"https:\/\/www.noticiasradioreflejos.com.ar\/2021\/continuan-a-buen-ritmo-los-trabajos-en-la-autopista-rn-33-entre-bahia-blanca-y-tornquist\/","name":"Contin\u00faan a buen ritmo los trabajos en la autopista RN 33 entre Bah\u00eda Blanca y Tornquist - Noticias Radio Reflejos","isPartOf":{"@id":"https:\/\/www.noticiasradioreflejos.com.ar\/2021\/#website"},"primaryImageOfPage":{"@id":"https:\/\/www.noticiasradioreflejos.com.ar\/2021\/continuan-a-buen-ritmo-los-trabajos-en-la-autopista-rn-33-entre-bahia-blanca-y-tornquist\/#primaryimage"},"image":{"@id":"https:\/\/www.noticiasradioreflejos.com.ar\/2021\/continuan-a-buen-ritmo-los-trabajos-en-la-autopista-rn-33-entre-bahia-blanca-y-tornquist\/#primaryimage"},"thumbnailUrl":"http:\/\/live.staticflickr.com\/65535\/51105651310_de67a05db6_c.jpg","datePublished":"2021-04-09T11:22:30+00:00","author":{"@id":"https:\/\/www.noticiasradioreflejos.com.ar\/2021\/#\/schema\/person\/ad82545263dcc5ec0996818884fd5fb1"},"breadcrumb":{"@id":"https:\/\/www.noticiasradioreflejos.com.ar\/2021\/continuan-a-buen-ritmo-los-trabajos-en-la-autopista-rn-33-entre-bahia-blanca-y-tornquist\/#breadcrumb"},"inLanguage":"es","potentialAction":[{"@type":"ReadAction","target":["https:\/\/www.noticiasradioreflejos.com.ar\/2021\/continuan-a-buen-ritmo-los-trabajos-en-la-autopista-rn-33-entre-bahia-blanca-y-tornquist\/"]}]},{"@type":"ImageObject","inLanguage":"es","@id":"https:\/\/www.noticiasradioreflejos.com.ar\/2021\/continuan-a-buen-ritmo-los-trabajos-en-la-autopista-rn-33-entre-bahia-blanca-y-tornquist\/#primaryimage","url":"http:\/\/live.staticflickr.com\/65535\/51105651310_de67a05db6_c.jpg","contentUrl":"http:\/\/live.staticflickr.com\/65535\/51105651310_de67a05db6_c.jpg"},{"@type":"BreadcrumbList","@id":"https:\/\/www.noticiasradioreflejos.com.ar\/2021\/continuan-a-buen-ritmo-los-trabajos-en-la-autopista-rn-33-entre-bahia-blanca-y-tornquist\/#breadcrumb","itemListElement":[{"@type":"ListItem","position":1,"name":"Portada","item":"https:\/\/www.noticiasradioreflejos.com.ar\/2021\/"},{"@type":"ListItem","position":2,"name":"Contin\u00faan a buen ritmo los trabajos en la autopista RN 33 entre Bah\u00eda Blanca y Tornquist"}]},{"@type":"WebSite","@id":"https:\/\/www.noticiasradioreflejos.com.ar\/2021\/#website","url":"https:\/\/www.noticiasradioreflejos.com.ar\/2021\/","name":"Noticias Radio Reflejos","description":"Las noticias de mi comarca","potentialAction":[{"@type":"SearchAction","target":{"@type":"EntryPoint","urlTemplate":"https:\/\/www.noticiasradioreflejos.com.ar\/2021\/?s={search_term_string}"},"query-input":{"@type":"PropertyValueSpecification","valueRequired":true,"valueName":"search_term_string"}}],"inLanguage":"es"},{"@type":"Person","@id":"https:\/\/www.noticiasradioreflejos.com.ar\/2021\/#\/schema\/person\/ad82545263dcc5ec0996818884fd5fb1","name":"Arnaldo Botto","image":{"@type":"ImageObject","inLanguage":"es","@id":"https:\/\/www.noticiasradioreflejos.com.ar\/2021\/#\/schema\/person\/image\/","url":"https:\/\/secure.gravatar.com\/avatar\/55cb5e37c1efa326397366e6974cb338056df65cb50e7d64d1cf314e87504837?s=96&d=mm&r=g","contentUrl":"https:\/\/secure.gravatar.com\/avatar\/55cb5e37c1efa326397366e6974cb338056df65cb50e7d64d1cf314e87504837?s=96&d=mm&r=g","caption":"Arnaldo Botto"},"url":"https:\/\/www.noticiasradioreflejos.com.ar\/2021\/author\/arnaldo\/"}]}},"_links":{"self":[{"href":"https:\/\/www.noticiasradioreflejos.com.ar\/2021\/wp-json\/wp\/v2\/posts\/55126","targetHints":{"allow":["GET"]}}],"collection":[{"href":"https:\/\/www.noticiasradioreflejos.com.ar\/2021\/wp-json\/wp\/v2\/posts"}],"about":[{"href":"https:\/\/www.noticiasradioreflejos.com.ar\/2021\/wp-json\/wp\/v2\/types\/post"}],"author":[{"embeddable":true,"href":"https:\/\/www.noticiasradioreflejos.com.ar\/2021\/wp-json\/wp\/v2\/users\/3"}],"replies":[{"embeddable":true,"href":"https:\/\/www.noticiasradioreflejos.com.ar\/2021\/wp-json\/wp\/v2\/comments?post=55126"}],"version-history":[{"count":0,"href":"https:\/\/www.noticiasradioreflejos.com.ar\/2021\/wp-json\/wp\/v2\/posts\/55126\/revisions"}],"wp:attachment":[{"href":"https:\/\/www.noticiasradioreflejos.com.ar\/2021\/wp-json\/wp\/v2\/media?parent=55126"}],"wp:term":[{"taxonomy":"category","embeddable":true,"href":"https:\/\/www.noticiasradioreflejos.com.ar\/2021\/wp-json\/wp\/v2\/categories?post=55126"},{"taxonomy":"post_tag","embeddable":true,"href":"https:\/\/www.noticiasradioreflejos.com.ar\/2021\/wp-json\/wp\/v2\/tags?post=55126"}],"curies":[{"name":"wp","href":"https:\/\/api.w.org\/{rel}","templated":true}]}}