{"id":55123,"date":"2021-04-09T07:56:48","date_gmt":"2021-04-09T10:56:48","guid":{"rendered":"http:\/\/www.noticiasradioreflejos.com.ar\/noticias\/?p=55123"},"modified":"2021-04-09T07:56:48","modified_gmt":"2021-04-09T10:56:48","slug":"trenes-argentinos-en-busca-de-la-gloria-perdida-y-sierra-de-la-ventana-en-los-planes","status":"publish","type":"post","link":"https:\/\/www.noticiasradioreflejos.com.ar\/2021\/trenes-argentinos-en-busca-de-la-gloria-perdida-y-sierra-de-la-ventana-en-los-planes\/","title":{"rendered":"Trenes Argentinos: En busca de la gloria perdida y Sierra de la Ventana en los planes."},"content":{"rendered":"<p>El 29 de agosto de 1857, la locomotora La Porte\u00f1a tuve su primer recorrido de diez kil\u00f3metros entre la estaci\u00f3n del Parque (donde hoy est\u00e1 el Teatro Col\u00f3n) hasta La Floresta (actual barrio de Flores). Desde entonces, los ferrocarriles han sido un reflejo de apogeos y ca\u00eddas nacionales. \u201cQueremos volver a unir muchos pueblos del pa\u00eds\u201d, asegura hoy Mart\u00edn Marinucci, presidente de Trenes Argentinos.<!--more--><\/p>\n<div id=\"image\" class=\"image\">\n<p><img decoding=\"async\" title=\"En el AMBA se han incorporado nuevas formaciones para obtener m\u00e1s frecuencias.\" src=\"https:\/\/www.telam.com.ar\/advf\/imagenes\/2021\/04\/606e1113aa550_1004x565.jpg\" alt=\"En el AMBA se han incorporado nuevas formaciones para obtener m\u00e1s frecuencias.\" \/><\/p>\n<div class=\"epigrafe\">En el AMBA se han incorporado nuevas formaciones para obtener m\u00e1s frecuencias.<\/div>\n<\/div>\n<p>Una tela de ara\u00f1a que terminaba en el puerto de Buenos Aires para garantizar la \u201cservidumbre nacional\u201d al Imperio Brit\u00e1nico. La posibilidad de unir pueblos distantes y tambi\u00e9n fundarlos. Un instrumento para conectar y pensar la Argentina de otra manera. Los ferrocarriles argentinos fueron todo eso, pero tambi\u00e9n m\u00e1s: una esperanza, un sue\u00f1o, una posibilidad.<\/p>\n<p><strong>Intimamente ligados al desarrollo nacional y al pa\u00eds que naci\u00f3 en la segunda mitad del siglo XIX<\/strong>, con Buenos Aires como epicentro y el Puerto como coraz\u00f3n, el tren se convirti\u00f3 en un s\u00edmbolo nacional que supo de auges y decadencias.<\/p>\n<blockquote><p>En 1948, cuando Juan Domingo Per\u00f3n nacionaliz\u00f3 los ferrocarriles que administraban mayormente compa\u00f1ias inglesas, hab\u00eda 47.500 kil\u00f3metros de v\u00edas operativas. Hoy, poco m\u00e1s de 70 a\u00f1os despu\u00e9s, orillan los 3.800 kilometros<\/p><\/blockquote>\n<p>Los cierres de los ramales comenanzaron en los a\u00f1os 60, con el auge del transporte automotor que cobr\u00f3 impuslo de la mano del gran capital estadounidense.\u00a0<strong>Este proceso se profundiz\u00f3 en los a\u00f1os 90, con la privatizaci\u00f3n y progresiva destrucci\u00f3n de lo que quedaba de la red ferroviaria.<\/strong><\/p>\n<div class=\"image-left\">\n<p><img decoding=\"async\" title=\"El presidente de Trenes Argentino, Mart\u00edn Marinucci, y el ministro de Transporte, Mario Meoni.\" src=\"https:\/\/www.telam.com.ar\/advf\/imagenes\/2021\/04\/606e233d0b8ca_324x182.jpg\" alt=\"El presidente de Trenes Argentino, Mart\u00edn Marinucci, y el ministro de Transporte, Mario Meoni.\" \/><\/p>\n<div class=\"epigrafe\">El presidente de Trenes Argentino, Mart\u00edn Marinucci, y el ministro de Transporte, Mario Meoni.<\/div>\n<\/div>\n<p>Sin embargo, el tren parece vivir hoy un nuevo auge, un tiempo de revancha. Esta vez empujado por\u00a0<strong>la necesidad de recuperar una v\u00eda de comunicaci\u00f3n eficaz, econ\u00f3mica y sana para el medio ambiente<\/strong>. As\u00ed, pueblos y regiones enteras que hab\u00edan quedado rezagadas o al borde de la extinsi\u00f3n por la desaparici\u00f3n del ferrocarril vivien una nueva esperanza.<\/p>\n<p>\u201cEstamos volviendo conectar localidades porque cada tren que dej\u00f3 de llegar a un pueblo es un pueblo que empez\u00f3 a desvanecerse\u201d, explica a T\u00e9lam\u00a0<strong>Mart\u00edn Marinucci, presidente de Trenes Argentinos,<\/strong>\u00a0a la hora de dar cuenta de los primeros pasos de \u201cun proceso en el que nos proponemos reactivar los ramales que han sido cerrados\u201d.<\/p>\n<p>El responsable de la empresa p\u00fablica encargada de administrar la red ferroviaria nacional considera un s\u00edmbolo de la nueva etapa el tren que desde el 8 de febrero pasado\u00a0<strong>vuelve a unir la ciudad de Salta con Campo Quijano<\/strong>, en el norte del pa\u00eds.<\/p>\n<p>\u201cSon 47 kilometros de v\u00eda despu\u00e9s de 50 a\u00f1os sin tener el tren circulando. Fue muy lindo compartir la emoci\u00f3n de muchos pioneros ferroviarios que pensaban que ya nunca se iba a recuperar el tren\u201d, desac\u00f3 el funcionario.<\/p>\n<p>\u201cEn todo el mundo se ha llegado a la conclusi\u00f3n de que el ferrocarril es importante. Es m\u00e1s barato y es la posibilidad de llegar y dar vida a pueblos del interior\u201d, comenta a T\u00e9lam\u00a0<strong>el historiador Norberto Galasso<\/strong>, dando cuenta de un fen\u00f3meno que si bien puede tener raices nacionales es de alcance mundial.<\/p>\n<div class=\"auth\">A d\u00f3nde vamos<\/div>\n<div id=\"image\" class=\"image\">\n<p><img decoding=\"async\" title=\"Divisadero, la terminal de Pinamar. Este ramal que parte de la estaci\u00f3n de General Guido fue un \u00e9xito durante el verano.\" src=\"https:\/\/www.telam.com.ar\/advf\/imagenes\/2021\/04\/606e1113b3204_1004x565.jpg\" alt=\"Divisadero, la terminal de Pinamar. Este ramal que parte de la estaci\u00f3n de General Guido fue un \u00e9xito durante el verano.\" \/><\/p>\n<div class=\"epigrafe\">Divisadero, la terminal de Pinamar. Este ramal que parte de la estaci\u00f3n de General Guido fue un \u00e9xito durante el verano.<\/div>\n<\/div>\n<p>La reapertura de ramales ser\u00e1 progresiva durante este a\u00f1o y alcanzar\u00e1 a todo el pa\u00eds. \u201cEstamos haciendo inspecciones de v\u00edas para poder seguir avanzando\u201d, dice Marinucci y pone como ejemplo el trabajo con la empresa Belgrano Cargas para\u00a0<strong>reactivar el tren que une Mar del Plata con Miramar.<\/strong><\/p>\n<p>Adem\u00e1s, suma la inspecci\u00f3n de v\u00edas para reativar el tramo entre Maip\u00fa y Tandil, donde la empresa estatal espera reiniciar los trabajos que permitan que el pr\u00f3ximo verano el tren llegue a ese importante destino tur\u00edstico bonerense, al igual que hoy lo hace al tambi\u00e9n recuperado<strong>\u00a0tramo que une Guido con Pinamar\u00a0<\/strong>(con parada en General Madariaga), sobre la Costa Atl\u00e1ntica.<\/p>\n<h3 class=\"epigrafe\"><strong>La vuelta de los trenes de larga distancia<\/strong><\/h3>\n<p>Tambi\u00e9n se est\u00e1 analizando la factibilidad de que vuelva el tren a Bah\u00eda Blanca v\u00eda Pringles para recuperar\u00a0<strong>el ferrocarril a Sierra de la Ventana, uno de los destinos tur\u00edsticos m\u00e1s importantes de la zona serrana<\/strong>\u00a0de la provincia de Buenos Aires.<\/p>\n<p><a href=\"http:\/\/www.noticiasradioreflejos.com.ar\/noticias\/wp-content\/uploads\/2017\/04\/Sierra-de-la-Ventana.jpg\"><img loading=\"lazy\" decoding=\"async\" class=\"aligncenter size-full wp-image-9552\" src=\"http:\/\/www.noticiasradioreflejos.com.ar\/noticias\/wp-content\/uploads\/2017\/04\/Sierra-de-la-Ventana.jpg\" alt=\"Sierra de la Ventana\" width=\"1200\" height=\"900\" srcset=\"https:\/\/www.noticiasradioreflejos.com.ar\/2021\/wp-content\/uploads\/2017\/04\/Sierra-de-la-Ventana.jpg 1200w, https:\/\/www.noticiasradioreflejos.com.ar\/2021\/wp-content\/uploads\/2017\/04\/Sierra-de-la-Ventana-300x225.jpg 300w, https:\/\/www.noticiasradioreflejos.com.ar\/2021\/wp-content\/uploads\/2017\/04\/Sierra-de-la-Ventana-1024x768.jpg 1024w, https:\/\/www.noticiasradioreflejos.com.ar\/2021\/wp-content\/uploads\/2017\/04\/Sierra-de-la-Ventana-768x576.jpg 768w, https:\/\/www.noticiasradioreflejos.com.ar\/2021\/wp-content\/uploads\/2017\/04\/Sierra-de-la-Ventana-750x563.jpg 750w, https:\/\/www.noticiasradioreflejos.com.ar\/2021\/wp-content\/uploads\/2017\/04\/Sierra-de-la-Ventana-1140x855.jpg 1140w\" sizes=\"auto, (max-width: 1200px) 100vw, 1200px\" \/><\/a><\/p>\n<p>En las provincias se est\u00e1 avanzando con la extensi\u00f3n del tren en Entre R\u00edos, que hoy llega\u00a0<strong>desde Paran\u00e1 hasta Colonia Avellaneda y se busca llevarlo hasta La Picada<\/strong>. Tambien en Santa Fe, con un proyecto que Marinucci califica como \u201cmuy ambicioso\u201d en Rosario: tren de cercan\u00eda cuyo primer objetivo es volver a<strong>\u00a0unir Rosario con Ca\u00f1ada de Gomez<\/strong>. A esto se sumar\u00eda un tren regional entre Rosario y Empalme Constituci\u00f3n.<\/p>\n<p>En el norte, a la recuperaci\u00f3n del tramo entre Salta y Quijano, se sumar\u00eda l<strong>a conexi\u00f3n entre Perico y Palpal\u00e1, en la provincia de Jujuy.\u00a0<\/strong>En tanto que\u00a0<strong>en el Chaco se reactiv\u00f3 el Tren Metropolitano<\/strong>\u00a0despu\u00e9s de cuatro a\u00f1os sin funcionamiento, en el marco de la recuperaci\u00f3n de 24 kil\u00f3metros de v\u00eda.<\/p>\n<div id=\"image\" class=\"image\">\n<p><img decoding=\"async\" title=\"Volvi\u00f3 el Tren del Alto Valle, de Cipoletti (R\u00edo Negro) a Plottier (Neuqu\u00e9n).\" src=\"https:\/\/www.telam.com.ar\/advf\/imagenes\/2021\/03\/6062392145adb_1004x565.jpg\" alt=\"Volvi\u00f3 el Tren del Alto Valle, de Cipoletti (R\u00edo Negro) a Plottier (Neuqu\u00e9n).\" \/><\/p>\n<div class=\"epigrafe\">Volvi\u00f3 el Tren del Alto Valle, de Cipoletti (R\u00edo Negro) a Plottier (Neuqu\u00e9n).<\/div>\n<\/div>\n<p>El restablecimiento del tren tambi\u00e9n incluye proyectos en la zona centro del pa\u00eds, tanto en La Pampa como en Mendoza, seg\u00fan confirm\u00f3 a T\u00e9lam el funcionario, quien est\u00e1 a cargo de Trenes Argentinos desde enero de 2020 y que depende del Ministerio de Transporte de la Naci\u00f3n, a cargo de Mario Meoni.<\/p>\n<p>\u201cJunto con la recuperaci\u00f3n de v\u00edas estamos avanzando en la compra de material rodante y de repuestos. La gesti\u00f3n pasada nos dej\u00f3 mucho material rodante sin repuestos. Adem\u00e1s,\u00a0<strong>necesitamos coches-motor para fortalecer los trenes regionales<\/strong>\u201d, explica Marinucci.<\/p>\n<p>Pone como ejemplo de los trenes regionales a reactiar el tramo reci\u00e9n restaurado que une Cipoletti con Plottier, en Neuqu\u00e9n, y cuyo objetivo es llevarlo a Senillosa y General Roca, en la provincia de R\u00edo Negro.<\/p>\n<p>\u201cPara esto -detalla- tambi\u00e9n necesitamos\u00a0<strong>mayor cantidad de coches (que estamos gestionando con Rusia y China)\u00a0<\/strong>para garantizar la frecuencia del servicio, porque una vez que extendemos un ramal o llegamos a un pueblo con un tren nuevo lo que la gente nos pide es frecuencia. Y si extendemos la traza con la misma cantidad de trenes no podemos garantizarla\u201d.<\/p>\n<div class=\"auth\">Un tren, dos pa\u00edses<\/div>\n<div id=\"image\" class=\"image\">\n<p><img decoding=\"async\" title=\"\u201cJunto con la recuperaci\u00f3n de v\u00edas estamos avanzando en la compra de material rodante y de repuestos&quot;, afirma Marinucci.\" src=\"https:\/\/www.telam.com.ar\/advf\/imagenes\/2021\/04\/606e11d01a564_1004x565.jpg\" alt=\"\u201cJunto con la recuperaci\u00f3n de v\u00edas estamos avanzando en la compra de material rodante y de repuestos&quot;, afirma Marinucci.\" \/><\/p>\n<div class=\"epigrafe\">\u201cJunto con la recuperaci\u00f3n de v\u00edas estamos avanzando en la compra de material rodante y de repuestos\u00bb, afirma Marinucci.<\/div>\n<\/div>\n<p>Los ferrocarriles forman parte del desarrollo de la Argentina desde sus or\u00edgenes mismos como naci\u00f3n, jugando un papel fundamental en la fisonom\u00eda que el pa\u00eds adquirir\u00eda despu\u00e9s de las guerras civiles que seguir\u00edan a la independencia de Espa\u00f1a.<\/p>\n<p>Galasso explica a T\u00e9lam que \u201ccuando la oligarquia se afirma con la nueva coalici\u00f3n entre los comerciantes del Puerto de Buenos Aires, exportadores, y los grandes estancieros de la Pampa H\u00fameda, entre 1862 y 1865,\u00a0<strong>realizan un trazado de los ferrocarriles fundamentales para sentar las bases de una econom\u00eda agroexportadora<\/strong>\u201d.<\/p>\n<p>\u201cEl Ferrocarril del Sur, el Ferrocarril del Oeste y el Ferrocarril del Litoral dieron origen a<strong>un abanico cuyo centro es el Puerto de Buenos Aires<\/strong>, conformando una Argentina agroexportadora dirigida a sacar por el puerto la riqueza agroganadera, fundamentalmente, y a introducir art\u00edculos manufacturados provenientes de Inglaterra\u201d, agrega.<\/p>\n<p>El ferrocarril se convirti\u00f3 tambi\u00e9n en una pieza clave a la hora de definir el modelo productivo y de pa\u00eds. En este sentido Galasso destaca\u00a0<strong>la nacionalizaci\u00f3n de los ferrocarriles por parte del peronismo<\/strong>, que buscaba \u201chacer jugar las tarifas ferroviarias de modo tal que impidan el boicot a la industria nacional\u201d.<\/p>\n<p>&nbsp;<\/p>\n<div class=\"galleria\">\n<div class=\"galleria-container notouch\">\n<div class=\"galleria-stage\">\n<div class=\"galleria-images\">\n<div class=\"galleria-image\"><img loading=\"lazy\" decoding=\"async\" src=\"https:\/\/www.telam.com.ar\/advf\/imagenes\/2020\/08\/5f2865e57d85f_685x386.jpg\" width=\"870\" height=\"490\" \/><\/div>\n<div class=\"galleria-image\"><img loading=\"lazy\" decoding=\"async\" src=\"https:\/\/www.telam.com.ar\/advf\/imagenes\/2020\/08\/5f2865e57d85f_685x386.jpg\" width=\"870\" height=\"490\" \/><\/div>\n<\/div>\n<\/div>\n<div class=\"galleria-thumbnails-container\">\n<div class=\"galleria-thumbnails-list\">\n<div class=\"galleria-thumbnails\">\n<div class=\"galleria-image\"><img loading=\"lazy\" decoding=\"async\" src=\"https:\/\/www.telam.com.ar\/advf\/imagenes\/2021\/04\/606e11842f098_685x386.jpg\" width=\"870\" height=\"490\" \/><\/div>\n<div class=\"galleria-image\"><img loading=\"lazy\" decoding=\"async\" src=\"https:\/\/www.telam.com.ar\/advf\/imagenes\/2021\/04\/606e1706a34f7_685x386.jpg\" width=\"870\" height=\"490\" \/><\/div>\n<div class=\"galleria-image\"><img loading=\"lazy\" decoding=\"async\" src=\"https:\/\/www.telam.com.ar\/advf\/imagenes\/2021\/04\/606e170695b27_685x386.jpg\" width=\"870\" height=\"490\" \/><\/div>\n<div class=\"galleria-image\"><img loading=\"lazy\" decoding=\"async\" src=\"https:\/\/www.telam.com.ar\/advf\/imagenes\/2021\/04\/606e22bcc246b_685x386.jpg\" width=\"870\" height=\"490\" \/><\/div>\n<div class=\"galleria-image\"><img loading=\"lazy\" decoding=\"async\" src=\"https:\/\/www.telam.com.ar\/advf\/imagenes\/2021\/01\/5ff839e2d51aa_684x386.jpg\" width=\"870\" height=\"491\" \/><\/div>\n<\/div>\n<\/div>\n<\/div>\n<div class=\"galleria-bar\">\n<div class=\"galleria-info\">\n<div class=\"galleria-counter\"><span class=\"galleria-current\">1<\/span>\u00a0\/\u00a0<span class=\"galleria-total\">6<\/span><\/div>\n<div class=\"galleria-info-text\">\n<div class=\"galleria-info-description\">El Tren Metropolitano chaque\u00f1o desde febrero va de Resistencia a Charadai.<\/div>\n<\/div>\n<\/div>\n<\/div>\n<\/div>\n<\/div>\n<p>\u201cEl ferrocarril brit\u00e1nico -explica- aplicaba fuertes tarifas de transportes. Si se pon\u00eda una industria textil en C\u00f3rdoba ellos aumentaban el flete entre esa provincia y Buenos Aires\u00a0<strong>para echar abajo esa industria y favorecer la importaci\u00f3n de textiles.<\/strong>\u00a0El peronismo vino a nacionalizar el sistema nervioso del pa\u00eds colonial y a poner al ferrocarril al servicio del desarrollo de sectores del interior hasta entonces postergados\u201d.<\/p>\n<p><strong>El ocaso del tren llegar\u00e1 con los a\u00f1os 60, de la mano del auge del transporte automotor. \u201cEs la \u00e9poca del cami\u00f3n\u201d<\/strong>, sintetiza el historiador, quien recuerda que \u201cse empiezan a levantar ramales, con pol\u00edticas dirigidas a esto. Comienza a bajar el transporte que se hace por ferrocarril en favor del transporte automotor, que beneficiaba al otro gran poder mundial: los Estados Unidos\u201d.<\/p>\n<p><strong>Este nuevo fen\u00f3meno termin\u00f3 con ferrocarriles que llegaron a ser muy importantes, como el Ferrocarril Andino, que comunicaba a C\u00f3rdoba con San Luis y Mendoza<\/strong>\u00a0o el Ferrocarril Trasandino -un\u00eda la capital mendocina con la ciudad chilena de Los Andes, atravesando la cordillera-, con el que, seg\u00fan Galasso, \u201cHip\u00f3lito Hirigoyen trat\u00f3 de darle a la econom\u00eda un car\u00e1cter nacional\u201d.<\/p>\n<p>\u201cComo dec\u00edan Scalabrini Ort\u00edz y Arturo Jaureche, somos dos pa\u00edses.\u00a0<strong>Un pa\u00eds que mira hacia fuera, que tiene su centro en la Capital, y un mundo del interior que queda muy desconectado,<\/strong>\u00a0con fen\u00f3menos muy curiosos, como productos que se originan en una provincia y se env\u00edan a Buenos Aires para despu\u00e9s enviarse a otra provincia\u201d, destaca el autor de \u201cRa\u00fal Scalabrini Ortiz y la lucha contra la dominaci\u00f3n inglesa\u201d.<\/p>\n<div class=\"auth\">V\u00edas que unen<\/div>\n<div id=\"image\" class=\"image\">\n<p><img decoding=\"async\" title=\"&quot;El ferrocarril es el medio de transporte m\u00e1s barato y es la posibilidad de llegar y dar vida a pueblos del interior\u201d, dice el historiador Norberto Galasso.\" src=\"https:\/\/www.telam.com.ar\/advf\/imagenes\/2021\/04\/606e1290074b4_1004x565.jpg\" alt=\"&quot;El ferrocarril es el medio de transporte m\u00e1s barato y es la posibilidad de llegar y dar vida a pueblos del interior\u201d, dice el historiador Norberto Galasso.\" \/><\/p>\n<div class=\"epigrafe\">\u00abEl ferrocarril es el medio de transporte m\u00e1s barato y es la posibilidad de llegar y dar vida a pueblos del interior\u201d, dice el historiador Norberto Galasso.<\/div>\n<\/div>\n<p>Conectar, unir, poner de nuevo en movimiento. Esas parecen ser las claves del nuevo auge que est\u00e1 tomando el ferrocarril a partir de la reapertura y creaci\u00f3n de nuevo ramales. Proceso que a\u00fan est\u00e1 en sus inicios pero que desde el gobierno nacional consideran estrat\u00e9gico.<\/p>\n<p>\u201cEn todo el mundo se ha llegado a la conclusi\u00f3n de que el ferrocarril es importante. Es m\u00e1s barato y es la posiblidad de llegar y dar vida a pueblos del interior. El levantamiento de algunos ferrocarriles en la Argentina, por ejemplo en los 90,\u00a0<strong>cuando Menem lleg\u00f3 a decir \u2018ramal que para, ramal que cierra\u2019,<\/strong>\u00a0significaba la aniquilaci\u00f3n de los pueblos\u201d, subraya Galasso.<\/p>\n<p>Y recuerda: \u201cEl ferrocarril daba vida a esos pueblos, daba trabajo a la gente y vida a algunas actividades econ\u00f3micas. Ahora lo que se plantea es una intercomunicaci\u00f3n para que haya una econom\u00eda nacional,\u00a0<strong>para que el federalismo sea una cosa cierta\u201d<\/strong>.<\/p>\n<p>\u201cEl objetivo es volver a unir muchos pueblos de la Argentina y cada d\u00eda brindar una mejor calidad de servicio a los usuarios\u201d, resume Marinucci.<\/p>\n<p>A\u00fan con las dificultades que plantean la pandemia y la econom\u00eda, el ferrocarril parece haber iniciado otra vez la marcha. Y cuando un tren se mueve, no hay quien lo pare.<\/p>\n<div class=\"editable-content clearfix\"><\/div>\n<div class=\"editable-content clearfix\"><span style=\"color: #0000ff;\"><em><strong>Por Daniel Giarone\u00a0para TELAM<\/strong><\/em><\/span><\/div>\n","protected":false},"excerpt":{"rendered":"<p>El 29 de agosto de 1857, la locomotora La Porte\u00f1a tuve su primer recorrido de diez kil\u00f3metros entre la estaci\u00f3n del Parque (donde hoy est\u00e1 el Teatro Col\u00f3n) hasta La Floresta (actual barrio de Flores). Desde entonces, los ferrocarriles han sido un reflejo de apogeos y ca\u00eddas nacionales. \u201cQueremos volver a unir muchos pueblos del [&hellip;]<\/p>\n","protected":false},"author":3,"featured_media":0,"comment_status":"closed","ping_status":"open","sticky":false,"template":"","format":"standard","meta":{"footnotes":""},"categories":[24,33],"tags":[],"class_list":["post-55123","post","type-post","status-publish","format-standard","hentry","category-politica","category-turismo"],"yoast_head":"<!-- This site is optimized with the Yoast SEO plugin v25.9 - https:\/\/yoast.com\/wordpress\/plugins\/seo\/ -->\n<title>Trenes Argentinos: En busca de la gloria perdida y Sierra de la Ventana en los planes. - Noticias Radio Reflejos<\/title>\n<meta name=\"robots\" content=\"index, follow, max-snippet:-1, max-image-preview:large, max-video-preview:-1\" \/>\n<link rel=\"canonical\" href=\"https:\/\/www.noticiasradioreflejos.com.ar\/2021\/trenes-argentinos-en-busca-de-la-gloria-perdida-y-sierra-de-la-ventana-en-los-planes\/\" \/>\n<meta property=\"og:locale\" content=\"es_ES\" \/>\n<meta property=\"og:type\" content=\"article\" \/>\n<meta property=\"og:title\" content=\"Trenes Argentinos: En busca de la gloria perdida y Sierra de la Ventana en los planes. - Noticias Radio Reflejos\" \/>\n<meta property=\"og:description\" content=\"El 29 de agosto de 1857, la locomotora La Porte\u00f1a tuve su primer recorrido de diez kil\u00f3metros entre la estaci\u00f3n del Parque (donde hoy est\u00e1 el Teatro Col\u00f3n) hasta La Floresta (actual barrio de Flores). Desde entonces, los ferrocarriles han sido un reflejo de apogeos y ca\u00eddas nacionales. \u201cQueremos volver a unir muchos pueblos del [&hellip;]\" \/>\n<meta property=\"og:url\" content=\"https:\/\/www.noticiasradioreflejos.com.ar\/2021\/trenes-argentinos-en-busca-de-la-gloria-perdida-y-sierra-de-la-ventana-en-los-planes\/\" \/>\n<meta property=\"og:site_name\" content=\"Noticias Radio Reflejos\" \/>\n<meta property=\"article:published_time\" content=\"2021-04-09T10:56:48+00:00\" \/>\n<meta property=\"og:image\" content=\"https:\/\/www.telam.com.ar\/advf\/imagenes\/2021\/04\/606e1113aa550_1004x565.jpg\" \/>\n<meta name=\"author\" content=\"Arnaldo Botto\" \/>\n<meta name=\"twitter:card\" content=\"summary_large_image\" \/>\n<script type=\"application\/ld+json\" class=\"yoast-schema-graph\">{\"@context\":\"https:\/\/schema.org\",\"@graph\":[{\"@type\":\"WebPage\",\"@id\":\"https:\/\/www.noticiasradioreflejos.com.ar\/2021\/trenes-argentinos-en-busca-de-la-gloria-perdida-y-sierra-de-la-ventana-en-los-planes\/\",\"url\":\"https:\/\/www.noticiasradioreflejos.com.ar\/2021\/trenes-argentinos-en-busca-de-la-gloria-perdida-y-sierra-de-la-ventana-en-los-planes\/\",\"name\":\"Trenes Argentinos: En busca de la gloria perdida y Sierra de la Ventana en los planes. - Noticias Radio Reflejos\",\"isPartOf\":{\"@id\":\"https:\/\/www.noticiasradioreflejos.com.ar\/2021\/#website\"},\"primaryImageOfPage\":{\"@id\":\"https:\/\/www.noticiasradioreflejos.com.ar\/2021\/trenes-argentinos-en-busca-de-la-gloria-perdida-y-sierra-de-la-ventana-en-los-planes\/#primaryimage\"},\"image\":{\"@id\":\"https:\/\/www.noticiasradioreflejos.com.ar\/2021\/trenes-argentinos-en-busca-de-la-gloria-perdida-y-sierra-de-la-ventana-en-los-planes\/#primaryimage\"},\"thumbnailUrl\":\"https:\/\/www.telam.com.ar\/advf\/imagenes\/2021\/04\/606e1113aa550_1004x565.jpg\",\"datePublished\":\"2021-04-09T10:56:48+00:00\",\"author\":{\"@id\":\"https:\/\/www.noticiasradioreflejos.com.ar\/2021\/#\/schema\/person\/ad82545263dcc5ec0996818884fd5fb1\"},\"breadcrumb\":{\"@id\":\"https:\/\/www.noticiasradioreflejos.com.ar\/2021\/trenes-argentinos-en-busca-de-la-gloria-perdida-y-sierra-de-la-ventana-en-los-planes\/#breadcrumb\"},\"inLanguage\":\"es\",\"potentialAction\":[{\"@type\":\"ReadAction\",\"target\":[\"https:\/\/www.noticiasradioreflejos.com.ar\/2021\/trenes-argentinos-en-busca-de-la-gloria-perdida-y-sierra-de-la-ventana-en-los-planes\/\"]}]},{\"@type\":\"ImageObject\",\"inLanguage\":\"es\",\"@id\":\"https:\/\/www.noticiasradioreflejos.com.ar\/2021\/trenes-argentinos-en-busca-de-la-gloria-perdida-y-sierra-de-la-ventana-en-los-planes\/#primaryimage\",\"url\":\"https:\/\/www.telam.com.ar\/advf\/imagenes\/2021\/04\/606e1113aa550_1004x565.jpg\",\"contentUrl\":\"https:\/\/www.telam.com.ar\/advf\/imagenes\/2021\/04\/606e1113aa550_1004x565.jpg\"},{\"@type\":\"BreadcrumbList\",\"@id\":\"https:\/\/www.noticiasradioreflejos.com.ar\/2021\/trenes-argentinos-en-busca-de-la-gloria-perdida-y-sierra-de-la-ventana-en-los-planes\/#breadcrumb\",\"itemListElement\":[{\"@type\":\"ListItem\",\"position\":1,\"name\":\"Portada\",\"item\":\"https:\/\/www.noticiasradioreflejos.com.ar\/2021\/\"},{\"@type\":\"ListItem\",\"position\":2,\"name\":\"Trenes Argentinos: En busca de la gloria perdida y Sierra de la Ventana en los planes.\"}]},{\"@type\":\"WebSite\",\"@id\":\"https:\/\/www.noticiasradioreflejos.com.ar\/2021\/#website\",\"url\":\"https:\/\/www.noticiasradioreflejos.com.ar\/2021\/\",\"name\":\"Noticias Radio Reflejos\",\"description\":\"Las noticias de mi comarca\",\"potentialAction\":[{\"@type\":\"SearchAction\",\"target\":{\"@type\":\"EntryPoint\",\"urlTemplate\":\"https:\/\/www.noticiasradioreflejos.com.ar\/2021\/?s={search_term_string}\"},\"query-input\":{\"@type\":\"PropertyValueSpecification\",\"valueRequired\":true,\"valueName\":\"search_term_string\"}}],\"inLanguage\":\"es\"},{\"@type\":\"Person\",\"@id\":\"https:\/\/www.noticiasradioreflejos.com.ar\/2021\/#\/schema\/person\/ad82545263dcc5ec0996818884fd5fb1\",\"name\":\"Arnaldo Botto\",\"image\":{\"@type\":\"ImageObject\",\"inLanguage\":\"es\",\"@id\":\"https:\/\/www.noticiasradioreflejos.com.ar\/2021\/#\/schema\/person\/image\/\",\"url\":\"https:\/\/secure.gravatar.com\/avatar\/55cb5e37c1efa326397366e6974cb338056df65cb50e7d64d1cf314e87504837?s=96&d=mm&r=g\",\"contentUrl\":\"https:\/\/secure.gravatar.com\/avatar\/55cb5e37c1efa326397366e6974cb338056df65cb50e7d64d1cf314e87504837?s=96&d=mm&r=g\",\"caption\":\"Arnaldo Botto\"},\"url\":\"https:\/\/www.noticiasradioreflejos.com.ar\/2021\/author\/arnaldo\/\"}]}<\/script>\n<!-- \/ Yoast SEO plugin. -->","yoast_head_json":{"title":"Trenes Argentinos: En busca de la gloria perdida y Sierra de la Ventana en los planes. - Noticias Radio Reflejos","robots":{"index":"index","follow":"follow","max-snippet":"max-snippet:-1","max-image-preview":"max-image-preview:large","max-video-preview":"max-video-preview:-1"},"canonical":"https:\/\/www.noticiasradioreflejos.com.ar\/2021\/trenes-argentinos-en-busca-de-la-gloria-perdida-y-sierra-de-la-ventana-en-los-planes\/","og_locale":"es_ES","og_type":"article","og_title":"Trenes Argentinos: En busca de la gloria perdida y Sierra de la Ventana en los planes. - Noticias Radio Reflejos","og_description":"El 29 de agosto de 1857, la locomotora La Porte\u00f1a tuve su primer recorrido de diez kil\u00f3metros entre la estaci\u00f3n del Parque (donde hoy est\u00e1 el Teatro Col\u00f3n) hasta La Floresta (actual barrio de Flores). Desde entonces, los ferrocarriles han sido un reflejo de apogeos y ca\u00eddas nacionales. \u201cQueremos volver a unir muchos pueblos del [&hellip;]","og_url":"https:\/\/www.noticiasradioreflejos.com.ar\/2021\/trenes-argentinos-en-busca-de-la-gloria-perdida-y-sierra-de-la-ventana-en-los-planes\/","og_site_name":"Noticias Radio Reflejos","article_published_time":"2021-04-09T10:56:48+00:00","og_image":[{"url":"https:\/\/www.telam.com.ar\/advf\/imagenes\/2021\/04\/606e1113aa550_1004x565.jpg","type":"","width":"","height":""}],"author":"Arnaldo Botto","twitter_card":"summary_large_image","schema":{"@context":"https:\/\/schema.org","@graph":[{"@type":"WebPage","@id":"https:\/\/www.noticiasradioreflejos.com.ar\/2021\/trenes-argentinos-en-busca-de-la-gloria-perdida-y-sierra-de-la-ventana-en-los-planes\/","url":"https:\/\/www.noticiasradioreflejos.com.ar\/2021\/trenes-argentinos-en-busca-de-la-gloria-perdida-y-sierra-de-la-ventana-en-los-planes\/","name":"Trenes Argentinos: En busca de la gloria perdida y Sierra de la Ventana en los planes. - Noticias Radio Reflejos","isPartOf":{"@id":"https:\/\/www.noticiasradioreflejos.com.ar\/2021\/#website"},"primaryImageOfPage":{"@id":"https:\/\/www.noticiasradioreflejos.com.ar\/2021\/trenes-argentinos-en-busca-de-la-gloria-perdida-y-sierra-de-la-ventana-en-los-planes\/#primaryimage"},"image":{"@id":"https:\/\/www.noticiasradioreflejos.com.ar\/2021\/trenes-argentinos-en-busca-de-la-gloria-perdida-y-sierra-de-la-ventana-en-los-planes\/#primaryimage"},"thumbnailUrl":"https:\/\/www.telam.com.ar\/advf\/imagenes\/2021\/04\/606e1113aa550_1004x565.jpg","datePublished":"2021-04-09T10:56:48+00:00","author":{"@id":"https:\/\/www.noticiasradioreflejos.com.ar\/2021\/#\/schema\/person\/ad82545263dcc5ec0996818884fd5fb1"},"breadcrumb":{"@id":"https:\/\/www.noticiasradioreflejos.com.ar\/2021\/trenes-argentinos-en-busca-de-la-gloria-perdida-y-sierra-de-la-ventana-en-los-planes\/#breadcrumb"},"inLanguage":"es","potentialAction":[{"@type":"ReadAction","target":["https:\/\/www.noticiasradioreflejos.com.ar\/2021\/trenes-argentinos-en-busca-de-la-gloria-perdida-y-sierra-de-la-ventana-en-los-planes\/"]}]},{"@type":"ImageObject","inLanguage":"es","@id":"https:\/\/www.noticiasradioreflejos.com.ar\/2021\/trenes-argentinos-en-busca-de-la-gloria-perdida-y-sierra-de-la-ventana-en-los-planes\/#primaryimage","url":"https:\/\/www.telam.com.ar\/advf\/imagenes\/2021\/04\/606e1113aa550_1004x565.jpg","contentUrl":"https:\/\/www.telam.com.ar\/advf\/imagenes\/2021\/04\/606e1113aa550_1004x565.jpg"},{"@type":"BreadcrumbList","@id":"https:\/\/www.noticiasradioreflejos.com.ar\/2021\/trenes-argentinos-en-busca-de-la-gloria-perdida-y-sierra-de-la-ventana-en-los-planes\/#breadcrumb","itemListElement":[{"@type":"ListItem","position":1,"name":"Portada","item":"https:\/\/www.noticiasradioreflejos.com.ar\/2021\/"},{"@type":"ListItem","position":2,"name":"Trenes Argentinos: En busca de la gloria perdida y Sierra de la Ventana en los planes."}]},{"@type":"WebSite","@id":"https:\/\/www.noticiasradioreflejos.com.ar\/2021\/#website","url":"https:\/\/www.noticiasradioreflejos.com.ar\/2021\/","name":"Noticias Radio Reflejos","description":"Las noticias de mi comarca","potentialAction":[{"@type":"SearchAction","target":{"@type":"EntryPoint","urlTemplate":"https:\/\/www.noticiasradioreflejos.com.ar\/2021\/?s={search_term_string}"},"query-input":{"@type":"PropertyValueSpecification","valueRequired":true,"valueName":"search_term_string"}}],"inLanguage":"es"},{"@type":"Person","@id":"https:\/\/www.noticiasradioreflejos.com.ar\/2021\/#\/schema\/person\/ad82545263dcc5ec0996818884fd5fb1","name":"Arnaldo Botto","image":{"@type":"ImageObject","inLanguage":"es","@id":"https:\/\/www.noticiasradioreflejos.com.ar\/2021\/#\/schema\/person\/image\/","url":"https:\/\/secure.gravatar.com\/avatar\/55cb5e37c1efa326397366e6974cb338056df65cb50e7d64d1cf314e87504837?s=96&d=mm&r=g","contentUrl":"https:\/\/secure.gravatar.com\/avatar\/55cb5e37c1efa326397366e6974cb338056df65cb50e7d64d1cf314e87504837?s=96&d=mm&r=g","caption":"Arnaldo Botto"},"url":"https:\/\/www.noticiasradioreflejos.com.ar\/2021\/author\/arnaldo\/"}]}},"_links":{"self":[{"href":"https:\/\/www.noticiasradioreflejos.com.ar\/2021\/wp-json\/wp\/v2\/posts\/55123","targetHints":{"allow":["GET"]}}],"collection":[{"href":"https:\/\/www.noticiasradioreflejos.com.ar\/2021\/wp-json\/wp\/v2\/posts"}],"about":[{"href":"https:\/\/www.noticiasradioreflejos.com.ar\/2021\/wp-json\/wp\/v2\/types\/post"}],"author":[{"embeddable":true,"href":"https:\/\/www.noticiasradioreflejos.com.ar\/2021\/wp-json\/wp\/v2\/users\/3"}],"replies":[{"embeddable":true,"href":"https:\/\/www.noticiasradioreflejos.com.ar\/2021\/wp-json\/wp\/v2\/comments?post=55123"}],"version-history":[{"count":0,"href":"https:\/\/www.noticiasradioreflejos.com.ar\/2021\/wp-json\/wp\/v2\/posts\/55123\/revisions"}],"wp:attachment":[{"href":"https:\/\/www.noticiasradioreflejos.com.ar\/2021\/wp-json\/wp\/v2\/media?parent=55123"}],"wp:term":[{"taxonomy":"category","embeddable":true,"href":"https:\/\/www.noticiasradioreflejos.com.ar\/2021\/wp-json\/wp\/v2\/categories?post=55123"},{"taxonomy":"post_tag","embeddable":true,"href":"https:\/\/www.noticiasradioreflejos.com.ar\/2021\/wp-json\/wp\/v2\/tags?post=55123"}],"curies":[{"name":"wp","href":"https:\/\/api.w.org\/{rel}","templated":true}]}}