{"id":55118,"date":"2021-04-08T22:48:33","date_gmt":"2021-04-09T01:48:33","guid":{"rendered":"http:\/\/www.noticiasradioreflejos.com.ar\/noticias\/?p=55118"},"modified":"2021-04-08T22:48:33","modified_gmt":"2021-04-09T01:48:33","slug":"el-senado-convirtio-en-ley-la-reforma-del-impuesto-a-las-ganancias","status":"publish","type":"post","link":"https:\/\/www.noticiasradioreflejos.com.ar\/2021\/el-senado-convirtio-en-ley-la-reforma-del-impuesto-a-las-ganancias\/","title":{"rendered":"El Senado convirti\u00f3 en ley la reforma del Impuesto a las Ganancias"},"content":{"rendered":"<p>La medida que beneficiar\u00e1 a m\u00e1s de 1.267.000 de personas qued\u00f3\u00a0 por 66 votos a favor y una abstenci\u00f3n, en una sesi\u00f3n que arranc\u00f3 a las 17 y que tambi\u00e9n modific\u00f3 el r\u00e9gimen de Monotributo.<!--more--><\/p>\n<div id=\"image\" class=\"image\"><img decoding=\"async\" title=\"El proyecto para modificar el alcance del Impuesto a las Ganancias para los trabajadores que cobren hasta 150.000 pesos mensuales, tambi\u00e9n abarca a los jubilados que perciban hasta ocho haberes m\u00ednimos.\" src=\"https:\/\/www.telam.com.ar\/advf\/imagenes\/2021\/03\/605ce10dae673.03.2021%20565_1004x565.jpg\" alt=\"El proyecto para modificar el alcance del Impuesto a las Ganancias para los trabajadores que cobren hasta 150.000 pesos mensuales, tambi\u00e9n abarca a los jubilados que perciban hasta ocho haberes m\u00ednimos.\" \/><\/p>\n<div class=\"epigrafe\">El proyecto para modificar el alcance del Impuesto a las Ganancias para los trabajadores que cobren hasta 150.000 pesos mensuales, tambi\u00e9n abarca a los jubilados que perciban hasta ocho haberes m\u00ednimos.<\/div>\n<\/div>\n<p>El Senado de la Naci\u00f3n convirti\u00f3 hoy en ley, con 66 votos afirmativos y una abstenci\u00f3n, el proyecto que exime del Impuesto a las Ganancias a los trabajadores que cobren hasta 150 mil pesos, durante una sesi\u00f3n especial en la que tambi\u00e9n qued\u00f3 sancionada una reforma al r\u00e9gimen de Monotributo. La iniciativa fue apoyada por todos los bloques y\u00a0<strong>la \u00fanica abstenci\u00f3n fue del opositor bonaerense Esteban Bullrich.<\/strong><\/p>\n<p>El proyecto para modificar el alcance del Impuesto a las Ganancias para los trabajadores que cobren hasta 150 mil pesos mensuales tambi\u00e9n se extiende a los jubilados que perciban hasta ocho haberes m\u00ednimos.<\/p>\n<p>Los trabajadores que cobren entre 150 mil y 173 mil pagar\u00e1n el gravamen, pero la AFIP establecer\u00e1 las deducciones para evitar grandes diferencias entre los que deben tributar y los que est\u00e1n exentos.<\/p>\n<p>Asimismo, la actualizaci\u00f3n del piso para estar exento de Ganancias se ajustar\u00e1 por el Ripte (promedio de variaci\u00f3n salarial que elabora la de Secretaria de Seguridad Social).<\/p>\n<p>Uno de los cambios introducidos a \u00faltimo momento durante el tratamiento en la C\u00e1mara de Diputados establece que los ex presidentes y vicepresidentes de la Naci\u00f3n pagar\u00e1n Ganancias sobre las asignaciones vitalicias.<\/p>\n<p>Asimismo, se establece que\u00a0<strong>la ley tendr\u00e1 vigencia al 1 de enero de este a\u00f1o, por lo que el Gobierno devolver\u00e1 los descuentos ya realizados a quienes le corresponda.<\/strong><\/p>\n<p>Tampoco el aguinaldo de los sueldos hasta 150 mil pesos brutos pagar\u00e1 impuesto a las Ganancias, mientras que el personal de salud seguir\u00e1 eximido hasta septiembre por las guardias u horas extras, en virtud de la pandemia de coronavirus.<\/p>\n<p>Los gastos de guarder\u00eda sobre ni\u00f1os de hasta tres a\u00f1os no pagar\u00e1n Ganancias hasta un tope anual de 67 mil pesos.<\/p>\n<p>Asimismo, se duplica la exenci\u00f3n por hija o hijo discapacitado que en la actualidad es de 78.833 pesos, y se elimina el tope de edad.<\/p>\n<p>Tambi\u00e9n quedan eximidos del impuesto los bonos productivos hasta un tope del 40% de la ganancia, y las horas extras de los recolectores de residuos.<\/p>\n<p>Otro de los beneficios incluidos en el proyecto es que se podr\u00e1 deducir de Ganancias herramientas educativas de los trabajadores asalariados.<\/p>\n<p>La vicepresidenta del bloque del Frente de Todos,\u00a0<strong>Anabel Fern\u00e1ndez Sagasti,<\/strong>\u00a0defendi\u00f3 el proyecto afirmando que\u00a0<strong>\u00abes un acto de profunda justicia\u00bb<\/strong>\u00a0y \u00abun alivio que va de los que ganan 90 mil pesos a los que ganan 150 mil pesos\u00bb.<\/p>\n<p>\u00abNo me parece que sea un parche, para nada\u00bb, sostuvo Fern\u00e1ndez Sagasti y agreg\u00f3 que \u00abes una medida econ\u00f3mica que brinda el Poder Ejecutivo Nacional\u00bb.<\/p>\n<p>En tanto, el presidente del interbloque de Juntos por el Cambio,\u00a0<strong>Luis Naidenoff<\/strong>, afirm\u00f3 que la iniciativa\u00a0<strong>\u00abno le toca a la gente com\u00fan, le alcanza a unos pocos\u00bb.<\/strong><\/p>\n<p>\u00abHoy un ingreso de 150 mil a 173 mil en Argentina, lamentablemente, es un ingreso privilegiado. Cualquier alivio ser\u00e1 bienvenido, pero \u00bfcu\u00e1l es el orden de prioridades para el gobierno?\u00bb, pregunt\u00f3 Naidenoff.<\/p>\n<p>El legislador formose\u00f1o agreg\u00f3 que \u00abm\u00e1s all\u00e1 de un parche, ni siquiera para los sectores medios, se est\u00e1 legislando para un sector privilegiado\u00bb.<\/p>\n<div class=\"auth\">Monotributo<\/div>\n<p><strong>Por otro lado, la reforma del r\u00e9gimen de Monotributo propone actualizar los topes de cada categor\u00eda y crea un puente para facilitar el ingreso de contribuyentes al r\u00e9gimen general<\/strong>.<\/p>\n<p>La iniciativa contempla la actualizaci\u00f3n para las escalas y montos del monotributo correspondientes al per\u00edodo 2020, que comenzar\u00e1n a regir cuando la ley sea promulgada por el Poder Ejecutivo.<\/p>\n<p>La reforma propiciada por la AFIP busca armonizar la transici\u00f3n entre el R\u00e9gimen Simplificado para Peque\u00f1os Contribuyentes (RS) y el R\u00e9gimen General (RG), tanto en t\u00e9rminos administrativos como en los montos de las obligaciones que deben afrontar las personas monotributistas.<\/p>\n<p>Para los casos de monotributistas cuya facturaci\u00f3n super\u00f3 el l\u00edmite m\u00e1s alto del r\u00e9gimen hasta un 25%, se contempla que puedan mantenerse en su actual condici\u00f3n durante el per\u00edodo fiscal 2021.<\/p>\n<p>Los que superaron ese monto se tendr\u00e1n que pasar al r\u00e9gimen general, y se establece una transici\u00f3n para que los contribuyentes puedan afrontar los pagos de Ganancias y de IVA.<\/p>\n<p>De acuerdo con el texto, podr\u00e1n deducir adem\u00e1s en el primer a\u00f1o el 50% del importe que le corresponde pagar de IVA, el 30% en el segundo y el 10% en el tercer a\u00f1o.<\/p>\n<p>Finalmente, el proyecto establece un R\u00e9gimen de Sostenimiento e Inclusi\u00f3n Fiscal para los sujetos comprendidos en el R\u00e9gimen Simplificado para Peque\u00f1os Contribuyentes.<\/p><\/div>\n<\/div>\n<\/div>\n<\/div>\n<\/div>\n","protected":false},"excerpt":{"rendered":"<p>La medida que beneficiar\u00e1 a m\u00e1s de 1.267.000 de personas qued\u00f3\u00a0 por 66 votos a favor y una abstenci\u00f3n, en una sesi\u00f3n que arranc\u00f3 a las 17 y que tambi\u00e9n modific\u00f3 el r\u00e9gimen de Monotributo.<\/p>\n","protected":false},"author":3,"featured_media":0,"comment_status":"closed","ping_status":"open","sticky":false,"template":"","format":"standard","meta":{"footnotes":""},"categories":[24,26],"tags":[],"class_list":["post-55118","post","type-post","status-publish","format-standard","hentry","category-politica","category-sociedad"],"yoast_head":"<!-- This site is optimized with the Yoast SEO plugin v25.9 - https:\/\/yoast.com\/wordpress\/plugins\/seo\/ -->\n<title>El Senado convirti\u00f3 en ley la reforma del Impuesto a las Ganancias - Noticias Radio Reflejos<\/title>\n<meta name=\"robots\" content=\"index, follow, max-snippet:-1, max-image-preview:large, max-video-preview:-1\" \/>\n<link rel=\"canonical\" href=\"https:\/\/www.noticiasradioreflejos.com.ar\/2021\/el-senado-convirtio-en-ley-la-reforma-del-impuesto-a-las-ganancias\/\" \/>\n<meta property=\"og:locale\" content=\"es_ES\" \/>\n<meta property=\"og:type\" content=\"article\" \/>\n<meta property=\"og:title\" content=\"El Senado convirti\u00f3 en ley la reforma del Impuesto a las Ganancias - Noticias Radio Reflejos\" \/>\n<meta property=\"og:description\" content=\"La medida que beneficiar\u00e1 a m\u00e1s de 1.267.000 de personas qued\u00f3\u00a0 por 66 votos a favor y una abstenci\u00f3n, en una sesi\u00f3n que arranc\u00f3 a las 17 y que tambi\u00e9n modific\u00f3 el r\u00e9gimen de Monotributo.\" \/>\n<meta property=\"og:url\" content=\"https:\/\/www.noticiasradioreflejos.com.ar\/2021\/el-senado-convirtio-en-ley-la-reforma-del-impuesto-a-las-ganancias\/\" \/>\n<meta property=\"og:site_name\" content=\"Noticias Radio Reflejos\" \/>\n<meta property=\"article:published_time\" content=\"2021-04-09T01:48:33+00:00\" \/>\n<meta property=\"og:image\" content=\"https:\/\/www.telam.com.ar\/advf\/imagenes\/2021\/03\/605ce10dae673.03.2021%20565_1004x565.jpg\" \/>\n<meta name=\"author\" content=\"Arnaldo Botto\" \/>\n<meta name=\"twitter:card\" content=\"summary_large_image\" \/>\n<script type=\"application\/ld+json\" class=\"yoast-schema-graph\">{\"@context\":\"https:\/\/schema.org\",\"@graph\":[{\"@type\":\"WebPage\",\"@id\":\"https:\/\/www.noticiasradioreflejos.com.ar\/2021\/el-senado-convirtio-en-ley-la-reforma-del-impuesto-a-las-ganancias\/\",\"url\":\"https:\/\/www.noticiasradioreflejos.com.ar\/2021\/el-senado-convirtio-en-ley-la-reforma-del-impuesto-a-las-ganancias\/\",\"name\":\"El Senado convirti\u00f3 en ley la reforma del Impuesto a las Ganancias - Noticias Radio Reflejos\",\"isPartOf\":{\"@id\":\"https:\/\/www.noticiasradioreflejos.com.ar\/2021\/#website\"},\"primaryImageOfPage\":{\"@id\":\"https:\/\/www.noticiasradioreflejos.com.ar\/2021\/el-senado-convirtio-en-ley-la-reforma-del-impuesto-a-las-ganancias\/#primaryimage\"},\"image\":{\"@id\":\"https:\/\/www.noticiasradioreflejos.com.ar\/2021\/el-senado-convirtio-en-ley-la-reforma-del-impuesto-a-las-ganancias\/#primaryimage\"},\"thumbnailUrl\":\"https:\/\/www.telam.com.ar\/advf\/imagenes\/2021\/03\/605ce10dae673.03.2021%20565_1004x565.jpg\",\"datePublished\":\"2021-04-09T01:48:33+00:00\",\"author\":{\"@id\":\"https:\/\/www.noticiasradioreflejos.com.ar\/2021\/#\/schema\/person\/ad82545263dcc5ec0996818884fd5fb1\"},\"breadcrumb\":{\"@id\":\"https:\/\/www.noticiasradioreflejos.com.ar\/2021\/el-senado-convirtio-en-ley-la-reforma-del-impuesto-a-las-ganancias\/#breadcrumb\"},\"inLanguage\":\"es\",\"potentialAction\":[{\"@type\":\"ReadAction\",\"target\":[\"https:\/\/www.noticiasradioreflejos.com.ar\/2021\/el-senado-convirtio-en-ley-la-reforma-del-impuesto-a-las-ganancias\/\"]}]},{\"@type\":\"ImageObject\",\"inLanguage\":\"es\",\"@id\":\"https:\/\/www.noticiasradioreflejos.com.ar\/2021\/el-senado-convirtio-en-ley-la-reforma-del-impuesto-a-las-ganancias\/#primaryimage\",\"url\":\"https:\/\/www.telam.com.ar\/advf\/imagenes\/2021\/03\/605ce10dae673.03.2021%20565_1004x565.jpg\",\"contentUrl\":\"https:\/\/www.telam.com.ar\/advf\/imagenes\/2021\/03\/605ce10dae673.03.2021%20565_1004x565.jpg\"},{\"@type\":\"BreadcrumbList\",\"@id\":\"https:\/\/www.noticiasradioreflejos.com.ar\/2021\/el-senado-convirtio-en-ley-la-reforma-del-impuesto-a-las-ganancias\/#breadcrumb\",\"itemListElement\":[{\"@type\":\"ListItem\",\"position\":1,\"name\":\"Portada\",\"item\":\"https:\/\/www.noticiasradioreflejos.com.ar\/2021\/\"},{\"@type\":\"ListItem\",\"position\":2,\"name\":\"El Senado convirti\u00f3 en ley la reforma del Impuesto a las Ganancias\"}]},{\"@type\":\"WebSite\",\"@id\":\"https:\/\/www.noticiasradioreflejos.com.ar\/2021\/#website\",\"url\":\"https:\/\/www.noticiasradioreflejos.com.ar\/2021\/\",\"name\":\"Noticias Radio Reflejos\",\"description\":\"Las noticias de mi comarca\",\"potentialAction\":[{\"@type\":\"SearchAction\",\"target\":{\"@type\":\"EntryPoint\",\"urlTemplate\":\"https:\/\/www.noticiasradioreflejos.com.ar\/2021\/?s={search_term_string}\"},\"query-input\":{\"@type\":\"PropertyValueSpecification\",\"valueRequired\":true,\"valueName\":\"search_term_string\"}}],\"inLanguage\":\"es\"},{\"@type\":\"Person\",\"@id\":\"https:\/\/www.noticiasradioreflejos.com.ar\/2021\/#\/schema\/person\/ad82545263dcc5ec0996818884fd5fb1\",\"name\":\"Arnaldo Botto\",\"image\":{\"@type\":\"ImageObject\",\"inLanguage\":\"es\",\"@id\":\"https:\/\/www.noticiasradioreflejos.com.ar\/2021\/#\/schema\/person\/image\/\",\"url\":\"https:\/\/secure.gravatar.com\/avatar\/55cb5e37c1efa326397366e6974cb338056df65cb50e7d64d1cf314e87504837?s=96&d=mm&r=g\",\"contentUrl\":\"https:\/\/secure.gravatar.com\/avatar\/55cb5e37c1efa326397366e6974cb338056df65cb50e7d64d1cf314e87504837?s=96&d=mm&r=g\",\"caption\":\"Arnaldo Botto\"},\"url\":\"https:\/\/www.noticiasradioreflejos.com.ar\/2021\/author\/arnaldo\/\"}]}<\/script>\n<!-- \/ Yoast SEO plugin. -->","yoast_head_json":{"title":"El Senado convirti\u00f3 en ley la reforma del Impuesto a las Ganancias - Noticias Radio Reflejos","robots":{"index":"index","follow":"follow","max-snippet":"max-snippet:-1","max-image-preview":"max-image-preview:large","max-video-preview":"max-video-preview:-1"},"canonical":"https:\/\/www.noticiasradioreflejos.com.ar\/2021\/el-senado-convirtio-en-ley-la-reforma-del-impuesto-a-las-ganancias\/","og_locale":"es_ES","og_type":"article","og_title":"El Senado convirti\u00f3 en ley la reforma del Impuesto a las Ganancias - Noticias Radio Reflejos","og_description":"La medida que beneficiar\u00e1 a m\u00e1s de 1.267.000 de personas qued\u00f3\u00a0 por 66 votos a favor y una abstenci\u00f3n, en una sesi\u00f3n que arranc\u00f3 a las 17 y que tambi\u00e9n modific\u00f3 el r\u00e9gimen de Monotributo.","og_url":"https:\/\/www.noticiasradioreflejos.com.ar\/2021\/el-senado-convirtio-en-ley-la-reforma-del-impuesto-a-las-ganancias\/","og_site_name":"Noticias Radio Reflejos","article_published_time":"2021-04-09T01:48:33+00:00","og_image":[{"url":"https:\/\/www.telam.com.ar\/advf\/imagenes\/2021\/03\/605ce10dae673.03.2021%20565_1004x565.jpg","type":"","width":"","height":""}],"author":"Arnaldo Botto","twitter_card":"summary_large_image","schema":{"@context":"https:\/\/schema.org","@graph":[{"@type":"WebPage","@id":"https:\/\/www.noticiasradioreflejos.com.ar\/2021\/el-senado-convirtio-en-ley-la-reforma-del-impuesto-a-las-ganancias\/","url":"https:\/\/www.noticiasradioreflejos.com.ar\/2021\/el-senado-convirtio-en-ley-la-reforma-del-impuesto-a-las-ganancias\/","name":"El Senado convirti\u00f3 en ley la reforma del Impuesto a las Ganancias - Noticias Radio Reflejos","isPartOf":{"@id":"https:\/\/www.noticiasradioreflejos.com.ar\/2021\/#website"},"primaryImageOfPage":{"@id":"https:\/\/www.noticiasradioreflejos.com.ar\/2021\/el-senado-convirtio-en-ley-la-reforma-del-impuesto-a-las-ganancias\/#primaryimage"},"image":{"@id":"https:\/\/www.noticiasradioreflejos.com.ar\/2021\/el-senado-convirtio-en-ley-la-reforma-del-impuesto-a-las-ganancias\/#primaryimage"},"thumbnailUrl":"https:\/\/www.telam.com.ar\/advf\/imagenes\/2021\/03\/605ce10dae673.03.2021%20565_1004x565.jpg","datePublished":"2021-04-09T01:48:33+00:00","author":{"@id":"https:\/\/www.noticiasradioreflejos.com.ar\/2021\/#\/schema\/person\/ad82545263dcc5ec0996818884fd5fb1"},"breadcrumb":{"@id":"https:\/\/www.noticiasradioreflejos.com.ar\/2021\/el-senado-convirtio-en-ley-la-reforma-del-impuesto-a-las-ganancias\/#breadcrumb"},"inLanguage":"es","potentialAction":[{"@type":"ReadAction","target":["https:\/\/www.noticiasradioreflejos.com.ar\/2021\/el-senado-convirtio-en-ley-la-reforma-del-impuesto-a-las-ganancias\/"]}]},{"@type":"ImageObject","inLanguage":"es","@id":"https:\/\/www.noticiasradioreflejos.com.ar\/2021\/el-senado-convirtio-en-ley-la-reforma-del-impuesto-a-las-ganancias\/#primaryimage","url":"https:\/\/www.telam.com.ar\/advf\/imagenes\/2021\/03\/605ce10dae673.03.2021%20565_1004x565.jpg","contentUrl":"https:\/\/www.telam.com.ar\/advf\/imagenes\/2021\/03\/605ce10dae673.03.2021%20565_1004x565.jpg"},{"@type":"BreadcrumbList","@id":"https:\/\/www.noticiasradioreflejos.com.ar\/2021\/el-senado-convirtio-en-ley-la-reforma-del-impuesto-a-las-ganancias\/#breadcrumb","itemListElement":[{"@type":"ListItem","position":1,"name":"Portada","item":"https:\/\/www.noticiasradioreflejos.com.ar\/2021\/"},{"@type":"ListItem","position":2,"name":"El Senado convirti\u00f3 en ley la reforma del Impuesto a las Ganancias"}]},{"@type":"WebSite","@id":"https:\/\/www.noticiasradioreflejos.com.ar\/2021\/#website","url":"https:\/\/www.noticiasradioreflejos.com.ar\/2021\/","name":"Noticias Radio Reflejos","description":"Las noticias de mi comarca","potentialAction":[{"@type":"SearchAction","target":{"@type":"EntryPoint","urlTemplate":"https:\/\/www.noticiasradioreflejos.com.ar\/2021\/?s={search_term_string}"},"query-input":{"@type":"PropertyValueSpecification","valueRequired":true,"valueName":"search_term_string"}}],"inLanguage":"es"},{"@type":"Person","@id":"https:\/\/www.noticiasradioreflejos.com.ar\/2021\/#\/schema\/person\/ad82545263dcc5ec0996818884fd5fb1","name":"Arnaldo Botto","image":{"@type":"ImageObject","inLanguage":"es","@id":"https:\/\/www.noticiasradioreflejos.com.ar\/2021\/#\/schema\/person\/image\/","url":"https:\/\/secure.gravatar.com\/avatar\/55cb5e37c1efa326397366e6974cb338056df65cb50e7d64d1cf314e87504837?s=96&d=mm&r=g","contentUrl":"https:\/\/secure.gravatar.com\/avatar\/55cb5e37c1efa326397366e6974cb338056df65cb50e7d64d1cf314e87504837?s=96&d=mm&r=g","caption":"Arnaldo Botto"},"url":"https:\/\/www.noticiasradioreflejos.com.ar\/2021\/author\/arnaldo\/"}]}},"_links":{"self":[{"href":"https:\/\/www.noticiasradioreflejos.com.ar\/2021\/wp-json\/wp\/v2\/posts\/55118","targetHints":{"allow":["GET"]}}],"collection":[{"href":"https:\/\/www.noticiasradioreflejos.com.ar\/2021\/wp-json\/wp\/v2\/posts"}],"about":[{"href":"https:\/\/www.noticiasradioreflejos.com.ar\/2021\/wp-json\/wp\/v2\/types\/post"}],"author":[{"embeddable":true,"href":"https:\/\/www.noticiasradioreflejos.com.ar\/2021\/wp-json\/wp\/v2\/users\/3"}],"replies":[{"embeddable":true,"href":"https:\/\/www.noticiasradioreflejos.com.ar\/2021\/wp-json\/wp\/v2\/comments?post=55118"}],"version-history":[{"count":0,"href":"https:\/\/www.noticiasradioreflejos.com.ar\/2021\/wp-json\/wp\/v2\/posts\/55118\/revisions"}],"wp:attachment":[{"href":"https:\/\/www.noticiasradioreflejos.com.ar\/2021\/wp-json\/wp\/v2\/media?parent=55118"}],"wp:term":[{"taxonomy":"category","embeddable":true,"href":"https:\/\/www.noticiasradioreflejos.com.ar\/2021\/wp-json\/wp\/v2\/categories?post=55118"},{"taxonomy":"post_tag","embeddable":true,"href":"https:\/\/www.noticiasradioreflejos.com.ar\/2021\/wp-json\/wp\/v2\/tags?post=55118"}],"curies":[{"name":"wp","href":"https:\/\/api.w.org\/{rel}","templated":true}]}}