{"id":55111,"date":"2021-04-08T19:48:04","date_gmt":"2021-04-08T22:48:04","guid":{"rendered":"http:\/\/www.noticiasradioreflejos.com.ar\/noticias\/?p=55111"},"modified":"2021-04-08T19:48:04","modified_gmt":"2021-04-08T22:48:04","slug":"desde-el-municipio-vamos-a-estar-del-lado-de-la-gente-para-que-puedan-seguir-trabajando-sin-descuidar-la-salud-ezequiel-gabella","status":"publish","type":"post","link":"https:\/\/www.noticiasradioreflejos.com.ar\/2021\/desde-el-municipio-vamos-a-estar-del-lado-de-la-gente-para-que-puedan-seguir-trabajando-sin-descuidar-la-salud-ezequiel-gabella\/","title":{"rendered":"\u00abDesde el municipio vamos a estar del lado de la gente para que puedan seguir trabajando sin descuidar la salud\u201d &#8211; Ezequiel Gabella"},"content":{"rendered":"<h1><\/h1>\n<div class=\"adelanto\">\n<p>Luego de lo anunciado por el Presidente de la Naci\u00f3n, el Distrito de Tornquist no sumar\u00e1 m\u00e1s restricciones, manteniendo el horario prohibici\u00f3n de actividades entre las 2 a 6 A.M.<\/p>\n<\/div>\n<p><!--more--><\/p>\n<div class=\"text\">\n<p>Luego de los anuncios brindados por el Presidente Alberto Fern\u00e1ndez sobre las nuevas medidas que se implementar\u00e1n a nivel nacional con motivo de la segunda ola de Covid, el<strong>\u00a0Secretario de Gobierno y Seguridad, Ezequiel Gabella<\/strong>, brind\u00f3 detalles a este medio sobre\u00a0 que pasar\u00e1 con el Distrito de Tornquist.<\/p>\n<p>Con 22 casos positivos al d\u00eda de la fecha y un total de 3200 vacunados, Gabella manifest\u00f3 que\u00a0<strong>\u201cla voluntad del intendente es no aplicar ning\u00fan tipo de restricci\u00f3n m\u00e1s all\u00e1 de la ya establecida por DNU\u201d, que restringe el horario de actividades sociales, culturales y deportivas de 2 a 6 A.M.<\/strong><\/p>\n<p>A las 00 del d\u00eda viernes, naci\u00f3n implementar\u00e1 las medidas para aquellas ciudades o localidades que se encuentren consideradas de \u201calto riesgo\u201d, siendo el caso del AMBA, La Plata y otras ciudades cuya situaci\u00f3n epidemiol\u00f3gica es m\u00e1s compleja.<\/p>\n<p>\u201cEs voluntad nuestra darle un tratamiento m\u00e1s local en base a nuestra situaci\u00f3n y de ah\u00ed, tomar medidas\u201d, sostuvo, indicando que \u201cestamos en un aumento de casos, pero no estamos ni cerca de estar dentro de una situaci\u00f3n m\u00e1s grave\u201d<\/p>\n<p>Es que, efectivamente, todo seguir\u00e1 igual dentro del Distrito, inclusive la restricci\u00f3n horaria de 2 a 6 A.M: \u201cNo es un capricho. Consideramos que modificar el horario no perjudica en nada la situaci\u00f3n sanitaria\u201d.<\/p>\n<p>La \u00fanica excepci\u00f3n que se podr\u00eda generar, ser\u00eda en el caso de que llegue una orden desde la Departamental hac\u00eda la Polic\u00eda, ya que todo Distrito que se encuentre dentro de la Fase 4, tiene como posibilidad la restricci\u00f3n de 0 a 6.<\/p>\n<p>Ante esto, Gabella afirma que \u201cNosotros no queremos y no vamos a modificar el horario ya vigente de las 2 AM\u201d, agregando que \u201cnos parece una locura meternos con la libre circulaci\u00f3n de las personas despu\u00e9s de la experiencia del a\u00f1o pasado\u201d.<\/p>\n<p>De ahora en m\u00e1s, los casos ser\u00e1n monitoreados mientras contin\u00faa la espera sobre m\u00e1s normativas desde Provincia, aunque se pide a la poblaci\u00f3n apelar a la responsabilidad individual junto con los recaudos que se solicitan desde el inicio de la pandemia.<\/p>\n<p>Lo cierto es que el ritmo de vacunaci\u00f3n y del 5% de la poblaci\u00f3n dentro del Distrito que cuenta con anticuerpos, \u201cla segunda ola se enfrenta de manera distinta\u201d, al mismo tiempo en el que se espera que, en la pr\u00f3xima semana, lleguen m\u00e1s dosis para continuar con su aplicaci\u00f3n.<\/p>\n<p>En cuanto al \u00e1rea de Terapia Intensiva inaugurada recientemente, a las pocas horas del acto oficial un hombre de m\u00e1s de 60 a\u00f1os debi\u00f3 ser asistido luego de presentar una complejidad en sus patolog\u00edas de base a causa del Covid.<\/p>\n<p>\u201cSomos habitantes del mundo y de ninguna manera se le va a negar la cama a una persona, sea de donde sea. Tienen prioridad las personas del Distrito, pero la ayuda ser\u00e1 dada a quienes lo necesiten\u201d, enfatiz\u00f3.<\/p>\n<p>Y continu\u00f3: \u201cTenemos la experiencia de haber vivido todo el a\u00f1o pasado bajo esta pandemia. desde el municipio vamos a estar del lado de la gente, para que puedan seguir trabajando sin descuidar la salud\u201d, concluy\u00f3.<\/p>\n<p><iframe loading=\"lazy\" src=\"https:\/\/w.soundcloud.com\/player\/?url=https%3A\/\/api.soundcloud.com\/tracks\/1025565727&amp;color=%23ff5500&amp;auto_play=false&amp;hide_related=false&amp;show_comments=true&amp;show_user=true&amp;show_reposts=false&amp;show_teaser=true\" width=\"100%\" height=\"166\" frameborder=\"no\" scrolling=\"no\"><\/iframe><\/p>\n<div style=\"font-size: 10px; color: #cccccc; line-break: anywhere; word-break: normal; overflow: hidden; white-space: nowrap; text-overflow: ellipsis; font-family: Interstate,Lucida Grande,Lucida Sans Unicode,Lucida Sans,Garuda,Verdana,Tahoma,sans-serif; font-weight: 100;\"><a style=\"color: #cccccc; text-decoration: none;\" title=\"fmreflejos 103.7\" href=\"https:\/\/soundcloud.com\/fmreflejos-103-7\" target=\"_blank\" rel=\"noopener\">fmreflejos 103.7<\/a> \u00b7 <a style=\"color: #cccccc; text-decoration: none;\" title=\"Ezequiel.mp3 Original\" href=\"https:\/\/soundcloud.com\/fmreflejos-103-7\/ezequielmp3-original\" target=\"_blank\" rel=\"noopener\">Ezequiel.mp3 Original<\/a><\/div>\n<\/div>\n","protected":false},"excerpt":{"rendered":"<p>Luego de lo anunciado por el Presidente de la Naci\u00f3n, el Distrito de Tornquist no sumar\u00e1 m\u00e1s restricciones, manteniendo el horario prohibici\u00f3n de actividades entre las 2 a 6 A.M.<\/p>\n","protected":false},"author":3,"featured_media":0,"comment_status":"closed","ping_status":"open","sticky":false,"template":"","format":"standard","meta":{"footnotes":""},"categories":[24],"tags":[],"class_list":["post-55111","post","type-post","status-publish","format-standard","hentry","category-politica"],"yoast_head":"<!-- This site is optimized with the Yoast SEO plugin v25.9 - https:\/\/yoast.com\/wordpress\/plugins\/seo\/ -->\n<title>&quot;Desde el municipio vamos a estar del lado de la gente para que puedan seguir trabajando sin descuidar la salud\u201d - Ezequiel Gabella - Noticias Radio Reflejos<\/title>\n<meta name=\"robots\" content=\"index, follow, max-snippet:-1, max-image-preview:large, max-video-preview:-1\" \/>\n<link rel=\"canonical\" href=\"https:\/\/www.noticiasradioreflejos.com.ar\/2021\/desde-el-municipio-vamos-a-estar-del-lado-de-la-gente-para-que-puedan-seguir-trabajando-sin-descuidar-la-salud-ezequiel-gabella\/\" \/>\n<meta property=\"og:locale\" content=\"es_ES\" \/>\n<meta property=\"og:type\" content=\"article\" \/>\n<meta property=\"og:title\" content=\"&quot;Desde el municipio vamos a estar del lado de la gente para que puedan seguir trabajando sin descuidar la salud\u201d - Ezequiel Gabella - Noticias Radio Reflejos\" \/>\n<meta property=\"og:description\" content=\"Luego de lo anunciado por el Presidente de la Naci\u00f3n, el Distrito de Tornquist no sumar\u00e1 m\u00e1s restricciones, manteniendo el horario prohibici\u00f3n de actividades entre las 2 a 6 A.M.\" \/>\n<meta property=\"og:url\" content=\"https:\/\/www.noticiasradioreflejos.com.ar\/2021\/desde-el-municipio-vamos-a-estar-del-lado-de-la-gente-para-que-puedan-seguir-trabajando-sin-descuidar-la-salud-ezequiel-gabella\/\" \/>\n<meta property=\"og:site_name\" content=\"Noticias Radio Reflejos\" \/>\n<meta property=\"article:published_time\" content=\"2021-04-08T22:48:04+00:00\" \/>\n<meta property=\"og:image\" content=\"https:\/\/www.noticiasradioreflejos.com.ar\/2021\/wp-content\/uploads\/2021\/07\/logosol300x200.png\" \/>\n\t<meta property=\"og:image:width\" content=\"300\" \/>\n\t<meta property=\"og:image:height\" content=\"200\" \/>\n\t<meta property=\"og:image:type\" content=\"image\/png\" \/>\n<meta name=\"author\" content=\"Arnaldo Botto\" \/>\n<meta name=\"twitter:card\" content=\"summary_large_image\" \/>\n<script type=\"application\/ld+json\" class=\"yoast-schema-graph\">{\"@context\":\"https:\/\/schema.org\",\"@graph\":[{\"@type\":\"WebPage\",\"@id\":\"https:\/\/www.noticiasradioreflejos.com.ar\/2021\/desde-el-municipio-vamos-a-estar-del-lado-de-la-gente-para-que-puedan-seguir-trabajando-sin-descuidar-la-salud-ezequiel-gabella\/\",\"url\":\"https:\/\/www.noticiasradioreflejos.com.ar\/2021\/desde-el-municipio-vamos-a-estar-del-lado-de-la-gente-para-que-puedan-seguir-trabajando-sin-descuidar-la-salud-ezequiel-gabella\/\",\"name\":\"\\\"Desde el municipio vamos a estar del lado de la gente para que puedan seguir trabajando sin descuidar la salud\u201d - Ezequiel Gabella - Noticias Radio Reflejos\",\"isPartOf\":{\"@id\":\"https:\/\/www.noticiasradioreflejos.com.ar\/2021\/#website\"},\"datePublished\":\"2021-04-08T22:48:04+00:00\",\"author\":{\"@id\":\"https:\/\/www.noticiasradioreflejos.com.ar\/2021\/#\/schema\/person\/ad82545263dcc5ec0996818884fd5fb1\"},\"breadcrumb\":{\"@id\":\"https:\/\/www.noticiasradioreflejos.com.ar\/2021\/desde-el-municipio-vamos-a-estar-del-lado-de-la-gente-para-que-puedan-seguir-trabajando-sin-descuidar-la-salud-ezequiel-gabella\/#breadcrumb\"},\"inLanguage\":\"es\",\"potentialAction\":[{\"@type\":\"ReadAction\",\"target\":[\"https:\/\/www.noticiasradioreflejos.com.ar\/2021\/desde-el-municipio-vamos-a-estar-del-lado-de-la-gente-para-que-puedan-seguir-trabajando-sin-descuidar-la-salud-ezequiel-gabella\/\"]}]},{\"@type\":\"BreadcrumbList\",\"@id\":\"https:\/\/www.noticiasradioreflejos.com.ar\/2021\/desde-el-municipio-vamos-a-estar-del-lado-de-la-gente-para-que-puedan-seguir-trabajando-sin-descuidar-la-salud-ezequiel-gabella\/#breadcrumb\",\"itemListElement\":[{\"@type\":\"ListItem\",\"position\":1,\"name\":\"Portada\",\"item\":\"https:\/\/www.noticiasradioreflejos.com.ar\/2021\/\"},{\"@type\":\"ListItem\",\"position\":2,\"name\":\"\u00abDesde el municipio vamos a estar del lado de la gente para que puedan seguir trabajando sin descuidar la salud\u201d &#8211; Ezequiel Gabella\"}]},{\"@type\":\"WebSite\",\"@id\":\"https:\/\/www.noticiasradioreflejos.com.ar\/2021\/#website\",\"url\":\"https:\/\/www.noticiasradioreflejos.com.ar\/2021\/\",\"name\":\"Noticias Radio Reflejos\",\"description\":\"Las noticias de mi comarca\",\"potentialAction\":[{\"@type\":\"SearchAction\",\"target\":{\"@type\":\"EntryPoint\",\"urlTemplate\":\"https:\/\/www.noticiasradioreflejos.com.ar\/2021\/?s={search_term_string}\"},\"query-input\":{\"@type\":\"PropertyValueSpecification\",\"valueRequired\":true,\"valueName\":\"search_term_string\"}}],\"inLanguage\":\"es\"},{\"@type\":\"Person\",\"@id\":\"https:\/\/www.noticiasradioreflejos.com.ar\/2021\/#\/schema\/person\/ad82545263dcc5ec0996818884fd5fb1\",\"name\":\"Arnaldo Botto\",\"image\":{\"@type\":\"ImageObject\",\"inLanguage\":\"es\",\"@id\":\"https:\/\/www.noticiasradioreflejos.com.ar\/2021\/#\/schema\/person\/image\/\",\"url\":\"https:\/\/secure.gravatar.com\/avatar\/55cb5e37c1efa326397366e6974cb338056df65cb50e7d64d1cf314e87504837?s=96&d=mm&r=g\",\"contentUrl\":\"https:\/\/secure.gravatar.com\/avatar\/55cb5e37c1efa326397366e6974cb338056df65cb50e7d64d1cf314e87504837?s=96&d=mm&r=g\",\"caption\":\"Arnaldo Botto\"},\"url\":\"https:\/\/www.noticiasradioreflejos.com.ar\/2021\/author\/arnaldo\/\"}]}<\/script>\n<!-- \/ Yoast SEO plugin. -->","yoast_head_json":{"title":"\"Desde el municipio vamos a estar del lado de la gente para que puedan seguir trabajando sin descuidar la salud\u201d - Ezequiel Gabella - Noticias Radio Reflejos","robots":{"index":"index","follow":"follow","max-snippet":"max-snippet:-1","max-image-preview":"max-image-preview:large","max-video-preview":"max-video-preview:-1"},"canonical":"https:\/\/www.noticiasradioreflejos.com.ar\/2021\/desde-el-municipio-vamos-a-estar-del-lado-de-la-gente-para-que-puedan-seguir-trabajando-sin-descuidar-la-salud-ezequiel-gabella\/","og_locale":"es_ES","og_type":"article","og_title":"\"Desde el municipio vamos a estar del lado de la gente para que puedan seguir trabajando sin descuidar la salud\u201d - Ezequiel Gabella - Noticias Radio Reflejos","og_description":"Luego de lo anunciado por el Presidente de la Naci\u00f3n, el Distrito de Tornquist no sumar\u00e1 m\u00e1s restricciones, manteniendo el horario prohibici\u00f3n de actividades entre las 2 a 6 A.M.","og_url":"https:\/\/www.noticiasradioreflejos.com.ar\/2021\/desde-el-municipio-vamos-a-estar-del-lado-de-la-gente-para-que-puedan-seguir-trabajando-sin-descuidar-la-salud-ezequiel-gabella\/","og_site_name":"Noticias Radio Reflejos","article_published_time":"2021-04-08T22:48:04+00:00","og_image":[{"width":300,"height":200,"url":"https:\/\/www.noticiasradioreflejos.com.ar\/2021\/wp-content\/uploads\/2021\/07\/logosol300x200.png","type":"image\/png"}],"author":"Arnaldo Botto","twitter_card":"summary_large_image","schema":{"@context":"https:\/\/schema.org","@graph":[{"@type":"WebPage","@id":"https:\/\/www.noticiasradioreflejos.com.ar\/2021\/desde-el-municipio-vamos-a-estar-del-lado-de-la-gente-para-que-puedan-seguir-trabajando-sin-descuidar-la-salud-ezequiel-gabella\/","url":"https:\/\/www.noticiasradioreflejos.com.ar\/2021\/desde-el-municipio-vamos-a-estar-del-lado-de-la-gente-para-que-puedan-seguir-trabajando-sin-descuidar-la-salud-ezequiel-gabella\/","name":"\"Desde el municipio vamos a estar del lado de la gente para que puedan seguir trabajando sin descuidar la salud\u201d - Ezequiel Gabella - Noticias Radio Reflejos","isPartOf":{"@id":"https:\/\/www.noticiasradioreflejos.com.ar\/2021\/#website"},"datePublished":"2021-04-08T22:48:04+00:00","author":{"@id":"https:\/\/www.noticiasradioreflejos.com.ar\/2021\/#\/schema\/person\/ad82545263dcc5ec0996818884fd5fb1"},"breadcrumb":{"@id":"https:\/\/www.noticiasradioreflejos.com.ar\/2021\/desde-el-municipio-vamos-a-estar-del-lado-de-la-gente-para-que-puedan-seguir-trabajando-sin-descuidar-la-salud-ezequiel-gabella\/#breadcrumb"},"inLanguage":"es","potentialAction":[{"@type":"ReadAction","target":["https:\/\/www.noticiasradioreflejos.com.ar\/2021\/desde-el-municipio-vamos-a-estar-del-lado-de-la-gente-para-que-puedan-seguir-trabajando-sin-descuidar-la-salud-ezequiel-gabella\/"]}]},{"@type":"BreadcrumbList","@id":"https:\/\/www.noticiasradioreflejos.com.ar\/2021\/desde-el-municipio-vamos-a-estar-del-lado-de-la-gente-para-que-puedan-seguir-trabajando-sin-descuidar-la-salud-ezequiel-gabella\/#breadcrumb","itemListElement":[{"@type":"ListItem","position":1,"name":"Portada","item":"https:\/\/www.noticiasradioreflejos.com.ar\/2021\/"},{"@type":"ListItem","position":2,"name":"\u00abDesde el municipio vamos a estar del lado de la gente para que puedan seguir trabajando sin descuidar la salud\u201d &#8211; Ezequiel Gabella"}]},{"@type":"WebSite","@id":"https:\/\/www.noticiasradioreflejos.com.ar\/2021\/#website","url":"https:\/\/www.noticiasradioreflejos.com.ar\/2021\/","name":"Noticias Radio Reflejos","description":"Las noticias de mi comarca","potentialAction":[{"@type":"SearchAction","target":{"@type":"EntryPoint","urlTemplate":"https:\/\/www.noticiasradioreflejos.com.ar\/2021\/?s={search_term_string}"},"query-input":{"@type":"PropertyValueSpecification","valueRequired":true,"valueName":"search_term_string"}}],"inLanguage":"es"},{"@type":"Person","@id":"https:\/\/www.noticiasradioreflejos.com.ar\/2021\/#\/schema\/person\/ad82545263dcc5ec0996818884fd5fb1","name":"Arnaldo Botto","image":{"@type":"ImageObject","inLanguage":"es","@id":"https:\/\/www.noticiasradioreflejos.com.ar\/2021\/#\/schema\/person\/image\/","url":"https:\/\/secure.gravatar.com\/avatar\/55cb5e37c1efa326397366e6974cb338056df65cb50e7d64d1cf314e87504837?s=96&d=mm&r=g","contentUrl":"https:\/\/secure.gravatar.com\/avatar\/55cb5e37c1efa326397366e6974cb338056df65cb50e7d64d1cf314e87504837?s=96&d=mm&r=g","caption":"Arnaldo Botto"},"url":"https:\/\/www.noticiasradioreflejos.com.ar\/2021\/author\/arnaldo\/"}]}},"_links":{"self":[{"href":"https:\/\/www.noticiasradioreflejos.com.ar\/2021\/wp-json\/wp\/v2\/posts\/55111","targetHints":{"allow":["GET"]}}],"collection":[{"href":"https:\/\/www.noticiasradioreflejos.com.ar\/2021\/wp-json\/wp\/v2\/posts"}],"about":[{"href":"https:\/\/www.noticiasradioreflejos.com.ar\/2021\/wp-json\/wp\/v2\/types\/post"}],"author":[{"embeddable":true,"href":"https:\/\/www.noticiasradioreflejos.com.ar\/2021\/wp-json\/wp\/v2\/users\/3"}],"replies":[{"embeddable":true,"href":"https:\/\/www.noticiasradioreflejos.com.ar\/2021\/wp-json\/wp\/v2\/comments?post=55111"}],"version-history":[{"count":0,"href":"https:\/\/www.noticiasradioreflejos.com.ar\/2021\/wp-json\/wp\/v2\/posts\/55111\/revisions"}],"wp:attachment":[{"href":"https:\/\/www.noticiasradioreflejos.com.ar\/2021\/wp-json\/wp\/v2\/media?parent=55111"}],"wp:term":[{"taxonomy":"category","embeddable":true,"href":"https:\/\/www.noticiasradioreflejos.com.ar\/2021\/wp-json\/wp\/v2\/categories?post=55111"},{"taxonomy":"post_tag","embeddable":true,"href":"https:\/\/www.noticiasradioreflejos.com.ar\/2021\/wp-json\/wp\/v2\/tags?post=55111"}],"curies":[{"name":"wp","href":"https:\/\/api.w.org\/{rel}","templated":true}]}}